{"id":1894859,"date":"2026-04-21T18:43:29","date_gmt":"2026-04-21T15:43:29","guid":{"rendered":"https:\/\/analyse.optim.biz\/?p=1894859"},"modified":"2026-04-21T18:43:29","modified_gmt":"2026-04-21T15:43:29","slug":"primele-meciuri-oficiale-pe-arena-vasile-deheleanu","status":"publish","type":"post","link":"https:\/\/analyse.optim.biz\/?p=1894859","title":{"rendered":"Primele meciuri oficiale pe arena &#8220;Vasile Deheleanu&#8221;"},"content":{"rendered":"<p>[analyse_image type=&#8221;featured&#8221; src=&#8221;https:\/\/focustim.ro\/wp-content\/uploads\/2026\/04\/Baza-sportiva-Vasile-Dehelanu-scaled.jpg&#8221;]<\/p>\n<article id=\"post-40051\" class=\"penci-single-artcontent noloaddisqus post-40051 post type-post status-publish format-standard has-post-thumbnail hentry category-sport penci-post-item\">\n<header class=\"entry-header penci-entry-header penci-title-\">\n<div class=\"penci-entry-categories\"><span class=\"penci-cat-links\"><a href=\"https:\/\/focustim.ro\/category\/sport\/\" rel=\"category tag\">Sport<\/a><\/span><\/div>\n<h1 class=\"entry-title penci-entry-title penci-title-\">Primele meciuri oficiale pe arena \u201eVasile Deheleanu\u201d<\/h1>\n<div class=\"entry-meta penci-entry-meta\"><span class=\"entry-meta-item penci-posted-on\"><time class=\"entry-date published\" datetime=\"2026-04-21T21:43:29+03:00\">21\/04\/2026<\/time><time class=\"updated\" datetime=\"2026-04-21T21:43:36+03:00\">21\/04\/2026<\/time><\/span><span class=\"entry-meta-item penci-comment-count\"><a class=\"penci_pmeta-link\" href=\"https:\/\/focustim.ro\/primele-meciuri-oficiale-pe-arena-vasile-deheleanu\/#respond\">0<\/a><\/span><\/div>\n<p><span class=\"penci-social-buttons penci-social-share-footer\"><span class=\"penci-social-share-text\">Distribuie<\/span><a href=\"https:\/\/focustim.ro\/primele-meciuri-oficiale-pe-arena-vasile-deheleanu\/\" class=\"penci-post-like penci_post-meta_item  single-like-button penci-social-item like\" data-post_id=\"40051\" title=\"Like\" data-like=\"Like\" data-unlike=\"Unlike\"><span class=\"penci-share-number\">0<\/span><\/a><\/span><\/header>\n<div class=\"entry-media penci-entry-media\">\n<div class=\"post-format-meta \">\n<div class=\"post-image penci-standard-format\"><img decoding=\"async\" width=\"960\" height=\"540\" src=\"https:\/\/focustim.ro\/wp-content\/uploads\/2026\/04\/Baza-sportiva-Vasile-Dehelanu-960x540.jpg\" class=\"attachment-penci-thumb-960-auto size-penci-thumb-960-auto wp-post-image\" alt loading=\"lazy\"><\/div>\n<\/div>\n<\/div>\n<div class=\"penci-entry-content entry-content\">\n<p>Finalul acestei s\u0103pt\u0103m\u00e2ni programeaz\u0103 primele meciuri oficiale la baza sportiv\u0103 \u201cVasile Deheleanu\u201d din cartierul Mehala.<\/p>\n<p>Readus la via\u021b\u0103 \u00een prim\u0103vara acestui an, arena ce poart\u0103 numele unei legende a fotbalului timi\u0219orean va g\u0103zdui patru meciuri de fotbal.<\/p>\n<p>S\u00e2mb\u0103t\u0103 \u0219i duminic\u0103 se vor juca aici meciuri din Liga Elitelor \u0219i Campionatul Na\u021bional pentru juniori, la categoriile de v\u00e2rst\u0103 U15, U16, U17 \u0219i U19.<\/p>\n<p><strong>\u201cBaza Sportiv\u0103 &lt;&lt;Vasile Deheleanu&gt;&gt; a ob\u021binut acredit\u0103ri pentru competi\u021biile ce se desf\u0103\u0219oar\u0103 sub patronajul Federa\u021biei Rom\u00e2ne de Fotbal. Comisia de omologare a terenurilor din cadrul FRF ne-a dat toate avizele necesare, iar de acum, \u00een Mehala, se pot disputa meciuri de fotbal din Liga Elitelor U16 \u0219i U15 \u0219i din Campionatele Na\u021bionale U19, U17, U16 \u0219i U15. Stadionul respect\u0103 toate standardele necesare pentru organizarea acestor competi\u021bii oficiale. Este un pas important \u00een dezvoltarea infrastructurii sportive locale \u0219i sus\u021binerea performan\u021bei \u00een fotbalul juvenil\u201d<\/strong>, a declarat Lauren\u021biu Marian, directorul clubului SCM Timi\u0219oara.<\/p>\n<p>Programul meciurilor din weekend este urm\u0103torul: s\u00e2mb\u0103t\u0103 \u2013 ora 12: LPS Banatul Timi\u0219oara \u2013 LPS Satu Mare (Liga Elitelor U16); ora 14: LPS Banatul Timi\u0219oara \u2013 LPS Satu Mare (Liga Elitelor U15); duminic\u0103 \u2013 ora 12: LPS Banatul Timi\u0219oara \u2013 ACS Galaxy Timi\u0219oara (Campionatul Na\u021bional U19); ora 14: LPS Banatul Timi\u0219oara \u2013 ACS Galaxy Timi\u0219oara (Campionatul Na\u021bional U17).<\/p>\n<div class=\"sharedaddy sd-sharing-enabled\">\n<div class=\"robots-nocontent sd-block sd-social sd-social-icon-text sd-sharing\">\n<h3 class=\"sd-title\">Partajeaz\u0103 asta:<\/h3>\n<div class=\"sd-content\">\n<ul>\n<li class=\"share-twitter\"><a rel=\"nofollow noopener noreferrer\" data-shared=\"sharing-twitter-40051\" class=\"share-twitter sd-button share-icon\" href=\"https:\/\/focustim.ro\/primele-meciuri-oficiale-pe-arena-vasile-deheleanu\/?share=twitter\" target=\"_blank\" title=\"D\u0103 clic pentru a partaja pe Twitter\"><span>Twitter<\/span><\/a><\/li>\n<li class=\"share-facebook\"><a rel=\"nofollow noopener noreferrer\" data-shared=\"sharing-facebook-40051\" class=\"share-facebook sd-button share-icon\" href=\"https:\/\/focustim.ro\/primele-meciuri-oficiale-pe-arena-vasile-deheleanu\/?share=facebook\" target=\"_blank\" title=\"D\u0103 clic pentru a partaja pe Facebook\"><span>Facebook<\/span><\/a><\/li>\n<li class=\"share-end\"><\/ul>\n<\/div>\n<\/div>\n<\/div>\n<div class=\"sharedaddy sd-block sd-like jetpack-likes-widget-wrapper jetpack-likes-widget-unloaded\" id=\"like-post-wrapper-167025405-40051-69e7c5d98c7d1\" data-src=\"https:\/\/widgets.wp.com\/likes\/#blog_id=167025405&amp;post_id=40051&amp;origin=focustim.ro&amp;obj_id=167025405-40051-69e7c5d98c7d1\" data-name=\"like-post-frame-167025405-40051-69e7c5d98c7d1\" data-title=\"Apreciaz\u0103 sau republic\u0103\">\n<h3 class=\"sd-title\">Apreciaz\u0103:<\/h3>\n<div class=\"likes-widget-placeholder post-likes-widget-placeholder\"><span class=\"button\"><span>Apreciere<\/span><\/span><span class=\"loading\">\u00cencarc&#8230;<\/span><\/div>\n<\/div>\n<\/div>\n<footer class=\"penci-entry-footer\"><span class=\"penci-social-buttons penci-social-share-footer\"><span class=\"penci-social-share-text\">Distribuie<\/span><a href=\"https:\/\/focustim.ro\/primele-meciuri-oficiale-pe-arena-vasile-deheleanu\/\" class=\"penci-post-like penci_post-meta_item  single-like-button penci-social-item like\" data-post_id=\"40051\" title=\"Like\" data-like=\"Like\" data-unlike=\"Unlike\"><span class=\"penci-share-number\">0<\/span><\/a><\/span><\/footer>\n<\/article>\n<div class=\"penci-entry-content entry-content\">\n<p>Finalul acestei s\u0103pt\u0103m\u00e2ni programeaz\u0103 primele meciuri oficiale la baza sportiv\u0103 \u201cVasile Deheleanu\u201d din cartierul Mehala.<\/p>\n<p>Readus la via\u021b\u0103 \u00een prim\u0103vara acestui an, arena ce poart\u0103 numele unei legende a fotbalului timi\u0219orean va g\u0103zdui patru meciuri de fotbal.<\/p>\n<p>S\u00e2mb\u0103t\u0103 \u0219i duminic\u0103 se vor juca aici meciuri din Liga Elitelor \u0219i Campionatul Na\u021bional pentru juniori, la categoriile de v\u00e2rst\u0103 U15, U16, U17 \u0219i U19.<\/p>\n<p><strong>\u201cBaza Sportiv\u0103 &lt;&lt;Vasile Deheleanu&gt;&gt; a ob\u021binut acredit\u0103ri pentru competi\u021biile ce se desf\u0103\u0219oar\u0103 sub patronajul Federa\u021biei Rom\u00e2ne de Fotbal. Comisia de omologare a terenurilor din cadrul FRF ne-a dat toate avizele necesare, iar de acum, \u00een Mehala, se pot disputa meciuri de fotbal din Liga Elitelor U16 \u0219i U15 \u0219i din Campionatele Na\u021bionale U19, U17, U16 \u0219i U15. Stadionul respect\u0103 toate standardele necesare pentru organizarea acestor competi\u021bii oficiale. Este un pas important \u00een dezvoltarea infrastructurii sportive locale \u0219i sus\u021binerea performan\u021bei \u00een fotbalul juvenil\u201d<\/strong>, a declarat Lauren\u021biu Marian, directorul clubului SCM Timi\u0219oara.<\/p>\n<p>Programul meciurilor din weekend este urm\u0103torul: s\u00e2mb\u0103t\u0103 \u2013 ora 12: LPS Banatul Timi\u0219oara \u2013 LPS Satu Mare (Liga Elitelor U16); ora 14: LPS Banatul Timi\u0219oara \u2013 LPS Satu Mare (Liga Elitelor U15); duminic\u0103 \u2013 ora 12: LPS Banatul Timi\u0219oara \u2013 ACS Galaxy Timi\u0219oara (Campionatul Na\u021bional U19); ora 14: LPS Banatul Timi\u0219oara \u2013 ACS Galaxy Timi\u0219oara (Campionatul Na\u021bional U17).<\/p>\n<div class=\"sharedaddy sd-sharing-enabled\">\n<div class=\"robots-nocontent sd-block sd-social sd-social-icon-text sd-sharing\">\n<h3 class=\"sd-title\">Partajeaz\u0103 asta:<\/h3>\n<div class=\"sd-content\">\n<ul>\n<li class=\"share-twitter\"><a rel=\"nofollow noopener noreferrer\" data-shared=\"sharing-twitter-40051\" class=\"share-twitter sd-button share-icon\" href=\"https:\/\/focustim.ro\/primele-meciuri-oficiale-pe-arena-vasile-deheleanu\/?share=twitter\" target=\"_blank\" title=\"D\u0103 clic pentru a partaja pe Twitter\"><span>Twitter<\/span><\/a><\/li>\n<li class=\"share-facebook\"><a rel=\"nofollow noopener noreferrer\" data-shared=\"sharing-facebook-40051\" class=\"share-facebook sd-button share-icon\" href=\"https:\/\/focustim.ro\/primele-meciuri-oficiale-pe-arena-vasile-deheleanu\/?share=facebook\" target=\"_blank\" title=\"D\u0103 clic pentru a partaja pe Facebook\"><span>Facebook<\/span><\/a><\/li>\n<li class=\"share-end\"><\/ul>\n<\/div>\n<\/div>\n<\/div>\n<div class=\"sharedaddy sd-block sd-like jetpack-likes-widget-wrapper jetpack-likes-widget-unloaded\" id=\"like-post-wrapper-167025405-40051-69e7c5d98c7d1\" data-src=\"https:\/\/widgets.wp.com\/likes\/#blog_id=167025405&amp;post_id=40051&amp;origin=focustim.ro&amp;obj_id=167025405-40051-69e7c5d98c7d1\" data-name=\"like-post-frame-167025405-40051-69e7c5d98c7d1\" data-title=\"Apreciaz\u0103 sau republic\u0103\">\n<h3 class=\"sd-title\">Apreciaz\u0103:<\/h3>\n<div class=\"likes-widget-placeholder post-likes-widget-placeholder\"><span class=\"button\"><span>Apreciere<\/span><\/span><span class=\"loading\">\u00cencarc&#8230;<\/span><\/div>\n<\/div>\n<\/div>\n<p>[analyse_source url=&#8221;https:\/\/focustim.ro\/primele-meciuri-oficiale-pe-arena-vasile-deheleanu\/&#8221;]<\/p>\n","protected":false},"excerpt":{"rendered":"<p>[analyse_image type=&#8221;featured&#8221; src=&#8221;https:\/\/focustim.ro\/wp-content\/uploads\/2026\/04\/Baza-sportiva-Vasile-Dehelanu-scaled.jpg&#8221;] Sport Primele meciuri oficiale pe arena \u201eVasile Deheleanu\u201d 21\/04\/202621\/04\/20260 Distribuie0 Finalul acestei s\u0103pt\u0103m\u00e2ni programeaz\u0103 primele meciuri oficiale la baza sportiv\u0103 \u201cVasile Deheleanu\u201d din cartierul Mehala. Readus la via\u021b\u0103 \u00een prim\u0103vara acestui an, arena ce poart\u0103 numele unei legende a fotbalului timi\u0219orean va g\u0103zdui patru meciuri de fotbal. S\u00e2mb\u0103t\u0103 \u0219i duminic\u0103 se vor [&hellip;]<\/p>\n","protected":false},"author":1,"featured_media":0,"comment_status":"open","ping_status":"","sticky":false,"template":"","format":"standard","meta":{"footnotes":""},"categories":[89],"tags":[226,197],"class_list":["post-1894859","post","type-post","status-publish","format-standard","hentry","category-romania","tag-crawlmanager","tag-focustim-ro"],"_links":{"self":[{"href":"https:\/\/analyse.optim.biz\/index.php?rest_route=\/wp\/v2\/posts\/1894859","targetHints":{"allow":["GET"]}}],"collection":[{"href":"https:\/\/analyse.optim.biz\/index.php?rest_route=\/wp\/v2\/posts"}],"about":[{"href":"https:\/\/analyse.optim.biz\/index.php?rest_route=\/wp\/v2\/types\/post"}],"author":[{"embeddable":true,"href":"https:\/\/analyse.optim.biz\/index.php?rest_route=\/wp\/v2\/users\/1"}],"replies":[{"embeddable":true,"href":"https:\/\/analyse.optim.biz\/index.php?rest_route=%2Fwp%2Fv2%2Fcomments&post=1894859"}],"version-history":[{"count":0,"href":"https:\/\/analyse.optim.biz\/index.php?rest_route=\/wp\/v2\/posts\/1894859\/revisions"}],"wp:attachment":[{"href":"https:\/\/analyse.optim.biz\/index.php?rest_route=%2Fwp%2Fv2%2Fmedia&parent=1894859"}],"wp:term":[{"taxonomy":"category","embeddable":true,"href":"https:\/\/analyse.optim.biz\/index.php?rest_route=%2Fwp%2Fv2%2Fcategories&post=1894859"},{"taxonomy":"post_tag","embeddable":true,"href":"https:\/\/analyse.optim.biz\/index.php?rest_route=%2Fwp%2Fv2%2Ftags&post=1894859"}],"curies":[{"name":"wp","href":"https:\/\/api.w.org\/{rel}","templated":true}]}}