{"id":1894856,"date":"2026-04-21T18:39:37","date_gmt":"2026-04-21T15:39:37","guid":{"rendered":"https:\/\/analyse.optim.biz\/?p=1894856"},"modified":"2026-04-21T18:39:37","modified_gmt":"2026-04-21T15:39:37","slug":"filip-marjanovic-s-a-transferat-la-o-fosta-castigatoare-a-ligii-campionilor","status":"publish","type":"post","link":"https:\/\/analyse.optim.biz\/?p=1894856","title":{"rendered":"Filip Marjanovi\u0107 s-a transferat la o fost\u0103 c\u00e2\u0219tig\u0103toare a Ligii Campionilor"},"content":{"rendered":"<p>[analyse_image type=&#8221;featured&#8221; src=&#8221;https:\/\/focustim.ro\/wp-content\/uploads\/2026\/04\/Filip-Marjanovic-handbal.jpg&#8221;]<\/p>\n<article id=\"post-40048\" class=\"penci-single-artcontent noloaddisqus post-40048 post type-post status-publish format-standard has-post-thumbnail hentry category-sport penci-post-item\">\n<header class=\"entry-header penci-entry-header penci-title-\">\n<div class=\"penci-entry-categories\"><span class=\"penci-cat-links\"><a href=\"https:\/\/focustim.ro\/category\/sport\/\" rel=\"category tag\">Sport<\/a><\/span><\/div>\n<h1 class=\"entry-title penci-entry-title penci-title-\">Filip Marjanovi\u0107 s-a transferat la o fost\u0103 c\u00e2\u0219tig\u0103toare a Ligii Campionilor<\/h1>\n<div class=\"entry-meta penci-entry-meta\"><span class=\"entry-meta-item penci-posted-on\"><time class=\"entry-date published\" datetime=\"2026-04-21T21:39:37+03:00\">21\/04\/2026<\/time><time class=\"updated\" datetime=\"2026-04-21T21:39:43+03:00\">21\/04\/2026<\/time><\/span><span class=\"entry-meta-item penci-comment-count\"><a class=\"penci_pmeta-link\" href=\"https:\/\/focustim.ro\/filip-marjanovic-s-a-transferat-la-o-fosta-castigatoare-a-ligii-campionilor\/#respond\">0<\/a><\/span><\/div>\n<p><span class=\"penci-social-buttons penci-social-share-footer\"><span class=\"penci-social-share-text\">Distribuie<\/span><a href=\"https:\/\/focustim.ro\/filip-marjanovic-s-a-transferat-la-o-fosta-castigatoare-a-ligii-campionilor\/\" class=\"penci-post-like penci_post-meta_item  single-like-button penci-social-item like\" data-post_id=\"40048\" title=\"Like\" data-like=\"Like\" data-unlike=\"Unlike\"><span class=\"penci-share-number\">0<\/span><\/a><\/span><\/header>\n<div class=\"entry-media penci-entry-media\">\n<div class=\"post-format-meta \">\n<div class=\"post-image penci-standard-format\"><img decoding=\"async\" width=\"664\" height=\"371\" src=\"https:\/\/focustim.ro\/wp-content\/uploads\/2026\/04\/Filip-Marjanovic-handbal.jpg\" class=\"attachment-penci-thumb-960-auto size-penci-thumb-960-auto wp-post-image\" alt loading=\"lazy\"><\/div>\n<\/div>\n<\/div>\n<div class=\"penci-entry-content entry-content\">\n<p>Filip Marjanovi\u0107 (37 de ani), unul dintre cei mai \u00eendr\u0103gi\u0163i handbali\u015fti ai Timi\u015foarei, s-a desp\u0103r\u021bit de SCM Politehnica.<\/p>\n<p>Extrema din Serbia, care \u00een acest sezon a evoluat \u00een Divizia A (e\u0219alonul secund), la echipa a doua a clubului alb-violet, a scris istorie pe Bega.<\/p>\n<p>A fost \u00een dou\u0103 perioade la echipa timi\u015forean\u0103 \u0219i a cucerit Cupa Rom\u00e2niei, \u00een tricoul lui Poli, \u00een 2019.<\/p>\n<p>\u201cFica\u201d a jucat \u015fi pentru na\u0163ionala \u0163\u0103rii vecine (23 de meciuri, 17 goluri), afl\u00e2ndu-se \u00een lotul pentru Campionatul European din 2016.<\/p>\n<p>El s-a transferat acum la Metaloplastika \u0160abac, fost\u0103 dubl\u0103 c\u00e2\u0219tig\u0103toare a Ligii Campionilor, \u00een anii 1985 \u0219i 1986, competi\u021bie \u00een care a mai disputat o final\u0103, \u00een 1984.<\/p>\n<p>Marjanovi\u0107 a mai jucat \u00een trecut la echipa din ora\u0219ul situat \u00een vestul Serbiei.<\/p>\n<div class=\"sharedaddy sd-sharing-enabled\">\n<div class=\"robots-nocontent sd-block sd-social sd-social-icon-text sd-sharing\">\n<h3 class=\"sd-title\">Partajeaz\u0103 asta:<\/h3>\n<div class=\"sd-content\">\n<ul>\n<li class=\"share-twitter\"><a rel=\"nofollow noopener noreferrer\" data-shared=\"sharing-twitter-40048\" class=\"share-twitter sd-button share-icon\" href=\"https:\/\/focustim.ro\/filip-marjanovic-s-a-transferat-la-o-fosta-castigatoare-a-ligii-campionilor\/?share=twitter\" target=\"_blank\" title=\"D\u0103 clic pentru a partaja pe Twitter\"><span>Twitter<\/span><\/a><\/li>\n<li class=\"share-facebook\"><a rel=\"nofollow noopener noreferrer\" data-shared=\"sharing-facebook-40048\" class=\"share-facebook sd-button share-icon\" href=\"https:\/\/focustim.ro\/filip-marjanovic-s-a-transferat-la-o-fosta-castigatoare-a-ligii-campionilor\/?share=facebook\" target=\"_blank\" title=\"D\u0103 clic pentru a partaja pe Facebook\"><span>Facebook<\/span><\/a><\/li>\n<li class=\"share-end\"><\/ul>\n<\/div>\n<\/div>\n<\/div>\n<div class=\"sharedaddy sd-block sd-like jetpack-likes-widget-wrapper jetpack-likes-widget-unloaded\" id=\"like-post-wrapper-167025405-40048-69e7c5f74d64d\" data-src=\"https:\/\/widgets.wp.com\/likes\/#blog_id=167025405&amp;post_id=40048&amp;origin=focustim.ro&amp;obj_id=167025405-40048-69e7c5f74d64d\" data-name=\"like-post-frame-167025405-40048-69e7c5f74d64d\" data-title=\"Apreciaz\u0103 sau republic\u0103\">\n<h3 class=\"sd-title\">Apreciaz\u0103:<\/h3>\n<div class=\"likes-widget-placeholder post-likes-widget-placeholder\"><span class=\"button\"><span>Apreciere<\/span><\/span><span class=\"loading\">\u00cencarc&#8230;<\/span><\/div>\n<\/div>\n<\/div>\n<footer class=\"penci-entry-footer\"><span class=\"penci-social-buttons penci-social-share-footer\"><span class=\"penci-social-share-text\">Distribuie<\/span><a href=\"https:\/\/focustim.ro\/filip-marjanovic-s-a-transferat-la-o-fosta-castigatoare-a-ligii-campionilor\/\" class=\"penci-post-like penci_post-meta_item  single-like-button penci-social-item like\" data-post_id=\"40048\" title=\"Like\" data-like=\"Like\" data-unlike=\"Unlike\"><span class=\"penci-share-number\">0<\/span><\/a><\/span><\/footer>\n<\/article>\n<div class=\"penci-entry-content entry-content\">\n<p>Filip Marjanovi\u0107 (37 de ani), unul dintre cei mai \u00eendr\u0103gi\u0163i handbali\u015fti ai Timi\u015foarei, s-a desp\u0103r\u021bit de SCM Politehnica.<\/p>\n<p>Extrema din Serbia, care \u00een acest sezon a evoluat \u00een Divizia A (e\u0219alonul secund), la echipa a doua a clubului alb-violet, a scris istorie pe Bega.<\/p>\n<p>A fost \u00een dou\u0103 perioade la echipa timi\u015forean\u0103 \u0219i a cucerit Cupa Rom\u00e2niei, \u00een tricoul lui Poli, \u00een 2019.<\/p>\n<p>\u201cFica\u201d a jucat \u015fi pentru na\u0163ionala \u0163\u0103rii vecine (23 de meciuri, 17 goluri), afl\u00e2ndu-se \u00een lotul pentru Campionatul European din 2016.<\/p>\n<p>El s-a transferat acum la Metaloplastika \u0160abac, fost\u0103 dubl\u0103 c\u00e2\u0219tig\u0103toare a Ligii Campionilor, \u00een anii 1985 \u0219i 1986, competi\u021bie \u00een care a mai disputat o final\u0103, \u00een 1984.<\/p>\n<p>Marjanovi\u0107 a mai jucat \u00een trecut la echipa din ora\u0219ul situat \u00een vestul Serbiei.<\/p>\n<div class=\"sharedaddy sd-sharing-enabled\">\n<div class=\"robots-nocontent sd-block sd-social sd-social-icon-text sd-sharing\">\n<h3 class=\"sd-title\">Partajeaz\u0103 asta:<\/h3>\n<div class=\"sd-content\">\n<ul>\n<li class=\"share-twitter\"><a rel=\"nofollow noopener noreferrer\" data-shared=\"sharing-twitter-40048\" class=\"share-twitter sd-button share-icon\" href=\"https:\/\/focustim.ro\/filip-marjanovic-s-a-transferat-la-o-fosta-castigatoare-a-ligii-campionilor\/?share=twitter\" target=\"_blank\" title=\"D\u0103 clic pentru a partaja pe Twitter\"><span>Twitter<\/span><\/a><\/li>\n<li class=\"share-facebook\"><a rel=\"nofollow noopener noreferrer\" data-shared=\"sharing-facebook-40048\" class=\"share-facebook sd-button share-icon\" href=\"https:\/\/focustim.ro\/filip-marjanovic-s-a-transferat-la-o-fosta-castigatoare-a-ligii-campionilor\/?share=facebook\" target=\"_blank\" title=\"D\u0103 clic pentru a partaja pe Facebook\"><span>Facebook<\/span><\/a><\/li>\n<li class=\"share-end\"><\/ul>\n<\/div>\n<\/div>\n<\/div>\n<div class=\"sharedaddy sd-block sd-like jetpack-likes-widget-wrapper jetpack-likes-widget-unloaded\" id=\"like-post-wrapper-167025405-40048-69e7c5f74d64d\" data-src=\"https:\/\/widgets.wp.com\/likes\/#blog_id=167025405&amp;post_id=40048&amp;origin=focustim.ro&amp;obj_id=167025405-40048-69e7c5f74d64d\" data-name=\"like-post-frame-167025405-40048-69e7c5f74d64d\" data-title=\"Apreciaz\u0103 sau republic\u0103\">\n<h3 class=\"sd-title\">Apreciaz\u0103:<\/h3>\n<div class=\"likes-widget-placeholder post-likes-widget-placeholder\"><span class=\"button\"><span>Apreciere<\/span><\/span><span class=\"loading\">\u00cencarc&#8230;<\/span><\/div>\n<\/div>\n<\/div>\n<p>[analyse_source url=&#8221;https:\/\/focustim.ro\/filip-marjanovic-s-a-transferat-la-o-fosta-castigatoare-a-ligii-campionilor\/&#8221;]<\/p>\n","protected":false},"excerpt":{"rendered":"<p>[analyse_image type=&#8221;featured&#8221; src=&#8221;https:\/\/focustim.ro\/wp-content\/uploads\/2026\/04\/Filip-Marjanovic-handbal.jpg&#8221;] Sport Filip Marjanovi\u0107 s-a transferat la o fost\u0103 c\u00e2\u0219tig\u0103toare a Ligii Campionilor 21\/04\/202621\/04\/20260 Distribuie0 Filip Marjanovi\u0107 (37 de ani), unul dintre cei mai \u00eendr\u0103gi\u0163i handbali\u015fti ai Timi\u015foarei, s-a desp\u0103r\u021bit de SCM Politehnica. Extrema din Serbia, care \u00een acest sezon a evoluat \u00een Divizia A (e\u0219alonul secund), la echipa a doua a clubului [&hellip;]<\/p>\n","protected":false},"author":1,"featured_media":0,"comment_status":"open","ping_status":"","sticky":false,"template":"","format":"standard","meta":{"footnotes":""},"categories":[89],"tags":[226,197],"class_list":["post-1894856","post","type-post","status-publish","format-standard","hentry","category-romania","tag-crawlmanager","tag-focustim-ro"],"_links":{"self":[{"href":"https:\/\/analyse.optim.biz\/index.php?rest_route=\/wp\/v2\/posts\/1894856","targetHints":{"allow":["GET"]}}],"collection":[{"href":"https:\/\/analyse.optim.biz\/index.php?rest_route=\/wp\/v2\/posts"}],"about":[{"href":"https:\/\/analyse.optim.biz\/index.php?rest_route=\/wp\/v2\/types\/post"}],"author":[{"embeddable":true,"href":"https:\/\/analyse.optim.biz\/index.php?rest_route=\/wp\/v2\/users\/1"}],"replies":[{"embeddable":true,"href":"https:\/\/analyse.optim.biz\/index.php?rest_route=%2Fwp%2Fv2%2Fcomments&post=1894856"}],"version-history":[{"count":0,"href":"https:\/\/analyse.optim.biz\/index.php?rest_route=\/wp\/v2\/posts\/1894856\/revisions"}],"wp:attachment":[{"href":"https:\/\/analyse.optim.biz\/index.php?rest_route=%2Fwp%2Fv2%2Fmedia&parent=1894856"}],"wp:term":[{"taxonomy":"category","embeddable":true,"href":"https:\/\/analyse.optim.biz\/index.php?rest_route=%2Fwp%2Fv2%2Fcategories&post=1894856"},{"taxonomy":"post_tag","embeddable":true,"href":"https:\/\/analyse.optim.biz\/index.php?rest_route=%2Fwp%2Fv2%2Ftags&post=1894856"}],"curies":[{"name":"wp","href":"https:\/\/api.w.org\/{rel}","templated":true}]}}