{"id":1894822,"date":"2026-04-20T10:57:28","date_gmt":"2026-04-20T07:57:28","guid":{"rendered":"https:\/\/analyse.optim.biz\/?p=1894822"},"modified":"2026-04-20T10:57:28","modified_gmt":"2026-04-20T07:57:28","slug":"romania-devine-lider-in-exportul-de-rapita-catre-germania-depasind-ucraina","status":"publish","type":"post","link":"https:\/\/analyse.optim.biz\/?p=1894822","title":{"rendered":"Rom\u00e2nia devine lider \u00een exportul de rapi\u021b\u0103 c\u0103tre Germania, dep\u0103\u0219ind Ucraina"},"content":{"rendered":"<p>[analyse_image type=&#8221;featured&#8221; src=&#8221;https:\/\/orasul-timisoara.ro\/wp-content\/uploads\/2026\/04\/rapita-camp.jpg&#8221;]<\/p>\n<article id=\"post-38242\" class=\"td-post-template-7 post-38242 post type-post status-publish format-standard has-post-thumbnail category-featured category-stiri-nationale-si-internationale tag-agricultura-romania tag-economie-agricola tag-export-rapita tag-fermieri-romani tag-germania-importuri tag-piata-oleaginoase tag-productie-agricola tag-rapita-romania tag-ucraina-exporturi td-container-wrap\">\n<div class=\"td-full-screen-header-image-wrap\">\n<div class=\"td-container td-post-header\">\n<div class=\"td-crumb-container\">\n<div class=\"entry-crumbs\"><span><a title=\"Vede\u021bi toate articolele \u00een \u0218tiri na\u021bionale \u0219i interna\u021bionale\" class=\"entry-crumb\" href=\"https:\/\/orasul-timisoara.ro\/local-category\/stiri-nationale-si-internationale\/\">\u0218tiri na\u021bionale \u0219i interna\u021bionale<\/a><\/span><span class=\"td-bred-no-url-last\">Rom\u00e2nia devine lider \u00een exportul de rapi\u021b\u0103 c\u0103tre Germania, dep\u0103\u0219ind Ucraina<\/span><\/div>\n<\/div>\n<div class=\"td-post-header-holder\">\n<div class=\"td-parallax-header\">\n<header class=\"td-post-title\">\n<ul class=\"td-category\">\n<li class=\"entry-category\"><a href=\"https:\/\/orasul-timisoara.ro\/local-category\/stiri-nationale-si-internationale\/\">\u0218tiri na\u021bionale \u0219i interna\u021bionale<\/a><\/li>\n<\/ul>\n<h1 class=\"entry-title\">Rom\u00e2nia devine lider \u00een exportul de rapi\u021b\u0103 c\u0103tre Germania, dep\u0103\u0219ind Ucraina<\/h1>\n<div class=\"td-module-meta-info\">\n<div class=\"td-post-author-name\">\n<div class=\"td-author-by\">De c\u0103tre<\/div>\n<p><a href=\"https:\/\/orasul-timisoara.ro\/author\/timisoara\/\">redactia<\/a><\/p>\n<div class=\"td-author-line\"> &#8211; <\/div>\n<\/div>\n<p><span class=\"td-post-date\"><time class=\"entry-date updated td-module-date\" datetime=\"2026-04-20T13:57:28+03:00\">20\/04\/2026<\/time><\/span><\/div>\n<\/header>\n<\/div>\n<\/div>\n<\/div>\n<div id=\"td-full-screen-header-image\" class=\"td-image-gradient-style7\"><img decoding=\"async\" class=\"td-backstretch\" src=\"https:\/\/orasul-timisoara.ro\/wp-content\/uploads\/2026\/04\/rapita-camp.jpg\"><\/div>\n<\/div>\n<div class=\"td-container\">\n<div class=\"td-pb-row\">\n<div class=\"td-pb-span8 td-main-content\" role=\"main\">\n<div class=\"td-ss-main-content\">\n<div class=\"td-post-sharing-top\">\n<div class=\"td-post-sharing-classic\"><iframe title=\"topFacebookLike\" frameborder src=\"https:\/\/www.facebook.com\/plugins\/like.php?href=https:\/\/orasul-timisoara.ro\/local-38242\/&amp;layout=button_count&amp;show_faces=false&amp;width=105&amp;action=like&amp;colorscheme=light&amp;height=21\"><\/iframe><\/div>\n<div id=\"td_social_sharing_article_top\" class=\"td-post-sharing td-ps-bg td-ps-notext td-post-sharing-style1 \">\n<div class=\"td-post-sharing-visible\"><a class=\"td-social-sharing-button td-social-sharing-button-js td-social-network td-social-facebook\" href=\"https:\/\/www.facebook.com\/sharer.php?u=https%3A%2F%2Forasul-timisoara.ro%2Flocal-38242%2F\" title=\"Facebook\"><\/p>\n<div class=\"td-social-but-text\">Facebook<\/div>\n<p><\/a><a class=\"td-social-sharing-button td-social-sharing-button-js td-social-network td-social-twitter\" href=\"https:\/\/twitter.com\/intent\/tweet?text=Rom%C3%A2nia+devine+lider+%C3%AEn+exportul+de+rapi%C8%9B%C4%83+c%C4%83tre+Germania%2C+dep%C4%83%C8%99ind+Ucraina&amp;url=https%3A%2F%2Forasul-timisoara.ro%2Flocal-38242%2F&amp;via=orasultm\" title=\"Twitter\"><\/p>\n<div class=\"td-social-but-text\">Twitter<\/div>\n<p><\/a><a class=\"td-social-sharing-button td-social-sharing-button-js td-social-network td-social-whatsapp\" href=\"https:\/\/api.whatsapp.com\/send?text=Rom%C3%A2nia+devine+lider+%C3%AEn+exportul+de+rapi%C8%9B%C4%83+c%C4%83tre+Germania%2C+dep%C4%83%C8%99ind+Ucraina%20%0A%0A%20https:\/\/orasul-timisoara.ro\/local-38242\/\" title=\"WhatsApp\"><\/p>\n<div class=\"td-social-but-text\">WhatsApp<\/div>\n<p><\/a><a class=\"td-social-sharing-button td-social-sharing-button-js td-social-network td-social-linkedin\" href=\"https:\/\/www.linkedin.com\/shareArticle?mini=true&amp;url=https:\/\/orasul-timisoara.ro\/local-38242\/&amp;title=Rom%C3%A2nia+devine+lider+%C3%AEn+exportul+de+rapi%C8%9B%C4%83+c%C4%83tre+Germania%2C+dep%C4%83%C8%99ind+Ucraina\" title=\"Linkedin\"><\/p>\n<div class=\"td-social-but-text\">Linkedin<\/div>\n<p><\/a><a class=\"td-social-sharing-button td-social-sharing-button-js td-social-network td-social-reddit\" href=\"https:\/\/reddit.com\/submit?url=https:\/\/orasul-timisoara.ro\/local-38242\/&amp;title=Rom%C3%A2nia+devine+lider+%C3%AEn+exportul+de+rapi%C8%9B%C4%83+c%C4%83tre+Germania%2C+dep%C4%83%C8%99ind+Ucraina\" title=\"ReddIt\"><\/p>\n<div class=\"td-social-but-text\">ReddIt<\/div>\n<p><\/a><a class=\"td-social-sharing-button td-social-sharing-button-js td-social-network td-social-mail\" href=\"mailto:?subject=Rom%C3%A2nia%20devine%20lider%20%C3%AEn%20exportul%20de%20rapi%C8%9B%C4%83%20c%C4%83tre%20Germania,%20dep%C4%83%C8%99ind%20Ucraina&amp;body=https:\/\/orasul-timisoara.ro\/local-38242\/\" title=\"Email\"><\/p>\n<div class=\"td-social-but-text\">Email<\/div>\n<p><\/a><a class=\"td-social-sharing-button td-social-sharing-button-js td-social-network td-social-print\" href=\"https:\/\/orasul-timisoara.ro\/local-38242\/\" title=\"Imprimare\"><\/p>\n<div class=\"td-social-but-text\">Imprimare<\/div>\n<p><\/a><\/div>\n<\/div>\n<\/div>\n<div class=\"td-post-content tagdiv-type\">\n<p>Rom\u00e2nia \u00ee\u0219i consolideaz\u0103 pozi\u021bia de lider european pe pia\u021ba rapi\u021bei, dup\u0103 ce a \u00eenregistrat o cre\u0219tere spectaculoas\u0103 a exporturilor c\u0103tre Germania \u00een sezonul agricol 2025\/2026. Datele oficiale indic\u0103 o schimbare semnificativ\u0103 \u00een ierarhia furnizorilor, cu impact direct asupra pie\u021bei oleaginoaselor din Uniunea European\u0103.<\/p>\n<p>Potrivit datelor publicate de Oficiul Federal de Statistic\u0103 al Germaniei \u0219i confirmate de Uniunea pentru Promovarea Plantelor Oleaginoase \u0219i Proteinice (UFOP), Rom\u00e2nia a exportat 873.400 de tone de rapi\u021b\u0103 c\u0103tre Germania \u00een prima jum\u0103tate a anului de comercializare 2025\/2026. Comparativ cu aceea\u0219i perioad\u0103 a sezonului precedent, c\u00e2nd livr\u0103rile au fost de doar 229.600 de tone, cre\u0219terea este de aproape patru ori mai mare, marc\u00e2nd un nivel istoric pentru exporturile rom\u00e2ne\u0219ti.<\/p>\n<p>Aceast\u0103 evolu\u021bie plaseaz\u0103 Rom\u00e2nia pe primul loc \u00een topul furnizorilor de rapi\u021b\u0103 pentru Germania, dep\u0103\u0219ind Ucraina, care a dominat ani la r\u00e2nd aceast\u0103 pia\u021b\u0103. \u00cen prezent, Ucraina a livrat aproximativ 752.500 de tone \u00een aceea\u0219i perioad\u0103, \u00een sc\u0103dere cu 39% fa\u021b\u0103 de anul anterior. Printre factorii determinan\u021bi ai acestui declin se num\u0103r\u0103 introducerea taxelor la export pentru rapi\u021b\u0103, soia \u0219i floarea-soarelui de c\u0103tre autorit\u0103\u021bile de la Kiev, m\u0103sur\u0103 care a redus competitivitatea produselor ucrainene \u0219i a redirec\u021bionat cererea c\u0103tre al\u021bi furnizori, inclusiv Rom\u00e2nia.<\/p>\n<p>Performan\u021ba Rom\u00e2niei este sus\u021binut\u0103 de o produc\u021bie record de rapi\u021b\u0103 \u00een 2025. Fermierii rom\u00e2ni au ob\u021binut recolte semnificativ peste media ultimilor ani, pe fondul extinderii suprafe\u021belor cultivate \u0219i al investi\u021biilor \u00een tehnologie agricol\u0103. Acest avans confirm\u0103 trendul ascendent al sectorului oleaginoaselor \u0219i consolideaz\u0103 rolul Rom\u00e2niei ca furnizor strategic pentru pia\u021ba european\u0103.<\/p>\n<p>Cre\u0219terea produc\u021biei interne are loc \u00eentr-un context favorabil, \u00een care Comisia European\u0103 estimeaz\u0103 o reducere a importurilor de rapi\u021b\u0103 la nivelul Uniunii, ca urmare a major\u0103rii produc\u021biei locale. \u00cen acela\u0219i timp, industria european\u0103 de procesare a uleiurilor vegetale continu\u0103 s\u0103 men\u021bin\u0103 o cerere ridicat\u0103 pentru materii prime, ceea ce sus\u021bine exporturile rom\u00e2ne\u0219ti.<\/p>\n<p>Un alt factor care contribuie la aceast\u0103 ascensiune este instabilitatea produc\u021biei agricole \u00een alte state europene, afectate de schimb\u0103rile climatice. Rom\u00e2nia a reu\u0219it s\u0103 atenueze aceste riscuri prin modernizarea agriculturii \u0219i o mai bun\u0103 adaptare la condi\u021biile meteo, ceea ce a dus la o mai mare predictibilitate a recoltelor.<\/p>\n<p>Pe pia\u021ba M\u0103rii Negre, Rom\u00e2nia \u00ee\u0219i \u00eent\u0103re\u0219te statutul de actor stabil \u0219i de \u00eencredere \u00een comer\u021bul cu oleaginoase. Perspectivele pentru sezonul 2025\u20132026 r\u0103m\u00e2n optimiste, iar recolta record ofer\u0103 nu doar volume mari pentru export, ci \u0219i o pozi\u021bie mai puternic\u0103 \u00een negocierile comerciale.<\/p>\n<p>Analizele de specialitate indic\u0103 o pia\u021b\u0103 agricol\u0103 \u00een transformare rapid\u0103, \u00een care produc\u021biile locale ridicate \u0219i cererea extern\u0103 sunt principalele motoare de cre\u0219tere. Rapi\u021ba confirm\u0103 poten\u021bialul agriculturii rom\u00e2ne\u0219ti, \u00een timp ce alte culturi, precum floarea-soarelui, traverseaz\u0103 o perioad\u0103 mai dificil\u0103, par\u021bial compensat\u0103 de cererea de pe pie\u021bele externe.<\/p>\n<p>Prin rezultatele din 2025, Rom\u00e2nia \u00ee\u0219i consolideaz\u0103 rolul \u00een comer\u021bul regional \u0219i european cu oleaginoase, devenind un reper de stabilitate \u0219i competitivitate \u00eentr-un sector marcat de schimb\u0103ri \u0219i provoc\u0103ri.<\/p>\n<\/div>\n<footer>\n<div class=\"td-post-source-tags\">\n<ul class=\"td-tags td-post-small-box clearfix\">\n<li><span>ETICHETE<\/span><\/li>\n<li><a href=\"https:\/\/orasul-timisoara.ro\/local-tag\/agricultura-romania\/\">agricultura Romania<\/a><\/li>\n<li><a href=\"https:\/\/orasul-timisoara.ro\/local-tag\/economie-agricola\/\">economie agricola<\/a><\/li>\n<li><a href=\"https:\/\/orasul-timisoara.ro\/local-tag\/export-rapita\/\">export rapita<\/a><\/li>\n<li><a href=\"https:\/\/orasul-timisoara.ro\/local-tag\/fermieri-romani\/\">fermieri romani<\/a><\/li>\n<li><a href=\"https:\/\/orasul-timisoara.ro\/local-tag\/germania-importuri\/\">Germania importuri<\/a><\/li>\n<li><a href=\"https:\/\/orasul-timisoara.ro\/local-tag\/piata-oleaginoase\/\">piata oleaginoase<\/a><\/li>\n<li><a href=\"https:\/\/orasul-timisoara.ro\/local-tag\/productie-agricola\/\">productie agricola<\/a><\/li>\n<li><a href=\"https:\/\/orasul-timisoara.ro\/local-tag\/rapita-romania\/\">rapita Romania<\/a><\/li>\n<li><a href=\"https:\/\/orasul-timisoara.ro\/local-tag\/ucraina-exporturi\/\">Ucraina exporturi<\/a><\/li>\n<\/ul>\n<\/div>\n<div class=\"td-post-sharing-bottom\">\n<div class=\"td-post-sharing-classic\"><iframe title=\"bottomFacebookLike\" frameborder src=\"https:\/\/www.facebook.com\/plugins\/like.php?href=https:\/\/orasul-timisoara.ro\/local-38242\/&amp;layout=button_count&amp;show_faces=false&amp;width=105&amp;action=like&amp;colorscheme=light&amp;height=21\"><\/iframe><\/div>\n<div id=\"td_social_sharing_article_bottom\" class=\"td-post-sharing td-ps-bg td-ps-notext td-post-sharing-style1 \">\n<div class=\"td-post-sharing-visible\"><a class=\"td-social-sharing-button td-social-sharing-button-js td-social-network td-social-facebook\" href=\"https:\/\/www.facebook.com\/sharer.php?u=https%3A%2F%2Forasul-timisoara.ro%2Flocal-38242%2F\" title=\"Facebook\"><\/p>\n<div class=\"td-social-but-text\">Facebook<\/div>\n<p><\/a><a class=\"td-social-sharing-button td-social-sharing-button-js td-social-network td-social-twitter\" href=\"https:\/\/twitter.com\/intent\/tweet?text=Rom%C3%A2nia+devine+lider+%C3%AEn+exportul+de+rapi%C8%9B%C4%83+c%C4%83tre+Germania%2C+dep%C4%83%C8%99ind+Ucraina&amp;url=https%3A%2F%2Forasul-timisoara.ro%2Flocal-38242%2F&amp;via=orasultm\" title=\"Twitter\"><\/p>\n<div class=\"td-social-but-text\">Twitter<\/div>\n<p><\/a><a class=\"td-social-sharing-button td-social-sharing-button-js td-social-network td-social-whatsapp\" href=\"https:\/\/api.whatsapp.com\/send?text=Rom%C3%A2nia+devine+lider+%C3%AEn+exportul+de+rapi%C8%9B%C4%83+c%C4%83tre+Germania%2C+dep%C4%83%C8%99ind+Ucraina%20%0A%0A%20https:\/\/orasul-timisoara.ro\/local-38242\/\" title=\"WhatsApp\"><\/p>\n<div class=\"td-social-but-text\">WhatsApp<\/div>\n<p><\/a><a class=\"td-social-sharing-button td-social-sharing-button-js td-social-network td-social-linkedin\" href=\"https:\/\/www.linkedin.com\/shareArticle?mini=true&amp;url=https:\/\/orasul-timisoara.ro\/local-38242\/&amp;title=Rom%C3%A2nia+devine+lider+%C3%AEn+exportul+de+rapi%C8%9B%C4%83+c%C4%83tre+Germania%2C+dep%C4%83%C8%99ind+Ucraina\" title=\"Linkedin\"><\/p>\n<div class=\"td-social-but-text\">Linkedin<\/div>\n<p><\/a><a class=\"td-social-sharing-button td-social-sharing-button-js td-social-network td-social-reddit\" href=\"https:\/\/reddit.com\/submit?url=https:\/\/orasul-timisoara.ro\/local-38242\/&amp;title=Rom%C3%A2nia+devine+lider+%C3%AEn+exportul+de+rapi%C8%9B%C4%83+c%C4%83tre+Germania%2C+dep%C4%83%C8%99ind+Ucraina\" title=\"ReddIt\"><\/p>\n<div class=\"td-social-but-text\">ReddIt<\/div>\n<p><\/a><a class=\"td-social-sharing-button td-social-sharing-button-js td-social-network td-social-mail\" href=\"mailto:?subject=Rom%C3%A2nia%20devine%20lider%20%C3%AEn%20exportul%20de%20rapi%C8%9B%C4%83%20c%C4%83tre%20Germania,%20dep%C4%83%C8%99ind%20Ucraina&amp;body=https:\/\/orasul-timisoara.ro\/local-38242\/\" title=\"Email\"><\/p>\n<div class=\"td-social-but-text\">Email<\/div>\n<p><\/a><a class=\"td-social-sharing-button td-social-sharing-button-js td-social-network td-social-print\" href=\"https:\/\/orasul-timisoara.ro\/local-38242\/\" title=\"Imprimare\"><\/p>\n<div class=\"td-social-but-text\">Imprimare<\/div>\n<p><\/a><\/div>\n<\/div>\n<\/div>\n<div class=\"td-block-row td-post-next-prev\">\n<div class=\"td-block-span6 td-post-prev-post\">\n<div class=\"td-post-next-prev-content\"><span>Articolul precedent<\/span><a href=\"https:\/\/orasul-timisoara.ro\/local-38240\/\">Dominic Fritz : \u201ePrin declan\u0219area unei crize politice, ve\u021bi s\u0103r\u0103ci \u021bara \u0219i mai tare\u201d. Rom\u00e2nia ar pierde zeci de miliarde de euro \u00eentr-o criz\u0103 politic\u0103 declan\u0219at\u0103 de PSD<\/a><\/div>\n<\/div>\n<div class=\"td-block-span6 td-post-next-post\">\n<div class=\"td-post-next-prev-content\"><span>Articolul urm\u0103tor<\/span><a href=\"https:\/\/orasul-timisoara.ro\/local-38245\/\">Rom\u00e2nia \u00eencepe recens\u0103m\u00e2ntul traficului rutier: date esen\u021biale pentru viitoarele investi\u021bii<\/a><\/div>\n<\/div>\n<\/div>\n<div class=\"td-author-name vcard author\"><span class=\"fn\"><a href=\"https:\/\/orasul-timisoara.ro\/author\/timisoara\/\">redactia<\/a><\/span><\/div>\n<p><span class=\"td-page-meta\"><\/span><span class=\"td-page-meta\"><span class=\"td-page-meta\"><\/span><\/span><span class=\"td-page-meta\"><\/span><\/footer>\n<div class=\"td_block_wrap td_block_related_posts tdi_3 td_with_ajax_pagination td-pb-border-top td_block_template_8\" data-td-block-uid=\"tdi_3\">\n<h4 class=\"td-related-title td-block-title\"><a id=\"tdi_4\" class=\"td-related-left td-cur-simple-item\" data-td_filter_value data-td_block_id=\"tdi_3\" href=\"https:\/\/orasul-timisoara.ro\/local-38242\/\">ARTICOLE SIMILARE<\/a><a id=\"tdi_5\" class=\"td-related-right\" data-td_filter_value=\"td_related_more_from_author\" data-td_block_id=\"tdi_3\" href=\"https:\/\/orasul-timisoara.ro\/local-38242\/\">DE LA ACELA\u0218I AUTOR<\/a><\/h4>\n<div id=\"tdi_3\" class=\"td_block_inner\">\n<div class=\"td-related-row\">\n<div class=\"td-related-span4\">\n<div class=\"td_module_related_posts td-animation-stack td_mod_related_posts\">\n<div class=\"td-module-image\">\n<div class=\"td-module-thumb\"><a href=\"https:\/\/orasul-timisoara.ro\/local-37735\/\" rel=\"bookmark\" class=\"td-image-wrap \" title=\"Focar de pest\u0103 porcin\u0103 african\u0103 \u00een Timi\u0219: restric\u021bii severe \u00een Checea \u0219i localit\u0103\u021bile din jur\"><img loading=\"lazy\" decoding=\"async\" class=\"entry-thumb\" src=\"https:\/\/orasul-timisoara.ro\/wp-content\/uploads\/2021\/04\/porci.jpg\" alt title=\"Focar de pest\u0103 porcin\u0103 african\u0103 \u00een Timi\u0219: restric\u021bii severe \u00een Checea \u0219i localit\u0103\u021bile din jur\" width=\"218\" height=\"150\"><\/a><\/div>\n<\/div>\n<div class=\"item-details\">\n<h3 class=\"entry-title td-module-title\"><a href=\"https:\/\/orasul-timisoara.ro\/local-37735\/\" rel=\"bookmark\" title=\"Focar de pest\u0103 porcin\u0103 african\u0103 \u00een Timi\u0219: restric\u021bii severe \u00een Checea \u0219i localit\u0103\u021bile din jur\">Focar de pest\u0103 porcin\u0103 african\u0103 \u00een Timi\u0219: restric\u021bii severe \u00een Checea \u0219i localit\u0103\u021bile din jur<\/a><\/h3>\n<\/div>\n<\/div>\n<\/div>\n<\/div>\n<\/div>\n<\/div>\n<div class=\"comments\" id=\"comments\">\n<div id=\"respond\" class=\"comment-respond\">\n<h3 id=\"reply-title\" class=\"comment-reply-title\">L\u0102SA\u021aI UN MESAJ<\/h3>\n<div class=\"comment-form-input-wrap td-form-comment\">\n<div class=\"td-warning-comment\">V\u0103 rug\u0103m s\u0103 introduce\u021bi comentariul dvs.!<\/div>\n<\/div>\n<div class=\"comment-form-input-wrap td-form-author\">\n<div class=\"td-warning-author\">Introduce\u021bi aici numele dvs.<\/div>\n<\/div>\n<div class=\"comment-form-input-wrap td-form-email\">\n<div class=\"td-warning-email-error\">A\u021bi introdus o adres\u0103 de e-mail incorect\u0103!<\/div>\n<div class=\"td-warning-email\">V\u0103 rug\u0103m s\u0103 introduce\u021bi adresa dvs. de e-mail aici<\/div>\n<\/div>\n<\/div>\n<p class=\"akismet_comment_form_privacy_notice\">Acest site folose\u0219te Akismet pentru a reduce spamul. <a href=\"https:\/\/akismet.com\/privacy\/\" target=\"_blank\" rel=\"nofollow noopener\">Afl\u0103 cum sunt procesate datele comentariilor tale<\/a>.<\/p>\n<\/div>\n<\/div>\n<\/div>\n<div class=\"td-pb-span4 td-main-sidebar\" role=\"complementary\">\n<div class=\"td-ss-main-sidebar\">\n<aside id=\"block-4\" class=\"td_block_template_8 widget block-4 widget_block widget_media_image\">\n<figure class=\"wp-block-image size-full\"><img loading=\"lazy\" decoding=\"async\" width=\"336\" height=\"280\" src=\"https:\/\/orasul-timisoara.ro\/wp-content\/uploads\/2024\/11\/ReTIM-Abonamentul-Verde-Google-Ads-336x280px.gif\" alt class=\"wp-image-29257\"><\/figure>\n<\/aside>\n<div class=\"td_block_wrap td_block_social_counter td_block_widget tdi_6 td-social-style5 td-social-boxed td-pb-border-top td_block_template_8\">\n<div class=\"td-block-title-wrap\">\n<h4 class=\"td-block-title\"><span>Urm\u0103re\u0219te-ne pe Social Media<\/span><\/h4>\n<\/div>\n<div class=\"td-social-list\">\n<div class=\"td_social_type td-pb-margin-side td_social_facebook\">\n<div class=\"td-social-box\"><span class=\"td_social_info td_social_info_counter\">344,595<\/span><span class=\"td_social_info td_social_info_name\">Fani<\/span><span class=\"td_social_button\"><a href=\"https:\/\/www.facebook.com\/247timisoara\" target=\"_blank\" rel=\"nofollow\">\u00cemi place<\/a><\/span><\/div>\n<\/div>\n<div class=\"td_social_type td-pb-margin-side td_social_instagram\">\n<div class=\"td-social-box\"><span class=\"td_social_info td_social_info_counter\">4,416<\/span><span class=\"td_social_info td_social_info_name\">Cititori<\/span><span class=\"td_social_button\"><a href=\"https:\/\/instagram.com\/orasultimisoararo\/\" target=\"_blank\" rel=\"nofollow\">Conecta\u021bi-v\u0103<\/a><\/span><\/div>\n<\/div>\n<div class=\"td_social_type td-pb-margin-side td_social_rss\">\n<div class=\"td-social-box\"><span class=\"td_social_info td_social_info_counter\">12,506<\/span><span class=\"td_social_info td_social_info_name\">Cititori<\/span><span class=\"td_social_button\"><a href=\"https:\/\/orasul-timisoara.ro\/feed\/\" target=\"_blank\" rel=\"nofollow\">Conecta\u021bi-v\u0103<\/a><\/span><\/div>\n<\/div>\n<div class=\"td_social_type td-pb-margin-side td_social_tiktok\">\n<div class=\"td-social-box\"><span class=\"td_social_info td_social_info_counter\">1,500<\/span><span class=\"td_social_info td_social_info_name\">Cititori<\/span><span class=\"td_social_button\"><a href=\"https:\/\/www.tiktok.com\/@orasultimisoara\" target=\"_blank\" rel=\"nofollow\">Conecta\u021bi-v\u0103<\/a><\/span><\/div>\n<\/div>\n<div class=\"td_social_type td-pb-margin-side td_social_twitter\">\n<div class=\"td-social-box\"><span class=\"td_social_info td_social_info_counter\">1,595<\/span><span class=\"td_social_info td_social_info_name\">Cititori<\/span><span class=\"td_social_button\"><a href=\"https:\/\/twitter.com\/orasultm\" target=\"_blank\" rel=\"nofollow\">Conecta\u021bi-v\u0103<\/a><\/span><\/div>\n<\/div>\n<div class=\"td_social_type td-pb-margin-side td_social_youtube\">\n<div class=\"td-social-box\"><span class=\"td_social_info td_social_info_counter\">3,506<\/span><span class=\"td_social_info td_social_info_name\">Abona\u021bi<\/span><span class=\"td_social_button\"><a href=\"https:\/\/www.youtube.com\/channel\/UCQNsQvs2XCSIm1Z-AHRturw?sub_confirmation=1\" target=\"_blank\" rel=\"nofollow\">Abona\u021bi-v\u0103<\/a><\/span><\/div>\n<\/div>\n<\/div>\n<\/div>\n<aside id=\"text-7\" class=\"td_block_template_8 widget text-7 widget_text\">\n<h4 class=\"td-block-title\"><span>C\u0103ut\u0103ri populare pe OTM<\/span><\/h4>\n<div class=\"textwidget\"><a href=\"https:\/\/orasul-timisoara.ro\/?s=timisoara\"><span>Timisoara<\/span><\/a><a href=\"https:\/\/orasul-timisoara.ro\/?s=calin+dobra\"><span>Calin Dobra<\/span><\/a><a href=\"https:\/\/orasul-timisoara.ro\/?s=primaria+timisoara\"><span>Primaria Timisoara<\/span><\/a><a href=\"https:\/\/orasul-timisoara.ro\/?s=dominic+fritz\"><span>Dominic Fritz<\/span><\/a><a href=\"https:\/\/orasul-timisoara.ro\/?s=nicolae+robu\"><span>Nicolae Robu<\/span><\/a><a href=\"https:\/\/orasul-timisoara.ro\/?s=consiliul+local+timisoara\">Consiliul Local Timisoara<\/a><a href=\"https:\/\/orasul-timisoara.ro\/?s=consiliul+judetean+timis\"><span>Consiliul Judetean Timis<\/span><\/a><a href=\"https:\/\/orasul-timisoara.ro\/?s=cjt\"><span>CJT<\/span><\/a><a href=\"https:\/\/orasul-timisoara.ro\/?s=Alfred+Simonis\"><span>Alfred Simonis<\/span><\/a><a href=\"https:\/\/orasul-timisoara.ro\/?s=PNL\"><span>PNL<\/span><\/a><a href=\"https:\/\/orasul-timisoara.ro\/?s=coronavirus\"><span>coronavirus<\/span><\/a><a href=\"https:\/\/orasul-timisoara.ro\/?s=teatru+timisoara\">teatru Timisoara<\/a><a href=\"https:\/\/orasul-timisoara.ro\/?s=restaurante\"><span>restaurante Timisoara<\/span><\/a><a href=\"https:\/\/orasul-timisoara.ro\/?s=diskoteka\"><span>Diskoteka<\/span><\/a><a href=\"https:\/\/orasul-timisoara.ro\/?s=iulius+town\"><span>Iulius Town<\/span><\/a><a href=\"https:\/\/orasul-timisoara.ro\/?s=iulius+mall\"><span>Iulius Mall<\/span><\/a><a href=\"https:\/\/orasul-timisoara.ro\/?s=stpt\"><span>STPT<\/span><\/a><a href=\"https:\/\/orasul-timisoara.ro\/?s=alin+nica\"><span>Alin Nica<\/span><\/a><a href=\"https:\/\/orasul-timisoara.ro\/?s=psd\"><span>PSD<\/span><\/a><a href=\"https:\/\/orasul-timisoara.ro\/?s=aeroport\"><span>Aeroportul International Timisoara<\/span><\/a><a href=\"https:\/\/orasul-timisoara.ro\/?s=babes\"><span>Spitalul Victor Babes Timisoara<\/span><\/a><a href=\"https:\/\/orasul-timisoara.ro\/?s=poli\"><span>Poli Timi\u0219oara<\/span><\/a><a href=\"https:\/\/orasul-timisoara.ro\/?s=carantina\"><span>carantina<\/span><\/a><a href=\"https:\/\/orasul-timisoara.ro\/?s=aquatim\"><span>Aquatim<\/span><\/a><a href=\"https:\/\/orasul-timisoara.ro\/local-category\/stiri-timisoara\/\"><span>Stiri Timisoara<\/span><\/a><a href=\"https:\/\/orasul-timisoara.ro\/local-category\/investitii-in-timisoara\/\"><span>Investi\u021bii in Timi\u0219oara<\/span><\/a><a href=\"https:\/\/orasul-timisoara.ro\/local-9463\/\"><span>shaorma<\/span><\/a><a href=\"https:\/\/orasul-timisoara.ro\/?s=trafic\"><span>trafic rutier<\/span><\/a><a href=\"https:\/\/orasul-timisoara.ro\/?s=politia\"><span>politia locala timisoara<\/span><\/a><a href=\"https:\/\/orasul-timisoara.ro\/?s=roxana\"><span>Roxana Iliescu<\/span><\/a><a href=\"https:\/\/orasul-timisoara.ro\/?s=colterm\"><span>Colterm<\/span><\/a><a href=\"https:\/\/orasul-timisoara.ro\/?s=latcau\"><span>Ruben La\u021bc\u0103u<\/span><\/a><a href=\"https:\/\/orasul-timisoara.ro\/?s=timis\"><span>\u0218tiri din Timi\u0219<\/span><\/a><a href=\"https:\/\/orasul-timisoara.ro\/?s=spital\"><span>Spitale din Timi\u0219oara<\/span><\/a><a href=\"https:\/\/orasul-timisoara.ro\/?s=tabara\"><span>Cosmin Tab\u0103r\u0103<\/span><\/a><\/div>\n<\/aside>\n<aside id=\"rss-2\" class=\"td_block_template_8 widget rss-2 widget_rss\">\n<h4 class=\"td-block-title\"><span><a class=\"rsswidget rss-widget-feed\" href=\"https:\/\/fashionfridays.ro\/feed\"><img decoding=\"async\" class=\"rss-widget-icon\" width=\"14\" height=\"14\" src=\"https:\/\/orasul-timisoara.ro\/wp-includes\/images\/rss.png\" alt=\"RSS\" loading=\"lazy\"><\/a><a class=\"rsswidget rss-widget-title\" href=\"https:\/\/fashionfridays.ro\/\">Fashion Fridays<\/a><\/span><\/h4>\n<ul>\n<li><a class=\"rsswidget\" href=\"https:\/\/fashionfridays.ro\/crocs-lanseaza-crocband-gum-clog-confort-iconic-cu-influente-retro-sport-pentru-primavara\/\">Crocs lanseaz\u0103 Crocband Gum Clog: confort iconic cu influen\u021be retro-sport pentru prim\u0103var\u0103<\/a>\n<div class=\"rssSummary\">Martie marcheaz\u0103 acel moment al anului \u00een care stilul \u00eencepe s\u0103 se relaxeze. Zilele devin mai lungi, ritmul ora\u0219ului se schimb\u0103, iar garderoba face tranzi\u021bia c\u0103tre piese care pun confortul pe primul loc, f\u0103r\u0103 s\u0103 renun\u021be la atitudine. Este sezonul \u00een care autenticitatea devine declara\u021bie de stil, iar alegerile vestimentare reflect\u0103 mai mult ca oric\u00e2nd [\u2026]<\/div>\n<\/li>\n<\/ul>\n<\/aside>\n<aside id=\"rss-4\" class=\"td_block_template_8 widget rss-4 widget_rss\">\n<h4 class=\"td-block-title\"><span><a class=\"rsswidget rss-widget-feed\" href=\"https:\/\/emasini.ro\/feed\"><img decoding=\"async\" class=\"rss-widget-icon\" width=\"14\" height=\"14\" src=\"https:\/\/orasul-timisoara.ro\/wp-includes\/images\/rss.png\" alt=\"RSS\" loading=\"lazy\"><\/a><a class=\"rsswidget rss-widget-title\" href=\"https:\/\/emasini.ro\/\">eMasini<\/a><\/span><\/h4>\n<ul>\n<li><a class=\"rsswidget\" href=\"https:\/\/emasini.ro\/traficul-rutier-sub-analiza-recensamant-national-pentru-modernizarea-infrastructurii\/\">Traficul rutier, sub analiz\u0103: recens\u0103m\u00e2nt na\u021bional pentru modernizarea infrastructurii<\/a>\n<div class=\"rssSummary\">Compania Na\u021bional\u0103 de Administrare a Infrastructurii Rutiere, prin Centrul de Studii Tehnice Rutiere \u0219i Informatic\u0103, preg\u0103te\u0219te una dintre cele mai importante ac\u021biuni de colectare de date din domeniul transporturilor: Recens\u0103m\u00e2ntul General de Circula\u021bie Rutier\u0103. Demersul are un rol strategic \u00een fundamentarea deciziilor privind dezvoltarea \u0219i modernizarea infrastructurii rutiere din Rom\u00e2nia. Ac\u021biunea este coordonat\u0103 de CNAIR, [\u2026]<\/div>\n<\/li>\n<\/ul>\n<\/aside>\n<\/div>\n<\/div>\n<\/div>\n<\/div>\n<\/article>\n<div class=\"td-post-content tagdiv-type\">\n<p>Rom\u00e2nia \u00ee\u0219i consolideaz\u0103 pozi\u021bia de lider european pe pia\u021ba rapi\u021bei, dup\u0103 ce a \u00eenregistrat o cre\u0219tere spectaculoas\u0103 a exporturilor c\u0103tre Germania \u00een sezonul agricol 2025\/2026. Datele oficiale indic\u0103 o schimbare semnificativ\u0103 \u00een ierarhia furnizorilor, cu impact direct asupra pie\u021bei oleaginoaselor din Uniunea European\u0103.<\/p>\n<p>Potrivit datelor publicate de Oficiul Federal de Statistic\u0103 al Germaniei \u0219i confirmate de Uniunea pentru Promovarea Plantelor Oleaginoase \u0219i Proteinice (UFOP), Rom\u00e2nia a exportat 873.400 de tone de rapi\u021b\u0103 c\u0103tre Germania \u00een prima jum\u0103tate a anului de comercializare 2025\/2026. Comparativ cu aceea\u0219i perioad\u0103 a sezonului precedent, c\u00e2nd livr\u0103rile au fost de doar 229.600 de tone, cre\u0219terea este de aproape patru ori mai mare, marc\u00e2nd un nivel istoric pentru exporturile rom\u00e2ne\u0219ti.<\/p>\n<p>Aceast\u0103 evolu\u021bie plaseaz\u0103 Rom\u00e2nia pe primul loc \u00een topul furnizorilor de rapi\u021b\u0103 pentru Germania, dep\u0103\u0219ind Ucraina, care a dominat ani la r\u00e2nd aceast\u0103 pia\u021b\u0103. \u00cen prezent, Ucraina a livrat aproximativ 752.500 de tone \u00een aceea\u0219i perioad\u0103, \u00een sc\u0103dere cu 39% fa\u021b\u0103 de anul anterior. Printre factorii determinan\u021bi ai acestui declin se num\u0103r\u0103 introducerea taxelor la export pentru rapi\u021b\u0103, soia \u0219i floarea-soarelui de c\u0103tre autorit\u0103\u021bile de la Kiev, m\u0103sur\u0103 care a redus competitivitatea produselor ucrainene \u0219i a redirec\u021bionat cererea c\u0103tre al\u021bi furnizori, inclusiv Rom\u00e2nia.<\/p>\n<p>Performan\u021ba Rom\u00e2niei este sus\u021binut\u0103 de o produc\u021bie record de rapi\u021b\u0103 \u00een 2025. Fermierii rom\u00e2ni au ob\u021binut recolte semnificativ peste media ultimilor ani, pe fondul extinderii suprafe\u021belor cultivate \u0219i al investi\u021biilor \u00een tehnologie agricol\u0103. Acest avans confirm\u0103 trendul ascendent al sectorului oleaginoaselor \u0219i consolideaz\u0103 rolul Rom\u00e2niei ca furnizor strategic pentru pia\u021ba european\u0103.<\/p>\n<p>Cre\u0219terea produc\u021biei interne are loc \u00eentr-un context favorabil, \u00een care Comisia European\u0103 estimeaz\u0103 o reducere a importurilor de rapi\u021b\u0103 la nivelul Uniunii, ca urmare a major\u0103rii produc\u021biei locale. \u00cen acela\u0219i timp, industria european\u0103 de procesare a uleiurilor vegetale continu\u0103 s\u0103 men\u021bin\u0103 o cerere ridicat\u0103 pentru materii prime, ceea ce sus\u021bine exporturile rom\u00e2ne\u0219ti.<\/p>\n<p>Un alt factor care contribuie la aceast\u0103 ascensiune este instabilitatea produc\u021biei agricole \u00een alte state europene, afectate de schimb\u0103rile climatice. Rom\u00e2nia a reu\u0219it s\u0103 atenueze aceste riscuri prin modernizarea agriculturii \u0219i o mai bun\u0103 adaptare la condi\u021biile meteo, ceea ce a dus la o mai mare predictibilitate a recoltelor.<\/p>\n<p>Pe pia\u021ba M\u0103rii Negre, Rom\u00e2nia \u00ee\u0219i \u00eent\u0103re\u0219te statutul de actor stabil \u0219i de \u00eencredere \u00een comer\u021bul cu oleaginoase. Perspectivele pentru sezonul 2025\u20132026 r\u0103m\u00e2n optimiste, iar recolta record ofer\u0103 nu doar volume mari pentru export, ci \u0219i o pozi\u021bie mai puternic\u0103 \u00een negocierile comerciale.<\/p>\n<p>Analizele de specialitate indic\u0103 o pia\u021b\u0103 agricol\u0103 \u00een transformare rapid\u0103, \u00een care produc\u021biile locale ridicate \u0219i cererea extern\u0103 sunt principalele motoare de cre\u0219tere. Rapi\u021ba confirm\u0103 poten\u021bialul agriculturii rom\u00e2ne\u0219ti, \u00een timp ce alte culturi, precum floarea-soarelui, traverseaz\u0103 o perioad\u0103 mai dificil\u0103, par\u021bial compensat\u0103 de cererea de pe pie\u021bele externe.<\/p>\n<p>Prin rezultatele din 2025, Rom\u00e2nia \u00ee\u0219i consolideaz\u0103 rolul \u00een comer\u021bul regional \u0219i european cu oleaginoase, devenind un reper de stabilitate \u0219i competitivitate \u00eentr-un sector marcat de schimb\u0103ri \u0219i provoc\u0103ri.<\/p>\n<\/div>\n<p>[analyse_source url=&#8221;https:\/\/orasul-timisoara.ro\/local-38242\/&#8221;]<\/p>\n","protected":false},"excerpt":{"rendered":"<p>[analyse_image type=&#8221;featured&#8221; src=&#8221;https:\/\/orasul-timisoara.ro\/wp-content\/uploads\/2026\/04\/rapita-camp.jpg&#8221;] \u0218tiri na\u021bionale \u0219i interna\u021bionaleRom\u00e2nia devine lider \u00een exportul de rapi\u021b\u0103 c\u0103tre Germania, dep\u0103\u0219ind Ucraina \u0218tiri na\u021bionale \u0219i interna\u021bionale Rom\u00e2nia devine lider \u00een exportul de rapi\u021b\u0103 c\u0103tre Germania, dep\u0103\u0219ind Ucraina De c\u0103tre redactia &#8211; 20\/04\/2026 Facebook Twitter WhatsApp Linkedin ReddIt Email Imprimare Rom\u00e2nia \u00ee\u0219i consolideaz\u0103 pozi\u021bia de lider european pe pia\u021ba rapi\u021bei, dup\u0103 [&hellip;]<\/p>\n","protected":false},"author":1,"featured_media":0,"comment_status":"open","ping_status":"","sticky":false,"template":"","format":"standard","meta":{"footnotes":""},"categories":[89],"tags":[226,189],"class_list":["post-1894822","post","type-post","status-publish","format-standard","hentry","category-romania","tag-crawlmanager","tag-orasul-timisoara-ro"],"_links":{"self":[{"href":"https:\/\/analyse.optim.biz\/index.php?rest_route=\/wp\/v2\/posts\/1894822","targetHints":{"allow":["GET"]}}],"collection":[{"href":"https:\/\/analyse.optim.biz\/index.php?rest_route=\/wp\/v2\/posts"}],"about":[{"href":"https:\/\/analyse.optim.biz\/index.php?rest_route=\/wp\/v2\/types\/post"}],"author":[{"embeddable":true,"href":"https:\/\/analyse.optim.biz\/index.php?rest_route=\/wp\/v2\/users\/1"}],"replies":[{"embeddable":true,"href":"https:\/\/analyse.optim.biz\/index.php?rest_route=%2Fwp%2Fv2%2Fcomments&post=1894822"}],"version-history":[{"count":0,"href":"https:\/\/analyse.optim.biz\/index.php?rest_route=\/wp\/v2\/posts\/1894822\/revisions"}],"wp:attachment":[{"href":"https:\/\/analyse.optim.biz\/index.php?rest_route=%2Fwp%2Fv2%2Fmedia&parent=1894822"}],"wp:term":[{"taxonomy":"category","embeddable":true,"href":"https:\/\/analyse.optim.biz\/index.php?rest_route=%2Fwp%2Fv2%2Fcategories&post=1894822"},{"taxonomy":"post_tag","embeddable":true,"href":"https:\/\/analyse.optim.biz\/index.php?rest_route=%2Fwp%2Fv2%2Ftags&post=1894822"}],"curies":[{"name":"wp","href":"https:\/\/api.w.org\/{rel}","templated":true}]}}