{"id":1894820,"date":"2026-04-20T17:23:58","date_gmt":"2026-04-20T14:23:58","guid":{"rendered":"https:\/\/analyse.optim.biz\/?p=1894820"},"modified":"2026-04-20T17:23:58","modified_gmt":"2026-04-20T14:23:58","slug":"gheorghe-hagi-revine-la-nationala-noul-selectioner-al-romaniei-are-contract-pana-in-2030","status":"publish","type":"post","link":"https:\/\/analyse.optim.biz\/?p=1894820","title":{"rendered":"Gheorghe Hagi revine la na\u021bional\u0103: noul selec\u021bioner al Rom\u00e2niei are contract p\u00e2n\u0103 \u00een 2030"},"content":{"rendered":"<p>[analyse_image type=&#8221;featured&#8221; src=&#8221;https:\/\/orasul-timisoara.ro\/wp-content\/uploads\/2026\/04\/gheorghe-hagi02.jpg&#8221;]<\/p>\n<article id=\"post-38295\" class=\"td-post-template-7 post-38295 post type-post status-publish format-standard has-post-thumbnail category-featured category-sport-local category-stiri-nationale-si-internationale tag-antrenor tag-echipa-nationala tag-euro-2028 tag-fotbal-romania tag-frf tag-gheorghe-hagi tag-liga-natiunilor tag-razvan-burleanu-2 tag-selectie-romania td-container-wrap\">\n<div class=\"td-full-screen-header-image-wrap\">\n<div class=\"td-container td-post-header\">\n<div class=\"td-crumb-container\">\n<div class=\"entry-crumbs\"><span><a title=\"Vede\u021bi toate articolele \u00een Sport Local\" class=\"entry-crumb\" href=\"https:\/\/orasul-timisoara.ro\/local-category\/sport-local\/\">Sport Local<\/a><\/span><span class=\"td-bred-no-url-last\">Gheorghe Hagi revine la na\u021bional\u0103: noul selec\u021bioner al Rom\u00e2niei are contract p\u00e2n\u0103&#8230;<\/span><\/div>\n<\/div>\n<div class=\"td-post-header-holder\">\n<div class=\"td-parallax-header\">\n<header class=\"td-post-title\">\n<ul class=\"td-category\">\n<li class=\"entry-category\"><a href=\"https:\/\/orasul-timisoara.ro\/local-category\/sport-local\/\">Sport Local<\/a><\/li>\n<li class=\"entry-category\"><a href=\"https:\/\/orasul-timisoara.ro\/local-category\/stiri-nationale-si-internationale\/\">\u0218tiri na\u021bionale \u0219i interna\u021bionale<\/a><\/li>\n<\/ul>\n<h1 class=\"entry-title\">Gheorghe Hagi revine la na\u021bional\u0103: noul selec\u021bioner al Rom\u00e2niei are contract p\u00e2n\u0103 \u00een 2030<\/h1>\n<div class=\"td-module-meta-info\">\n<div class=\"td-post-author-name\">\n<div class=\"td-author-by\">De c\u0103tre<\/div>\n<p><a href=\"https:\/\/orasul-timisoara.ro\/author\/timisoara\/\">redactia<\/a><\/p>\n<div class=\"td-author-line\"> &#8211; <\/div>\n<\/div>\n<p><span class=\"td-post-date\"><time class=\"entry-date updated td-module-date\" datetime=\"2026-04-20T20:23:58+03:00\">20\/04\/2026<\/time><\/span><\/div>\n<\/header>\n<\/div>\n<\/div>\n<\/div>\n<div id=\"td-full-screen-header-image\" class=\"td-image-gradient-style7\"><img decoding=\"async\" class=\"td-backstretch\" src=\"https:\/\/orasul-timisoara.ro\/wp-content\/uploads\/2026\/04\/gheorghe-hagi02.jpg\"><\/div>\n<\/div>\n<div class=\"td-container\">\n<div class=\"td-pb-row\">\n<div class=\"td-pb-span8 td-main-content\" role=\"main\">\n<div class=\"td-ss-main-content\">\n<div class=\"td-post-sharing-top\">\n<div class=\"td-post-sharing-classic\"><iframe title=\"topFacebookLike\" frameborder src=\"https:\/\/www.facebook.com\/plugins\/like.php?href=https:\/\/orasul-timisoara.ro\/local-38295\/&amp;layout=button_count&amp;show_faces=false&amp;width=105&amp;action=like&amp;colorscheme=light&amp;height=21\"><\/iframe><\/div>\n<div id=\"td_social_sharing_article_top\" class=\"td-post-sharing td-ps-bg td-ps-notext td-post-sharing-style1 \">\n<div class=\"td-post-sharing-visible\"><a class=\"td-social-sharing-button td-social-sharing-button-js td-social-network td-social-facebook\" href=\"https:\/\/www.facebook.com\/sharer.php?u=https%3A%2F%2Forasul-timisoara.ro%2Flocal-38295%2F\" title=\"Facebook\"><\/p>\n<div class=\"td-social-but-text\">Facebook<\/div>\n<p><\/a><a class=\"td-social-sharing-button td-social-sharing-button-js td-social-network td-social-twitter\" href=\"https:\/\/twitter.com\/intent\/tweet?text=Gheorghe+Hagi+revine+la+na%C8%9Bional%C4%83%3A+noul+selec%C8%9Bioner+al+Rom%C3%A2niei+are+contract+p%C3%A2n%C4%83+%C3%AEn+2030&amp;url=https%3A%2F%2Forasul-timisoara.ro%2Flocal-38295%2F&amp;via=orasultm\" title=\"Twitter\"><\/p>\n<div class=\"td-social-but-text\">Twitter<\/div>\n<p><\/a><a class=\"td-social-sharing-button td-social-sharing-button-js td-social-network td-social-whatsapp\" href=\"https:\/\/api.whatsapp.com\/send?text=Gheorghe+Hagi+revine+la+na%C8%9Bional%C4%83%3A+noul+selec%C8%9Bioner+al+Rom%C3%A2niei+are+contract+p%C3%A2n%C4%83+%C3%AEn+2030%20%0A%0A%20https:\/\/orasul-timisoara.ro\/local-38295\/\" title=\"WhatsApp\"><\/p>\n<div class=\"td-social-but-text\">WhatsApp<\/div>\n<p><\/a><a class=\"td-social-sharing-button td-social-sharing-button-js td-social-network td-social-linkedin\" href=\"https:\/\/www.linkedin.com\/shareArticle?mini=true&amp;url=https:\/\/orasul-timisoara.ro\/local-38295\/&amp;title=Gheorghe+Hagi+revine+la+na%C8%9Bional%C4%83%3A+noul+selec%C8%9Bioner+al+Rom%C3%A2niei+are+contract+p%C3%A2n%C4%83+%C3%AEn+2030\" title=\"Linkedin\"><\/p>\n<div class=\"td-social-but-text\">Linkedin<\/div>\n<p><\/a><a class=\"td-social-sharing-button td-social-sharing-button-js td-social-network td-social-reddit\" href=\"https:\/\/reddit.com\/submit?url=https:\/\/orasul-timisoara.ro\/local-38295\/&amp;title=Gheorghe+Hagi+revine+la+na%C8%9Bional%C4%83%3A+noul+selec%C8%9Bioner+al+Rom%C3%A2niei+are+contract+p%C3%A2n%C4%83+%C3%AEn+2030\" title=\"ReddIt\"><\/p>\n<div class=\"td-social-but-text\">ReddIt<\/div>\n<p><\/a><a class=\"td-social-sharing-button td-social-sharing-button-js td-social-network td-social-mail\" href=\"mailto:?subject=Gheorghe%20Hagi%20revine%20la%20na%C8%9Bional%C4%83:%20noul%20selec%C8%9Bioner%20al%20Rom%C3%A2niei%20are%20contract%20p%C3%A2n%C4%83%20%C3%AEn%202030&amp;body=https:\/\/orasul-timisoara.ro\/local-38295\/\" title=\"Email\"><\/p>\n<div class=\"td-social-but-text\">Email<\/div>\n<p><\/a><a class=\"td-social-sharing-button td-social-sharing-button-js td-social-network td-social-print\" href=\"https:\/\/orasul-timisoara.ro\/local-38295\/\" title=\"Imprimare\"><\/p>\n<div class=\"td-social-but-text\">Imprimare<\/div>\n<p><\/a><\/div>\n<\/div>\n<\/div>\n<div class=\"td-post-content tagdiv-type\">\n<p>Numirea lui Gheorghe Hagi \u00een func\u021bia de selec\u021bioner al echipei na\u021bionale marcheaz\u0103 un nou capitol pentru fotbalul rom\u00e2nesc. Fostul decar al \u201etricolorilor\u201d, \u00een v\u00e2rst\u0103 de 61 de ani, revine pe banca tehnic\u0103 a primei reprezentative dup\u0103 mai bine de dou\u0103 decenii, \u00eentr-un moment considerat crucial pentru reconstruc\u021bia echipei.<\/p>\n<p>Anun\u021bul oficial a fost f\u0103cut de Federa\u021bia Rom\u00e2n\u0103 de Fotbal, iar prezentarea a avut loc la scurt timp dup\u0103 dispari\u021bia fostului selec\u021bioner Mircea Lucescu, context care adaug\u0103 o \u00eenc\u0103rc\u0103tur\u0103 emo\u021bional\u0103 suplimentar\u0103 acestui moment.<\/p>\n<p>Hagi a transmis, \u00een conferin\u021ba de prezentare, c\u0103 obiectivul s\u0103u este construirea unei echipe competitive \u0219i implementarea unei mentalit\u0103\u021bi de \u00eenving\u0103tor. Fostul mare interna\u021bional a subliniat c\u0103 experien\u021ba acumulat\u0103 \u00een cariera de antrenor \u00eel recomand\u0103 pentru acest nou mandat, diferit de cel din 2001, c\u00e2nd Rom\u00e2nia a ratat calificarea la Cupa Mondial\u0103.<\/p>\n<p>Contractul semnat cu FRF este valabil pentru patru ani, p\u00e2n\u0103 \u00een 2030, iar principalul obiectiv este calificarea la Campionatul European de Fotbal 2028. \u00cen paralel, conducerea federa\u021biei, prin pre\u0219edintele R\u0103zvan Burleanu, a stabilit \u0219i alte \u021binte: c\u00e2\u0219tigarea meciurilor din Liga Na\u021biunilor \u0219i consolidarea unei echipe capabile s\u0103 lupte constant la nivel interna\u021bional.<\/p>\n<p>Debutul lui Hagi pe banca na\u021bionalei va avea loc pe 2 iunie, \u00eentr-un meci amical \u00eempotriva Georgia, la Tbilisi. Ulterior, Rom\u00e2nia va disputa un al doilea joc de preg\u0103tire contra \u021aara Galilor, pe teren propriu.<\/p>\n<p>\u00cen toamn\u0103, \u201etricolorii\u201d vor intra \u00een competi\u021bia Liga Na\u021biunilor UEFA, unde au fost repartiza\u021bi \u00eentr-o grup\u0103 dificil\u0103, al\u0103turi de Suedia, Bosnia \u0219i Her\u021begovina \u0219i Polonia.<\/p>\n<p>Programul meciurilor din Liga Na\u021biunilor:<\/p>\n<ul class=\"wp-block-list\">\n<li>25 septembrie 2026: Suedia \u2013 Rom\u00e2nia<\/li>\n<li>28 septembrie 2026: Rom\u00e2nia \u2013 Bosnia \u0219i Her\u021begovina<\/li>\n<li>2 octombrie 2026: Polonia \u2013 Rom\u00e2nia<\/li>\n<li>5 octombrie 2026: Rom\u00e2nia \u2013 Suedia<\/li>\n<li>14 noiembrie 2026: Rom\u00e2nia \u2013 Polonia<\/li>\n<li>17 noiembrie 2026: Bosnia \u0219i Her\u021begovina \u2013 Rom\u00e2nia<\/li>\n<\/ul>\n<p>De-a lungul carierei de antrenor, Hagi a condus mai multe echipe importante, inclusiv Galatasaray, Steaua Bucure\u0219ti \u0219i proiectele sale de suflet, Viitorul Constan\u021ba \u0219i Farul Constan\u021ba.<\/p>\n<p>Revenirea lui Gheorghe Hagi la echipa na\u021bional\u0103 este privit\u0103 ca o oportunitate de relansare a fotbalului rom\u00e2nesc, miz\u00e2nd pe experien\u021ba, autoritatea \u0219i viziunea unuia dintre cei mai importan\u021bi juc\u0103tori din istoria sportului rom\u00e2nesc.<\/p>\n<\/div>\n<footer>\n<div class=\"td-post-source-tags\">\n<ul class=\"td-tags td-post-small-box clearfix\">\n<li><span>ETICHETE<\/span><\/li>\n<li><a href=\"https:\/\/orasul-timisoara.ro\/local-tag\/antrenor\/\">antrenor<\/a><\/li>\n<li><a href=\"https:\/\/orasul-timisoara.ro\/local-tag\/echipa-nationala\/\">echipa nationala<\/a><\/li>\n<li><a href=\"https:\/\/orasul-timisoara.ro\/local-tag\/euro-2028\/\">Euro 2028<\/a><\/li>\n<li><a href=\"https:\/\/orasul-timisoara.ro\/local-tag\/fotbal-romania\/\">fotbal Romania<\/a><\/li>\n<li><a href=\"https:\/\/orasul-timisoara.ro\/local-tag\/frf\/\">frf<\/a><\/li>\n<li><a href=\"https:\/\/orasul-timisoara.ro\/local-tag\/gheorghe-hagi\/\">Gheorghe Hagi<\/a><\/li>\n<li><a href=\"https:\/\/orasul-timisoara.ro\/local-tag\/liga-natiunilor\/\">liga natiunilor<\/a><\/li>\n<li><a href=\"https:\/\/orasul-timisoara.ro\/local-tag\/razvan-burleanu-2\/\">Razvan Burleanu<\/a><\/li>\n<li><a href=\"https:\/\/orasul-timisoara.ro\/local-tag\/selectie-romania\/\">selectie Romania<\/a><\/li>\n<\/ul>\n<\/div>\n<div class=\"td-post-sharing-bottom\">\n<div class=\"td-post-sharing-classic\"><iframe title=\"bottomFacebookLike\" frameborder src=\"https:\/\/www.facebook.com\/plugins\/like.php?href=https:\/\/orasul-timisoara.ro\/local-38295\/&amp;layout=button_count&amp;show_faces=false&amp;width=105&amp;action=like&amp;colorscheme=light&amp;height=21\"><\/iframe><\/div>\n<div id=\"td_social_sharing_article_bottom\" class=\"td-post-sharing td-ps-bg td-ps-notext td-post-sharing-style1 \">\n<div class=\"td-post-sharing-visible\"><a class=\"td-social-sharing-button td-social-sharing-button-js td-social-network td-social-facebook\" href=\"https:\/\/www.facebook.com\/sharer.php?u=https%3A%2F%2Forasul-timisoara.ro%2Flocal-38295%2F\" title=\"Facebook\"><\/p>\n<div class=\"td-social-but-text\">Facebook<\/div>\n<p><\/a><a class=\"td-social-sharing-button td-social-sharing-button-js td-social-network td-social-twitter\" href=\"https:\/\/twitter.com\/intent\/tweet?text=Gheorghe+Hagi+revine+la+na%C8%9Bional%C4%83%3A+noul+selec%C8%9Bioner+al+Rom%C3%A2niei+are+contract+p%C3%A2n%C4%83+%C3%AEn+2030&amp;url=https%3A%2F%2Forasul-timisoara.ro%2Flocal-38295%2F&amp;via=orasultm\" title=\"Twitter\"><\/p>\n<div class=\"td-social-but-text\">Twitter<\/div>\n<p><\/a><a class=\"td-social-sharing-button td-social-sharing-button-js td-social-network td-social-whatsapp\" href=\"https:\/\/api.whatsapp.com\/send?text=Gheorghe+Hagi+revine+la+na%C8%9Bional%C4%83%3A+noul+selec%C8%9Bioner+al+Rom%C3%A2niei+are+contract+p%C3%A2n%C4%83+%C3%AEn+2030%20%0A%0A%20https:\/\/orasul-timisoara.ro\/local-38295\/\" title=\"WhatsApp\"><\/p>\n<div class=\"td-social-but-text\">WhatsApp<\/div>\n<p><\/a><a class=\"td-social-sharing-button td-social-sharing-button-js td-social-network td-social-linkedin\" href=\"https:\/\/www.linkedin.com\/shareArticle?mini=true&amp;url=https:\/\/orasul-timisoara.ro\/local-38295\/&amp;title=Gheorghe+Hagi+revine+la+na%C8%9Bional%C4%83%3A+noul+selec%C8%9Bioner+al+Rom%C3%A2niei+are+contract+p%C3%A2n%C4%83+%C3%AEn+2030\" title=\"Linkedin\"><\/p>\n<div class=\"td-social-but-text\">Linkedin<\/div>\n<p><\/a><a class=\"td-social-sharing-button td-social-sharing-button-js td-social-network td-social-reddit\" href=\"https:\/\/reddit.com\/submit?url=https:\/\/orasul-timisoara.ro\/local-38295\/&amp;title=Gheorghe+Hagi+revine+la+na%C8%9Bional%C4%83%3A+noul+selec%C8%9Bioner+al+Rom%C3%A2niei+are+contract+p%C3%A2n%C4%83+%C3%AEn+2030\" title=\"ReddIt\"><\/p>\n<div class=\"td-social-but-text\">ReddIt<\/div>\n<p><\/a><a class=\"td-social-sharing-button td-social-sharing-button-js td-social-network td-social-mail\" href=\"mailto:?subject=Gheorghe%20Hagi%20revine%20la%20na%C8%9Bional%C4%83:%20noul%20selec%C8%9Bioner%20al%20Rom%C3%A2niei%20are%20contract%20p%C3%A2n%C4%83%20%C3%AEn%202030&amp;body=https:\/\/orasul-timisoara.ro\/local-38295\/\" title=\"Email\"><\/p>\n<div class=\"td-social-but-text\">Email<\/div>\n<p><\/a><a class=\"td-social-sharing-button td-social-sharing-button-js td-social-network td-social-print\" href=\"https:\/\/orasul-timisoara.ro\/local-38295\/\" title=\"Imprimare\"><\/p>\n<div class=\"td-social-but-text\">Imprimare<\/div>\n<p><\/a><\/div>\n<\/div>\n<\/div>\n<div class=\"td-block-row td-post-next-prev\">\n<div class=\"td-block-span6 td-post-prev-post\">\n<div class=\"td-post-next-prev-content\"><span>Articolul precedent<\/span><a href=\"https:\/\/orasul-timisoara.ro\/local-38291\/\">PSD arunc\u0103 Rom\u00e2nia \u00een criz\u0103 politic\u0103 : social-democra\u021bii retrag sprijinul pentru Ilie Bolojan printr-un vot cov\u00e2r\u0219itor \u00een partid<\/a><\/div>\n<\/div>\n<div class=\"td-block-span6 td-post-next-post\">\n<div class=\"td-post-next-prev-content\"><span>Articolul urm\u0103tor<\/span><a href=\"https:\/\/orasul-timisoara.ro\/local-38298\/\">Ilie Bolojan reac\u021bioneaz\u0103 dup\u0103 votul PSD: \u201eDecizie gre\u0219it\u0103 \u0219i iresponsabil\u0103\u201d<\/a><\/div>\n<\/div>\n<\/div>\n<div class=\"td-author-name vcard author\"><span class=\"fn\"><a href=\"https:\/\/orasul-timisoara.ro\/author\/timisoara\/\">redactia<\/a><\/span><\/div>\n<p><span class=\"td-page-meta\"><\/span><span class=\"td-page-meta\"><span class=\"td-page-meta\"><\/span><\/span><span class=\"td-page-meta\"><\/span><\/footer>\n<div class=\"td_block_wrap td_block_related_posts tdi_3 td_with_ajax_pagination td-pb-border-top td_block_template_8\" data-td-block-uid=\"tdi_3\">\n<h4 class=\"td-related-title td-block-title\"><a id=\"tdi_4\" class=\"td-related-left td-cur-simple-item\" data-td_filter_value data-td_block_id=\"tdi_3\" href=\"https:\/\/orasul-timisoara.ro\/local-38295\/\">ARTICOLE SIMILARE<\/a><a id=\"tdi_5\" class=\"td-related-right\" data-td_filter_value=\"td_related_more_from_author\" data-td_block_id=\"tdi_3\" href=\"https:\/\/orasul-timisoara.ro\/local-38295\/\">DE LA ACELA\u0218I AUTOR<\/a><\/h4>\n<div id=\"tdi_3\" class=\"td_block_inner\">\n<div class=\"td-related-row\">\n<div class=\"td-related-span4\">\n<div class=\"td_module_related_posts td-animation-stack td_mod_related_posts\">\n<div class=\"td-module-image\">\n<div class=\"td-module-thumb\"><a href=\"https:\/\/orasul-timisoara.ro\/local-38026\/\" rel=\"bookmark\" class=\"td-image-wrap \" title=\"A murit Mircea Lucescu: legenda fotbalului rom\u00e2nesc se stinge la 80 de ani\"><img loading=\"lazy\" decoding=\"async\" class=\"entry-thumb\" src=\"https:\/\/orasul-timisoara.ro\/wp-content\/uploads\/2026\/04\/mircea-lucescu-436x300.jpg\" alt title=\"A murit Mircea Lucescu: legenda fotbalului rom\u00e2nesc se stinge la 80 de ani\" width=\"218\" height=\"150\"><\/a><\/div>\n<\/div>\n<div class=\"item-details\">\n<h3 class=\"entry-title td-module-title\"><a href=\"https:\/\/orasul-timisoara.ro\/local-38026\/\" rel=\"bookmark\" title=\"A murit Mircea Lucescu: legenda fotbalului rom\u00e2nesc se stinge la 80 de ani\">A murit Mircea Lucescu: legenda fotbalului rom\u00e2nesc se stinge la 80 de ani<\/a><\/h3>\n<\/div>\n<\/div>\n<\/div>\n<div class=\"td-related-span4\">\n<div class=\"td_module_related_posts td-animation-stack td_mod_related_posts\">\n<div class=\"td-module-image\">\n<div class=\"td-module-thumb\"><a href=\"https:\/\/orasul-timisoara.ro\/local-36876\/\" rel=\"bookmark\" class=\"td-image-wrap \" title=\"Rom\u00e2nia, \u00een grupa B4 din Liga Na\u021biunilor: dueluri cu Polonia, Suedia \u0219i Bosnia pentru promovare\"><img loading=\"lazy\" decoding=\"async\" class=\"entry-thumb\" src=\"https:\/\/orasul-timisoara.ro\/wp-content\/uploads\/2025\/08\/echipa-fotbal-uvt-436x300.jpg\" alt title=\"Rom\u00e2nia, \u00een grupa B4 din Liga Na\u021biunilor: dueluri cu Polonia, Suedia \u0219i Bosnia pentru promovare\" width=\"218\" height=\"150\"><\/a><\/div>\n<\/div>\n<div class=\"item-details\">\n<h3 class=\"entry-title td-module-title\"><a href=\"https:\/\/orasul-timisoara.ro\/local-36876\/\" rel=\"bookmark\" title=\"Rom\u00e2nia, \u00een grupa B4 din Liga Na\u021biunilor: dueluri cu Polonia, Suedia \u0219i Bosnia pentru promovare\">Rom\u00e2nia, \u00een grupa B4 din Liga Na\u021biunilor: dueluri cu Polonia, Suedia \u0219i Bosnia pentru promovare<\/a><\/h3>\n<\/div>\n<\/div>\n<\/div>\n<div class=\"td-related-span4\">\n<div class=\"td_module_related_posts td-animation-stack td_mod_related_posts\">\n<div class=\"td-module-image\">\n<div class=\"td-module-thumb\"><a href=\"https:\/\/orasul-timisoara.ro\/local-28841\/\" rel=\"bookmark\" class=\"td-image-wrap \" title=\"Mircea Lucescu este noul antrenor al na\u021bionalei de fotbal a Rom\u00e2niei. Obiectivul FRF: calificarea la mondialele din 2026\"><img loading=\"lazy\" decoding=\"async\" class=\"entry-thumb\" src=\"https:\/\/orasul-timisoara.ro\/wp-content\/uploads\/2024\/08\/Screenshot-2024-08-06-191615-436x300.jpg\" alt title=\"Mircea Lucescu este noul antrenor al na\u021bionalei de fotbal a Rom\u00e2niei. Obiectivul FRF: calificarea la mondialele din 2026\" width=\"218\" height=\"150\"><\/a><\/div>\n<\/div>\n<div class=\"item-details\">\n<h3 class=\"entry-title td-module-title\"><a href=\"https:\/\/orasul-timisoara.ro\/local-28841\/\" rel=\"bookmark\" title=\"Mircea Lucescu este noul antrenor al na\u021bionalei de fotbal a Rom\u00e2niei. Obiectivul FRF: calificarea la mondialele din 2026\">Mircea Lucescu este noul antrenor al na\u021bionalei de fotbal a Rom\u00e2niei. Obiectivul FRF: calificarea la mondialele din 2026<\/a><\/h3>\n<\/div>\n<\/div>\n<\/div>\n<\/div>\n<\/div>\n<\/div>\n<div class=\"comments\" id=\"comments\">\n<div id=\"respond\" class=\"comment-respond\">\n<h3 id=\"reply-title\" class=\"comment-reply-title\">L\u0102SA\u021aI UN MESAJ<\/h3>\n<div class=\"comment-form-input-wrap td-form-comment\">\n<div class=\"td-warning-comment\">V\u0103 rug\u0103m s\u0103 introduce\u021bi comentariul dvs.!<\/div>\n<\/div>\n<div class=\"comment-form-input-wrap td-form-author\">\n<div class=\"td-warning-author\">Introduce\u021bi aici numele dvs.<\/div>\n<\/div>\n<div class=\"comment-form-input-wrap td-form-email\">\n<div class=\"td-warning-email-error\">A\u021bi introdus o adres\u0103 de e-mail incorect\u0103!<\/div>\n<div class=\"td-warning-email\">V\u0103 rug\u0103m s\u0103 introduce\u021bi adresa dvs. de e-mail aici<\/div>\n<\/div>\n<\/div>\n<p class=\"akismet_comment_form_privacy_notice\">Acest site folose\u0219te Akismet pentru a reduce spamul. <a href=\"https:\/\/akismet.com\/privacy\/\" target=\"_blank\" rel=\"nofollow noopener\">Afl\u0103 cum sunt procesate datele comentariilor tale<\/a>.<\/p>\n<\/div>\n<\/div>\n<\/div>\n<div class=\"td-pb-span4 td-main-sidebar\" role=\"complementary\">\n<div class=\"td-ss-main-sidebar\">\n<aside id=\"block-4\" class=\"td_block_template_8 widget block-4 widget_block widget_media_image\">\n<figure class=\"wp-block-image size-full\"><img loading=\"lazy\" decoding=\"async\" width=\"336\" height=\"280\" src=\"https:\/\/orasul-timisoara.ro\/wp-content\/uploads\/2024\/11\/ReTIM-Abonamentul-Verde-Google-Ads-336x280px.gif\" alt class=\"wp-image-29257\"><\/figure>\n<\/aside>\n<div class=\"td_block_wrap td_block_social_counter td_block_widget tdi_6 td-social-style5 td-social-boxed td-pb-border-top td_block_template_8\">\n<div class=\"td-block-title-wrap\">\n<h4 class=\"td-block-title\"><span>Urm\u0103re\u0219te-ne pe Social Media<\/span><\/h4>\n<\/div>\n<div class=\"td-social-list\">\n<div class=\"td_social_type td-pb-margin-side td_social_facebook\">\n<div class=\"td-social-box\"><span class=\"td_social_info td_social_info_counter\">344,595<\/span><span class=\"td_social_info td_social_info_name\">Fani<\/span><span class=\"td_social_button\"><a href=\"https:\/\/www.facebook.com\/247timisoara\" target=\"_blank\" rel=\"nofollow\">\u00cemi place<\/a><\/span><\/div>\n<\/div>\n<div class=\"td_social_type td-pb-margin-side td_social_instagram\">\n<div class=\"td-social-box\"><span class=\"td_social_info td_social_info_counter\">4,416<\/span><span class=\"td_social_info td_social_info_name\">Cititori<\/span><span class=\"td_social_button\"><a href=\"https:\/\/instagram.com\/orasultimisoararo\/\" target=\"_blank\" rel=\"nofollow\">Conecta\u021bi-v\u0103<\/a><\/span><\/div>\n<\/div>\n<div class=\"td_social_type td-pb-margin-side td_social_rss\">\n<div class=\"td-social-box\"><span class=\"td_social_info td_social_info_counter\">12,506<\/span><span class=\"td_social_info td_social_info_name\">Cititori<\/span><span class=\"td_social_button\"><a href=\"https:\/\/orasul-timisoara.ro\/feed\/\" target=\"_blank\" rel=\"nofollow\">Conecta\u021bi-v\u0103<\/a><\/span><\/div>\n<\/div>\n<div class=\"td_social_type td-pb-margin-side td_social_tiktok\">\n<div class=\"td-social-box\"><span class=\"td_social_info td_social_info_counter\">1,500<\/span><span class=\"td_social_info td_social_info_name\">Cititori<\/span><span class=\"td_social_button\"><a href=\"https:\/\/www.tiktok.com\/@orasultimisoara\" target=\"_blank\" rel=\"nofollow\">Conecta\u021bi-v\u0103<\/a><\/span><\/div>\n<\/div>\n<div class=\"td_social_type td-pb-margin-side td_social_twitter\">\n<div class=\"td-social-box\"><span class=\"td_social_info td_social_info_counter\">1,595<\/span><span class=\"td_social_info td_social_info_name\">Cititori<\/span><span class=\"td_social_button\"><a href=\"https:\/\/twitter.com\/orasultm\" target=\"_blank\" rel=\"nofollow\">Conecta\u021bi-v\u0103<\/a><\/span><\/div>\n<\/div>\n<div class=\"td_social_type td-pb-margin-side td_social_youtube\">\n<div class=\"td-social-box\"><span class=\"td_social_info td_social_info_counter\">3,506<\/span><span class=\"td_social_info td_social_info_name\">Abona\u021bi<\/span><span class=\"td_social_button\"><a href=\"https:\/\/www.youtube.com\/channel\/UCQNsQvs2XCSIm1Z-AHRturw?sub_confirmation=1\" target=\"_blank\" rel=\"nofollow\">Abona\u021bi-v\u0103<\/a><\/span><\/div>\n<\/div>\n<\/div>\n<\/div>\n<aside id=\"text-7\" class=\"td_block_template_8 widget text-7 widget_text\">\n<h4 class=\"td-block-title\"><span>C\u0103ut\u0103ri populare pe OTM<\/span><\/h4>\n<div class=\"textwidget\"><a href=\"https:\/\/orasul-timisoara.ro\/?s=timisoara\"><span>Timisoara<\/span><\/a><a href=\"https:\/\/orasul-timisoara.ro\/?s=calin+dobra\"><span>Calin Dobra<\/span><\/a><a href=\"https:\/\/orasul-timisoara.ro\/?s=primaria+timisoara\"><span>Primaria Timisoara<\/span><\/a><a href=\"https:\/\/orasul-timisoara.ro\/?s=dominic+fritz\"><span>Dominic Fritz<\/span><\/a><a href=\"https:\/\/orasul-timisoara.ro\/?s=nicolae+robu\"><span>Nicolae Robu<\/span><\/a><a href=\"https:\/\/orasul-timisoara.ro\/?s=consiliul+local+timisoara\">Consiliul Local Timisoara<\/a><a href=\"https:\/\/orasul-timisoara.ro\/?s=consiliul+judetean+timis\"><span>Consiliul Judetean Timis<\/span><\/a><a href=\"https:\/\/orasul-timisoara.ro\/?s=cjt\"><span>CJT<\/span><\/a><a href=\"https:\/\/orasul-timisoara.ro\/?s=Alfred+Simonis\"><span>Alfred Simonis<\/span><\/a><a href=\"https:\/\/orasul-timisoara.ro\/?s=PNL\"><span>PNL<\/span><\/a><a href=\"https:\/\/orasul-timisoara.ro\/?s=coronavirus\"><span>coronavirus<\/span><\/a><a href=\"https:\/\/orasul-timisoara.ro\/?s=teatru+timisoara\">teatru Timisoara<\/a><a href=\"https:\/\/orasul-timisoara.ro\/?s=restaurante\"><span>restaurante Timisoara<\/span><\/a><a href=\"https:\/\/orasul-timisoara.ro\/?s=diskoteka\"><span>Diskoteka<\/span><\/a><a href=\"https:\/\/orasul-timisoara.ro\/?s=iulius+town\"><span>Iulius Town<\/span><\/a><a href=\"https:\/\/orasul-timisoara.ro\/?s=iulius+mall\"><span>Iulius Mall<\/span><\/a><a href=\"https:\/\/orasul-timisoara.ro\/?s=stpt\"><span>STPT<\/span><\/a><a href=\"https:\/\/orasul-timisoara.ro\/?s=alin+nica\"><span>Alin Nica<\/span><\/a><a href=\"https:\/\/orasul-timisoara.ro\/?s=psd\"><span>PSD<\/span><\/a><a href=\"https:\/\/orasul-timisoara.ro\/?s=aeroport\"><span>Aeroportul International Timisoara<\/span><\/a><a href=\"https:\/\/orasul-timisoara.ro\/?s=babes\"><span>Spitalul Victor Babes Timisoara<\/span><\/a><a href=\"https:\/\/orasul-timisoara.ro\/?s=poli\"><span>Poli Timi\u0219oara<\/span><\/a><a href=\"https:\/\/orasul-timisoara.ro\/?s=carantina\"><span>carantina<\/span><\/a><a href=\"https:\/\/orasul-timisoara.ro\/?s=aquatim\"><span>Aquatim<\/span><\/a><a href=\"https:\/\/orasul-timisoara.ro\/local-category\/stiri-timisoara\/\"><span>Stiri Timisoara<\/span><\/a><a href=\"https:\/\/orasul-timisoara.ro\/local-category\/investitii-in-timisoara\/\"><span>Investi\u021bii in Timi\u0219oara<\/span><\/a><a href=\"https:\/\/orasul-timisoara.ro\/local-9463\/\"><span>shaorma<\/span><\/a><a href=\"https:\/\/orasul-timisoara.ro\/?s=trafic\"><span>trafic rutier<\/span><\/a><a href=\"https:\/\/orasul-timisoara.ro\/?s=politia\"><span>politia locala timisoara<\/span><\/a><a href=\"https:\/\/orasul-timisoara.ro\/?s=roxana\"><span>Roxana Iliescu<\/span><\/a><a href=\"https:\/\/orasul-timisoara.ro\/?s=colterm\"><span>Colterm<\/span><\/a><a href=\"https:\/\/orasul-timisoara.ro\/?s=latcau\"><span>Ruben La\u021bc\u0103u<\/span><\/a><a href=\"https:\/\/orasul-timisoara.ro\/?s=timis\"><span>\u0218tiri din Timi\u0219<\/span><\/a><a href=\"https:\/\/orasul-timisoara.ro\/?s=spital\"><span>Spitale din Timi\u0219oara<\/span><\/a><a href=\"https:\/\/orasul-timisoara.ro\/?s=tabara\"><span>Cosmin Tab\u0103r\u0103<\/span><\/a><\/div>\n<\/aside>\n<aside id=\"rss-2\" class=\"td_block_template_8 widget rss-2 widget_rss\">\n<h4 class=\"td-block-title\"><span><a class=\"rsswidget rss-widget-feed\" href=\"https:\/\/fashionfridays.ro\/feed\"><img decoding=\"async\" class=\"rss-widget-icon\" width=\"14\" height=\"14\" src=\"https:\/\/orasul-timisoara.ro\/wp-includes\/images\/rss.png\" alt=\"RSS\" loading=\"lazy\"><\/a><a class=\"rsswidget rss-widget-title\" href=\"https:\/\/fashionfridays.ro\/\">Fashion Fridays<\/a><\/span><\/h4>\n<ul>\n<li><a class=\"rsswidget\" href=\"https:\/\/fashionfridays.ro\/crocs-lanseaza-crocband-gum-clog-confort-iconic-cu-influente-retro-sport-pentru-primavara\/\">Crocs lanseaz\u0103 Crocband Gum Clog: confort iconic cu influen\u021be retro-sport pentru prim\u0103var\u0103<\/a>\n<div class=\"rssSummary\">Martie marcheaz\u0103 acel moment al anului \u00een care stilul \u00eencepe s\u0103 se relaxeze. Zilele devin mai lungi, ritmul ora\u0219ului se schimb\u0103, iar garderoba face tranzi\u021bia c\u0103tre piese care pun confortul pe primul loc, f\u0103r\u0103 s\u0103 renun\u021be la atitudine. Este sezonul \u00een care autenticitatea devine declara\u021bie de stil, iar alegerile vestimentare reflect\u0103 mai mult ca oric\u00e2nd [\u2026]<\/div>\n<\/li>\n<\/ul>\n<\/aside>\n<aside id=\"rss-4\" class=\"td_block_template_8 widget rss-4 widget_rss\">\n<h4 class=\"td-block-title\"><span><a class=\"rsswidget rss-widget-feed\" href=\"https:\/\/emasini.ro\/feed\"><img decoding=\"async\" class=\"rss-widget-icon\" width=\"14\" height=\"14\" src=\"https:\/\/orasul-timisoara.ro\/wp-includes\/images\/rss.png\" alt=\"RSS\" loading=\"lazy\"><\/a><a class=\"rsswidget rss-widget-title\" href=\"https:\/\/emasini.ro\/\">eMasini<\/a><\/span><\/h4>\n<ul>\n<li><a class=\"rsswidget\" href=\"https:\/\/emasini.ro\/traficul-rutier-sub-analiza-recensamant-national-pentru-modernizarea-infrastructurii\/\">Traficul rutier, sub analiz\u0103: recens\u0103m\u00e2nt na\u021bional pentru modernizarea infrastructurii<\/a>\n<div class=\"rssSummary\">Compania Na\u021bional\u0103 de Administrare a Infrastructurii Rutiere, prin Centrul de Studii Tehnice Rutiere \u0219i Informatic\u0103, preg\u0103te\u0219te una dintre cele mai importante ac\u021biuni de colectare de date din domeniul transporturilor: Recens\u0103m\u00e2ntul General de Circula\u021bie Rutier\u0103. Demersul are un rol strategic \u00een fundamentarea deciziilor privind dezvoltarea \u0219i modernizarea infrastructurii rutiere din Rom\u00e2nia. Ac\u021biunea este coordonat\u0103 de CNAIR, [\u2026]<\/div>\n<\/li>\n<\/ul>\n<\/aside>\n<\/div>\n<\/div>\n<\/div>\n<\/div>\n<\/article>\n<div class=\"td-post-content tagdiv-type\">\n<p>Numirea lui Gheorghe Hagi \u00een func\u021bia de selec\u021bioner al echipei na\u021bionale marcheaz\u0103 un nou capitol pentru fotbalul rom\u00e2nesc. Fostul decar al \u201etricolorilor\u201d, \u00een v\u00e2rst\u0103 de 61 de ani, revine pe banca tehnic\u0103 a primei reprezentative dup\u0103 mai bine de dou\u0103 decenii, \u00eentr-un moment considerat crucial pentru reconstruc\u021bia echipei.<\/p>\n<p>Anun\u021bul oficial a fost f\u0103cut de Federa\u021bia Rom\u00e2n\u0103 de Fotbal, iar prezentarea a avut loc la scurt timp dup\u0103 dispari\u021bia fostului selec\u021bioner Mircea Lucescu, context care adaug\u0103 o \u00eenc\u0103rc\u0103tur\u0103 emo\u021bional\u0103 suplimentar\u0103 acestui moment.<\/p>\n<p>Hagi a transmis, \u00een conferin\u021ba de prezentare, c\u0103 obiectivul s\u0103u este construirea unei echipe competitive \u0219i implementarea unei mentalit\u0103\u021bi de \u00eenving\u0103tor. Fostul mare interna\u021bional a subliniat c\u0103 experien\u021ba acumulat\u0103 \u00een cariera de antrenor \u00eel recomand\u0103 pentru acest nou mandat, diferit de cel din 2001, c\u00e2nd Rom\u00e2nia a ratat calificarea la Cupa Mondial\u0103.<\/p>\n<p>Contractul semnat cu FRF este valabil pentru patru ani, p\u00e2n\u0103 \u00een 2030, iar principalul obiectiv este calificarea la Campionatul European de Fotbal 2028. \u00cen paralel, conducerea federa\u021biei, prin pre\u0219edintele R\u0103zvan Burleanu, a stabilit \u0219i alte \u021binte: c\u00e2\u0219tigarea meciurilor din Liga Na\u021biunilor \u0219i consolidarea unei echipe capabile s\u0103 lupte constant la nivel interna\u021bional.<\/p>\n<p>Debutul lui Hagi pe banca na\u021bionalei va avea loc pe 2 iunie, \u00eentr-un meci amical \u00eempotriva Georgia, la Tbilisi. Ulterior, Rom\u00e2nia va disputa un al doilea joc de preg\u0103tire contra \u021aara Galilor, pe teren propriu.<\/p>\n<p>\u00cen toamn\u0103, \u201etricolorii\u201d vor intra \u00een competi\u021bia Liga Na\u021biunilor UEFA, unde au fost repartiza\u021bi \u00eentr-o grup\u0103 dificil\u0103, al\u0103turi de Suedia, Bosnia \u0219i Her\u021begovina \u0219i Polonia.<\/p>\n<p>Programul meciurilor din Liga Na\u021biunilor:<\/p>\n<ul class=\"wp-block-list\">\n<li>25 septembrie 2026: Suedia \u2013 Rom\u00e2nia<\/li>\n<li>28 septembrie 2026: Rom\u00e2nia \u2013 Bosnia \u0219i Her\u021begovina<\/li>\n<li>2 octombrie 2026: Polonia \u2013 Rom\u00e2nia<\/li>\n<li>5 octombrie 2026: Rom\u00e2nia \u2013 Suedia<\/li>\n<li>14 noiembrie 2026: Rom\u00e2nia \u2013 Polonia<\/li>\n<li>17 noiembrie 2026: Bosnia \u0219i Her\u021begovina \u2013 Rom\u00e2nia<\/li>\n<\/ul>\n<p>De-a lungul carierei de antrenor, Hagi a condus mai multe echipe importante, inclusiv Galatasaray, Steaua Bucure\u0219ti \u0219i proiectele sale de suflet, Viitorul Constan\u021ba \u0219i Farul Constan\u021ba.<\/p>\n<p>Revenirea lui Gheorghe Hagi la echipa na\u021bional\u0103 este privit\u0103 ca o oportunitate de relansare a fotbalului rom\u00e2nesc, miz\u00e2nd pe experien\u021ba, autoritatea \u0219i viziunea unuia dintre cei mai importan\u021bi juc\u0103tori din istoria sportului rom\u00e2nesc.<\/p>\n<\/div>\n<p>[analyse_source url=&#8221;https:\/\/orasul-timisoara.ro\/local-38295\/&#8221;]<\/p>\n","protected":false},"excerpt":{"rendered":"<p>[analyse_image type=&#8221;featured&#8221; src=&#8221;https:\/\/orasul-timisoara.ro\/wp-content\/uploads\/2026\/04\/gheorghe-hagi02.jpg&#8221;] Sport LocalGheorghe Hagi revine la na\u021bional\u0103: noul selec\u021bioner al Rom\u00e2niei are contract p\u00e2n\u0103&#8230; Sport Local \u0218tiri na\u021bionale \u0219i interna\u021bionale Gheorghe Hagi revine la na\u021bional\u0103: noul selec\u021bioner al Rom\u00e2niei are contract p\u00e2n\u0103 \u00een 2030 De c\u0103tre redactia &#8211; 20\/04\/2026 Facebook Twitter WhatsApp Linkedin ReddIt Email Imprimare Numirea lui Gheorghe Hagi \u00een func\u021bia de [&hellip;]<\/p>\n","protected":false},"author":1,"featured_media":0,"comment_status":"open","ping_status":"","sticky":false,"template":"","format":"standard","meta":{"footnotes":""},"categories":[89],"tags":[226,189],"class_list":["post-1894820","post","type-post","status-publish","format-standard","hentry","category-romania","tag-crawlmanager","tag-orasul-timisoara-ro"],"_links":{"self":[{"href":"https:\/\/analyse.optim.biz\/index.php?rest_route=\/wp\/v2\/posts\/1894820","targetHints":{"allow":["GET"]}}],"collection":[{"href":"https:\/\/analyse.optim.biz\/index.php?rest_route=\/wp\/v2\/posts"}],"about":[{"href":"https:\/\/analyse.optim.biz\/index.php?rest_route=\/wp\/v2\/types\/post"}],"author":[{"embeddable":true,"href":"https:\/\/analyse.optim.biz\/index.php?rest_route=\/wp\/v2\/users\/1"}],"replies":[{"embeddable":true,"href":"https:\/\/analyse.optim.biz\/index.php?rest_route=%2Fwp%2Fv2%2Fcomments&post=1894820"}],"version-history":[{"count":0,"href":"https:\/\/analyse.optim.biz\/index.php?rest_route=\/wp\/v2\/posts\/1894820\/revisions"}],"wp:attachment":[{"href":"https:\/\/analyse.optim.biz\/index.php?rest_route=%2Fwp%2Fv2%2Fmedia&parent=1894820"}],"wp:term":[{"taxonomy":"category","embeddable":true,"href":"https:\/\/analyse.optim.biz\/index.php?rest_route=%2Fwp%2Fv2%2Fcategories&post=1894820"},{"taxonomy":"post_tag","embeddable":true,"href":"https:\/\/analyse.optim.biz\/index.php?rest_route=%2Fwp%2Fv2%2Ftags&post=1894820"}],"curies":[{"name":"wp","href":"https:\/\/api.w.org\/{rel}","templated":true}]}}