{"id":1894789,"date":"2026-04-20T18:34:26","date_gmt":"2026-04-20T15:34:26","guid":{"rendered":"https:\/\/analyse.optim.biz\/?p=1894789"},"modified":"2026-04-20T18:34:26","modified_gmt":"2026-04-20T15:34:26","slug":"ilie-bolojan-vom-continua-sa-asiguram-guvernarea-tarii","status":"publish","type":"post","link":"https:\/\/analyse.optim.biz\/?p=1894789","title":{"rendered":"Ilie Bolojan: Vom continua s\u0103 asigur\u0103m guvernarea \u021b\u0103rii"},"content":{"rendered":"<p>[analyse_image type=&#8221;featured&#8221; src=&#8221;https:\/\/ziardesuceava.ro\/wp-content\/uploads\/2026\/04\/78382-1024&#215;683.jpg&#8221;]<\/p>\n<div class=\"post-content clearfix\">\n<div class=\"blog-post-thumb\"><img loading=\"lazy\" decoding=\"async\" width=\"1140\" height=\"694\" src=\"https:\/\/ziardesuceava.ro\/wp-content\/uploads\/2026\/04\/78382-1140x694.jpg\" class=\"attachment-inhype-blog-thumb size-inhype-blog-thumb wp-post-image\" alt><\/div>\n<div class=\"entry-content\">\n<p>Premierul Ilie Bolojan a anun\u021bat luni sear\u0103 c\u0103 a luat act de decizia PSD de a-i retrage sprijinul politic \u0219i a spus c\u0103 nu demisioneaz\u0103 din func\u021bie.<\/p>\n<div>\n<p>\u201cAm luat tact de decizia complet gre\u0219it\u0103 \u0219i iresponsabil\u0103 a PSD fa\u021b\u0103 de Rom\u00e2nia, nu fa\u021b\u0103 de o<br \/>\npersoan\u0103. De ce spun asta? \u00cen vara anului trecut, \u00eentr-o situa\u021bie complicat\u0103 pentru Rom\u00e2nia, am<br \/>\nformat o Coali\u021bie pe baza unui program de redresare care se baza pe trei elemente. S\u0103 facem<br \/>\nordine \u00een finan\u021bele \u021b\u0103rii, pe bun\u0103 guvernare \u0219i pe respectul fa\u021b\u0103 de cet\u0103\u021beni.<br \/>\nCeea ce vedem ast\u0103zi \u00eenseamn\u0103 periclitarea finan\u021belor \u021b\u0103rii noastre, \u00eenseamn\u0103 aruncarea \u00een aer a<br \/>\nguvern\u0103rii, totul f\u0103cut \u00eentr-o lips\u0103 de total respect fa\u021b\u0103 de cet\u0103\u021benii \u021b\u0103rii noastre. \u00cen toat\u0103 aceast\u0103<br \/>\nperioad\u0103, toate deciziile care au fost luate au fost conform programului de guvernare, au fost<br \/>\nasumate de c\u0103tre toate partidele \u0219i este total anormal s\u0103 \u00eencerci s\u0103 fii doar parte la decizie, dar s\u0103<br \/>\nfugi \u00een totalitate, cu la\u0219itate, de r\u0103spunderea deciziilor pe care le iei. \u0218i sunt c\u00e2teva lucruri care \u00een<br \/>\ntoat\u0103 aceast\u0103 perioad\u0103 nu au fost negociabile \u0219i nu cred c\u0103 trebuie s\u0103 fie negociabile nici \u00een<br \/>\nperioada urm\u0103toare, pentru c\u0103 este singura condi\u021bie pentru a crea condi\u021bii pentru dezvoltare<br \/>\npentru cet\u0103\u021benii \u021b\u0103rii noastre\u201d, a spus Ilie Bolojan, \u00eenconjurat de al\u021bi lideri din partid.<\/p>\n<p>Potrivit premierului, lucrurile care nu sunt negociabile se refer\u0103 la reducerea risipei, crearea unui stat mai eficient, sus\u021binerea investi\u021biilor prin atragerea fondurilor<br \/>\neuropene \u0219iguvernarea corect\u0103 \u0219i cinstit\u0103.<\/p>\n<p>\u201cOri ceea ce s-a \u00eent\u00e2mplat<br \/>\n\u00een aceste zile, practic arat\u0103 c\u0103 PSD nu este de acord cu aceste principii. \u00cen aceste condi\u021bii, av\u00e2nd<br \/>\n\u00een vedere responsabilitatea pe care o am \u0219i o avem fa\u021b\u0103 de \u021bara noastr\u0103, vom continua s\u0103<br \/>\nasigur\u0103m guvernarea \u021b\u0103rii noastre \u00een a\u0219a fel \u00eenc\u00e2t s\u0103 trecem cu bine peste aceast\u0103 perioad\u0103<br \/>\ncomplicat\u0103 pentru \u021bara noastr\u0103\u201d, a continuat el.<\/p>\n<p>\u00cen plus, Bolojan a ad\u0103ugat c\u0103 \u201ceste o decizie iresponsabil\u0103 \u021bin\u00e2nd cont \u0219i de contextul interna\u021bional, pentru c\u0103 avem o<br \/>\nsuprapunere de crize care \u00eenseamn\u0103 c\u0103 pe l\u00e2ng\u0103 problemele care vin din stagnarea economiei<br \/>\neuropene din ultimii ani, avem criza generat\u0103 de r\u0103zboiul din Golf, avem problemele noastre de<br \/>\ndeficit \u0219i orice om de stat care se consider\u0103 responsabil \u00een aceast\u0103 perioad\u0103 caut\u0103 s\u0103-\u0219i<br \/>\n\u00eent\u0103reasc\u0103 \u021bara \u0219i economia, nu s\u0103 o sl\u0103beasc\u0103, a\u0219a cum se \u00eent\u00e2mpl\u0103 prin deciziile pe care le-a<br \/>\nluat PSD-ul\u201d.<\/p>\n<p>\u201c\u0218i tot ce au f\u0103cut \u00een aceste zile, min\u021bindu-\u0219i electoratul, min\u021bind cet\u0103\u021benii no\u0219tri cu<br \/>\nprivire la lucruri care s-au decis, dar nu \u0219i le-au asumat, cu privire la lucruri care au fost f\u0103cute<br \/>\n\u00eentr-un fel \u0219i nu \u00een altul, nu face dec\u00e2t s\u0103 descalifice aceast\u0103 ac\u021biune politic\u0103. A\u0219a cum v-am spus,<br \/>\n\u00een continuare voi continua s\u0103 exercit mandatul de premier, lucr\u00e2nd pentru cet\u0103\u021benii \u021b\u0103rii noastre,<br \/>\n\u00een a\u0219a fel \u00eenc\u00e2t s\u0103 asigur\u0103m stabilitatea guvern\u0103rii \u0219i s\u0103 facem ceea ce trebuie pentru Rom\u00e2nia\u201d, a mai spus el.<\/p>\n<p>\u00cen final, Bolojan a adresat mul\u021bumiri pentru cei care \u00een luni sear\u0103 i-au adresat sprijinul lor \u0219i i-au ar\u0103tat sus\u021binere,<br \/>\nconsider\u00e2nd c\u0103 \u201cnu este un sprijin pentru o persoan\u0103, ci este sprijinul pentru Rom\u00e2nia modern\u0103,<br \/>\npentru Rom\u00e2nia onest\u0103, pentru o Rom\u00e2nie f\u0103r\u0103 privilegii, f\u0103r\u0103 sinecuri\u201d.<\/p>\n<\/div>\n<\/div>\n<div class=\"inhype-social-share-fixed sidebar-position-right\">\n<div class=\"post-social-wrapper\">\n<div class=\"post-social-title\"><span class=\"post-social-title-text\">Share<\/span><\/div>\n<\/div>\n<\/div>\n<\/div>\n<p>[analyse_source url=&#8221;https:\/\/ziardesuceava.ro\/ilie-bolojan-vom-continua-sa-asiguram-guvernarea-tarii\/&#8221;]<\/p>\n","protected":false},"excerpt":{"rendered":"<p>[analyse_image type=&#8221;featured&#8221; src=&#8221;https:\/\/ziardesuceava.ro\/wp-content\/uploads\/2026\/04\/78382-1024&#215;683.jpg&#8221;] Premierul Ilie Bolojan a anun\u021bat luni sear\u0103 c\u0103 a luat act de decizia PSD de a-i retrage sprijinul politic \u0219i a spus c\u0103 nu demisioneaz\u0103 din func\u021bie. \u201cAm luat tact de decizia complet gre\u0219it\u0103 \u0219i iresponsabil\u0103 a PSD fa\u021b\u0103 de Rom\u00e2nia, nu fa\u021b\u0103 de o persoan\u0103. De ce spun asta? \u00cen vara [&hellip;]<\/p>\n","protected":false},"author":1,"featured_media":0,"comment_status":"open","ping_status":"","sticky":false,"template":"","format":"standard","meta":{"footnotes":""},"categories":[89],"tags":[226,171],"class_list":["post-1894789","post","type-post","status-publish","format-standard","hentry","category-romania","tag-crawlmanager","tag-ziardesuceava-ro"],"_links":{"self":[{"href":"https:\/\/analyse.optim.biz\/index.php?rest_route=\/wp\/v2\/posts\/1894789","targetHints":{"allow":["GET"]}}],"collection":[{"href":"https:\/\/analyse.optim.biz\/index.php?rest_route=\/wp\/v2\/posts"}],"about":[{"href":"https:\/\/analyse.optim.biz\/index.php?rest_route=\/wp\/v2\/types\/post"}],"author":[{"embeddable":true,"href":"https:\/\/analyse.optim.biz\/index.php?rest_route=\/wp\/v2\/users\/1"}],"replies":[{"embeddable":true,"href":"https:\/\/analyse.optim.biz\/index.php?rest_route=%2Fwp%2Fv2%2Fcomments&post=1894789"}],"version-history":[{"count":0,"href":"https:\/\/analyse.optim.biz\/index.php?rest_route=\/wp\/v2\/posts\/1894789\/revisions"}],"wp:attachment":[{"href":"https:\/\/analyse.optim.biz\/index.php?rest_route=%2Fwp%2Fv2%2Fmedia&parent=1894789"}],"wp:term":[{"taxonomy":"category","embeddable":true,"href":"https:\/\/analyse.optim.biz\/index.php?rest_route=%2Fwp%2Fv2%2Fcategories&post=1894789"},{"taxonomy":"post_tag","embeddable":true,"href":"https:\/\/analyse.optim.biz\/index.php?rest_route=%2Fwp%2Fv2%2Ftags&post=1894789"}],"curies":[{"name":"wp","href":"https:\/\/api.w.org\/{rel}","templated":true}]}}