{"id":1894626,"date":"2026-03-31T02:26:00","date_gmt":"2026-03-30T23:26:00","guid":{"rendered":"https:\/\/analyse.optim.biz\/?p=1894626"},"modified":"2026-03-31T02:26:00","modified_gmt":"2026-03-30T23:26:00","slug":"sur-quelle-piece-miser-pour-adopter-la-tendance-de-la-robe-transparente","status":"publish","type":"post","link":"https:\/\/analyse.optim.biz\/?p=1894626","title":{"rendered":"Sur quelle pi\u00e8ce miser pour adopter la tendance de la robe transparente ?"},"content":{"rendered":"<div class=\"entry-content\">\n<section class=\"single-header padding-top-s\">\n<div class=\"container\">\n<div class=\"row justify-content-between\">\n<div class=\"col-lg-9 col-xl-8\">\n<div class=\"video-container\">\n\t\t\t\t\t\t\t\t\t\t\t\t\t<\/div>\n<div class=\"container-img desktop\">\n\t\t\t\t\t\t\t\t<img decoding=\"async\" width=\"640\" height=\"408\" src=\"https:\/\/numero.com\/wp-content\/uploads\/2026\/04\/push-naked-dress-768x490.jpg\" class=\"img-fluid\" alt=\"d\u00e9fil\u00e9 dries van noten printemps-\u00e9t\u00e9 2026 robe transparente tendance\" loading=\"lazy\">\t\t\t\t\t\t\t\t<\/p>\n<p class=\"number big\">21<\/p>\n<\/p><\/div>\n<div class=\"container-img mobile\">\n\t\t\t\t\t\t\t\t<img decoding=\"async\" width=\"640\" height=\"804\" src=\"https:\/\/numero.com\/wp-content\/uploads\/2026\/04\/thumb-robe-transparente-tendance-lily-rose-depp-768x965.jpg\" class=\"img-fluid\" alt=\"lily rose depp en robe transparente chanel\" loading=\"lazy\">\t\t\t\t\t\t\t\t<\/p>\n<p class=\"number big\">21<\/p>\n<\/p><\/div>\n<\/p><\/div>\n<div class=\"col col-lg-3 col-xl-4 desktop\">\n<div class=\"ad grand-angle desktop\">\n    <!-- \/21730003857\/numero-ad-unit\/numero-grand-angle --><\/p>\n<div id=\"div-gpt-ad-1757063143832-0\" class=\"px-0\">\n<p>            googletag.cmd.push(function () {<br \/>\n                googletag.display(&#8216;div-gpt-ad-1757063143832-0&#8217;);<br \/>\n            });<\/p><\/div>\n<\/div><\/div>\n<\/p><\/div>\n<\/p><\/div>\n<\/section>\n<section class=\"post-content\">\n<div class=\"container\">\n<div class=\"row g-0 justify-content-between\">\n<div class=\"col-lg-9 col-xl-8 padding-top-s\">\n<p class=\"share-widget\" id=\"share-widget\"><img decoding=\"async\" src=\"https:\/\/numero.com\/wp-content\/themes\/%09%09%09understrap-child-main\/src\/public\/images\/share.svg\" alt=\"share-widget\"><\/p>\n<div class=\"share-icons\" id=\"share-icons\">\n<p class=\"copy-link\"><img decoding=\"async\" src=\"https:\/\/numero.com\/wp-content\/themes\/understrap-child-main\/src\/public\/images\/copy-link.svg\" alt=\"copy-link\"><\/p>\n<p>\t\t\t\t\t\t\t<a href=\"https:\/\/www.facebook.com\/sharer\/sharer.php?u=https:\/\/numero.com\/mode\/la-tendance-de-la-robe-transparente\/\" class=\"facebook\" target=\"_blank\" rel=\"noopener\"><img decoding=\"async\" src=\"https:\/\/numero.com\/wp-content\/themes\/understrap-child-main\/src\/public\/images\/facebook.svg\" alt=\"facebook\"><\/a><br \/>\n\t\t\t\t\t\t\t<a href=\"https:\/\/twitter.com\/share?url=https:\/\/numero.com\/mode\/la-tendance-de-la-robe-transparente\/\" class=\"twitter\" target=\"_blank\" rel=\"noopener\"><img decoding=\"async\" src=\"https:\/\/numero.com\/wp-content\/themes\/understrap-child-main\/src\/public\/images\/twitter.svg\" alt=\"twitter\"><\/a>\n\t\t\t\t\t\t<\/div>\n<p>\t\t\t\t\t\t<span class id=\"custom-tooltip\">Lien copi\u00e9<\/span><\/p>\n<div class=\"col-lg-10\">\n<div class=\"meta d-flex justify-content-between align-items-center\">\n<div class=\"cat\">\n\t\t\t\t\t\t\t\t\t<a class=\"cat-title\" href=\"https:\/\/numero.com\/category\/mode\/\">Mode<\/a>\t\t\t\t\t\t\t\t<\/div>\n<p class=\"date\">\n\t\t\t\t\t\t\t\t\t21 avr 2026\t\t\t\t\t\t\t\t<\/p>\n<\/p><\/div>\n<h1>Sur quelle pi\u00e8ce miser pour adopter la tendance de la robe transparente ?<\/h1>\n<div class=\"introduction\">\n<p>Souvent v\u00eatue de looks pointus, Lily-Rose Depp a \u00e9t\u00e9 photographi\u00e9e il y a peu dans une robe transparente sign\u00e9e Chanel haute couture. Ainsi, le ton est donn\u00e9 : la robe transparente s\u2019impose comme une pi\u00e8ce phare de la saison. Tour d\u2019horizon des mod\u00e8les les plus tendance et des grands favoris de la r\u00e9daction.<\/p>\n<\/div>\n<li class=\"credits d-flex\">\n<p>\n\t\t\t\t\t\t\t\t\t\t\tpar \t\t\t\t\t\t\t\t\t\t\t\t\t\t\t\t\t\t\t\t\t\t\t<a href=\"https:\/\/numero.com\/contributeur\/la-redaction\/\">La r\u00e9daction<\/a>.\t\t\t\t\t\t\t\t\t\t\t\t\t\t\t\t\t\t\t\t\t<\/p>\n<\/li>\n<div id=\"ads03\" class=\"mobile\">\n<div class=\"ad-wrapper\">\n<div class=\"ad interscroller desktop\">\n<\/div>\n<p><!-- \/21730003857\/numero-ad-unit\/numero-interscroller --><\/p>\n<div id=\"div-gpt-ad-1757521738078-0\" class=\"ads-pub\">\n<p>        googletag.cmd.push(function () {<br \/>\n            googletag.display(&#8216;div-gpt-ad-1757521738078-0&#8217;);<br \/>\n        });<\/p>\n<\/div><\/div>\n<\/p><\/div>\n<p>\t\t\t\t\t\t\t&lt;!&#8211; <\/p>\n<div class=\"padding-bottom-s\">\n\t\t\t\t\t\t\t\t\t\t\t\t\t\t\t<\/div>\n<p> &#8211;&gt;<\/p>\n<figure data-wp-context='{\"imageId\":\"69e79c803ff6c\"}' data-wp-interactive=\"core\/image\" data-wp-key=\"69e79c803ff6c\" class=\"wp-block-image size-full wp-lightbox-container\"><img loading=\"lazy\" decoding=\"async\" width=\"600\" height=\"900\" data-wp-class--hide=\"state.isContentHidden\" data-wp-class--show=\"state.isContentVisible\" data-wp-init=\"callbacks.setButtonStyles\" data-wp-on--click=\"actions.showLightbox\" data-wp-on--load=\"callbacks.setButtonStyles\" data-wp-on-window--resize=\"callbacks.setButtonStyles\" src=\"https:\/\/numero.com\/wp-content\/uploads\/2026\/04\/lily-rose-depp-robe-transparente-tendance-printemps-ete-2026.jpg\" alt=\"lily rose depp en robe transparente chanel en 2026\" class=\"wp-image-830455\"><button class=\"lightbox-trigger\" type=\"button\" aria-haspopup=\"dialog\" aria-label=\"Agrandir\" data-wp-init=\"callbacks.initTriggerButton\" data-wp-on--click=\"actions.showLightbox\" data-wp-style--right=\"state.imageButtonRight\" data-wp-style--top=\"state.imageButtonTop\"><\/p>\n<p>\t\t<\/button><figcaption class=\"wp-element-caption\">Lily-Rose Depp en Chanel. \u00a9 Gilbert Flores.<\/figcaption><\/figure>\n<h2 class=\"wp-block-heading\">Pourquoi oser la robe transparente ?<\/h2>\n<p>Qu\u2019y a-t-il de plus gracieux qu\u2019une silhouette qui se devine sous le voile \u00e9th\u00e9r\u00e9 d\u2019une <strong>robe transparente<\/strong> ? Omnipr\u00e9sente au sein du d\u00e9fil\u00e9 <strong>Chanel haute couture printemps-\u00e9t\u00e9 2026<\/strong>, cette pi\u00e8ce, \u00e9galement nomm\u00e9e <em>naked dress<\/em>, d\u00e9fie la pudeur sans irr\u00e9v\u00e9rence, mue par un d\u00e9sir de libert\u00e9 et de f\u00e9roce audace.<\/p>\n<p>Qui dit <em><strong>naked dress<\/strong><\/em>, dit bien \u00e9videmment <strong>Kate Moss<\/strong>. Nous sommes en 1993, au c\u0153ur d\u2019une soir\u00e9e londonienne, et la top model encore au d\u00e9but de sa carri\u00e8re et alors \u00e2g\u00e9e de 19 ans, arbore <strong>une slip dress<\/strong> avec la simplicit\u00e9 qui la caract\u00e9rise. Jusqu\u2019ici, rien d\u2019exceptionnel. Mais, une fois expos\u00e9e aux flashs des photographes, cette robe Liza Bruce taill\u00e9e dans un nylon cuivr\u00e9 se r\u00e9v\u00e8le transparente.<\/p>\n<figure data-wp-context='{\"imageId\":\"69e79c80403b9\"}' data-wp-interactive=\"core\/image\" data-wp-key=\"69e79c80403b9\" class=\"wp-block-image size-full wp-lightbox-container\"><img loading=\"lazy\" decoding=\"async\" width=\"656\" height=\"1000\" data-wp-class--hide=\"state.isContentHidden\" data-wp-class--show=\"state.isContentVisible\" data-wp-init=\"callbacks.setButtonStyles\" data-wp-on--click=\"actions.showLightbox\" data-wp-on--load=\"callbacks.setButtonStyles\" data-wp-on-window--resize=\"callbacks.setButtonStyles\" src=\"https:\/\/numero.com\/wp-content\/uploads\/2024\/11\/mode-kate-moss-naked-dress-encheres-1990s-numero-magazine2.jpg\" alt=\"Kate Moss et Naomi Campbell \u00e0 la soir\u00e9e Elite en 1993. \u00a9 Photo by Dave Benett\/Getty Images.\" class=\"wp-image-596796\"><button class=\"lightbox-trigger\" type=\"button\" aria-haspopup=\"dialog\" aria-label=\"Agrandir\" data-wp-init=\"callbacks.initTriggerButton\" data-wp-on--click=\"actions.showLightbox\" data-wp-style--right=\"state.imageButtonRight\" data-wp-style--top=\"state.imageButtonTop\"><\/p>\n<p>\t\t<\/button><figcaption class=\"wp-element-caption\">Kate Moss et Naomi Campbell \u00e0 la soir\u00e9e Elite en 1993. \u00a9 Photo by Dave Benett\/Getty Images.<\/figcaption><\/figure>\n<p>D\u00e8s le lendemain, <strong>Kate Moss<\/strong> fera la une de la presse britannique, cigarette \u00e0 la main, \u00e0 travers des clich\u00e9s devenus iconiques, qui ont fait de la star l\u2019une des pionni\u00e8res de cette tendance. Autre fun fact, une r\u00e9plique quasiment identique de cette fameuse robe transparente a \u00e9t\u00e9 vendue aux ench\u00e8res en 2024\u00a0pour 2 200 livres sterling, soit plus de 2 500 euros.<\/p>\n<p><em>Num\u00e9ro<\/em> propose un guide des pi\u00e8ces id\u00e9ales pour \u00eatre \u00e0 la pointe de la <a href=\"https:\/\/numero.com\/category\/mode\/\" target=\"_blank\" rel=\"noreferrer noopener\">mode<\/a>, de la robe diaphane rehauss\u00e9e de volants au mod\u00e8le d\u00e9collet\u00e9, en passant par la robe bodycon.<\/p>\n<h2 class=\"wp-block-heading\">16 robes transparentes tendance en 2026<\/h2>\n<figure data-wp-context='{\"imageId\":\"69e79c804077b\"}' data-wp-interactive=\"core\/image\" data-wp-key=\"69e79c804077b\" class=\"wp-block-image size-full wp-lightbox-container\"><img loading=\"lazy\" decoding=\"async\" width=\"600\" height=\"900\" data-wp-class--hide=\"state.isContentHidden\" data-wp-class--show=\"state.isContentVisible\" data-wp-init=\"callbacks.setButtonStyles\" data-wp-on--click=\"actions.showLightbox\" data-wp-on--load=\"callbacks.setButtonStyles\" data-wp-on-window--resize=\"callbacks.setButtonStyles\" src=\"https:\/\/numero.com\/wp-content\/uploads\/2026\/04\/defile-dries-van-noten-printemps-ete-2026.jpg\" alt=\"d\u00e9fil\u00e9 dries van noten printemps-\u00e9t\u00e9 2026 robe transparente tendance\" class=\"wp-image-832622\"><button class=\"lightbox-trigger\" type=\"button\" aria-haspopup=\"dialog\" aria-label=\"Agrandir\" data-wp-init=\"callbacks.initTriggerButton\" data-wp-on--click=\"actions.showLightbox\" data-wp-style--right=\"state.imageButtonRight\" data-wp-style--top=\"state.imageButtonTop\"><\/p>\n<p>\t\t<\/button><figcaption class=\"wp-element-caption\">Le d\u00e9fil\u00e9 Dries Van Noten printemps-\u00e9t\u00e9 2026. \u00a9 Victor Virgile.<\/figcaption><\/figure>\n<h2 class=\"wp-block-heading\">La robe transparente <\/h2>\n<p>Outre une robe au tomb\u00e9 presque onirique aper\u00e7ue sur le d\u00e9fil\u00e9 <a href=\"https:\/\/numero.com\/mode\/fashion-week\/le-defile-dries-van-noten-printemps-ete-2026\/\" target=\"_blank\" rel=\"noreferrer noopener\">Dries Van Noten printemps-\u00e9t\u00e9 2026<\/a>, cette saison, les maisons <strong>Prada<\/strong> et <a href=\"https:\/\/numero.com\/portrait\/saint-laurent\/\" target=\"_blank\" rel=\"noreferrer noopener\">Saint Laurent<\/a> se disputent la palme de la <strong>robe transparente<\/strong> la plus chic. D\u2019un c\u00f4t\u00e9, une robe en dentelle noire \u00e0 l\u2019allure de <strong>slip dress<\/strong>. Et de l\u2019autre, un mod\u00e8le en nylon boutonn\u00e9 dans le dos, rappelant avec subtilit\u00e9 les sahariennes de <strong>Monsieur Saint Laurent<\/strong>\u2026 impossible de choisir.<\/p>\n<div class=\"wp-block-columns is-layout-flex wp-container-core-columns-is-layout-9d6595d7 wp-block-columns-is-layout-flex\">\n<div class=\"wp-block-column is-layout-flow wp-block-column-is-layout-flow\">\n<figure data-wp-context='{\"imageId\":\"69e79c8040b17\"}' data-wp-interactive=\"core\/image\" data-wp-key=\"69e79c8040b17\" class=\"wp-block-image size-full wp-lightbox-container\"><img decoding=\"async\" loading=\"lazy\" width=\"466\" height=\"900\" data-wp-class--hide=\"state.isContentHidden\" data-wp-class--show=\"state.isContentVisible\" data-wp-init=\"callbacks.setButtonStyles\" data-wp-on--click=\"actions.showLightbox\" data-wp-on--load=\"callbacks.setButtonStyles\" data-wp-on-window--resize=\"callbacks.setButtonStyles\" src=\"https:\/\/numero.com\/wp-content\/uploads\/2026\/04\/robe-transparente-tendance-printemps-ete-20261.jpg\" alt=\"robe transparente en soie  tendance rohe \" class=\"wp-image-831726\"><button class=\"lightbox-trigger\" type=\"button\" aria-haspopup=\"dialog\" aria-label=\"Agrandir\" data-wp-init=\"callbacks.initTriggerButton\" data-wp-on--click=\"actions.showLightbox\" data-wp-style--right=\"state.imageButtonRight\" data-wp-style--top=\"state.imageButtonTop\"><\/p>\n<p>\t\t<\/button><\/figure>\n<h3 class=\"wp-block-heading\">Robe en soie, 838 \u20ac, R\u00f3he. <\/h3>\n<p>Disponible sur <a href=\"https:\/\/rstyle.me\/+LztwbdXCITCyr_WGjqZj3w\" target=\"_blank\" rel=\"noreferrer noopener\">farfetch.com<\/a>.<\/p>\n<\/div>\n<div class=\"wp-block-column is-layout-flow wp-block-column-is-layout-flow\">\n<figure data-wp-context='{\"imageId\":\"69e79c8040e9e\"}' data-wp-interactive=\"core\/image\" data-wp-key=\"69e79c8040e9e\" class=\"wp-block-image size-full wp-lightbox-container\"><img decoding=\"async\" loading=\"lazy\" width=\"464\" height=\"900\" data-wp-class--hide=\"state.isContentHidden\" data-wp-class--show=\"state.isContentVisible\" data-wp-init=\"callbacks.setButtonStyles\" data-wp-on--click=\"actions.showLightbox\" data-wp-on--load=\"callbacks.setButtonStyles\" data-wp-on-window--resize=\"callbacks.setButtonStyles\" src=\"https:\/\/numero.com\/wp-content\/uploads\/2026\/04\/robe-transparente-tendance-printemps-ete-20262.jpg\" alt=\"robe noire transparente tendance weekday \" class=\"wp-image-831728\"><button class=\"lightbox-trigger\" type=\"button\" aria-haspopup=\"dialog\" aria-label=\"Agrandir\" data-wp-init=\"callbacks.initTriggerButton\" data-wp-on--click=\"actions.showLightbox\" data-wp-style--right=\"state.imageButtonRight\" data-wp-style--top=\"state.imageButtonTop\"><\/p>\n<p>\t\t<\/button><\/figure>\n<h3 class=\"wp-block-heading\">Robe longue transparente, 59 \u20ac, Weekday. <\/h3>\n<p>Disponible sur <a href=\"https:\/\/www.weekday.com\/fr-fr\/p\/women\/dresses\/maxi\/sheer-long-sleeved-v-neck-maxi-dress-black-1276572001\/\" target=\"_blank\" rel=\"noreferrer noopener\">weekday.com<\/a>.<\/p>\n<\/div>\n<\/div>\n<div class=\"wp-block-columns is-layout-flex wp-container-core-columns-is-layout-9d6595d7 wp-block-columns-is-layout-flex\">\n<div class=\"wp-block-column is-layout-flow wp-block-column-is-layout-flow\">\n<figure data-wp-context='{\"imageId\":\"69e79c80412b2\"}' data-wp-interactive=\"core\/image\" data-wp-key=\"69e79c80412b2\" class=\"wp-block-image size-full wp-lightbox-container\"><img decoding=\"async\" loading=\"lazy\" width=\"427\" height=\"900\" data-wp-class--hide=\"state.isContentHidden\" data-wp-class--show=\"state.isContentVisible\" data-wp-init=\"callbacks.setButtonStyles\" data-wp-on--click=\"actions.showLightbox\" data-wp-on--load=\"callbacks.setButtonStyles\" data-wp-on-window--resize=\"callbacks.setButtonStyles\" src=\"https:\/\/numero.com\/wp-content\/uploads\/2026\/04\/robe-transparente-tendance-printemps-ete-20263.jpg\" alt=\"robe transparente en nylon tendance saint laurent\" class=\"wp-image-831730\"><button class=\"lightbox-trigger\" type=\"button\" aria-haspopup=\"dialog\" aria-label=\"Agrandir\" data-wp-init=\"callbacks.initTriggerButton\" data-wp-on--click=\"actions.showLightbox\" data-wp-style--right=\"state.imageButtonRight\" data-wp-style--top=\"state.imageButtonTop\"><\/p>\n<p>\t\t<\/button><\/figure>\n<h3 class=\"wp-block-heading\">Robe en nylon boutonn\u00e9e dans le dos, 2 500 \u20ac, Saint Laurent. <\/h3>\n<p>Disponible sur <a href=\"https:\/\/rstyle.me\/+Wr3_Zd92_D3BSEM3HaL3SA\" target=\"_blank\" rel=\"noreferrer noopener\">ysl.com<\/a>.<\/p>\n<\/div>\n<div class=\"wp-block-column is-layout-flow wp-block-column-is-layout-flow\">\n<figure data-wp-context='{\"imageId\":\"69e79c8041615\"}' data-wp-interactive=\"core\/image\" data-wp-key=\"69e79c8041615\" class=\"wp-block-image size-full wp-lightbox-container\"><img decoding=\"async\" loading=\"lazy\" width=\"479\" height=\"900\" data-wp-class--hide=\"state.isContentHidden\" data-wp-class--show=\"state.isContentVisible\" data-wp-init=\"callbacks.setButtonStyles\" data-wp-on--click=\"actions.showLightbox\" data-wp-on--load=\"callbacks.setButtonStyles\" data-wp-on-window--resize=\"callbacks.setButtonStyles\" src=\"https:\/\/numero.com\/wp-content\/uploads\/2026\/04\/robe-transparente-tendance-printemps-ete-20264.jpg\" alt=\"robe transparente en dentelle tendance prada\" class=\"wp-image-831732\"><button class=\"lightbox-trigger\" type=\"button\" aria-haspopup=\"dialog\" aria-label=\"Agrandir\" data-wp-init=\"callbacks.initTriggerButton\" data-wp-on--click=\"actions.showLightbox\" data-wp-style--right=\"state.imageButtonRight\" data-wp-style--top=\"state.imageButtonTop\"><\/p>\n<p>\t\t<\/button><\/figure>\n<h3 class=\"wp-block-heading\">Robe en dentelle, 4 600 \u20ac, Prada. <\/h3>\n<p>Disponible sur <a href=\"https:\/\/rstyle.me\/+PlUGch1rQuPMo058hHCW1Q\" target=\"_blank\" rel=\"noreferrer noopener\">prada.com<\/a>.<\/p>\n<\/div>\n<\/div>\n<hr class=\"wp-block-separator has-alpha-channel-opacity\">\n<figure data-wp-context='{\"imageId\":\"69e79c8041a0a\"}' data-wp-interactive=\"core\/image\" data-wp-key=\"69e79c8041a0a\" class=\"wp-block-image size-full wp-lightbox-container\"><img decoding=\"async\" loading=\"lazy\" width=\"600\" height=\"900\" data-wp-class--hide=\"state.isContentHidden\" data-wp-class--show=\"state.isContentVisible\" data-wp-init=\"callbacks.setButtonStyles\" data-wp-on--click=\"actions.showLightbox\" data-wp-on--load=\"callbacks.setButtonStyles\" data-wp-on-window--resize=\"callbacks.setButtonStyles\" src=\"https:\/\/numero.com\/wp-content\/uploads\/2026\/04\/robe-transparente-tendance-printemps-ete-2026-chanel.jpg\" alt=\"d\u00e9fil\u00e9 chanel printemps-\u00e9t\u00e9 2026 robe transparente tendance \" class=\"wp-image-830480\"><button class=\"lightbox-trigger\" type=\"button\" aria-haspopup=\"dialog\" aria-label=\"Agrandir\" data-wp-init=\"callbacks.initTriggerButton\" data-wp-on--click=\"actions.showLightbox\" data-wp-style--right=\"state.imageButtonRight\" data-wp-style--top=\"state.imageButtonTop\"><\/p>\n<p>\t\t<\/button><figcaption class=\"wp-element-caption\">Le d\u00e9fil\u00e9 Chanel printemps-\u00e9t\u00e9 2026. \u00a9 Kristy Sparow.<\/figcaption><\/figure>\n<h2 class=\"wp-block-heading\">La robe transparente \u00e0 volants <\/h2>\n<p>L\u2019une des silhouettes les plus remarqu\u00e9es du d\u00e9fil\u00e9 <a href=\"https:\/\/numero.com\/mode\/fashion-week\/chanel-un-premier-defile-en-apotheose-pour-matthieu-blazy\/\" target=\"_blank\" rel=\"noreferrer noopener\">Chanel printemps-\u00e9t\u00e9 2026<\/a> n\u2019est autre qu\u2019une <strong>robe transparente \u00e0 volants<\/strong>, brod\u00e9e de fleurs, de sequins \u00e9pars et de cascades de franges. Dans cette m\u00eame veine, la maison <a href=\"https:\/\/numero.com\/portrait\/chloe\/\" target=\"_blank\" rel=\"noreferrer noopener\">Chlo\u00e9<\/a> propose une robe en mousseline de soie bleu ciel d\u2019une d\u00e9licatesse incomparable, tandis que <strong>Mango<\/strong> mise sur le tr\u00e8s (tr\u00e8s) court et que <strong>Blumarine<\/strong> revendique la sensualit\u00e9.<\/p>\n<div class=\"wp-block-columns is-layout-flex wp-container-core-columns-is-layout-9d6595d7 wp-block-columns-is-layout-flex\">\n<div class=\"wp-block-column is-layout-flow wp-block-column-is-layout-flow\">\n<figure data-wp-context='{\"imageId\":\"69e79c8041d8e\"}' data-wp-interactive=\"core\/image\" data-wp-key=\"69e79c8041d8e\" class=\"wp-block-image size-full wp-lightbox-container\"><img decoding=\"async\" loading=\"lazy\" width=\"561\" height=\"900\" data-wp-class--hide=\"state.isContentHidden\" data-wp-class--show=\"state.isContentVisible\" data-wp-init=\"callbacks.setButtonStyles\" data-wp-on--click=\"actions.showLightbox\" data-wp-on--load=\"callbacks.setButtonStyles\" data-wp-on-window--resize=\"callbacks.setButtonStyles\" src=\"https:\/\/numero.com\/wp-content\/uploads\/2026\/04\/robe-transparente-a%CC%80-volants-tendance-printemps-ete-20261.jpg\" alt=\"minirobe transparente \u00e0 volants tendance mango \" class=\"wp-image-831757\"><button class=\"lightbox-trigger\" type=\"button\" aria-haspopup=\"dialog\" aria-label=\"Agrandir\" data-wp-init=\"callbacks.initTriggerButton\" data-wp-on--click=\"actions.showLightbox\" data-wp-style--right=\"state.imageButtonRight\" data-wp-style--top=\"state.imageButtonTop\"><\/p>\n<p>\t\t<\/button><\/figure>\n<h3 class=\"wp-block-heading\">Minirobe \u00e0 volants, 59,99 \u20ac, Mango. <\/h3>\n<p>Disponible sur <a href=\"https:\/\/rstyle.me\/+mX1hfnyAO3VOb_LGAcI2TQ\" target=\"_blank\" rel=\"noreferrer noopener\">shop.mango.com<\/a>.<\/p>\n<\/div>\n<div class=\"wp-block-column is-layout-flow wp-block-column-is-layout-flow\">\n<figure data-wp-context='{\"imageId\":\"69e79c80420d7\"}' data-wp-interactive=\"core\/image\" data-wp-key=\"69e79c80420d7\" class=\"wp-block-image size-full wp-lightbox-container\"><img decoding=\"async\" loading=\"lazy\" width=\"584\" height=\"900\" data-wp-class--hide=\"state.isContentHidden\" data-wp-class--show=\"state.isContentVisible\" data-wp-init=\"callbacks.setButtonStyles\" data-wp-on--click=\"actions.showLightbox\" data-wp-on--load=\"callbacks.setButtonStyles\" data-wp-on-window--resize=\"callbacks.setButtonStyles\" src=\"https:\/\/numero.com\/wp-content\/uploads\/2026\/04\/robe-transparente-a%CC%80-volants-tendance-printemps-ete-20262.jpg\" alt=\"robe transparente \u00e0 volants tendance chlo\u00e9 \" class=\"wp-image-831759\"><button class=\"lightbox-trigger\" type=\"button\" aria-haspopup=\"dialog\" aria-label=\"Agrandir\" data-wp-init=\"callbacks.initTriggerButton\" data-wp-on--click=\"actions.showLightbox\" data-wp-style--right=\"state.imageButtonRight\" data-wp-style--top=\"state.imageButtonTop\"><\/p>\n<p>\t\t<\/button><\/figure>\n<h3 class=\"wp-block-heading\">Robe en mousseline de soie, 3 400 \u20ac, Chlo\u00e9. <\/h3>\n<p>Disponible sur <a href=\"https:\/\/rstyle.me\/+sCwtB3AmuvHOrXlaNdmeHw\" target=\"_blank\" rel=\"noreferrer noopener\">chloe.com<\/a>.<\/p>\n<\/div>\n<\/div>\n<div class=\"wp-block-columns is-layout-flex wp-container-core-columns-is-layout-9d6595d7 wp-block-columns-is-layout-flex\">\n<div class=\"wp-block-column is-layout-flow wp-block-column-is-layout-flow\">\n<figure data-wp-context='{\"imageId\":\"69e79c80424cf\"}' data-wp-interactive=\"core\/image\" data-wp-key=\"69e79c80424cf\" class=\"wp-block-image size-full wp-lightbox-container\"><img decoding=\"async\" loading=\"lazy\" width=\"449\" height=\"900\" data-wp-class--hide=\"state.isContentHidden\" data-wp-class--show=\"state.isContentVisible\" data-wp-init=\"callbacks.setButtonStyles\" data-wp-on--click=\"actions.showLightbox\" data-wp-on--load=\"callbacks.setButtonStyles\" data-wp-on-window--resize=\"callbacks.setButtonStyles\" src=\"https:\/\/numero.com\/wp-content\/uploads\/2026\/04\/robe-transparente-a%CC%80-volants-tendance-printemps-ete-20263.jpg\" alt=\"robe transparente \u00e0 volants tendance blumarine \" class=\"wp-image-831761\"><button class=\"lightbox-trigger\" type=\"button\" aria-haspopup=\"dialog\" aria-label=\"Agrandir\" data-wp-init=\"callbacks.initTriggerButton\" data-wp-on--click=\"actions.showLightbox\" data-wp-style--right=\"state.imageButtonRight\" data-wp-style--top=\"state.imageButtonTop\"><\/p>\n<p>\t\t<\/button><\/figure>\n<h3 class=\"wp-block-heading\">Robe en tulle, 990 \u20ac, Blumarine. <\/h3>\n<p>Disponible sur <a href=\"https:\/\/rstyle.me\/+ExxWBMiiPakvp-0hAMjgsw\" target=\"_blank\" rel=\"noreferrer noopener\">farfetch.com<\/a>.<\/p>\n<\/div>\n<div class=\"wp-block-column is-layout-flow wp-block-column-is-layout-flow\">\n<figure data-wp-context='{\"imageId\":\"69e79c8042823\"}' data-wp-interactive=\"core\/image\" data-wp-key=\"69e79c8042823\" class=\"wp-block-image size-full wp-lightbox-container\"><img decoding=\"async\" loading=\"lazy\" width=\"448\" height=\"900\" data-wp-class--hide=\"state.isContentHidden\" data-wp-class--show=\"state.isContentVisible\" data-wp-init=\"callbacks.setButtonStyles\" data-wp-on--click=\"actions.showLightbox\" data-wp-on--load=\"callbacks.setButtonStyles\" data-wp-on-window--resize=\"callbacks.setButtonStyles\" src=\"https:\/\/numero.com\/wp-content\/uploads\/2026\/04\/robe-transparente-a%CC%80-volants-tendance-printemps-ete-20264.jpg\" alt=\"robe transparente \u00e0 volants tendance staud\" class=\"wp-image-831763\"><button class=\"lightbox-trigger\" type=\"button\" aria-haspopup=\"dialog\" aria-label=\"Agrandir\" data-wp-init=\"callbacks.initTriggerButton\" data-wp-on--click=\"actions.showLightbox\" data-wp-style--right=\"state.imageButtonRight\" data-wp-style--top=\"state.imageButtonTop\"><\/p>\n<p>\t\t<\/button><\/figure>\n<h3 class=\"wp-block-heading\">Robe longue \u00e0 volants, 518 \u20ac, Staud. <\/h3>\n<p>Disponible sur <a href=\"https:\/\/rstyle.me\/+naTZuEkNDtHnoXp55sCrBQ\" target=\"_blank\" rel=\"noreferrer noopener\">farfetch.com<\/a>.<\/p>\n<\/div>\n<\/div>\n<hr class=\"wp-block-separator has-alpha-channel-opacity\">\n<figure data-wp-context='{\"imageId\":\"69e79c8042c0a\"}' data-wp-interactive=\"core\/image\" data-wp-key=\"69e79c8042c0a\" class=\"wp-block-image size-full wp-lightbox-container\"><img decoding=\"async\" loading=\"lazy\" width=\"600\" height=\"900\" data-wp-class--hide=\"state.isContentHidden\" data-wp-class--show=\"state.isContentVisible\" data-wp-init=\"callbacks.setButtonStyles\" data-wp-on--click=\"actions.showLightbox\" data-wp-on--load=\"callbacks.setButtonStyles\" data-wp-on-window--resize=\"callbacks.setButtonStyles\" src=\"https:\/\/numero.com\/wp-content\/uploads\/2026\/04\/robe-transparente-tendance-mugler-printemps-ete-2026.jpg\" alt=\"d\u00e9fil\u00e9 mugler printemps-\u00e9t\u00e9 2026 robe transparente tendance \" class=\"wp-image-830495\"><button class=\"lightbox-trigger\" type=\"button\" aria-haspopup=\"dialog\" aria-label=\"Agrandir\" data-wp-init=\"callbacks.initTriggerButton\" data-wp-on--click=\"actions.showLightbox\" data-wp-style--right=\"state.imageButtonRight\" data-wp-style--top=\"state.imageButtonTop\"><\/p>\n<p>\t\t<\/button><figcaption class=\"wp-element-caption\">Le d\u00e9fil\u00e9 Mugler printemps-\u00e9t\u00e9 2026. \u00a9 Victor Virgile.<\/figcaption><\/figure>\n<h2 class=\"wp-block-heading\">La robe transparente d\u00e9collet\u00e9e <\/h2>\n<p>Comme si la transparence ne suffisait pas, certains mod\u00e8les de <strong><em>naked dress<\/em><\/strong> adopte \u00e9galement un d\u00e9collet\u00e9 ravageur. C\u2019est le cas de la marque <strong>Ester Manas<\/strong>, qui, fid\u00e8le \u00e0 ses valeurs d\u2019inclusivit\u00e9, imagine une robe stretch dans un tissu d\u00e9voilant, mais aussi de la marque de lingerie <strong>Maison Close<\/strong>, qui opte pour une dentelle ultra fine et des bretelles crois\u00e9es dans le dos.<\/p>\n<div class=\"wp-block-columns is-layout-flex wp-container-core-columns-is-layout-9d6595d7 wp-block-columns-is-layout-flex\">\n<div class=\"wp-block-column is-layout-flow wp-block-column-is-layout-flow\">\n<figure data-wp-context='{\"imageId\":\"69e79c8042f94\"}' data-wp-interactive=\"core\/image\" data-wp-key=\"69e79c8042f94\" class=\"wp-block-image size-full wp-lightbox-container\"><img decoding=\"async\" loading=\"lazy\" width=\"440\" height=\"900\" data-wp-class--hide=\"state.isContentHidden\" data-wp-class--show=\"state.isContentVisible\" data-wp-init=\"callbacks.setButtonStyles\" data-wp-on--click=\"actions.showLightbox\" data-wp-on--load=\"callbacks.setButtonStyles\" data-wp-on-window--resize=\"callbacks.setButtonStyles\" src=\"https:\/\/numero.com\/wp-content\/uploads\/2026\/04\/robe-transparente-de%CC%81collete%CC%81e-tendance-printemps-ete-20261.jpg\" alt=\"robe transparente d\u00e9collet\u00e9e tendance ester manas\" class=\"wp-image-831795\"><button class=\"lightbox-trigger\" type=\"button\" aria-haspopup=\"dialog\" aria-label=\"Agrandir\" data-wp-init=\"callbacks.initTriggerButton\" data-wp-on--click=\"actions.showLightbox\" data-wp-style--right=\"state.imageButtonRight\" data-wp-style--top=\"state.imageButtonTop\"><\/p>\n<p>\t\t<\/button><\/figure>\n<h3 class=\"wp-block-heading\">Robe transparente, 795 \u20ac, Ester Manas. <\/h3>\n<p>Disponible sur <a href=\"https:\/\/estermanas.com\/products\/black-dress?variant=54341616992524\" target=\"_blank\" rel=\"noreferrer noopener\">estermanas.com<\/a>.<\/p>\n<\/div>\n<div class=\"wp-block-column is-layout-flow wp-block-column-is-layout-flow\">\n<figure data-wp-context='{\"imageId\":\"69e79c804330d\"}' data-wp-interactive=\"core\/image\" data-wp-key=\"69e79c804330d\" class=\"wp-block-image size-full wp-lightbox-container\"><img decoding=\"async\" loading=\"lazy\" width=\"445\" height=\"900\" data-wp-class--hide=\"state.isContentHidden\" data-wp-class--show=\"state.isContentVisible\" data-wp-init=\"callbacks.setButtonStyles\" data-wp-on--click=\"actions.showLightbox\" data-wp-on--load=\"callbacks.setButtonStyles\" data-wp-on-window--resize=\"callbacks.setButtonStyles\" src=\"https:\/\/numero.com\/wp-content\/uploads\/2026\/04\/robe-transparente-de%CC%81collete%CC%81e-tendance-printemps-ete-20262.jpg\" alt=\"robe transparente d\u00e9collet\u00e9e tendance en dentelle maison close\" class=\"wp-image-831798\"><button class=\"lightbox-trigger\" type=\"button\" aria-haspopup=\"dialog\" aria-label=\"Agrandir\" data-wp-init=\"callbacks.initTriggerButton\" data-wp-on--click=\"actions.showLightbox\" data-wp-style--right=\"state.imageButtonRight\" data-wp-style--top=\"state.imageButtonTop\"><\/p>\n<p>\t\t<\/button><\/figure>\n<h3 class=\"wp-block-heading\">Robe en dentelle, 199 \u20ac, Maison Close. <\/h3>\n<p>Disponible sur <a href=\"https:\/\/rstyle.me\/+rS-unNyX8m-cTAJGiWzHog\" target=\"_blank\" rel=\"noreferrer noopener\">farfetch.com<\/a>.<\/p>\n<\/div>\n<\/div>\n<div class=\"wp-block-columns is-layout-flex wp-container-core-columns-is-layout-9d6595d7 wp-block-columns-is-layout-flex\">\n<div class=\"wp-block-column is-layout-flow wp-block-column-is-layout-flow\">\n<figure data-wp-context='{\"imageId\":\"69e79c80436de\"}' data-wp-interactive=\"core\/image\" data-wp-key=\"69e79c80436de\" class=\"wp-block-image size-full wp-lightbox-container\"><img decoding=\"async\" loading=\"lazy\" width=\"305\" height=\"900\" data-wp-class--hide=\"state.isContentHidden\" data-wp-class--show=\"state.isContentVisible\" data-wp-init=\"callbacks.setButtonStyles\" data-wp-on--click=\"actions.showLightbox\" data-wp-on--load=\"callbacks.setButtonStyles\" data-wp-on-window--resize=\"callbacks.setButtonStyles\" src=\"https:\/\/numero.com\/wp-content\/uploads\/2026\/04\/robe-transparente-de%CC%81collete%CC%81e-tendance-printemps-ete-20263.jpg\" alt=\"robe transparente d\u00e9collet\u00e9e tendance en dentelle adriana degreas\" class=\"wp-image-831800\"><button class=\"lightbox-trigger\" type=\"button\" aria-haspopup=\"dialog\" aria-label=\"Agrandir\" data-wp-init=\"callbacks.initTriggerButton\" data-wp-on--click=\"actions.showLightbox\" data-wp-style--right=\"state.imageButtonRight\" data-wp-style--top=\"state.imageButtonTop\"><\/p>\n<p>\t\t<\/button><\/figure>\n<h3 class=\"wp-block-heading\">Robe longue en dentelle, 465 \u20ac, Adriana Degreas. <\/h3>\n<p>Disponible sur <a href=\"https:\/\/rstyle.me\/+tKQ7s9qdrHS6CPVLAFmWqw\" target=\"_blank\" rel=\"noreferrer noopener\">mytheresa.com<\/a>.<\/p>\n<\/div>\n<div class=\"wp-block-column is-layout-flow wp-block-column-is-layout-flow\">\n<figure data-wp-context='{\"imageId\":\"69e79c8043a34\"}' data-wp-interactive=\"core\/image\" data-wp-key=\"69e79c8043a34\" class=\"wp-block-image size-full wp-lightbox-container\"><img decoding=\"async\" loading=\"lazy\" width=\"299\" height=\"900\" data-wp-class--hide=\"state.isContentHidden\" data-wp-class--show=\"state.isContentVisible\" data-wp-init=\"callbacks.setButtonStyles\" data-wp-on--click=\"actions.showLightbox\" data-wp-on--load=\"callbacks.setButtonStyles\" data-wp-on-window--resize=\"callbacks.setButtonStyles\" src=\"https:\/\/numero.com\/wp-content\/uploads\/2026\/04\/robe-transparente-de%CC%81collete%CC%81e-tendance-printemps-ete-20264.jpg\" alt=\"robe transparente d\u00e9collet\u00e9e tendance en lam\u00e9 blanc bananhot\" class=\"wp-image-831803\"><button class=\"lightbox-trigger\" type=\"button\" aria-haspopup=\"dialog\" aria-label=\"Agrandir\" data-wp-init=\"callbacks.initTriggerButton\" data-wp-on--click=\"actions.showLightbox\" data-wp-style--right=\"state.imageButtonRight\" data-wp-style--top=\"state.imageButtonTop\"><\/p>\n<p>\t\t<\/button><\/figure>\n<h3 class=\"wp-block-heading\">Robe en lam\u00e9, 175 \u20ac, Bananhot. <\/h3>\n<p>Disponible sur <a href=\"https:\/\/rstyle.me\/+AywuKz2PupwuwB7rAWxOsQ\" target=\"_blank\" rel=\"noreferrer noopener\">mytheresa.com<\/a>.<\/p>\n<\/div>\n<\/div>\n<hr class=\"wp-block-separator has-alpha-channel-opacity\">\n<figure data-wp-context='{\"imageId\":\"69e79c8043e17\"}' data-wp-interactive=\"core\/image\" data-wp-key=\"69e79c8043e17\" class=\"wp-block-image size-full wp-lightbox-container\"><img decoding=\"async\" loading=\"lazy\" width=\"600\" height=\"900\" data-wp-class--hide=\"state.isContentHidden\" data-wp-class--show=\"state.isContentVisible\" data-wp-init=\"callbacks.setButtonStyles\" data-wp-on--click=\"actions.showLightbox\" data-wp-on--load=\"callbacks.setButtonStyles\" data-wp-on-window--resize=\"callbacks.setButtonStyles\" src=\"https:\/\/numero.com\/wp-content\/uploads\/2026\/04\/rick-owens-printemps-ete-2026.jpg\" alt=\"defile rick owens printemps-ete 2026\" class=\"wp-image-832260\"><button class=\"lightbox-trigger\" type=\"button\" aria-haspopup=\"dialog\" aria-label=\"Agrandir\" data-wp-init=\"callbacks.initTriggerButton\" data-wp-on--click=\"actions.showLightbox\" data-wp-style--right=\"state.imageButtonRight\" data-wp-style--top=\"state.imageButtonTop\"><\/p>\n<p>\t\t<\/button><figcaption class=\"wp-element-caption\">Le d\u00e9fil\u00e9 Rick Owens printemps-\u00e9t\u00e9 2026. \u00a9 Owenscorp\/Valerio Mezzanotti.<\/figcaption><\/figure>\n<h2 class=\"wp-block-heading\">La robe transparente bodycon<\/h2>\n<p>Une robe body chez <strong>Skims<\/strong>, une robe lingerie chez <strong>Fleur du Mal<\/strong> ou encore une robe en maille c\u00f4tel\u00e9e grise chez <a href=\"https:\/\/numero.com\/portrait\/rick-owens\/\" target=\"_blank\" rel=\"noreferrer noopener\">Rick Owens<\/a>, pour le <strong>printemps-\u00e9t\u00e9 2026<\/strong>, les marques et maisons d\u00e9clinent<strong> la robe transparente en version bodycon<\/strong>. La raison principale ? Cette pi\u00e8ce exalte les courbes avec plus ou moins de pudeur.<\/p>\n<div class=\"wp-block-columns is-layout-flex wp-container-core-columns-is-layout-9d6595d7 wp-block-columns-is-layout-flex\">\n<div class=\"wp-block-column is-layout-flow wp-block-column-is-layout-flow\">\n<figure data-wp-context='{\"imageId\":\"69e79c80441b2\"}' data-wp-interactive=\"core\/image\" data-wp-key=\"69e79c80441b2\" class=\"wp-block-image size-full wp-lightbox-container\"><img decoding=\"async\" loading=\"lazy\" width=\"428\" height=\"900\" data-wp-class--hide=\"state.isContentHidden\" data-wp-class--show=\"state.isContentVisible\" data-wp-init=\"callbacks.setButtonStyles\" data-wp-on--click=\"actions.showLightbox\" data-wp-on--load=\"callbacks.setButtonStyles\" data-wp-on-window--resize=\"callbacks.setButtonStyles\" src=\"https:\/\/numero.com\/wp-content\/uploads\/2026\/04\/robe-transparente-pres-du-corps-tendance-printemps-ete-20261.jpg\" alt=\"robe body transparente tendance skims\" class=\"wp-image-831852\"><button class=\"lightbox-trigger\" type=\"button\" aria-haspopup=\"dialog\" aria-label=\"Agrandir\" data-wp-init=\"callbacks.initTriggerButton\" data-wp-on--click=\"actions.showLightbox\" data-wp-style--right=\"state.imageButtonRight\" data-wp-style--top=\"state.imageButtonTop\"><\/p>\n<p>\t\t<\/button><\/figure>\n<h3 class=\"wp-block-heading\">Robe body, 188 \u20ac, Skims. <\/h3>\n<p>Disponible sur <a href=\"https:\/\/rstyle.me\/+ACQvbNlXn2wGT8_CTcVKDw\" target=\"_blank\" rel=\"noreferrer noopener\">skims.com<\/a>.<\/p>\n<\/div>\n<div class=\"wp-block-column is-layout-flow wp-block-column-is-layout-flow\">\n<figure data-wp-context='{\"imageId\":\"69e79c8044501\"}' data-wp-interactive=\"core\/image\" data-wp-key=\"69e79c8044501\" class=\"wp-block-image size-full wp-lightbox-container\"><img decoding=\"async\" loading=\"lazy\" width=\"473\" height=\"900\" data-wp-class--hide=\"state.isContentHidden\" data-wp-class--show=\"state.isContentVisible\" data-wp-init=\"callbacks.setButtonStyles\" data-wp-on--click=\"actions.showLightbox\" data-wp-on--load=\"callbacks.setButtonStyles\" data-wp-on-window--resize=\"callbacks.setButtonStyles\" src=\"https:\/\/numero.com\/wp-content\/uploads\/2026\/04\/robe-transparente-pres-du-corps-tendance-printemps-ete-20262.jpg\" alt=\"robe transparente en dentelle noire tendance fleur du mal \" class=\"wp-image-831854\"><button class=\"lightbox-trigger\" type=\"button\" aria-haspopup=\"dialog\" aria-label=\"Agrandir\" data-wp-init=\"callbacks.initTriggerButton\" data-wp-on--click=\"actions.showLightbox\" data-wp-style--right=\"state.imageButtonRight\" data-wp-style--top=\"state.imageButtonTop\"><\/p>\n<p>\t\t<\/button><\/figure>\n<h3 class=\"wp-block-heading\">Robe en dentelle, 125 \u20ac, Fleur du Mal. <\/h3>\n<p>Disponible sur <a href=\"https:\/\/rstyle.me\/+3UiV6akmIDG5WhGRFSsOGw\" target=\"_blank\" rel=\"noreferrer noopener\">fleurdumal.com<\/a>.<\/p>\n<\/div>\n<\/div>\n<div class=\"wp-block-columns is-layout-flex wp-container-core-columns-is-layout-9d6595d7 wp-block-columns-is-layout-flex\">\n<div class=\"wp-block-column is-layout-flow wp-block-column-is-layout-flow\">\n<figure data-wp-context='{\"imageId\":\"69e79c80448cd\"}' data-wp-interactive=\"core\/image\" data-wp-key=\"69e79c80448cd\" class=\"wp-block-image size-full wp-lightbox-container\"><img decoding=\"async\" loading=\"lazy\" width=\"336\" height=\"900\" data-wp-class--hide=\"state.isContentHidden\" data-wp-class--show=\"state.isContentVisible\" data-wp-init=\"callbacks.setButtonStyles\" data-wp-on--click=\"actions.showLightbox\" data-wp-on--load=\"callbacks.setButtonStyles\" data-wp-on-window--resize=\"callbacks.setButtonStyles\" src=\"https:\/\/numero.com\/wp-content\/uploads\/2026\/04\/robe-transparente-pres-du-corps-tendance-printemps-ete-20263.jpg\" alt=\"robe longue transparente tendance loulou de saison \" class=\"wp-image-831856\"><button class=\"lightbox-trigger\" type=\"button\" aria-haspopup=\"dialog\" aria-label=\"Agrandir\" data-wp-init=\"callbacks.initTriggerButton\" data-wp-on--click=\"actions.showLightbox\" data-wp-style--right=\"state.imageButtonRight\" data-wp-style--top=\"state.imageButtonTop\"><\/p>\n<p>\t\t<\/button><\/figure>\n<h3 class=\"wp-block-heading\">Robe longue c\u00f4tel\u00e9e, 374 \u20ac, LouLou de Saison. <\/h3>\n<p>Disponible sur <a href=\"https:\/\/rstyle.me\/+2tYKBPgLpRahYnscWzCHzw\" target=\"_blank\" rel=\"noreferrer noopener\">farfetch.com<\/a>.<\/p>\n<\/div>\n<div class=\"wp-block-column is-layout-flow wp-block-column-is-layout-flow\">\n<figure data-wp-context='{\"imageId\":\"69e79c8044c22\"}' data-wp-interactive=\"core\/image\" data-wp-key=\"69e79c8044c22\" class=\"wp-block-image size-full wp-lightbox-container\"><img decoding=\"async\" loading=\"lazy\" width=\"444\" height=\"900\" data-wp-class--hide=\"state.isContentHidden\" data-wp-class--show=\"state.isContentVisible\" data-wp-init=\"callbacks.setButtonStyles\" data-wp-on--click=\"actions.showLightbox\" data-wp-on--load=\"callbacks.setButtonStyles\" data-wp-on-window--resize=\"callbacks.setButtonStyles\" src=\"https:\/\/numero.com\/wp-content\/uploads\/2026\/04\/robe-transparente-pres-du-corps-tendance-printemps-ete-20264.jpg\" alt=\"robe transparente tendance rick owens  \" class=\"wp-image-831858\"><button class=\"lightbox-trigger\" type=\"button\" aria-haspopup=\"dialog\" aria-label=\"Agrandir\" data-wp-init=\"callbacks.initTriggerButton\" data-wp-on--click=\"actions.showLightbox\" data-wp-style--right=\"state.imageButtonRight\" data-wp-style--top=\"state.imageButtonTop\"><\/p>\n<p>\t\t<\/button><\/figure>\n<h3 class=\"wp-block-heading\">Robe transparente, 354 \u20ac, Rick Owens. <\/h3>\n<p>Disponible sur <a href=\"https:\/\/rstyle.me\/+qCmnTRJCU0qUlkYcNwpsnA\" target=\"_blank\" rel=\"noreferrer noopener\">farfetch.com<\/a>.<\/p>\n<\/div>\n<\/div>\n<div class=\"wp-block-columns is-layout-flex wp-container-core-columns-is-layout-9d6595d7 wp-block-columns-is-layout-flex\">\n<div class=\"wp-block-column is-layout-flow wp-block-column-is-layout-flow\">\n<figure data-wp-context='{\"imageId\":\"69e79c8044ff9\"}' data-wp-interactive=\"core\/image\" data-wp-key=\"69e79c8044ff9\" class=\"wp-block-image size-large wp-lightbox-container\"><img decoding=\"async\" loading=\"lazy\" width=\"683\" height=\"1024\" data-wp-class--hide=\"state.isContentHidden\" data-wp-class--show=\"state.isContentVisible\" data-wp-init=\"callbacks.setButtonStyles\" data-wp-on--click=\"actions.showLightbox\" data-wp-on--load=\"callbacks.setButtonStyles\" data-wp-on-window--resize=\"callbacks.setButtonStyles\" src=\"https:\/\/numero.com\/wp-content\/uploads\/2026\/04\/robe-trnasparente-cos--683x1024.png\" alt class=\"wp-image-832807\"><button class=\"lightbox-trigger\" type=\"button\" aria-haspopup=\"dialog\" aria-label=\"Agrandir\" data-wp-init=\"callbacks.initTriggerButton\" data-wp-on--click=\"actions.showLightbox\" data-wp-style--right=\"state.imageButtonRight\" data-wp-style--top=\"state.imageButtonTop\"><\/p>\n<p>\t\t<\/button><\/figure>\n<h3 class=\"wp-block-heading\">Robe en maille de dentelle blanche, 149 \u20ac, Cos.<\/h3>\n<p>Disponible sur <a href=\"https:\/\/rstyle.me\/+1GCC7_zL4OptXPkU22a7Sw\">cos.com<\/a>.<\/p>\n<\/div>\n<div class=\"wp-block-column is-layout-flow wp-block-column-is-layout-flow\"><\/div>\n<\/div><\/div>\n<\/p><\/div>\n<div class=\"col-lg-3\">\n<div class=\"suggested-posts padding-top-s\">\n<div class=\"title\">Recommand\u00e9<\/div>\n<div class=\"post-card\">\n\t\t\t\t\t\t\t\t\t\t<a class=\"post-link d-flex\" href=\"https:\/\/numero.com\/mode\/5-looks-hm-pour-etre-tendance-au-printemps-2026\/\"><\/p>\n<div class=\"container-img\">\n\t\t\t\t\t\t\t\t\t\t\t\t<img decoding=\"async\" width=\"640\" height=\"906\" src=\"https:\/\/numero.com\/wp-content\/uploads\/2026\/03\/HM-looks-tendance-printemps-ete-2026-HM-Spring-26-campaign-8-768x1087.jpg\" class=\"img-fluid\" alt loading=\"lazy\">\t\t\t\t\t\t\t\t\t\t\t\t<\/p>\n<p class=\"number\">30<\/p>\n<\/p><\/div>\n<div class=\"card-info d-flex\">\n<div>\n<p class=\"cat-title\">Mode<\/p>\n<h3 class=\"post-title\">5 looks H&amp;M qu\u2019on va vouloir porter ce printemps<\/h3>\n<\/p><\/div>\n<p class=\"date\">\n\t\t\t\t\t\t\t\t\t\t\t\t\t30 mars 2026\t\t\t\t\t\t\t\t\t\t\t\t<\/p>\n<\/p><\/div>\n<p>\t\t\t\t\t\t\t\t\t\t<\/a>\n\t\t\t\t\t\t\t\t\t<\/div>\n<div class=\"post-card\">\n\t\t\t\t\t\t\t\t\t\t<a class=\"post-link d-flex\" href=\"https:\/\/numero.com\/mode\/jeans-slim-et-skinny-tendance\/\"><\/p>\n<div class=\"container-img\">\n\t\t\t\t\t\t\t\t\t\t\t\t<img decoding=\"async\" width=\"640\" height=\"804\" src=\"https:\/\/numero.com\/wp-content\/uploads\/2026\/01\/thumb-kate-moss-jean-slim-768x965.jpg\" class=\"img-fluid\" alt=\"kate moss en jean slim noir\" loading=\"lazy\">\t\t\t\t\t\t\t\t\t\t\t\t<\/p>\n<p class=\"number\">13<\/p>\n<\/p><\/div>\n<div class=\"card-info d-flex\">\n<div>\n<p class=\"cat-title\">Mode<\/p>\n<h3 class=\"post-title\">Le jean slim amorce son retour de 2026<\/h3>\n<\/p><\/div>\n<p class=\"date\">\n\t\t\t\t\t\t\t\t\t\t\t\t\t13 jan 2026\t\t\t\t\t\t\t\t\t\t\t\t<\/p>\n<\/p><\/div>\n<p>\t\t\t\t\t\t\t\t\t\t<\/a>\n\t\t\t\t\t\t\t\t\t<\/div>\n<div class=\"post-card\">\n\t\t\t\t\t\t\t\t\t\t<a class=\"post-link d-flex\" href=\"https:\/\/numero.com\/mode\/manteaux-intemporels-dans-lesquels-investir\/\"><\/p>\n<div class=\"container-img\">\n\t\t\t\t\t\t\t\t\t\t\t\t<img decoding=\"async\" width=\"640\" height=\"804\" src=\"https:\/\/numero.com\/wp-content\/uploads\/2024\/01\/rihanna-manteau-laine-768x965.jpg\" class=\"img-fluid\" alt=\"rihanna en manteau en laine ceintur\u00e9\" loading=\"lazy\">\t\t\t\t\t\t\t\t\t\t\t\t<\/p>\n<p class=\"number\">5<\/p>\n<\/p><\/div>\n<div class=\"card-info d-flex\">\n<div>\n<p class=\"cat-title\">Mode<\/p>\n<h3 class=\"post-title\">12 manteaux intemporels dans lesquels investir<\/h3>\n<\/p><\/div>\n<p class=\"date\">\n\t\t\t\t\t\t\t\t\t\t\t\t\t5 jan 2026\t\t\t\t\t\t\t\t\t\t\t\t<\/p>\n<\/p><\/div>\n<p>\t\t\t\t\t\t\t\t\t\t<\/a>\n\t\t\t\t\t\t\t\t\t<\/div>\n<div class=\"post-card\">\n\t\t\t\t\t\t\t\t\t\t<a class=\"post-link d-flex\" href=\"https:\/\/numero.com\/mode\/le-cardigan-tendance-phare-du-printemps-ete-2026\/\"><\/p>\n<div class=\"container-img\">\n\t\t\t\t\t\t\t\t\t\t\t\t<img decoding=\"async\" width=\"640\" height=\"804\" src=\"https:\/\/numero.com\/wp-content\/uploads\/2026\/04\/thumb-bella-hadid-cardigan-768x965.jpg\" class=\"img-fluid\" alt=\"bella hadid en cardigan\" loading=\"lazy\">\t\t\t\t\t\t\t\t\t\t\t\t<\/p>\n<p class=\"number\">8<\/p>\n<\/p><\/div>\n<div class=\"card-info d-flex\">\n<div>\n<p class=\"cat-title\">Mode<\/p>\n<h3 class=\"post-title\">Le cardigan, la pi\u00e8ce tendance adoub\u00e9e par Rosal\u00eda et Pamela Anderson<\/h3>\n<\/p><\/div>\n<p class=\"date\">\n\t\t\t\t\t\t\t\t\t\t\t\t\t8 avr 2026\t\t\t\t\t\t\t\t\t\t\t\t<\/p>\n<\/p><\/div>\n<p>\t\t\t\t\t\t\t\t\t\t<\/a>\n\t\t\t\t\t\t\t\t\t<\/div>\n<\/p><\/div>\n<\/p><\/div>\n<\/p><\/div>\n<div class=\"padding-top-s\">\n<div class=\"ad banner desktop\">\n<div class=\"container\">\n<div class=\"row\">\n            <!-- \/21730003857\/numero-ad-unit\/numero-banner-1 --><\/p>\n<div id=\"div-gpt-ad-1757006327907-0\" style=\"min-width: 350px\">\n<p>                    googletag.cmd.push(function () {<br \/>\n                        googletag.display(&#8216;div-gpt-ad-1757006327907-0&#8217;);<br \/>\n                    });<\/p><\/div>\n<\/p><\/div>\n<\/p><\/div>\n<\/div><\/div>\n<\/p><\/div>\n<\/section>\n<p>        <button class=\"btn-newsletter btn-outline-white my-5\" id=\"open-modal-newsletter\">Inscrivez-vous \u00e0 la newsletter<\/button>\t\t<\/p>\n<section class=\"related-posts post-list padding-top-m padding-bottom-s\">\n<div class=\"container\">\n<h2 class=\"title mx-auto\">\u00c0 lire aussi<\/h2>\n<div class=\"row\">\n<div class=\"col-lg-3\">\n<div class=\"post-card desktop\">\n\t\t\t\t\t\t\t\t\t\t<a class=\"post-link\" href=\"https:\/\/numero.com\/mode\/mules-tendance-printemps-ete-2026\/\"><\/p>\n<div class=\"container-img\">\n\t\t\t\t\t\t\t\t\t\t\t\t<img decoding=\"async\" width=\"640\" height=\"804\" src=\"https:\/\/numero.com\/wp-content\/uploads\/2025\/04\/thumb-bella-hadid-mules-tendance-2025-768x965.jpg\" class=\"img-fluid\" alt=\"bella hadid mules lac\u00e9es cuir noir\" loading=\"lazy\">\t\t\t\t\t\t\t\t\t\t\t\t<\/p>\n<div class=\"number\">15<\/div>\n<\/p><\/div>\n<div class=\"card-info\">\n<div class=\"meta d-flex justify-content-between\">\n<p class=\"cat-title\">Mode<\/p>\n<p class=\"date\">\n\t\t\t\t\t\t\t\t\t\t\t\t\t\t15 avr 2026\t\t\t\t\t\t\t\t\t\t\t\t\t<\/p>\n<\/p><\/div>\n<div class=\"post-title\">Nos paires de mules pr\u00e9f\u00e9r\u00e9es de la saison<\/div>\n<\/p><\/div>\n<p>\t\t\t\t\t\t\t\t\t\t<\/a>\n\t\t\t\t\t\t\t\t\t<\/div>\n<div class=\"post-card mobile\">\n\t\t\t\t\t\t\t\t\t\t<a class=\"post-link d-flex\" href=\"https:\/\/numero.com\/mode\/mules-tendance-printemps-ete-2026\/\"><\/p>\n<div class=\"container-img\">\n\t\t\t\t\t\t\t\t\t\t\t\t<img decoding=\"async\" width=\"640\" height=\"804\" src=\"https:\/\/numero.com\/wp-content\/uploads\/2025\/04\/thumb-bella-hadid-mules-tendance-2025-768x965.jpg\" class=\"img-fluid\" alt=\"bella hadid mules lac\u00e9es cuir noir\" loading=\"lazy\">\t\t\t\t\t\t\t\t\t\t\t\t<\/p>\n<div class=\"number\">15<\/div>\n<\/p><\/div>\n<div class=\"card-info d-flex\">\n<div>\n<p class=\"cat-title\">Mode<\/p>\n<h3 class=\"post-title\">Nos paires de mules pr\u00e9f\u00e9r\u00e9es de la saison<\/h3>\n<\/p><\/div>\n<p class=\"date\">\n\t\t\t\t\t\t\t\t\t\t\t\t\t15 avr 2026\t\t\t\t\t\t\t\t\t\t\t\t<\/p>\n<\/p><\/div>\n<p>\t\t\t\t\t\t\t\t\t\t<\/a>\n\t\t\t\t\t\t\t\t\t<\/div>\n<\/p><\/div>\n<div class=\"col-lg-3\">\n<div class=\"post-card desktop\">\n\t\t\t\t\t\t\t\t\t\t<a class=\"post-link\" href=\"https:\/\/numero.com\/mode\/le-soutien-gorge-apparent-star-du-printemps-ete-2026\/\"><\/p>\n<div class=\"container-img\">\n\t\t\t\t\t\t\t\t\t\t\t\t<img decoding=\"async\" width=\"640\" height=\"804\" src=\"https:\/\/numero.com\/wp-content\/uploads\/2026\/04\/thumb-soutien-gorge-tendance-768x965.jpg\" class=\"img-fluid\" alt=\"le defile prada printemps-\u00e9t\u00e9 2026\" loading=\"lazy\">\t\t\t\t\t\t\t\t\t\t\t\t<\/p>\n<div class=\"number\">14<\/div>\n<\/p><\/div>\n<div class=\"card-info\">\n<div class=\"meta d-flex justify-content-between\">\n<p class=\"cat-title\">Mode<\/p>\n<p class=\"date\">\n\t\t\t\t\t\t\t\t\t\t\t\t\t\t14 avr 2026\t\t\t\t\t\t\t\t\t\t\t\t\t<\/p>\n<\/p><\/div>\n<div class=\"post-title\">Comment assumer la tendance du soutien-gorge apparent ?<\/div>\n<\/p><\/div>\n<p>\t\t\t\t\t\t\t\t\t\t<\/a>\n\t\t\t\t\t\t\t\t\t<\/div>\n<div class=\"post-card mobile\">\n\t\t\t\t\t\t\t\t\t\t<a class=\"post-link d-flex\" href=\"https:\/\/numero.com\/mode\/le-soutien-gorge-apparent-star-du-printemps-ete-2026\/\"><\/p>\n<div class=\"container-img\">\n\t\t\t\t\t\t\t\t\t\t\t\t<img decoding=\"async\" width=\"640\" height=\"804\" src=\"https:\/\/numero.com\/wp-content\/uploads\/2026\/04\/thumb-soutien-gorge-tendance-768x965.jpg\" class=\"img-fluid\" alt=\"le defile prada printemps-\u00e9t\u00e9 2026\" loading=\"lazy\">\t\t\t\t\t\t\t\t\t\t\t\t<\/p>\n<div class=\"number\">14<\/div>\n<\/p><\/div>\n<div class=\"card-info d-flex\">\n<div>\n<p class=\"cat-title\">Mode<\/p>\n<h3 class=\"post-title\">Comment assumer la tendance du soutien-gorge apparent ?<\/h3>\n<\/p><\/div>\n<p class=\"date\">\n\t\t\t\t\t\t\t\t\t\t\t\t\t14 avr 2026\t\t\t\t\t\t\t\t\t\t\t\t<\/p>\n<\/p><\/div>\n<p>\t\t\t\t\t\t\t\t\t\t<\/a>\n\t\t\t\t\t\t\t\t\t<\/div>\n<\/p><\/div>\n<div class=\"col-lg-3\">\n<div class=\"post-card desktop\">\n\t\t\t\t\t\t\t\t\t\t<a class=\"post-link\" href=\"https:\/\/numero.com\/mode\/les-trenchs-tendance-reperes-par-numero\/\"><\/p>\n<div class=\"container-img\">\n\t\t\t\t\t\t\t\t\t\t\t\t<img decoding=\"async\" width=\"640\" height=\"804\" src=\"https:\/\/numero.com\/wp-content\/uploads\/2024\/09\/thumb-hailey-bieber-trench-tendance-768x965.jpg\" class=\"img-fluid\" alt=\"hailey bieber trenchs tendance\" loading=\"lazy\">\t\t\t\t\t\t\t\t\t\t\t\t<\/p>\n<div class=\"number\">14<\/div>\n<\/p><\/div>\n<div class=\"card-info\">\n<div class=\"meta d-flex justify-content-between\">\n<p class=\"cat-title\">Mode<\/p>\n<p class=\"date\">\n\t\t\t\t\t\t\t\t\t\t\t\t\t\t14 avr 2026\t\t\t\t\t\t\t\t\t\t\t\t\t<\/p>\n<\/p><\/div>\n<div class=\"post-title\">16 trenchs sur lesquels miser pour le printemps<\/div>\n<\/p><\/div>\n<p>\t\t\t\t\t\t\t\t\t\t<\/a>\n\t\t\t\t\t\t\t\t\t<\/div>\n<div class=\"post-card mobile\">\n\t\t\t\t\t\t\t\t\t\t<a class=\"post-link d-flex\" href=\"https:\/\/numero.com\/mode\/les-trenchs-tendance-reperes-par-numero\/\"><\/p>\n<div class=\"container-img\">\n\t\t\t\t\t\t\t\t\t\t\t\t<img decoding=\"async\" width=\"640\" height=\"804\" src=\"https:\/\/numero.com\/wp-content\/uploads\/2024\/09\/thumb-hailey-bieber-trench-tendance-768x965.jpg\" class=\"img-fluid\" alt=\"hailey bieber trenchs tendance\" loading=\"lazy\">\t\t\t\t\t\t\t\t\t\t\t\t<\/p>\n<div class=\"number\">14<\/div>\n<\/p><\/div>\n<div class=\"card-info d-flex\">\n<div>\n<p class=\"cat-title\">Mode<\/p>\n<h3 class=\"post-title\">16 trenchs sur lesquels miser pour le printemps<\/h3>\n<\/p><\/div>\n<p class=\"date\">\n\t\t\t\t\t\t\t\t\t\t\t\t\t14 avr 2026\t\t\t\t\t\t\t\t\t\t\t\t<\/p>\n<\/p><\/div>\n<p>\t\t\t\t\t\t\t\t\t\t<\/a>\n\t\t\t\t\t\t\t\t\t<\/div>\n<\/p><\/div>\n<div class=\"col-lg-3\">\n<div class=\"post-card desktop\">\n\t\t\t\t\t\t\t\t\t\t<a class=\"post-link\" href=\"https:\/\/numero.com\/mode\/le-cardigan-tendance-phare-du-printemps-ete-2026\/\"><\/p>\n<div class=\"container-img\">\n\t\t\t\t\t\t\t\t\t\t\t\t<img decoding=\"async\" width=\"640\" height=\"804\" src=\"https:\/\/numero.com\/wp-content\/uploads\/2026\/04\/thumb-bella-hadid-cardigan-768x965.jpg\" class=\"img-fluid\" alt=\"bella hadid en cardigan\" loading=\"lazy\">\t\t\t\t\t\t\t\t\t\t\t\t<\/p>\n<div class=\"number\">08<\/div>\n<\/p><\/div>\n<div class=\"card-info\">\n<div class=\"meta d-flex justify-content-between\">\n<p class=\"cat-title\">Mode<\/p>\n<p class=\"date\">\n\t\t\t\t\t\t\t\t\t\t\t\t\t\t8 avr 2026\t\t\t\t\t\t\t\t\t\t\t\t\t<\/p>\n<\/p><\/div>\n<div class=\"post-title\">Le cardigan, la pi\u00e8ce tendance adoub\u00e9e par Rosal\u00eda et Pamela Anderson<\/div>\n<\/p><\/div>\n<p>\t\t\t\t\t\t\t\t\t\t<\/a>\n\t\t\t\t\t\t\t\t\t<\/div>\n<div class=\"post-card mobile\">\n\t\t\t\t\t\t\t\t\t\t<a class=\"post-link d-flex\" href=\"https:\/\/numero.com\/mode\/le-cardigan-tendance-phare-du-printemps-ete-2026\/\"><\/p>\n<div class=\"container-img\">\n\t\t\t\t\t\t\t\t\t\t\t\t<img decoding=\"async\" width=\"640\" height=\"804\" src=\"https:\/\/numero.com\/wp-content\/uploads\/2026\/04\/thumb-bella-hadid-cardigan-768x965.jpg\" class=\"img-fluid\" alt=\"bella hadid en cardigan\" loading=\"lazy\">\t\t\t\t\t\t\t\t\t\t\t\t<\/p>\n<div class=\"number\">08<\/div>\n<\/p><\/div>\n<div class=\"card-info d-flex\">\n<div>\n<p class=\"cat-title\">Mode<\/p>\n<h3 class=\"post-title\">Le cardigan, la pi\u00e8ce tendance adoub\u00e9e par Rosal\u00eda et Pamela Anderson<\/h3>\n<\/p><\/div>\n<p class=\"date\">\n\t\t\t\t\t\t\t\t\t\t\t\t\t8 avr 2026\t\t\t\t\t\t\t\t\t\t\t\t<\/p>\n<\/p><\/div>\n<p>\t\t\t\t\t\t\t\t\t\t<\/a>\n\t\t\t\t\t\t\t\t\t<\/div>\n<\/p><\/div>\n<\/p><\/div>\n<\/p><\/div>\n<\/section>\n<div class=\"padding-bottom-s\">\n<div class=\"ad banner desktop\">\n<div class=\"container\">\n<div class=\"row\">\n            <!-- \/21730003857\/numero-ad-unit\/numero-banner-1 --><\/p>\n<div id=\"div-gpt-ad-1757006327907-0\" style=\"min-width: 350px\">\n<p>                    googletag.cmd.push(function () {<br \/>\n                        googletag.display(&#8216;div-gpt-ad-1757006327907-0&#8217;);<br \/>\n                    });<\/p><\/div>\n<\/p><\/div>\n<\/p><\/div>\n<\/div><\/div>\n<\/p><\/div>\n","protected":false},"excerpt":{"rendered":"<p>21 21 googletag.cmd.push(function () { googletag.display(&#8216;div-gpt-ad-1757063143832-0&#8217;); }); Lien copi\u00e9 Mode 21 avr 2026 Sur quelle pi\u00e8ce miser pour adopter la tendance de la robe transparente ? Souvent v\u00eatue de looks pointus, Lily-Rose Depp a \u00e9t\u00e9 photographi\u00e9e il y a peu dans une robe transparente sign\u00e9e Chanel haute couture. Ainsi, le ton est donn\u00e9 : la [&hellip;]<\/p>\n","protected":false},"author":1,"featured_media":0,"comment_status":"open","ping_status":"","sticky":false,"template":"","format":"standard","meta":{"footnotes":""},"categories":[1],"tags":[226,258],"class_list":["post-1894626","post","type-post","status-publish","format-standard","hentry","category-uncategorized","tag-crawlmanager","tag-numero-com"],"_links":{"self":[{"href":"https:\/\/analyse.optim.biz\/index.php?rest_route=\/wp\/v2\/posts\/1894626","targetHints":{"allow":["GET"]}}],"collection":[{"href":"https:\/\/analyse.optim.biz\/index.php?rest_route=\/wp\/v2\/posts"}],"about":[{"href":"https:\/\/analyse.optim.biz\/index.php?rest_route=\/wp\/v2\/types\/post"}],"author":[{"embeddable":true,"href":"https:\/\/analyse.optim.biz\/index.php?rest_route=\/wp\/v2\/users\/1"}],"replies":[{"embeddable":true,"href":"https:\/\/analyse.optim.biz\/index.php?rest_route=%2Fwp%2Fv2%2Fcomments&post=1894626"}],"version-history":[{"count":0,"href":"https:\/\/analyse.optim.biz\/index.php?rest_route=\/wp\/v2\/posts\/1894626\/revisions"}],"wp:attachment":[{"href":"https:\/\/analyse.optim.biz\/index.php?rest_route=%2Fwp%2Fv2%2Fmedia&parent=1894626"}],"wp:term":[{"taxonomy":"category","embeddable":true,"href":"https:\/\/analyse.optim.biz\/index.php?rest_route=%2Fwp%2Fv2%2Fcategories&post=1894626"},{"taxonomy":"post_tag","embeddable":true,"href":"https:\/\/analyse.optim.biz\/index.php?rest_route=%2Fwp%2Fv2%2Ftags&post=1894626"}],"curies":[{"name":"wp","href":"https:\/\/api.w.org\/{rel}","templated":true}]}}