{"id":189460,"date":"2014-12-26T14:25:16","date_gmt":"2014-12-26T11:25:16","guid":{"rendered":"https:\/\/analyse.optim.biz\/?p=189460"},"modified":"2014-12-26T14:25:16","modified_gmt":"2014-12-26T11:25:16","slug":"initiativa-legislativa-pdl-acordarea-de-vouchere-culturale-de-125-de-lei-pentru-bugetari","status":"publish","type":"post","link":"https:\/\/analyse.optim.biz\/?p=189460","title":{"rendered":"Ini\u0163iativ\u0103 legislativ\u0103 PDL: Acordarea de vouchere culturale de 125 de lei pentru bugetari"},"content":{"rendered":"<div class=\"entry data-app-meta data-app-meta-article\" data-embed-base-url-canonical=\"https:\/\/www.digi24.ro\/embed\/stiri\/actualitate\/politica\/initiativa-legislativa-pdl-acordarea-de-vouchere-culturale-de-125-de-lei-pentru-bugetari-339920\">\n<p data-index=\"1\"><img decoding=\"async\" src=\"https:\/\/analyse.optim.biz\/wp-content\/uploads\/2024\/09\/jnc9odawjmhhc2g9ymmwy2jkmtu5yzu3odm1ote0zdc3y2fhztnmmgq1njm-thumb_.jpg\" data-skip-htmlfix=\"1\" title=\"jnc9odawjmhhc2g9ymmwy2jkmtu5yzu3odm1ote0zdc3y2fhztnmmgq1njm-thumb_\"><\/p>\n<p data-index=\"2\"><strong>Claudia Boghicevici<\/strong> arat\u0103 \u00een expunerea de motive la propunerea legislativ\u0103 c\u0103, potrivit unui sondaj Eurobarometru dat publicit\u0103\u0163ii de Comisia European\u0103 \u015fi realizat \u00een perioada 26 aprilie-14 mai 2013, aproximativ 51% dintre rom\u00e2ni au citit o carte \u00een ultimele 12 luni, procent inferior mediei europene, care este de 68%, scrie Mediafax.<\/p>\n<p data-index=\"3\">Ea men\u0163ioneaz\u0103 c\u0103 prin aceast\u0103 propunere dore\u015fte s\u0103 ofere cadrul legal pentru \u015fanse egale \u00een ceea ce prive\u015fte<strong> accesul la cultur\u0103 a<span>l<\/span> angaja\u0163ilor din sistemul bugetar<\/strong> \u015fi s\u0103 stimuleze cre\u015fterea gradului de acces \u015fi participare la cultur\u0103.<\/p>\n<p data-index=\"4\">Boghicevici propune ca acest voucher cultural s\u0103 se acorde o singur\u0103 dat\u0103, <strong>fondurile urm\u00e2nd a se asigura de la bugetul de stat, prin Ministerul Culturii<\/strong>.<\/p>\n<p data-index=\"5\">Potrivit propunerii legislative de acordare a voucherelor culturale, cuantumul acestui voucher care va fi acordat pentru fiecare angajat din sistemul bugetar este stabilit \u00een valoare de 0,5 ISR, respectiv 125 lei.<\/p>\n<p data-index=\"6\">Deputatul PDL mai propune ca <strong>valoarea acestui voucher s\u0103 se actualizeze \u015fi s\u0103 se indexeze, anual, prin hot\u0103r\u00e2re a Guvernului, \u00een func\u0163ie de rata infla\u0163iei<\/strong>.<\/p>\n<p data-index=\"7\">Criteriile de \u00eentocmire, acordare \u015fi repartizare a voucherelor se stabili\u015fte, prin ordin comun, de <span>Ministerul<\/span><span>Culturii<\/span>, Ministerul Finan\u0163elor Pubice \u015fi Ministerul Muncii \u015fi Protec\u0163iei Sociale.<\/p>\n<p data-index=\"8\">Prin normele de aplicare ale legii urmeaz\u0103 s\u0103 se stabileasc\u0103 \u015fi modalitatea prin care fiecare angajat din sistemul bugetar poate folosi suma prev\u0103zut\u0103 de voucher, respectiv pentru achizi\u0163ionarea sau decontarea sumelor cheltuite pentru <strong>c\u0103r\u0163i, bilete la evenimente culturale, bilete la spectacole de teatru, filarmonic\u0103, oper\u0103, sau muzee<\/strong>.<\/p>\n<p data-index=\"9\">Propunerea legislativ\u0103 a fost \u00eenregistrat\u0103 pe 15 decembrie la Camera Deputa\u0163ilor \u015fi a fost transmis\u0103 Senatului, \u00een calitate de prim\u0103 Camer\u0103 sesizat\u0103.<\/p>\n<p data-index=\"10\">\n<\/div>\n<p> Source URL: https:\/\/www.digi24.ro\/stiri\/actualitate\/politica\/initiativa-legislativa-pdl-acordarea-de-vouchere-culturale-de-125-de-lei-pentru-bugetari-339920<\/p>\n","protected":false},"excerpt":{"rendered":"<p>Claudia Boghicevici arat\u0103 \u00een expunerea de motive la propunerea legislativ\u0103 c\u0103, potrivit unui sondaj Eurobarometru dat publicit\u0103\u0163ii de Comisia European\u0103 \u015fi realizat \u00een perioada 26 aprilie-14 mai 2013, aproximativ 51% dintre rom\u00e2ni au citit o carte \u00een ultimele 12 luni, procent inferior mediei europene, care este de 68%, scrie Mediafax. Ea men\u0163ioneaz\u0103 c\u0103 prin aceast\u0103 [&hellip;]<\/p>\n","protected":false},"author":1,"featured_media":189461,"comment_status":"open","ping_status":"","sticky":false,"template":"","format":"standard","meta":{"footnotes":""},"categories":[2],"tags":[11],"class_list":["post-189460","post","type-post","status-publish","format-standard","has-post-thumbnail","hentry","category-politics","tag-digi24"],"_links":{"self":[{"href":"https:\/\/analyse.optim.biz\/index.php?rest_route=\/wp\/v2\/posts\/189460","targetHints":{"allow":["GET"]}}],"collection":[{"href":"https:\/\/analyse.optim.biz\/index.php?rest_route=\/wp\/v2\/posts"}],"about":[{"href":"https:\/\/analyse.optim.biz\/index.php?rest_route=\/wp\/v2\/types\/post"}],"author":[{"embeddable":true,"href":"https:\/\/analyse.optim.biz\/index.php?rest_route=\/wp\/v2\/users\/1"}],"replies":[{"embeddable":true,"href":"https:\/\/analyse.optim.biz\/index.php?rest_route=%2Fwp%2Fv2%2Fcomments&post=189460"}],"version-history":[{"count":0,"href":"https:\/\/analyse.optim.biz\/index.php?rest_route=\/wp\/v2\/posts\/189460\/revisions"}],"wp:featuredmedia":[{"embeddable":true,"href":"https:\/\/analyse.optim.biz\/index.php?rest_route=\/wp\/v2\/media\/189461"}],"wp:attachment":[{"href":"https:\/\/analyse.optim.biz\/index.php?rest_route=%2Fwp%2Fv2%2Fmedia&parent=189460"}],"wp:term":[{"taxonomy":"category","embeddable":true,"href":"https:\/\/analyse.optim.biz\/index.php?rest_route=%2Fwp%2Fv2%2Fcategories&post=189460"},{"taxonomy":"post_tag","embeddable":true,"href":"https:\/\/analyse.optim.biz\/index.php?rest_route=%2Fwp%2Fv2%2Ftags&post=189460"}],"curies":[{"name":"wp","href":"https:\/\/api.w.org\/{rel}","templated":true}]}}