{"id":1894536,"date":"2026-04-21T15:21:50","date_gmt":"2026-04-21T12:21:50","guid":{"rendered":"https:\/\/analyse.optim.biz\/?p=1894536"},"modified":"2026-04-21T15:21:50","modified_gmt":"2026-04-21T12:21:50","slug":"ilie-bolojan-anunta-ca-o-noua-coalitie-cu-psd-e-total-exclusa-nu-am-mandat-sa-negociez-cu-aur","status":"publish","type":"post","link":"https:\/\/analyse.optim.biz\/?p=1894536","title":{"rendered":"Ilie Bolojan anun\u021b\u0103 c\u0103 o nou\u0103 coali\u021bie cu PSD e total exclus\u0103: Nu am mandat s\u0103 negociez cu AUR"},"content":{"rendered":"<p>[analyse_image type=&#8221;featured&#8221; src=&#8221;https:\/\/focustim.ro\/wp-content\/uploads\/2025\/10\/ilie-bolojan-.jpg&#8221;]<\/p>\n<article id=\"post-40045\" class=\"penci-single-artcontent noloaddisqus post-40045 post type-post status-publish format-standard has-post-thumbnail hentry category-actualitate category-featured category-politica tag-ilie-bolojan penci-post-item\">\n<header class=\"entry-header penci-entry-header penci-title-\">\n<div class=\"penci-entry-categories\"><span class=\"penci-cat-links\"><a href=\"https:\/\/focustim.ro\/category\/actualitate\/\" rel=\"category tag\">Actualitate<\/a><a href=\"https:\/\/focustim.ro\/category\/featured\/\" rel=\"category tag\">Featured<\/a><a href=\"https:\/\/focustim.ro\/category\/politica\/\" rel=\"category tag\">Politic\u0103<\/a><\/span><\/div>\n<h1 class=\"entry-title penci-entry-title penci-title-\">Ilie Bolojan anun\u021b\u0103 c\u0103 o nou\u0103 coali\u021bie cu PSD e total exclus\u0103: Nu am mandat s\u0103 negociez cu AUR<\/h1>\n<div class=\"entry-meta penci-entry-meta\"><span class=\"entry-meta-item penci-posted-on\"><time class=\"entry-date published\" datetime=\"2026-04-21T18:21:50+03:00\">21\/04\/2026<\/time><time class=\"updated\" datetime=\"2026-04-21T18:21:52+03:00\">21\/04\/2026<\/time><\/span><span class=\"entry-meta-item penci-comment-count\"><a class=\"penci_pmeta-link\" href=\"https:\/\/focustim.ro\/ilie-bolojan-anunta-ca-o-noua-coalitie-cu-psd-e-total-exclusa-nu-am-mandat-sa-negociez-cu-aur\/#respond\">0<\/a><\/span><\/div>\n<p><span class=\"penci-social-buttons penci-social-share-footer\"><span class=\"penci-social-share-text\">Distribuie<\/span><a href=\"https:\/\/focustim.ro\/ilie-bolojan-anunta-ca-o-noua-coalitie-cu-psd-e-total-exclusa-nu-am-mandat-sa-negociez-cu-aur\/\" class=\"penci-post-like penci_post-meta_item  single-like-button penci-social-item like\" data-post_id=\"40045\" title=\"Like\" data-like=\"Like\" data-unlike=\"Unlike\"><span class=\"penci-share-number\">0<\/span><\/a><\/span><\/header>\n<div class=\"entry-media penci-entry-media\">\n<div class=\"post-format-meta \">\n<div class=\"post-image penci-standard-format\"><img decoding=\"async\" width=\"960\" height=\"539\" src=\"https:\/\/focustim.ro\/wp-content\/uploads\/2025\/10\/ilie-bolojan--960x539.jpg\" class=\"attachment-penci-thumb-960-auto size-penci-thumb-960-auto wp-post-image\" alt loading=\"lazy\"><\/div>\n<\/div>\n<\/div>\n<div class=\"penci-entry-content entry-content\">\n<p><strong>Premierul Ilie Bolojan spune c\u0103 nu are mandat s\u0103 negocieze cu AUR pentru a forma o coali\u021bie majoritar\u0103, de\u0219i PSD a declarat \u00een repetate r\u00e2nduri c\u0103 nu dore\u0219te s\u0103 fac\u0103 o alian\u021b\u0103 cu AUR pentru a guverna. Ilie Bolojan spune \u00eens\u0103 c\u0103 dup\u0103 ce PSD a decis s\u0103 cear\u0103 revocarea lui din fruntea guvernului, \u00eentre PNL \u0219i PSD nu mai e posibil\u0103 o alian\u021b\u0103.<\/strong><\/p>\n<p>\u201eAcum o lun\u0103 de zile am adoptat o decizie prin care, v\u0103z\u00e2nd pa\u0219ii \u0219i ceea ce f\u0103cea Partidul Social-Democrat, am solicitat acestuia \u0219i am f\u0103cut un apel la ra\u021biune pentru a men\u021bine o stabilitate guvernamental\u0103 \u0219i \u00een coali\u021bie \u0219i am avertizat atunci c\u0103 dac\u0103 se va declan\u0219a o criz\u0103 politic\u0103, Partidul Na\u021bional-Liberal nu va mai fi \u00eentr-o coali\u021bie cu PSD. Aceast\u0103 decizie a fost revalidat\u0103 ast\u0103zi\u201d, a spus Ilie\u00a0Bolojan.<\/p>\n<p>\u201eDecizia PNL este s\u0103 nu mai fac\u0103 o coali\u021bie cu Partidul Social-Democrat\u201d.<\/p>\n<p>Ilie\u00a0Bolojan\u00a0spune c\u0103 este vorba de \u201ea rupe un anumit fel de a face politic\u0103 care este unul defavorabil pentru Rom\u00e2nia \u0219i pe care am crezut, la modul cinstit, \u00een aceast\u0103 perioad\u0103, c\u0103 \u00eel putem \u00eendrepta. Iar lucrurile care pentru noi nu sunt negociabile \u021bin de corecta administrare a banului public, de eliminarea risipei, de o guvernare transparent\u0103 \u0219i corect\u0103 cu cet\u0103\u021benii, de a nu mai promite ceea ce nu putem oferi ca stat \u0219i a crea speran\u021be de\u0219arte, de a elimina privilegii \u0219i sinecuri \u0219i de a guverna corect \u0219i cinstit pentru cet\u0103\u021benii no\u0219tri\u201d.<\/p>\n<div class=\"sharedaddy sd-sharing-enabled\">\n<div class=\"robots-nocontent sd-block sd-social sd-social-icon-text sd-sharing\">\n<h3 class=\"sd-title\">Partajeaz\u0103 asta:<\/h3>\n<div class=\"sd-content\">\n<ul>\n<li class=\"share-twitter\"><a rel=\"nofollow noopener noreferrer\" data-shared=\"sharing-twitter-40045\" class=\"share-twitter sd-button share-icon\" href=\"https:\/\/focustim.ro\/ilie-bolojan-anunta-ca-o-noua-coalitie-cu-psd-e-total-exclusa-nu-am-mandat-sa-negociez-cu-aur\/?share=twitter\" target=\"_blank\" title=\"D\u0103 clic pentru a partaja pe Twitter\"><span>Twitter<\/span><\/a><\/li>\n<li class=\"share-facebook\"><a rel=\"nofollow noopener noreferrer\" data-shared=\"sharing-facebook-40045\" class=\"share-facebook sd-button share-icon\" href=\"https:\/\/focustim.ro\/ilie-bolojan-anunta-ca-o-noua-coalitie-cu-psd-e-total-exclusa-nu-am-mandat-sa-negociez-cu-aur\/?share=facebook\" target=\"_blank\" title=\"D\u0103 clic pentru a partaja pe Facebook\"><span>Facebook<\/span><\/a><\/li>\n<li class=\"share-end\"><\/ul>\n<\/div>\n<\/div>\n<\/div>\n<div class=\"sharedaddy sd-block sd-like jetpack-likes-widget-wrapper jetpack-likes-widget-unloaded\" id=\"like-post-wrapper-167025405-40045-69e796278c684\" data-src=\"https:\/\/widgets.wp.com\/likes\/#blog_id=167025405&amp;post_id=40045&amp;origin=focustim.ro&amp;obj_id=167025405-40045-69e796278c684\" data-name=\"like-post-frame-167025405-40045-69e796278c684\" data-title=\"Apreciaz\u0103 sau republic\u0103\">\n<h3 class=\"sd-title\">Apreciaz\u0103:<\/h3>\n<div class=\"likes-widget-placeholder post-likes-widget-placeholder\"><span class=\"button\"><span>Apreciere<\/span><\/span><span class=\"loading\">\u00cencarc&#8230;<\/span><\/div>\n<\/div>\n<\/div>\n<footer class=\"penci-entry-footer\">\n<div class=\"penci-source-via-tags-wrap\"><span class=\"tags-links penci-tags-links\"><a href=\"https:\/\/focustim.ro\/tag\/ilie-bolojan\/\" rel=\"tag\">Ilie Bolojan<\/a><\/span><\/div>\n<p><span class=\"penci-social-buttons penci-social-share-footer\"><span class=\"penci-social-share-text\">Distribuie<\/span><a href=\"https:\/\/focustim.ro\/ilie-bolojan-anunta-ca-o-noua-coalitie-cu-psd-e-total-exclusa-nu-am-mandat-sa-negociez-cu-aur\/\" class=\"penci-post-like penci_post-meta_item  single-like-button penci-social-item like\" data-post_id=\"40045\" title=\"Like\" data-like=\"Like\" data-unlike=\"Unlike\"><span class=\"penci-share-number\">0<\/span><\/a><\/span><\/footer>\n<\/article>\n<div class=\"penci-entry-content entry-content\">\n<p><strong>Premierul Ilie Bolojan spune c\u0103 nu are mandat s\u0103 negocieze cu AUR pentru a forma o coali\u021bie majoritar\u0103, de\u0219i PSD a declarat \u00een repetate r\u00e2nduri c\u0103 nu dore\u0219te s\u0103 fac\u0103 o alian\u021b\u0103 cu AUR pentru a guverna. Ilie Bolojan spune \u00eens\u0103 c\u0103 dup\u0103 ce PSD a decis s\u0103 cear\u0103 revocarea lui din fruntea guvernului, \u00eentre PNL \u0219i PSD nu mai e posibil\u0103 o alian\u021b\u0103.<\/strong><\/p>\n<p>\u201eAcum o lun\u0103 de zile am adoptat o decizie prin care, v\u0103z\u00e2nd pa\u0219ii \u0219i ceea ce f\u0103cea Partidul Social-Democrat, am solicitat acestuia \u0219i am f\u0103cut un apel la ra\u021biune pentru a men\u021bine o stabilitate guvernamental\u0103 \u0219i \u00een coali\u021bie \u0219i am avertizat atunci c\u0103 dac\u0103 se va declan\u0219a o criz\u0103 politic\u0103, Partidul Na\u021bional-Liberal nu va mai fi \u00eentr-o coali\u021bie cu PSD. Aceast\u0103 decizie a fost revalidat\u0103 ast\u0103zi\u201d, a spus Ilie\u00a0Bolojan.<\/p>\n<p>\u201eDecizia PNL este s\u0103 nu mai fac\u0103 o coali\u021bie cu Partidul Social-Democrat\u201d.<\/p>\n<p>Ilie\u00a0Bolojan\u00a0spune c\u0103 este vorba de \u201ea rupe un anumit fel de a face politic\u0103 care este unul defavorabil pentru Rom\u00e2nia \u0219i pe care am crezut, la modul cinstit, \u00een aceast\u0103 perioad\u0103, c\u0103 \u00eel putem \u00eendrepta. Iar lucrurile care pentru noi nu sunt negociabile \u021bin de corecta administrare a banului public, de eliminarea risipei, de o guvernare transparent\u0103 \u0219i corect\u0103 cu cet\u0103\u021benii, de a nu mai promite ceea ce nu putem oferi ca stat \u0219i a crea speran\u021be de\u0219arte, de a elimina privilegii \u0219i sinecuri \u0219i de a guverna corect \u0219i cinstit pentru cet\u0103\u021benii no\u0219tri\u201d.<\/p>\n<div class=\"sharedaddy sd-sharing-enabled\">\n<div class=\"robots-nocontent sd-block sd-social sd-social-icon-text sd-sharing\">\n<h3 class=\"sd-title\">Partajeaz\u0103 asta:<\/h3>\n<div class=\"sd-content\">\n<ul>\n<li class=\"share-twitter\"><a rel=\"nofollow noopener noreferrer\" data-shared=\"sharing-twitter-40045\" class=\"share-twitter sd-button share-icon\" href=\"https:\/\/focustim.ro\/ilie-bolojan-anunta-ca-o-noua-coalitie-cu-psd-e-total-exclusa-nu-am-mandat-sa-negociez-cu-aur\/?share=twitter\" target=\"_blank\" title=\"D\u0103 clic pentru a partaja pe Twitter\"><span>Twitter<\/span><\/a><\/li>\n<li class=\"share-facebook\"><a rel=\"nofollow noopener noreferrer\" data-shared=\"sharing-facebook-40045\" class=\"share-facebook sd-button share-icon\" href=\"https:\/\/focustim.ro\/ilie-bolojan-anunta-ca-o-noua-coalitie-cu-psd-e-total-exclusa-nu-am-mandat-sa-negociez-cu-aur\/?share=facebook\" target=\"_blank\" title=\"D\u0103 clic pentru a partaja pe Facebook\"><span>Facebook<\/span><\/a><\/li>\n<li class=\"share-end\"><\/ul>\n<\/div>\n<\/div>\n<\/div>\n<div class=\"sharedaddy sd-block sd-like jetpack-likes-widget-wrapper jetpack-likes-widget-unloaded\" id=\"like-post-wrapper-167025405-40045-69e796278c684\" data-src=\"https:\/\/widgets.wp.com\/likes\/#blog_id=167025405&amp;post_id=40045&amp;origin=focustim.ro&amp;obj_id=167025405-40045-69e796278c684\" data-name=\"like-post-frame-167025405-40045-69e796278c684\" data-title=\"Apreciaz\u0103 sau republic\u0103\">\n<h3 class=\"sd-title\">Apreciaz\u0103:<\/h3>\n<div class=\"likes-widget-placeholder post-likes-widget-placeholder\"><span class=\"button\"><span>Apreciere<\/span><\/span><span class=\"loading\">\u00cencarc&#8230;<\/span><\/div>\n<\/div>\n<\/div>\n<p>[analyse_source url=&#8221;https:\/\/focustim.ro\/ilie-bolojan-anunta-ca-o-noua-coalitie-cu-psd-e-total-exclusa-nu-am-mandat-sa-negociez-cu-aur\/&#8221;]<\/p>\n","protected":false},"excerpt":{"rendered":"<p>[analyse_image type=&#8221;featured&#8221; src=&#8221;https:\/\/focustim.ro\/wp-content\/uploads\/2025\/10\/ilie-bolojan-.jpg&#8221;] ActualitateFeaturedPolitic\u0103 Ilie Bolojan anun\u021b\u0103 c\u0103 o nou\u0103 coali\u021bie cu PSD e total exclus\u0103: Nu am mandat s\u0103 negociez cu AUR 21\/04\/202621\/04\/20260 Distribuie0 Premierul Ilie Bolojan spune c\u0103 nu are mandat s\u0103 negocieze cu AUR pentru a forma o coali\u021bie majoritar\u0103, de\u0219i PSD a declarat \u00een repetate r\u00e2nduri c\u0103 nu dore\u0219te s\u0103 fac\u0103 [&hellip;]<\/p>\n","protected":false},"author":1,"featured_media":0,"comment_status":"open","ping_status":"","sticky":false,"template":"","format":"standard","meta":{"footnotes":""},"categories":[89],"tags":[226,197],"class_list":["post-1894536","post","type-post","status-publish","format-standard","hentry","category-romania","tag-crawlmanager","tag-focustim-ro"],"_links":{"self":[{"href":"https:\/\/analyse.optim.biz\/index.php?rest_route=\/wp\/v2\/posts\/1894536","targetHints":{"allow":["GET"]}}],"collection":[{"href":"https:\/\/analyse.optim.biz\/index.php?rest_route=\/wp\/v2\/posts"}],"about":[{"href":"https:\/\/analyse.optim.biz\/index.php?rest_route=\/wp\/v2\/types\/post"}],"author":[{"embeddable":true,"href":"https:\/\/analyse.optim.biz\/index.php?rest_route=\/wp\/v2\/users\/1"}],"replies":[{"embeddable":true,"href":"https:\/\/analyse.optim.biz\/index.php?rest_route=%2Fwp%2Fv2%2Fcomments&post=1894536"}],"version-history":[{"count":0,"href":"https:\/\/analyse.optim.biz\/index.php?rest_route=\/wp\/v2\/posts\/1894536\/revisions"}],"wp:attachment":[{"href":"https:\/\/analyse.optim.biz\/index.php?rest_route=%2Fwp%2Fv2%2Fmedia&parent=1894536"}],"wp:term":[{"taxonomy":"category","embeddable":true,"href":"https:\/\/analyse.optim.biz\/index.php?rest_route=%2Fwp%2Fv2%2Fcategories&post=1894536"},{"taxonomy":"post_tag","embeddable":true,"href":"https:\/\/analyse.optim.biz\/index.php?rest_route=%2Fwp%2Fv2%2Ftags&post=1894536"}],"curies":[{"name":"wp","href":"https:\/\/api.w.org\/{rel}","templated":true}]}}