{"id":1894535,"date":"2026-04-21T14:32:48","date_gmt":"2026-04-21T11:32:48","guid":{"rendered":"https:\/\/analyse.optim.biz\/?p=1894535"},"modified":"2026-04-21T14:32:48","modified_gmt":"2026-04-21T11:32:48","slug":"sorin-grindeanu-anunta-ca-psd-nu-exclude-o-motiune-de-cenzura-ca-sa-il-dea-hoc-pe-ilie-bolojan","status":"publish","type":"post","link":"https:\/\/analyse.optim.biz\/?p=1894535","title":{"rendered":"Sorin Grindeanu anun\u021b\u0103 c\u0103 PSD nu exclude o mo\u021biune de cenzur\u0103 ca s\u0103 \u00eel dea hoc pe Ilie Bolojan"},"content":{"rendered":"<p>[analyse_image type=&#8221;featured&#8221; src=&#8221;https:\/\/focustim.ro\/wp-content\/uploads\/2019\/12\/grindeanu.jpg&#8221;]<\/p>\n<article id=\"post-40043\" class=\"penci-single-artcontent noloaddisqus post-40043 post type-post status-publish format-standard has-post-thumbnail hentry category-actualitate category-featured category-politica tag-motiune tag-sorin-grindeanu penci-post-item\">\n<header class=\"entry-header penci-entry-header penci-title-\">\n<div class=\"penci-entry-categories\"><span class=\"penci-cat-links\"><a href=\"https:\/\/focustim.ro\/category\/actualitate\/\" rel=\"category tag\">Actualitate<\/a><a href=\"https:\/\/focustim.ro\/category\/featured\/\" rel=\"category tag\">Featured<\/a><a href=\"https:\/\/focustim.ro\/category\/politica\/\" rel=\"category tag\">Politic\u0103<\/a><\/span><\/div>\n<h1 class=\"entry-title penci-entry-title penci-title-\">Sorin Grindeanu anun\u021b\u0103 c\u0103 PSD nu exclude o mo\u021biune de cenzur\u0103 ca s\u0103 \u00eel dea hoc pe Ilie Bolojan<\/h1>\n<div class=\"entry-meta penci-entry-meta\"><span class=\"entry-meta-item penci-posted-on\"><time class=\"entry-date published\" datetime=\"2026-04-21T17:32:48+03:00\">21\/04\/2026<\/time><time class=\"updated\" datetime=\"2026-04-21T17:32:51+03:00\">21\/04\/2026<\/time><\/span><span class=\"entry-meta-item penci-comment-count\"><a class=\"penci_pmeta-link\" href=\"https:\/\/focustim.ro\/sorin-grindeanu-anunta-ca-psd-nu-exclude-o-motiune-de-cenzura-ca-sa-il-dea-hoc-pe-ilie-bolojan\/#respond\">0<\/a><\/span><\/div>\n<p><span class=\"penci-social-buttons penci-social-share-footer\"><span class=\"penci-social-share-text\">Distribuie<\/span><a href=\"https:\/\/focustim.ro\/sorin-grindeanu-anunta-ca-psd-nu-exclude-o-motiune-de-cenzura-ca-sa-il-dea-hoc-pe-ilie-bolojan\/\" class=\"penci-post-like penci_post-meta_item  single-like-button penci-social-item like\" data-post_id=\"40043\" title=\"Like\" data-like=\"Like\" data-unlike=\"Unlike\"><span class=\"penci-share-number\">0<\/span><\/a><\/span><\/header>\n<div class=\"entry-media penci-entry-media\">\n<div class=\"post-format-meta \">\n<div class=\"post-image penci-standard-format\"><img decoding=\"async\" width=\"620\" height=\"413\" src=\"https:\/\/focustim.ro\/wp-content\/uploads\/2019\/12\/grindeanu.jpg\" class=\"attachment-penci-thumb-960-auto size-penci-thumb-960-auto wp-post-image\" alt loading=\"lazy\"><\/div>\n<\/div>\n<\/div>\n<div class=\"penci-entry-content entry-content\">\n<p><strong>Sorin Grindeanu, liderul PSD, spune c\u0103 social -democra\u021bii pot depune o mo\u021biune de cenzur\u0103 s\u0103 \u00eel dea jos pe premierul Ilie Bolojan. Ieri, PSD a decis s\u0103 \u00eei retrag\u0103 sprijinul lui Ilie Bolojan, \u00eens\u0103 decizia nu are efecte politice. Miercuri sau joi este \u00eens\u0103 a\u0219teptat\u0103 o demisie \u00een mas\u0103 mini\u0219trilor PSD.<\/strong><\/p>\n<p>Grindeanu, despre mo\u021biunea de cenzur\u0103<\/p>\n<p>\u201dE una din variantele luate \u00een calcul. Haide\u0163i s\u0103 vedem prima oar\u0103 ce se \u00eent\u00e2mpl\u0103 la consult\u0103ri. E o variant\u0103, sau vom vota o alt\u0103 mo\u0163iune de cenzur\u0103 depus\u0103 de altcineva\u201d, a spus liderul PSD.<\/p>\n<p>\u00centrebat dac\u0103 PSD va vota o mo\u0163iune de cenzur\u0103 a AUR, Grindeanu a r\u0103spuns: \u201d E una din variante \u015fi aceasta. Pentru c\u0103 mandatul primit iar de la colegii mei este urm\u0103torul, retragerea \u00eencrederii prim-ministrului Bolojan. Deci, din perspectiva PSD, Ilie Bolojan trebuie s\u0103 plece acas\u0103\u201d, a mai spus el.<\/p>\n<div class=\"sharedaddy sd-sharing-enabled\">\n<div class=\"robots-nocontent sd-block sd-social sd-social-icon-text sd-sharing\">\n<h3 class=\"sd-title\">Partajeaz\u0103 asta:<\/h3>\n<div class=\"sd-content\">\n<ul>\n<li class=\"share-twitter\"><a rel=\"nofollow noopener noreferrer\" data-shared=\"sharing-twitter-40043\" class=\"share-twitter sd-button share-icon\" href=\"https:\/\/focustim.ro\/sorin-grindeanu-anunta-ca-psd-nu-exclude-o-motiune-de-cenzura-ca-sa-il-dea-hoc-pe-ilie-bolojan\/?share=twitter\" target=\"_blank\" title=\"D\u0103 clic pentru a partaja pe Twitter\"><span>Twitter<\/span><\/a><\/li>\n<li class=\"share-facebook\"><a rel=\"nofollow noopener noreferrer\" data-shared=\"sharing-facebook-40043\" class=\"share-facebook sd-button share-icon\" href=\"https:\/\/focustim.ro\/sorin-grindeanu-anunta-ca-psd-nu-exclude-o-motiune-de-cenzura-ca-sa-il-dea-hoc-pe-ilie-bolojan\/?share=facebook\" target=\"_blank\" title=\"D\u0103 clic pentru a partaja pe Facebook\"><span>Facebook<\/span><\/a><\/li>\n<li class=\"share-end\"><\/ul>\n<\/div>\n<\/div>\n<\/div>\n<div class=\"sharedaddy sd-block sd-like jetpack-likes-widget-wrapper jetpack-likes-widget-unloaded\" id=\"like-post-wrapper-167025405-40043-69e798d911d77\" data-src=\"https:\/\/widgets.wp.com\/likes\/#blog_id=167025405&amp;post_id=40043&amp;origin=focustim.ro&amp;obj_id=167025405-40043-69e798d911d77\" data-name=\"like-post-frame-167025405-40043-69e798d911d77\" data-title=\"Apreciaz\u0103 sau republic\u0103\">\n<h3 class=\"sd-title\">Apreciaz\u0103:<\/h3>\n<div class=\"likes-widget-placeholder post-likes-widget-placeholder\"><span class=\"button\"><span>Apreciere<\/span><\/span><span class=\"loading\">\u00cencarc&#8230;<\/span><\/div>\n<\/div>\n<\/div>\n<footer class=\"penci-entry-footer\">\n<div class=\"penci-source-via-tags-wrap\"><span class=\"tags-links penci-tags-links\"><a href=\"https:\/\/focustim.ro\/tag\/motiune\/\" rel=\"tag\">motiune<\/a><a href=\"https:\/\/focustim.ro\/tag\/sorin-grindeanu\/\" rel=\"tag\">Sorin Grindeanu<\/a><\/span><\/div>\n<p><span class=\"penci-social-buttons penci-social-share-footer\"><span class=\"penci-social-share-text\">Distribuie<\/span><a href=\"https:\/\/focustim.ro\/sorin-grindeanu-anunta-ca-psd-nu-exclude-o-motiune-de-cenzura-ca-sa-il-dea-hoc-pe-ilie-bolojan\/\" class=\"penci-post-like penci_post-meta_item  single-like-button penci-social-item like\" data-post_id=\"40043\" title=\"Like\" data-like=\"Like\" data-unlike=\"Unlike\"><span class=\"penci-share-number\">0<\/span><\/a><\/span><\/footer>\n<\/article>\n<div class=\"penci-entry-content entry-content\">\n<p><strong>Sorin Grindeanu, liderul PSD, spune c\u0103 social -democra\u021bii pot depune o mo\u021biune de cenzur\u0103 s\u0103 \u00eel dea jos pe premierul Ilie Bolojan. Ieri, PSD a decis s\u0103 \u00eei retrag\u0103 sprijinul lui Ilie Bolojan, \u00eens\u0103 decizia nu are efecte politice. Miercuri sau joi este \u00eens\u0103 a\u0219teptat\u0103 o demisie \u00een mas\u0103 mini\u0219trilor PSD.<\/strong><\/p>\n<p>Grindeanu, despre mo\u021biunea de cenzur\u0103<\/p>\n<p>\u201dE una din variantele luate \u00een calcul. Haide\u0163i s\u0103 vedem prima oar\u0103 ce se \u00eent\u00e2mpl\u0103 la consult\u0103ri. E o variant\u0103, sau vom vota o alt\u0103 mo\u0163iune de cenzur\u0103 depus\u0103 de altcineva\u201d, a spus liderul PSD.<\/p>\n<p>\u00centrebat dac\u0103 PSD va vota o mo\u0163iune de cenzur\u0103 a AUR, Grindeanu a r\u0103spuns: \u201d E una din variante \u015fi aceasta. Pentru c\u0103 mandatul primit iar de la colegii mei este urm\u0103torul, retragerea \u00eencrederii prim-ministrului Bolojan. Deci, din perspectiva PSD, Ilie Bolojan trebuie s\u0103 plece acas\u0103\u201d, a mai spus el.<\/p>\n<div class=\"sharedaddy sd-sharing-enabled\">\n<div class=\"robots-nocontent sd-block sd-social sd-social-icon-text sd-sharing\">\n<h3 class=\"sd-title\">Partajeaz\u0103 asta:<\/h3>\n<div class=\"sd-content\">\n<ul>\n<li class=\"share-twitter\"><a rel=\"nofollow noopener noreferrer\" data-shared=\"sharing-twitter-40043\" class=\"share-twitter sd-button share-icon\" href=\"https:\/\/focustim.ro\/sorin-grindeanu-anunta-ca-psd-nu-exclude-o-motiune-de-cenzura-ca-sa-il-dea-hoc-pe-ilie-bolojan\/?share=twitter\" target=\"_blank\" title=\"D\u0103 clic pentru a partaja pe Twitter\"><span>Twitter<\/span><\/a><\/li>\n<li class=\"share-facebook\"><a rel=\"nofollow noopener noreferrer\" data-shared=\"sharing-facebook-40043\" class=\"share-facebook sd-button share-icon\" href=\"https:\/\/focustim.ro\/sorin-grindeanu-anunta-ca-psd-nu-exclude-o-motiune-de-cenzura-ca-sa-il-dea-hoc-pe-ilie-bolojan\/?share=facebook\" target=\"_blank\" title=\"D\u0103 clic pentru a partaja pe Facebook\"><span>Facebook<\/span><\/a><\/li>\n<li class=\"share-end\"><\/ul>\n<\/div>\n<\/div>\n<\/div>\n<div class=\"sharedaddy sd-block sd-like jetpack-likes-widget-wrapper jetpack-likes-widget-unloaded\" id=\"like-post-wrapper-167025405-40043-69e798d911d77\" data-src=\"https:\/\/widgets.wp.com\/likes\/#blog_id=167025405&amp;post_id=40043&amp;origin=focustim.ro&amp;obj_id=167025405-40043-69e798d911d77\" data-name=\"like-post-frame-167025405-40043-69e798d911d77\" data-title=\"Apreciaz\u0103 sau republic\u0103\">\n<h3 class=\"sd-title\">Apreciaz\u0103:<\/h3>\n<div class=\"likes-widget-placeholder post-likes-widget-placeholder\"><span class=\"button\"><span>Apreciere<\/span><\/span><span class=\"loading\">\u00cencarc&#8230;<\/span><\/div>\n<\/div>\n<\/div>\n<p>[analyse_source url=&#8221;https:\/\/focustim.ro\/sorin-grindeanu-anunta-ca-psd-nu-exclude-o-motiune-de-cenzura-ca-sa-il-dea-hoc-pe-ilie-bolojan\/&#8221;]<\/p>\n","protected":false},"excerpt":{"rendered":"<p>[analyse_image type=&#8221;featured&#8221; src=&#8221;https:\/\/focustim.ro\/wp-content\/uploads\/2019\/12\/grindeanu.jpg&#8221;] ActualitateFeaturedPolitic\u0103 Sorin Grindeanu anun\u021b\u0103 c\u0103 PSD nu exclude o mo\u021biune de cenzur\u0103 ca s\u0103 \u00eel dea hoc pe Ilie Bolojan 21\/04\/202621\/04\/20260 Distribuie0 Sorin Grindeanu, liderul PSD, spune c\u0103 social -democra\u021bii pot depune o mo\u021biune de cenzur\u0103 s\u0103 \u00eel dea jos pe premierul Ilie Bolojan. Ieri, PSD a decis s\u0103 \u00eei retrag\u0103 sprijinul [&hellip;]<\/p>\n","protected":false},"author":1,"featured_media":0,"comment_status":"open","ping_status":"","sticky":false,"template":"","format":"standard","meta":{"footnotes":""},"categories":[89],"tags":[226,197],"class_list":["post-1894535","post","type-post","status-publish","format-standard","hentry","category-romania","tag-crawlmanager","tag-focustim-ro"],"_links":{"self":[{"href":"https:\/\/analyse.optim.biz\/index.php?rest_route=\/wp\/v2\/posts\/1894535","targetHints":{"allow":["GET"]}}],"collection":[{"href":"https:\/\/analyse.optim.biz\/index.php?rest_route=\/wp\/v2\/posts"}],"about":[{"href":"https:\/\/analyse.optim.biz\/index.php?rest_route=\/wp\/v2\/types\/post"}],"author":[{"embeddable":true,"href":"https:\/\/analyse.optim.biz\/index.php?rest_route=\/wp\/v2\/users\/1"}],"replies":[{"embeddable":true,"href":"https:\/\/analyse.optim.biz\/index.php?rest_route=%2Fwp%2Fv2%2Fcomments&post=1894535"}],"version-history":[{"count":0,"href":"https:\/\/analyse.optim.biz\/index.php?rest_route=\/wp\/v2\/posts\/1894535\/revisions"}],"wp:attachment":[{"href":"https:\/\/analyse.optim.biz\/index.php?rest_route=%2Fwp%2Fv2%2Fmedia&parent=1894535"}],"wp:term":[{"taxonomy":"category","embeddable":true,"href":"https:\/\/analyse.optim.biz\/index.php?rest_route=%2Fwp%2Fv2%2Fcategories&post=1894535"},{"taxonomy":"post_tag","embeddable":true,"href":"https:\/\/analyse.optim.biz\/index.php?rest_route=%2Fwp%2Fv2%2Ftags&post=1894535"}],"curies":[{"name":"wp","href":"https:\/\/api.w.org\/{rel}","templated":true}]}}