{"id":1894486,"date":"2026-04-19T20:20:00","date_gmt":"2026-04-19T17:20:00","guid":{"rendered":"https:\/\/analyse.optim.biz\/?p=1894486"},"modified":"2026-04-19T20:20:00","modified_gmt":"2026-04-19T17:20:00","slug":"avram-gal-bulgaria-dupa-vot-semnalul-clar-al-unei-societati-care-cauta-directie","status":"publish","type":"post","link":"https:\/\/analyse.optim.biz\/?p=1894486","title":{"rendered":"Avram Gal: Bulgaria dup\u0103 vot: semnalul clar al unei societ\u0103\u021bi care caut\u0103 direc\u021bie"},"content":{"rendered":"<p>[analyse_image type=&#8221;featured&#8221; src=&#8221;https:\/\/www.activenews.ro\/images\/articole\/204496.jpg&#8221;]<\/p>\n<div class=\"articleBody\" data-key=\"articleBody\">&lt;div&gt;Rezultatul alegerilor transmite un mesaj politic puternic: o parte semnificativ\u0103 a electoratului bulgar a ales din nou s\u0103 \u00ee\u0219i proiecteze \u00eencrederea \u00een jurul lui Rumen Radev \u0219i al for\u021bei politice asociate acestuia. Dincolo de calculele de partid, votul arat\u0103 dorin\u021ba multor bulgari de a ie\u0219i din cercul instabilit\u0103\u021bii, al alegerilor repetate \u0219i al compromisurilor sterile care au sl\u0103bit \u00eencrederea public\u0103 \u00een institu\u021bii.&lt;\/div&gt; &lt;div&gt;&nbsp;&lt;\/div&gt; &lt;div&gt;\u00cen aceast\u0103 cheie, ascensiunea taberei apropiate de Radev nu poate fi citit\u0103 doar ca un succes electoral punctual, ci ca expresia unei voin\u021be politice mai profunde. Pentru mul\u021bi aleg\u0103tori, Radev apare drept figura care concentreaz\u0103 nevoia de fermitate, de ordine \u0219i de repozi\u021bionare a statului \u00eentr-un moment \u00een care Bulgaria caut\u0103 coeren\u021b\u0103 intern\u0103 \u0219i o voce mai clar\u0103 \u00een regiune.&lt;\/div&gt; &lt;div&gt;&nbsp;&lt;\/div&gt; &lt;div&gt;Semnifica\u021bia votului este cu at\u00e2t mai mare cu c\u00e2t vine dup\u0103 ani de blocaj \u0219i fragmentare. Bulgarii nu au transmis doar o preferin\u021b\u0103 electoral\u0103, ci \u0219i un semnal de satura\u021bie fa\u021b\u0103 de vechea formul\u0103 politic\u0103. \u00cen acest context, sus\u021binerea acordat\u0103 din nou lui Radev sugereaz\u0103 c\u0103 o parte important\u0103 a societ\u0103\u021bii \u00eel vede ca pe un reper de stabilitate \u0219i ca pe un posibil instrument de resetare a puterii.&lt;\/div&gt; &lt;div&gt;&nbsp;&lt;\/div&gt; &lt;div&gt;Geopolitic, acest vot are o \u00eenc\u0103rc\u0103tur\u0103 aparte. El arat\u0103 c\u0103 \u00een Bulgaria exist\u0103 un segment electoral consistent care nu mai dore\u0219te automatism politic \u0219i caut\u0103 un lider perceput ca mai autonom, mai conectat la interesele na\u021bionale \u0219i mai pu\u021bin dependent de vechile reflexe ale establishmentului. Aceast\u0103 op\u021biune nu \u00eenseamn\u0103 neap\u0103rat o ruptur\u0103 strategic\u0103, dar indic\u0103 limpede dorin\u021ba unei p\u0103r\u021bi a electoratului de a vedea o Bulgarie mai sigur\u0103 pe ea \u0219i mai decis\u0103 \u00een ap\u0103rarea propriului curs.&lt;\/div&gt; &lt;div&gt;&nbsp;&lt;\/div&gt; &lt;div&gt;Pe fond, adev\u0103rata for\u021b\u0103 a acestui rezultat st\u0103 \u00een ideea de reconfirmare. C\u00e2nd un lider sau o tab\u0103r\u0103 politic\u0103 sunt ale\u0219i din nou \u00eentr-un climat de oboseal\u0103 democratic\u0103, mesajul nu este unul banal. El arat\u0103 c\u0103 aleg\u0103torii nu voteaz\u0103 doar \u00eempotriva adversarilor, ci \u0219i pentru un anumit tip de autoritate politic\u0103. Iar \u00een cazul de fa\u021b\u0103, semnalul este c\u0103 mul\u021bi bulgari continu\u0103 s\u0103 vad\u0103 \u00een Rumen Radev omul capabil s\u0103 dea direc\u021bie unei \u021b\u0103ri care a traversat prea mult timp nesiguran\u021b\u0103 \u0219i fragmentare.&lt;\/div&gt;<\/div>\n<p>[analyse_source url=&#8221;https:\/\/www.activenews.ro\/opinii\/Avram-Gal-Bulgaria-dupa-vot-semnalul-clar-al-unei-societati-care-cauta-directie-204496&#8243;]<\/p>\n","protected":false},"excerpt":{"rendered":"<p>[analyse_image type=&#8221;featured&#8221; src=&#8221;https:\/\/www.activenews.ro\/images\/articole\/204496.jpg&#8221;] &lt;div&gt;Rezultatul alegerilor transmite un mesaj politic puternic: o parte semnificativ\u0103 a electoratului bulgar a ales din nou s\u0103 \u00ee\u0219i proiecteze \u00eencrederea \u00een jurul lui Rumen Radev \u0219i al for\u021bei politice asociate acestuia. Dincolo de calculele de partid, votul arat\u0103 dorin\u021ba multor bulgari de a ie\u0219i din cercul instabilit\u0103\u021bii, al alegerilor repetate \u0219i [&hellip;]<\/p>\n","protected":false},"author":1,"featured_media":0,"comment_status":"open","ping_status":"","sticky":false,"template":"","format":"standard","meta":{"footnotes":""},"categories":[89],"tags":[98,226],"class_list":["post-1894486","post","type-post","status-publish","format-standard","hentry","category-romania","tag-activenews-ro","tag-crawlmanager"],"_links":{"self":[{"href":"https:\/\/analyse.optim.biz\/index.php?rest_route=\/wp\/v2\/posts\/1894486","targetHints":{"allow":["GET"]}}],"collection":[{"href":"https:\/\/analyse.optim.biz\/index.php?rest_route=\/wp\/v2\/posts"}],"about":[{"href":"https:\/\/analyse.optim.biz\/index.php?rest_route=\/wp\/v2\/types\/post"}],"author":[{"embeddable":true,"href":"https:\/\/analyse.optim.biz\/index.php?rest_route=\/wp\/v2\/users\/1"}],"replies":[{"embeddable":true,"href":"https:\/\/analyse.optim.biz\/index.php?rest_route=%2Fwp%2Fv2%2Fcomments&post=1894486"}],"version-history":[{"count":0,"href":"https:\/\/analyse.optim.biz\/index.php?rest_route=\/wp\/v2\/posts\/1894486\/revisions"}],"wp:attachment":[{"href":"https:\/\/analyse.optim.biz\/index.php?rest_route=%2Fwp%2Fv2%2Fmedia&parent=1894486"}],"wp:term":[{"taxonomy":"category","embeddable":true,"href":"https:\/\/analyse.optim.biz\/index.php?rest_route=%2Fwp%2Fv2%2Fcategories&post=1894486"},{"taxonomy":"post_tag","embeddable":true,"href":"https:\/\/analyse.optim.biz\/index.php?rest_route=%2Fwp%2Fv2%2Ftags&post=1894486"}],"curies":[{"name":"wp","href":"https:\/\/api.w.org\/{rel}","templated":true}]}}