{"id":1894198,"date":"2026-04-21T11:30:13","date_gmt":"2026-04-21T08:30:13","guid":{"rendered":"https:\/\/analyse.optim.biz\/?p=1894198"},"modified":"2026-04-21T11:30:13","modified_gmt":"2026-04-21T08:30:13","slug":"comunicat-de-interes-public-privind-actualizarea-chiriilor-din-fondul-locativ-al-municipiului-tulcea","status":"publish","type":"post","link":"https:\/\/analyse.optim.biz\/?p=1894198","title":{"rendered":"Comunicat de interes public privind actualizarea chiriilor din fondul locativ al municipiului Tulcea"},"content":{"rendered":"<p>[analyse_image type=&#8221;featured&#8221; src=&#8221;https:\/\/dobrogeanews.b-cdn.net\/wp-content\/uploads\/2026\/04\/Municipiul-Tulcea-foto-rol-ilustrativ.jpg&#8221;]<\/p>\n<div id=\"post-70113\" class=\"entry single-default post-70113 post type-post status-publish format-standard has-post-thumbnail hentry category-info tag-actualizarea-chiriilor tag-fondul-locativ tag-primaria-tulcea-2 tag-tulcea-2\">\n<div>\n<div class=\"ss-follow-wrapper ss-clearfix ss-regular-buttons ss-columns-1 ss-default-style\">\n<div class=\"ss-follow-column\" data-ss-sf-network-id='\"facebook\"'><a href=\"https:\/\/www.facebook.com\/dobrogeanews\" class=\"ss-follow-network ss-facebook-color\" rel=\"nofollow noopener\" aria-label=\"facebook\" target=\"_blank\"><span class=\"ss-follow-network-label\">Urm\u0103re\u015fte-ne \u015fi pe Facebook!<\/span><span class=\"ss-follow-network-count\"><span class=\"ss-follow-network-count-number\">57K<\/span><span class=\"ss-follow-network-count-label\">Followers<\/span><\/span><\/a><\/div>\n<\/div>\n<\/div>\n<p>Av\u00e2nd \u00een vedere intrarea \u00een vigoare a Hot\u0103r\u00e2rii Guvernului nr. 193\/2026 privind actualizarea tarifului lunar al chiriei (lei\/mp) pentru locuin\u021bele apar\u021bin\u00e2nd domeniului public sau privat al statului ori al unit\u0103\u021bilor administrativ-teritoriale, v\u0103 aducem la cuno\u0219tin\u021b\u0103 faptul c\u0103 se actualizeaz\u0103 chiriile aferente locuin\u021belor care fac obiectul contractelor de \u00eenchiriere, \u00een conformitate cu prevederile legale \u00een vigoare.<\/p>\n<figure class=\"wp-block-image size-full is-resized\">\n<source type=\"image\/webp\" data-lazy-srcset=\"https:\/\/dobrogeanews.b-cdn.net\/wp-content\/uploads\/2026\/04\/Municipiul-Tulcea-foto-rol-ilustrativ.jpg.webp 2560w, https:\/\/dobrogeanews.b-cdn.net\/wp-content\/uploads\/2026\/04\/Municipiul-Tulcea-foto-rol-ilustrativ-300x194.jpg.webp 300w, https:\/\/dobrogeanews.b-cdn.net\/wp-content\/uploads\/2026\/04\/Municipiul-Tulcea-foto-rol-ilustrativ-1024x661.jpg.webp 1024w, https:\/\/dobrogeanews.b-cdn.net\/wp-content\/uploads\/2026\/04\/Municipiul-Tulcea-foto-rol-ilustrativ-768x496.jpg.webp 768w, https:\/\/dobrogeanews.b-cdn.net\/wp-content\/uploads\/2026\/04\/Municipiul-Tulcea-foto-rol-ilustrativ-1536x992.jpg.webp 1536w, https:\/\/dobrogeanews.b-cdn.net\/wp-content\/uploads\/2026\/04\/Municipiul-Tulcea-foto-rol-ilustrativ-2048x1322.jpg.webp 2048w\" sizes=\"(max-width: 640px) 100vw, 640px\" \/><br \/>\n<img loading=\"lazy\" decoding=\"async\" src=\"https:\/\/dobrogeanews.b-cdn.net\/wp-content\/uploads\/2026\/04\/Municipiul-Tulcea-foto-rol-ilustrativ.jpg\" alt=\"\" width=\"640\" height=\"413\"><\/figure>\n<p>Modificarea chiriei intervine de drept, ca urmare a aplic\u0103rii prevederilor legale, urm\u00e2nd a fi operat\u0103 \u00een eviden\u021bele institu\u021biei.<\/p>\n<p>Pentru reflectarea acestei modific\u0103ri \u00een cadrul contractual, vor fi \u00eentocmite acte adi\u021bionale la contractele de \u00eenchiriere.<\/p>\n<p>Men\u021bion\u0103m c\u0103 actualizarea chiriei se aplic\u0103 de la data intr\u0103rii \u00een vigoare a actului normativ, independent de semnarea actelor adi\u021bionale.<\/p>\n<p>Refuzul semn\u0103rii actului adi\u021bional atrage rezilierea contractului, \u00een condi\u021biile legii.<\/p>\n<p>Pentru informa\u021bii suplimentare, cet\u0103\u021benii pot contacta:<\/p>\n<p>0747.022.080<br \/>locativ@diaptulcea.ro<\/p>\n<p>SECRETARIAT<br \/>0240.516.250 \/ 0374.491.998<br \/>secretariat@diaptulcea.ro<\/p>\n<div class=\"monsterinsights-inline-popular-posts monsterinsights-inline-popular-posts-charlie monsterinsights-popular-posts-styled\">\n<div class=\"monsterinsights-inline-popular-posts-text\"><span class=\"monsterinsights-inline-popular-posts-label\">Vezi \u0219i:<\/span><\/p>\n<div class=\"monsterinsights-inline-popular-posts-post\"><a class=\"monsterinsights-inline-popular-posts-title\" href=\"https:\/\/www.dobrogeanews.ro\/video-primarul-stefan-ilie-raspunde-intrebarilor-privind-reabilitarea-strazilor-din-municipiul-tulcea\/\">(Video) Primarul \u0218tefan Ilie, r\u0103spunde \u00eentreb\u0103rilor privind reabilitarea Str\u0103zilor din Municipiul Tulcea<\/a><\/div>\n<div class=\"monsterinsights-inline-popular-posts-post\"><a class=\"monsterinsights-inline-popular-posts-title\" href=\"https:\/\/www.dobrogeanews.ro\/la-baia-taxa-de-habitat-a-ramas-15-lei-luna-pers-adica-180-lei-an-am-votat-aplicarea-cotelor-minime-permise\/\">La Baia, taxa de habitat a r\u0103mas 15 lei\/lun\u0103\/pers, adic\u0103, 180 lei\/an. \u201eAm votat aplicarea cotelor minime permise\u201d<\/a><\/div>\n<div class=\"monsterinsights-inline-popular-posts-post\"><a class=\"monsterinsights-inline-popular-posts-title\" href=\"https:\/\/www.dobrogeanews.ro\/primaria-tulcea-amenajeaza-un-parc-urban-de-peste-3-700-mp-in-zona-aquaserv-pe-strada-babadag-proiect-finantat-din-fonduri-europene\/\">Prim\u0103ria Tulcea amenajeaz\u0103 un Parc Urban de peste 3.700 mp \u00een zona Aquaserv, pe strada Babadag. Proiect finan\u021bat din fonduri europene<\/a><\/div>\n<\/div>\n<\/div>\n<p class=\"has-text-align-center has-white-color has-text-color has-background\"><span><a href=\"https:\/\/news.google.com\/publications\/CAAqBwgKMIu5pgsw88O-Aw?ceid=RO:ro&amp;oc=3\">Urm\u0103ri\u0163i \u015etirile Dobrogeanews \u015fi pe Google News<\/a><\/span><\/p>\n<\/div>\n<div id=\"post-70113\" class=\"entry single-default post-70113 post type-post status-publish format-standard has-post-thumbnail hentry category-info tag-actualizarea-chiriilor tag-fondul-locativ tag-primaria-tulcea-2 tag-tulcea-2\">\n<div>\n<div class=\"ss-follow-wrapper ss-clearfix ss-regular-buttons ss-columns-1 ss-default-style\">\n<div class=\"ss-follow-column\" data-ss-sf-network-id='\"facebook\"'><a href=\"https:\/\/www.facebook.com\/dobrogeanews\" class=\"ss-follow-network ss-facebook-color\" rel=\"nofollow noopener\" aria-label=\"facebook\" target=\"_blank\"><span class=\"ss-follow-network-label\">Urm\u0103re\u015fte-ne \u015fi pe Facebook!<\/span><span class=\"ss-follow-network-count\"><span class=\"ss-follow-network-count-number\">57K<\/span><span class=\"ss-follow-network-count-label\">Followers<\/span><\/span><\/a><\/div>\n<\/div>\n<\/div>\n<p>Av\u00e2nd \u00een vedere intrarea \u00een vigoare a Hot\u0103r\u00e2rii Guvernului nr. 193\/2026 privind actualizarea tarifului lunar al chiriei (lei\/mp) pentru locuin\u021bele apar\u021bin\u00e2nd domeniului public sau privat al statului ori al unit\u0103\u021bilor administrativ-teritoriale, v\u0103 aducem la cuno\u0219tin\u021b\u0103 faptul c\u0103 se actualizeaz\u0103 chiriile aferente locuin\u021belor care fac obiectul contractelor de \u00eenchiriere, \u00een conformitate cu prevederile legale \u00een vigoare.<\/p>\n<figure class=\"wp-block-image size-full is-resized\">\n<source type=\"image\/webp\" data-lazy-srcset=\"https:\/\/dobrogeanews.b-cdn.net\/wp-content\/uploads\/2026\/04\/Municipiul-Tulcea-foto-rol-ilustrativ.jpg.webp 2560w, https:\/\/dobrogeanews.b-cdn.net\/wp-content\/uploads\/2026\/04\/Municipiul-Tulcea-foto-rol-ilustrativ-300x194.jpg.webp 300w, https:\/\/dobrogeanews.b-cdn.net\/wp-content\/uploads\/2026\/04\/Municipiul-Tulcea-foto-rol-ilustrativ-1024x661.jpg.webp 1024w, https:\/\/dobrogeanews.b-cdn.net\/wp-content\/uploads\/2026\/04\/Municipiul-Tulcea-foto-rol-ilustrativ-768x496.jpg.webp 768w, https:\/\/dobrogeanews.b-cdn.net\/wp-content\/uploads\/2026\/04\/Municipiul-Tulcea-foto-rol-ilustrativ-1536x992.jpg.webp 1536w, https:\/\/dobrogeanews.b-cdn.net\/wp-content\/uploads\/2026\/04\/Municipiul-Tulcea-foto-rol-ilustrativ-2048x1322.jpg.webp 2048w\" sizes=\"(max-width: 640px) 100vw, 640px\" \/><br \/>\n<img loading=\"lazy\" decoding=\"async\" src=\"https:\/\/dobrogeanews.b-cdn.net\/wp-content\/uploads\/2026\/04\/Municipiul-Tulcea-foto-rol-ilustrativ.jpg\" alt=\"\" width=\"640\" height=\"413\"><\/figure>\n<p>Modificarea chiriei intervine de drept, ca urmare a aplic\u0103rii prevederilor legale, urm\u00e2nd a fi operat\u0103 \u00een eviden\u021bele institu\u021biei.<\/p>\n<p>Pentru reflectarea acestei modific\u0103ri \u00een cadrul contractual, vor fi \u00eentocmite acte adi\u021bionale la contractele de \u00eenchiriere.<\/p>\n<p>Men\u021bion\u0103m c\u0103 actualizarea chiriei se aplic\u0103 de la data intr\u0103rii \u00een vigoare a actului normativ, independent de semnarea actelor adi\u021bionale.<\/p>\n<p>Refuzul semn\u0103rii actului adi\u021bional atrage rezilierea contractului, \u00een condi\u021biile legii.<\/p>\n<p>Pentru informa\u021bii suplimentare, cet\u0103\u021benii pot contacta:<\/p>\n<p>0747.022.080<br \/>locativ@diaptulcea.ro<\/p>\n<p>SECRETARIAT<br \/>0240.516.250 \/ 0374.491.998<br \/>secretariat@diaptulcea.ro<\/p>\n<div class=\"monsterinsights-inline-popular-posts monsterinsights-inline-popular-posts-charlie monsterinsights-popular-posts-styled\">\n<div class=\"monsterinsights-inline-popular-posts-text\"><span class=\"monsterinsights-inline-popular-posts-label\">Vezi \u0219i:<\/span><\/p>\n<div class=\"monsterinsights-inline-popular-posts-post\"><a class=\"monsterinsights-inline-popular-posts-title\" href=\"https:\/\/www.dobrogeanews.ro\/video-primarul-stefan-ilie-raspunde-intrebarilor-privind-reabilitarea-strazilor-din-municipiul-tulcea\/\">(Video) Primarul \u0218tefan Ilie, r\u0103spunde \u00eentreb\u0103rilor privind reabilitarea Str\u0103zilor din Municipiul Tulcea<\/a><\/div>\n<div class=\"monsterinsights-inline-popular-posts-post\"><a class=\"monsterinsights-inline-popular-posts-title\" href=\"https:\/\/www.dobrogeanews.ro\/la-baia-taxa-de-habitat-a-ramas-15-lei-luna-pers-adica-180-lei-an-am-votat-aplicarea-cotelor-minime-permise\/\">La Baia, taxa de habitat a r\u0103mas 15 lei\/lun\u0103\/pers, adic\u0103, 180 lei\/an. \u201eAm votat aplicarea cotelor minime permise\u201d<\/a><\/div>\n<div class=\"monsterinsights-inline-popular-posts-post\"><a class=\"monsterinsights-inline-popular-posts-title\" href=\"https:\/\/www.dobrogeanews.ro\/primaria-tulcea-amenajeaza-un-parc-urban-de-peste-3-700-mp-in-zona-aquaserv-pe-strada-babadag-proiect-finantat-din-fonduri-europene\/\">Prim\u0103ria Tulcea amenajeaz\u0103 un Parc Urban de peste 3.700 mp \u00een zona Aquaserv, pe strada Babadag. Proiect finan\u021bat din fonduri europene<\/a><\/div>\n<\/div>\n<\/div>\n<p class=\"has-text-align-center has-white-color has-text-color has-background\"><span><a href=\"https:\/\/news.google.com\/publications\/CAAqBwgKMIu5pgsw88O-Aw?ceid=RO:ro&amp;oc=3\">Urm\u0103ri\u0163i \u015etirile Dobrogeanews \u015fi pe Google News<\/a><\/span><\/p>\n<\/div>\n<p>[analyse_source url=&#8221;https:\/\/www.dobrogeanews.ro\/comunicat-de-interes-public-privind-actualizarea-chiriilor-din-fondul-locativ-al-municipiului-tulcea\/&#8221;]<\/p>\n","protected":false},"excerpt":{"rendered":"<p>[analyse_image type=&#8221;featured&#8221; src=&#8221;https:\/\/dobrogeanews.b-cdn.net\/wp-content\/uploads\/2026\/04\/Municipiul-Tulcea-foto-rol-ilustrativ.jpg&#8221;] Urm\u0103re\u015fte-ne \u015fi pe Facebook!57KFollowers Av\u00e2nd \u00een vedere intrarea \u00een vigoare a Hot\u0103r\u00e2rii Guvernului nr. 193\/2026 privind actualizarea tarifului lunar al chiriei (lei\/mp) pentru locuin\u021bele apar\u021bin\u00e2nd domeniului public sau privat al statului ori al unit\u0103\u021bilor administrativ-teritoriale, v\u0103 aducem la cuno\u0219tin\u021b\u0103 faptul c\u0103 se actualizeaz\u0103 chiriile aferente locuin\u021belor care fac obiectul contractelor de \u00eenchiriere, [&hellip;]<\/p>\n","protected":false},"author":1,"featured_media":0,"comment_status":"open","ping_status":"","sticky":false,"template":"","format":"standard","meta":{"footnotes":""},"categories":[89],"tags":[226,223],"class_list":["post-1894198","post","type-post","status-publish","format-standard","hentry","category-romania","tag-crawlmanager","tag-dobrogeanews-ro"],"_links":{"self":[{"href":"https:\/\/analyse.optim.biz\/index.php?rest_route=\/wp\/v2\/posts\/1894198","targetHints":{"allow":["GET"]}}],"collection":[{"href":"https:\/\/analyse.optim.biz\/index.php?rest_route=\/wp\/v2\/posts"}],"about":[{"href":"https:\/\/analyse.optim.biz\/index.php?rest_route=\/wp\/v2\/types\/post"}],"author":[{"embeddable":true,"href":"https:\/\/analyse.optim.biz\/index.php?rest_route=\/wp\/v2\/users\/1"}],"replies":[{"embeddable":true,"href":"https:\/\/analyse.optim.biz\/index.php?rest_route=%2Fwp%2Fv2%2Fcomments&post=1894198"}],"version-history":[{"count":0,"href":"https:\/\/analyse.optim.biz\/index.php?rest_route=\/wp\/v2\/posts\/1894198\/revisions"}],"wp:attachment":[{"href":"https:\/\/analyse.optim.biz\/index.php?rest_route=%2Fwp%2Fv2%2Fmedia&parent=1894198"}],"wp:term":[{"taxonomy":"category","embeddable":true,"href":"https:\/\/analyse.optim.biz\/index.php?rest_route=%2Fwp%2Fv2%2Fcategories&post=1894198"},{"taxonomy":"post_tag","embeddable":true,"href":"https:\/\/analyse.optim.biz\/index.php?rest_route=%2Fwp%2Fv2%2Ftags&post=1894198"}],"curies":[{"name":"wp","href":"https:\/\/api.w.org\/{rel}","templated":true}]}}