{"id":1894190,"date":"2026-04-21T07:32:22","date_gmt":"2026-04-21T04:32:22","guid":{"rendered":"https:\/\/analyse.optim.biz\/?p=1894190"},"modified":"2026-04-21T07:32:22","modified_gmt":"2026-04-21T04:32:22","slug":"asociatia-cohesive-art-convoaca-forta-comunitatii-pentru-un-copil-in-lupta-cu-cancerul","status":"publish","type":"post","link":"https:\/\/analyse.optim.biz\/?p=1894190","title":{"rendered":"Asocia\u021bia Cohesive Art convoac\u0103 for\u021ba comunit\u0103\u021bii pentru un copil \u00een lupta cu cancerul"},"content":{"rendered":"<p>[analyse_image type=&#8221;featured&#8221; src=&#8221;&#8221;]<\/p>\n<div class=\"td-post-content td-pb-padding-side\">\n<p class=\"v1MsoNormal\">Asocia\u021bia Cohesive Art \u0219i MAICOR Learning &amp; Consulting anun\u021b\u0103 organizarea evenimentului caritabil\u00a0<b>\u201ePove\u0219ti cu suflet\u201d<\/b>, ce va avea loc duminic\u0103,\u00a0<b>26 aprilie 2026, ora 17:00<\/b>, la\u00a0<b>Centrul Multifunc\u021bional Bastion<\/b>\u00a0(Str. Hector nr. 1).<\/p>\n<p class=\"v1MsoNormal\">Evenimentul este dedicat lui\u00a0<b>Ayan Radu<\/b>, un copil din comunitatea noastr\u0103 diagnosticat cu o form\u0103 sever\u0103 de cancer (rabdomiosarcom alveolar stadiul 4), care urmeaz\u0103 un tratament experimental vital \u00een Statele Unite.<\/p>\n<p class=\"v1MsoNormal\">Aceast\u0103 edi\u021bie beneficiaz\u0103 de o dimensiune artistic\u0103 deosebit\u0103 prin implicarea unor nume de referin\u021b\u0103. Maestrul<b>\u00a0Mihai Teodor Olteanu<\/b>, supranumit \u201epictorul Revolu\u021biei\u201d, se al\u0103tur\u0103 cauzei prin donarea a dou\u0103 lucr\u0103ri de art\u0103. Generozitatea serii este completat\u0103 de creatoarea de bijuterii\u00a0<b>Alina Emandi<\/b>, care doneaz\u0103 un colier hand-made, crea\u021bie proprie, \u0219i de scriitoarea\u00a0<b>Leah Vale<\/b>, care ofer\u0103 \u00een premier\u0103 dou\u0103 volume de poezii \u2013 A Season of Becoming, \u00eenainte de lansarea oficial\u0103 a acestora.<\/p>\n<p class=\"v1MsoNormal\">De asemenea, t\u00e2n\u0103ra artist\u0103\u00a0<b>Ramona Elena Oro\u0219anu<\/b>\u00a0contribuie cu propriile crea\u021bii pentru str\u00e2ngerea de fonduri. Spectacolul se va desf\u0103\u0219ura \u00eentr-un cadru vizual imersiv, chiar pe simezele unde este expus\u0103 actuala expozi\u021bie a artistei, intitulat\u0103\u00a0<b>\u201eQuiet Moments\u201d<\/b>. Dincolo de aportul vizual, Ramona Elena Oro\u0219anu va urca pe scen\u0103 \u0219i \u00een calitate de interpret\u0103.<\/p>\n<p class=\"v1MsoNormal\">Programul serii va include:<\/p>\n<ul type=\"disc\">\n<li class=\"v1MsoNormal\"><b>Storytelling:<\/b>\u00a0Dr. Giorgiana Elena Popan \u2013 actri\u021b\u0103 \u0219i storyteller de talie interna\u021bional\u0103;<\/li>\n<li class=\"v1MsoNormal\"><b>Muzic\u0103:<\/b>\u00a0Darius Grui\u021b\u0103 \u2013 bariton \u0219i Ramona Elena Oro\u0219anu;<\/li>\n<li class=\"v1MsoNormal\"><b>Anima\u021bie cultural\u0103:<\/b>\u00a0Raluca Georgescu.<\/li>\n<\/ul>\n<p class=\"v1MsoNormal\">\u201eArta creeaz\u0103 comunit\u0103\u021bi, iar comunit\u0103\u021bile pot schimba destine\u201d declar\u0103 Beatrice C\u0103i\u021banu, pre\u0219dintele Asocia\u021biei Cohesive Art. Fondurile str\u00e2nse vor contribui direct la sus\u021binerea tratamentului de mentenan\u021b\u0103 al lui Ayan, costurile estimate pentru vindecarea sa fiind colosale. Accesul este deschis tuturor celor care doresc s\u0103 transmit\u0103 un mesaj de speran\u021b\u0103, accentul fiind pus pe solidaritatea \u0219i prezen\u021ba fizic\u0103 a comunit\u0103\u021bii.<\/p>\n<\/div>\n<p>[analyse_source url=&#8221;https:\/\/timisplus.ro\/asociatia-cohesive-art-convoaca-forta-comunitatii-pentru-un-copil-in-lupta-cu-cancerul\/&#8221;]<\/p>\n","protected":false},"excerpt":{"rendered":"<p>[analyse_image type=&#8221;featured&#8221; src=&#8221;&#8221;] Asocia\u021bia Cohesive Art \u0219i MAICOR Learning &amp; Consulting anun\u021b\u0103 organizarea evenimentului caritabil\u00a0\u201ePove\u0219ti cu suflet\u201d, ce va avea loc duminic\u0103,\u00a026 aprilie 2026, ora 17:00, la\u00a0Centrul Multifunc\u021bional Bastion\u00a0(Str. Hector nr. 1). Evenimentul este dedicat lui\u00a0Ayan Radu, un copil din comunitatea noastr\u0103 diagnosticat cu o form\u0103 sever\u0103 de cancer (rabdomiosarcom alveolar stadiul 4), care urmeaz\u0103 [&hellip;]<\/p>\n","protected":false},"author":1,"featured_media":0,"comment_status":"open","ping_status":"","sticky":false,"template":"","format":"standard","meta":{"footnotes":""},"categories":[89],"tags":[226,195],"class_list":["post-1894190","post","type-post","status-publish","format-standard","hentry","category-romania","tag-crawlmanager","tag-timisplus-ro"],"_links":{"self":[{"href":"https:\/\/analyse.optim.biz\/index.php?rest_route=\/wp\/v2\/posts\/1894190","targetHints":{"allow":["GET"]}}],"collection":[{"href":"https:\/\/analyse.optim.biz\/index.php?rest_route=\/wp\/v2\/posts"}],"about":[{"href":"https:\/\/analyse.optim.biz\/index.php?rest_route=\/wp\/v2\/types\/post"}],"author":[{"embeddable":true,"href":"https:\/\/analyse.optim.biz\/index.php?rest_route=\/wp\/v2\/users\/1"}],"replies":[{"embeddable":true,"href":"https:\/\/analyse.optim.biz\/index.php?rest_route=%2Fwp%2Fv2%2Fcomments&post=1894190"}],"version-history":[{"count":0,"href":"https:\/\/analyse.optim.biz\/index.php?rest_route=\/wp\/v2\/posts\/1894190\/revisions"}],"wp:attachment":[{"href":"https:\/\/analyse.optim.biz\/index.php?rest_route=%2Fwp%2Fv2%2Fmedia&parent=1894190"}],"wp:term":[{"taxonomy":"category","embeddable":true,"href":"https:\/\/analyse.optim.biz\/index.php?rest_route=%2Fwp%2Fv2%2Fcategories&post=1894190"},{"taxonomy":"post_tag","embeddable":true,"href":"https:\/\/analyse.optim.biz\/index.php?rest_route=%2Fwp%2Fv2%2Ftags&post=1894190"}],"curies":[{"name":"wp","href":"https:\/\/api.w.org\/{rel}","templated":true}]}}