{"id":1894186,"date":"2026-04-21T10:19:28","date_gmt":"2026-04-21T07:19:28","guid":{"rendered":"https:\/\/analyse.optim.biz\/?p=1894186"},"modified":"2026-04-21T10:19:28","modified_gmt":"2026-04-21T07:19:28","slug":"nicusor-dan-incepe-consultarile-cu-partidele-politice-la-cotroceni-dupa-ce-psd-a-retras-sprijinul-lui-ilie-bolojan","status":"publish","type":"post","link":"https:\/\/analyse.optim.biz\/?p=1894186","title":{"rendered":"Nicu\u0219or Dan \u00eencepe consult\u0103rile cu partidele politice, la Cotroceni, dup\u0103 ce PSD a retras sprijinul lui Ilie Bolojan"},"content":{"rendered":"<p>[analyse_image type=&#8221;featured&#8221; src=&#8221;https:\/\/focustim.ro\/wp-content\/uploads\/2026\/04\/nicusor-dan.jpg&#8221;]<\/p>\n<article id=\"post-40041\" class=\"penci-single-artcontent noloaddisqus post-40041 post type-post status-publish format-standard has-post-thumbnail hentry category-actualitate category-administratie category-featured category-politica tag-consultari tag-nicusor-dan penci-post-item\">\n<header class=\"entry-header penci-entry-header penci-title-\">\n<div class=\"penci-entry-categories\"><span class=\"penci-cat-links\"><a href=\"https:\/\/focustim.ro\/category\/actualitate\/\" rel=\"category tag\">Actualitate<\/a><a href=\"https:\/\/focustim.ro\/category\/administratie\/\" rel=\"category tag\">Administra\u021bie<\/a><a href=\"https:\/\/focustim.ro\/category\/featured\/\" rel=\"category tag\">Featured<\/a><a href=\"https:\/\/focustim.ro\/category\/politica\/\" rel=\"category tag\">Politic\u0103<\/a><\/span><\/div>\n<h1 class=\"entry-title penci-entry-title penci-title-\">Nicu\u0219or Dan \u00eencepe consult\u0103rile cu partidele politice, la Cotroceni, dup\u0103 ce PSD a retras sprijinul lui Ilie Bolojan<\/h1>\n<div class=\"entry-meta penci-entry-meta\"><span class=\"entry-meta-item penci-posted-on\"><time class=\"entry-date published\" datetime=\"2026-04-21T13:19:28+03:00\">21\/04\/2026<\/time><time class=\"updated\" datetime=\"2026-04-21T13:19:36+03:00\">21\/04\/2026<\/time><\/span><span class=\"entry-meta-item penci-comment-count\"><a class=\"penci_pmeta-link\" href=\"https:\/\/focustim.ro\/nicusor-dan-incepe-consultarile-cu-partidele-politice-la-cotroceni-dupa-ce-psd-a-retras-sprijinul-lui-ilie-bolojan\/#respond\">0<\/a><\/span><\/div>\n<p><span class=\"penci-social-buttons penci-social-share-footer\"><span class=\"penci-social-share-text\">Distribuie<\/span><a href=\"https:\/\/focustim.ro\/nicusor-dan-incepe-consultarile-cu-partidele-politice-la-cotroceni-dupa-ce-psd-a-retras-sprijinul-lui-ilie-bolojan\/\" class=\"penci-post-like penci_post-meta_item  single-like-button penci-social-item like\" data-post_id=\"40041\" title=\"Like\" data-like=\"Like\" data-unlike=\"Unlike\"><span class=\"penci-share-number\">0<\/span><\/a><\/span><\/header>\n<div class=\"entry-media penci-entry-media\">\n<div class=\"post-format-meta \">\n<div class=\"post-image penci-standard-format\"><img decoding=\"async\" width=\"960\" height=\"540\" src=\"https:\/\/focustim.ro\/wp-content\/uploads\/2026\/04\/nicusor-dan.jpg\" class=\"attachment-penci-thumb-960-auto size-penci-thumb-960-auto wp-post-image\" alt loading=\"lazy\"><\/div>\n<\/div>\n<\/div>\n<div class=\"penci-entry-content entry-content\">\n<p><strong>Pre\u0219edintele Nicu\u0219or Dan \u00eencepe consult\u0103rile cu partidele politice, la Cotroceni, dup\u0103 ce, ieri, PSD a decis s\u0103 retrag\u0103 sprijinul politic acordat premierului Ilie Bolojan. Decizia r\u0103m\u00e2ne f\u0103r\u0103 implica\u021bii pentru guvern, c\u0103ci premierul va trebui s\u0103 fie demis prin mo\u021biune de cenzur\u0103. Ilie Bolojan a anun\u021bat deja c\u0103 nu demisioneaz\u0103, \u00eens\u0103 AUR a promos c\u0103 va vota mo\u021biunea depus\u0103 de PSD, \u00eens\u0103 nu f\u0103r\u0103 negocieri dure.<\/strong><\/p>\n<p>Matematic, PSD \u0219i AUR ar avea majoritate s\u0103 formeze un guvern, iar PNL, USR \u0219i UDMR nu ar mai avea majoritate s\u0103 formeze un nou executiv f\u0103r\u0103 una din cele dou\u0103 mari for\u021be, PSD sau AUR. Totu\u0219i PSD \u0219i AUR au negat c\u0103 au de g\u00e2nd s\u0103 guverneze \u00eempreun\u0103.<\/p>\n<p>Pre\u0219edintele Nicu\u0219or Dan demareaz\u0103 consult\u0103ri cu partidele politice, dup\u0103 ce PSD i-a retras sprijinul lui Ilie Bolojan.<\/p>\n<p>\u201e\u00cen temeiul prerogativelor constitu\u021bionale, Pre\u0219edintele Rom\u00e2niei, Nicu\u0219or Dan, a invitat miercuri, 22 aprilie 2026, la Palatul Cotroceni, liderii partidelor \u0219i forma\u021biunilor politice parlamentare, pentru consult\u0103ri,\u201d, transmite, mar\u021bi, Administra\u021bia Preziden\u021bial\u0103.<\/p>\n<p>Consult\u0103rile \u00eencep la ora 09:00 cu Partidul Social Democrat (PSD).<\/p>\n<p>Programul complet:<\/p>\n<p>ora 09:00 \u2013 Partidul Social Democrat (PSD);<br \/>ora 10:30 \u2013 Partidul Na\u021bional Liberal (PNL);<br \/>ora 15:00 \u2013 Uniunea Democrat\u0103 Maghiar\u0103 din Rom\u00e2nia (UDMR);<br \/>ora 16:30 \u2013 Grupul Parlamentar al Minorit\u0103\u021bilor Na\u021bionale;<br \/>ora 18:30 \u2013 Uniunea Salva\u021bi Rom\u00e2nia (USR).<\/p>\n<div class=\"sharedaddy sd-sharing-enabled\">\n<div class=\"robots-nocontent sd-block sd-social sd-social-icon-text sd-sharing\">\n<h3 class=\"sd-title\">Partajeaz\u0103 asta:<\/h3>\n<div class=\"sd-content\">\n<ul>\n<li class=\"share-twitter\"><a rel=\"nofollow noopener noreferrer\" data-shared=\"sharing-twitter-40041\" class=\"share-twitter sd-button share-icon\" href=\"https:\/\/focustim.ro\/nicusor-dan-incepe-consultarile-cu-partidele-politice-la-cotroceni-dupa-ce-psd-a-retras-sprijinul-lui-ilie-bolojan\/?share=twitter\" target=\"_blank\" title=\"D\u0103 clic pentru a partaja pe Twitter\"><span>Twitter<\/span><\/a><\/li>\n<li class=\"share-facebook\"><a rel=\"nofollow noopener noreferrer\" data-shared=\"sharing-facebook-40041\" class=\"share-facebook sd-button share-icon\" href=\"https:\/\/focustim.ro\/nicusor-dan-incepe-consultarile-cu-partidele-politice-la-cotroceni-dupa-ce-psd-a-retras-sprijinul-lui-ilie-bolojan\/?share=facebook\" target=\"_blank\" title=\"D\u0103 clic pentru a partaja pe Facebook\"><span>Facebook<\/span><\/a><\/li>\n<li class=\"share-end\"><\/ul>\n<\/div>\n<\/div>\n<\/div>\n<div class=\"sharedaddy sd-block sd-like jetpack-likes-widget-wrapper jetpack-likes-widget-unloaded\" id=\"like-post-wrapper-167025405-40041-69e74f468b349\" data-src=\"https:\/\/widgets.wp.com\/likes\/#blog_id=167025405&amp;post_id=40041&amp;origin=focustim.ro&amp;obj_id=167025405-40041-69e74f468b349\" data-name=\"like-post-frame-167025405-40041-69e74f468b349\" data-title=\"Apreciaz\u0103 sau republic\u0103\">\n<h3 class=\"sd-title\">Apreciaz\u0103:<\/h3>\n<div class=\"likes-widget-placeholder post-likes-widget-placeholder\"><span class=\"button\"><span>Apreciere<\/span><\/span><span class=\"loading\">\u00cencarc&#8230;<\/span><\/div>\n<\/div>\n<\/div>\n<footer class=\"penci-entry-footer\">\n<div class=\"penci-source-via-tags-wrap\"><span class=\"tags-links penci-tags-links\"><a href=\"https:\/\/focustim.ro\/tag\/consultari\/\" rel=\"tag\">consultari<\/a><a href=\"https:\/\/focustim.ro\/tag\/nicusor-dan\/\" rel=\"tag\">Nicusor Dan<\/a><\/span><\/div>\n<p><span class=\"penci-social-buttons penci-social-share-footer\"><span class=\"penci-social-share-text\">Distribuie<\/span><a href=\"https:\/\/focustim.ro\/nicusor-dan-incepe-consultarile-cu-partidele-politice-la-cotroceni-dupa-ce-psd-a-retras-sprijinul-lui-ilie-bolojan\/\" class=\"penci-post-like penci_post-meta_item  single-like-button penci-social-item like\" data-post_id=\"40041\" title=\"Like\" data-like=\"Like\" data-unlike=\"Unlike\"><span class=\"penci-share-number\">0<\/span><\/a><\/span><\/footer>\n<\/article>\n<div class=\"penci-entry-content entry-content\">\n<p><strong>Pre\u0219edintele Nicu\u0219or Dan \u00eencepe consult\u0103rile cu partidele politice, la Cotroceni, dup\u0103 ce, ieri, PSD a decis s\u0103 retrag\u0103 sprijinul politic acordat premierului Ilie Bolojan. Decizia r\u0103m\u00e2ne f\u0103r\u0103 implica\u021bii pentru guvern, c\u0103ci premierul va trebui s\u0103 fie demis prin mo\u021biune de cenzur\u0103. Ilie Bolojan a anun\u021bat deja c\u0103 nu demisioneaz\u0103, \u00eens\u0103 AUR a promos c\u0103 va vota mo\u021biunea depus\u0103 de PSD, \u00eens\u0103 nu f\u0103r\u0103 negocieri dure.<\/strong><\/p>\n<p>Matematic, PSD \u0219i AUR ar avea majoritate s\u0103 formeze un guvern, iar PNL, USR \u0219i UDMR nu ar mai avea majoritate s\u0103 formeze un nou executiv f\u0103r\u0103 una din cele dou\u0103 mari for\u021be, PSD sau AUR. Totu\u0219i PSD \u0219i AUR au negat c\u0103 au de g\u00e2nd s\u0103 guverneze \u00eempreun\u0103.<\/p>\n<p>Pre\u0219edintele Nicu\u0219or Dan demareaz\u0103 consult\u0103ri cu partidele politice, dup\u0103 ce PSD i-a retras sprijinul lui Ilie Bolojan.<\/p>\n<p>\u201e\u00cen temeiul prerogativelor constitu\u021bionale, Pre\u0219edintele Rom\u00e2niei, Nicu\u0219or Dan, a invitat miercuri, 22 aprilie 2026, la Palatul Cotroceni, liderii partidelor \u0219i forma\u021biunilor politice parlamentare, pentru consult\u0103ri,\u201d, transmite, mar\u021bi, Administra\u021bia Preziden\u021bial\u0103.<\/p>\n<p>Consult\u0103rile \u00eencep la ora 09:00 cu Partidul Social Democrat (PSD).<\/p>\n<p>Programul complet:<\/p>\n<p>ora 09:00 \u2013 Partidul Social Democrat (PSD);<br \/>ora 10:30 \u2013 Partidul Na\u021bional Liberal (PNL);<br \/>ora 15:00 \u2013 Uniunea Democrat\u0103 Maghiar\u0103 din Rom\u00e2nia (UDMR);<br \/>ora 16:30 \u2013 Grupul Parlamentar al Minorit\u0103\u021bilor Na\u021bionale;<br \/>ora 18:30 \u2013 Uniunea Salva\u021bi Rom\u00e2nia (USR).<\/p>\n<div class=\"sharedaddy sd-sharing-enabled\">\n<div class=\"robots-nocontent sd-block sd-social sd-social-icon-text sd-sharing\">\n<h3 class=\"sd-title\">Partajeaz\u0103 asta:<\/h3>\n<div class=\"sd-content\">\n<ul>\n<li class=\"share-twitter\"><a rel=\"nofollow noopener noreferrer\" data-shared=\"sharing-twitter-40041\" class=\"share-twitter sd-button share-icon\" href=\"https:\/\/focustim.ro\/nicusor-dan-incepe-consultarile-cu-partidele-politice-la-cotroceni-dupa-ce-psd-a-retras-sprijinul-lui-ilie-bolojan\/?share=twitter\" target=\"_blank\" title=\"D\u0103 clic pentru a partaja pe Twitter\"><span>Twitter<\/span><\/a><\/li>\n<li class=\"share-facebook\"><a rel=\"nofollow noopener noreferrer\" data-shared=\"sharing-facebook-40041\" class=\"share-facebook sd-button share-icon\" href=\"https:\/\/focustim.ro\/nicusor-dan-incepe-consultarile-cu-partidele-politice-la-cotroceni-dupa-ce-psd-a-retras-sprijinul-lui-ilie-bolojan\/?share=facebook\" target=\"_blank\" title=\"D\u0103 clic pentru a partaja pe Facebook\"><span>Facebook<\/span><\/a><\/li>\n<li class=\"share-end\"><\/ul>\n<\/div>\n<\/div>\n<\/div>\n<div class=\"sharedaddy sd-block sd-like jetpack-likes-widget-wrapper jetpack-likes-widget-unloaded\" id=\"like-post-wrapper-167025405-40041-69e74f468b349\" data-src=\"https:\/\/widgets.wp.com\/likes\/#blog_id=167025405&amp;post_id=40041&amp;origin=focustim.ro&amp;obj_id=167025405-40041-69e74f468b349\" data-name=\"like-post-frame-167025405-40041-69e74f468b349\" data-title=\"Apreciaz\u0103 sau republic\u0103\">\n<h3 class=\"sd-title\">Apreciaz\u0103:<\/h3>\n<div class=\"likes-widget-placeholder post-likes-widget-placeholder\"><span class=\"button\"><span>Apreciere<\/span><\/span><span class=\"loading\">\u00cencarc&#8230;<\/span><\/div>\n<\/div>\n<\/div>\n<p>[analyse_source url=&#8221;https:\/\/focustim.ro\/nicusor-dan-incepe-consultarile-cu-partidele-politice-la-cotroceni-dupa-ce-psd-a-retras-sprijinul-lui-ilie-bolojan\/&#8221;]<\/p>\n","protected":false},"excerpt":{"rendered":"<p>[analyse_image type=&#8221;featured&#8221; src=&#8221;https:\/\/focustim.ro\/wp-content\/uploads\/2026\/04\/nicusor-dan.jpg&#8221;] ActualitateAdministra\u021bieFeaturedPolitic\u0103 Nicu\u0219or Dan \u00eencepe consult\u0103rile cu partidele politice, la Cotroceni, dup\u0103 ce PSD a retras sprijinul lui Ilie Bolojan 21\/04\/202621\/04\/20260 Distribuie0 Pre\u0219edintele Nicu\u0219or Dan \u00eencepe consult\u0103rile cu partidele politice, la Cotroceni, dup\u0103 ce, ieri, PSD a decis s\u0103 retrag\u0103 sprijinul politic acordat premierului Ilie Bolojan. Decizia r\u0103m\u00e2ne f\u0103r\u0103 implica\u021bii pentru guvern, c\u0103ci [&hellip;]<\/p>\n","protected":false},"author":1,"featured_media":0,"comment_status":"open","ping_status":"","sticky":false,"template":"","format":"standard","meta":{"footnotes":""},"categories":[89],"tags":[226,197],"class_list":["post-1894186","post","type-post","status-publish","format-standard","hentry","category-romania","tag-crawlmanager","tag-focustim-ro"],"_links":{"self":[{"href":"https:\/\/analyse.optim.biz\/index.php?rest_route=\/wp\/v2\/posts\/1894186","targetHints":{"allow":["GET"]}}],"collection":[{"href":"https:\/\/analyse.optim.biz\/index.php?rest_route=\/wp\/v2\/posts"}],"about":[{"href":"https:\/\/analyse.optim.biz\/index.php?rest_route=\/wp\/v2\/types\/post"}],"author":[{"embeddable":true,"href":"https:\/\/analyse.optim.biz\/index.php?rest_route=\/wp\/v2\/users\/1"}],"replies":[{"embeddable":true,"href":"https:\/\/analyse.optim.biz\/index.php?rest_route=%2Fwp%2Fv2%2Fcomments&post=1894186"}],"version-history":[{"count":0,"href":"https:\/\/analyse.optim.biz\/index.php?rest_route=\/wp\/v2\/posts\/1894186\/revisions"}],"wp:attachment":[{"href":"https:\/\/analyse.optim.biz\/index.php?rest_route=%2Fwp%2Fv2%2Fmedia&parent=1894186"}],"wp:term":[{"taxonomy":"category","embeddable":true,"href":"https:\/\/analyse.optim.biz\/index.php?rest_route=%2Fwp%2Fv2%2Fcategories&post=1894186"},{"taxonomy":"post_tag","embeddable":true,"href":"https:\/\/analyse.optim.biz\/index.php?rest_route=%2Fwp%2Fv2%2Ftags&post=1894186"}],"curies":[{"name":"wp","href":"https:\/\/api.w.org\/{rel}","templated":true}]}}