{"id":1894162,"date":"2026-04-20T18:34:24","date_gmt":"2026-04-20T15:34:24","guid":{"rendered":"https:\/\/analyse.optim.biz\/?p=1894162"},"modified":"2026-04-20T18:34:24","modified_gmt":"2026-04-20T15:34:24","slug":"dominic-fritz-ataca-psd-au-declansat-o-criza-politica-intr-un-moment-critic","status":"publish","type":"post","link":"https:\/\/analyse.optim.biz\/?p=1894162","title":{"rendered":"Dominic Fritz atac\u0103 PSD: \u201eAu declan\u0219at o criz\u0103 politic\u0103 \u00eentr-un moment critic\u201d"},"content":{"rendered":"<p>[analyse_image type=&#8221;featured&#8221; src=&#8221;https:\/\/orasul-timisoara.ro\/wp-content\/uploads\/2026\/04\/dominic-fritz-007.jpg&#8221;]<\/p>\n<article id=\"post-38301\" class=\"td-post-template-7 post-38301 post type-post status-publish format-standard has-post-thumbnail category-featured category-politic category-stiri-nationale-si-internationale tag-coalitie tag-criza-politica-2 tag-dominic-fritz tag-guvernare tag-pnrr tag-politica-romania tag-psd tag-reforme tag-usr td-container-wrap\">\n<div class=\"td-full-screen-header-image-wrap\">\n<div class=\"td-container td-post-header\">\n<div class=\"td-crumb-container\">\n<div class=\"entry-crumbs\"><span><a title=\"Vede\u021bi toate articolele \u00een Politic\" class=\"entry-crumb\" href=\"https:\/\/orasul-timisoara.ro\/local-category\/politic\/\">Politic<\/a><\/span><span class=\"td-bred-no-url-last\">Dominic Fritz atac\u0103 PSD: \u201eAu declan\u0219at o criz\u0103 politic\u0103 \u00eentr-un moment critic\u201d<\/span><\/div>\n<\/div>\n<div class=\"td-post-header-holder\">\n<div class=\"td-parallax-header\">\n<header class=\"td-post-title\">\n<ul class=\"td-category\">\n<li class=\"entry-category\"><a href=\"https:\/\/orasul-timisoara.ro\/local-category\/politic\/\">Politic<\/a><\/li>\n<li class=\"entry-category\"><a href=\"https:\/\/orasul-timisoara.ro\/local-category\/stiri-nationale-si-internationale\/\">\u0218tiri na\u021bionale \u0219i interna\u021bionale<\/a><\/li>\n<\/ul>\n<h1 class=\"entry-title\">Dominic Fritz atac\u0103 PSD: \u201eAu declan\u0219at o criz\u0103 politic\u0103 \u00eentr-un moment critic\u201d<\/h1>\n<div class=\"td-module-meta-info\">\n<div class=\"td-post-author-name\">\n<div class=\"td-author-by\">De c\u0103tre<\/div>\n<p><a href=\"https:\/\/orasul-timisoara.ro\/author\/timisoara\/\">redactia<\/a><\/p>\n<div class=\"td-author-line\"> &#8211; <\/div>\n<\/div>\n<p><span class=\"td-post-date\"><time class=\"entry-date updated td-module-date\" datetime=\"2026-04-20T21:34:24+03:00\">20\/04\/2026<\/time><\/span><\/div>\n<\/header>\n<\/div>\n<\/div>\n<\/div>\n<div id=\"td-full-screen-header-image\" class=\"td-image-gradient-style7\"><img decoding=\"async\" class=\"td-backstretch\" src=\"https:\/\/orasul-timisoara.ro\/wp-content\/uploads\/2026\/04\/dominic-fritz-007.jpg\"><\/div>\n<\/div>\n<div class=\"td-container\">\n<div class=\"td-pb-row\">\n<div class=\"td-pb-span8 td-main-content\" role=\"main\">\n<div class=\"td-ss-main-content\">\n<div class=\"td-post-sharing-top\">\n<div class=\"td-post-sharing-classic\"><iframe title=\"topFacebookLike\" frameborder src=\"https:\/\/www.facebook.com\/plugins\/like.php?href=https:\/\/orasul-timisoara.ro\/local-38301\/&amp;layout=button_count&amp;show_faces=false&amp;width=105&amp;action=like&amp;colorscheme=light&amp;height=21\"><\/iframe><\/div>\n<div id=\"td_social_sharing_article_top\" class=\"td-post-sharing td-ps-bg td-ps-notext td-post-sharing-style1 \">\n<div class=\"td-post-sharing-visible\"><a class=\"td-social-sharing-button td-social-sharing-button-js td-social-network td-social-facebook\" href=\"https:\/\/www.facebook.com\/sharer.php?u=https%3A%2F%2Forasul-timisoara.ro%2Flocal-38301%2F\" title=\"Facebook\"><\/p>\n<div class=\"td-social-but-text\">Facebook<\/div>\n<p><\/a><a class=\"td-social-sharing-button td-social-sharing-button-js td-social-network td-social-twitter\" href=\"https:\/\/twitter.com\/intent\/tweet?text=Dominic+Fritz+atac%C4%83+PSD%3A+%E2%80%9EAu+declan%C8%99at+o+criz%C4%83+politic%C4%83+%C3%AEntr-un+moment+critic%E2%80%9D&amp;url=https%3A%2F%2Forasul-timisoara.ro%2Flocal-38301%2F&amp;via=orasultm\" title=\"Twitter\"><\/p>\n<div class=\"td-social-but-text\">Twitter<\/div>\n<p><\/a><a class=\"td-social-sharing-button td-social-sharing-button-js td-social-network td-social-whatsapp\" href=\"https:\/\/api.whatsapp.com\/send?text=Dominic+Fritz+atac%C4%83+PSD%3A+%E2%80%9EAu+declan%C8%99at+o+criz%C4%83+politic%C4%83+%C3%AEntr-un+moment+critic%E2%80%9D%20%0A%0A%20https:\/\/orasul-timisoara.ro\/local-38301\/\" title=\"WhatsApp\"><\/p>\n<div class=\"td-social-but-text\">WhatsApp<\/div>\n<p><\/a><a class=\"td-social-sharing-button td-social-sharing-button-js td-social-network td-social-linkedin\" href=\"https:\/\/www.linkedin.com\/shareArticle?mini=true&amp;url=https:\/\/orasul-timisoara.ro\/local-38301\/&amp;title=Dominic+Fritz+atac%C4%83+PSD%3A+%E2%80%9EAu+declan%C8%99at+o+criz%C4%83+politic%C4%83+%C3%AEntr-un+moment+critic%E2%80%9D\" title=\"Linkedin\"><\/p>\n<div class=\"td-social-but-text\">Linkedin<\/div>\n<p><\/a><a class=\"td-social-sharing-button td-social-sharing-button-js td-social-network td-social-reddit\" href=\"https:\/\/reddit.com\/submit?url=https:\/\/orasul-timisoara.ro\/local-38301\/&amp;title=Dominic+Fritz+atac%C4%83+PSD%3A+%E2%80%9EAu+declan%C8%99at+o+criz%C4%83+politic%C4%83+%C3%AEntr-un+moment+critic%E2%80%9D\" title=\"ReddIt\"><\/p>\n<div class=\"td-social-but-text\">ReddIt<\/div>\n<p><\/a><a class=\"td-social-sharing-button td-social-sharing-button-js td-social-network td-social-mail\" href=\"mailto:?subject=Dominic%20Fritz%20atac%C4%83%20PSD:%20%E2%80%9EAu%20declan%C8%99at%20o%20criz%C4%83%20politic%C4%83%20%C3%AEntr-un%20moment%20critic%E2%80%9D&amp;body=https:\/\/orasul-timisoara.ro\/local-38301\/\" title=\"Email\"><\/p>\n<div class=\"td-social-but-text\">Email<\/div>\n<p><\/a><a class=\"td-social-sharing-button td-social-sharing-button-js td-social-network td-social-print\" href=\"https:\/\/orasul-timisoara.ro\/local-38301\/\" title=\"Imprimare\"><\/p>\n<div class=\"td-social-but-text\">Imprimare<\/div>\n<p><\/a><\/div>\n<\/div>\n<\/div>\n<div class=\"td-post-content tagdiv-type\">\n<p>Pre\u0219edintele Dominic Fritz a reac\u021bionat ferm dup\u0103 decizia Partidul Social Democrat de a p\u0103r\u0103si guvernarea, acuz\u00e2nd forma\u021biunea de declan\u0219area unei crize politice \u00eentr-un moment sensibil pentru Rom\u00e2nia, marcat de presiuni economice \u0219i geopolitice.<\/p>\n<p>\u00centr-o serie de declara\u021bii publice, liderul USR a sus\u021binut c\u0103 decizia PSD vine \u00eentr-un context dificil, \u00een care Rom\u00e2nia are nevoie de stabilitate pentru a gestiona reformele \u0219i fondurile europene. \u201ePSD pare c\u0103 s-a bucurat s\u0103 declan\u0219eze o criz\u0103 politic\u0103 \u00eentr-un moment de grav\u0103 criz\u0103 economic\u0103 \u0219i geopolitic\u0103\u201d, a afirmat acesta.<\/p>\n<p>Dominic Fritz a respins ideea c\u0103 ruptura din coali\u021bie ar avea leg\u0103tur\u0103 strict cu persoana premierului Ilie Bolojan, sus\u021bin\u00e2nd c\u0103 adev\u0103rata miz\u0103 este direc\u021bia reformist\u0103 adoptat\u0103 \u00een ultimele luni. Potrivit acestuia, tensiunile ar fi ap\u0103rut \u00een jurul implement\u0103rii reformelor \u0219i al gestion\u0103rii resurselor financiare, inclusiv fondurile din Planul Na\u021bional de Redresare \u0219i Rezilien\u021b\u0103.<\/p>\n<p>Liderul USR a criticat \u0219i pozi\u021bion\u0103rile politice recente ale PSD, men\u021bion\u00e2nd colabor\u0103ri punctuale cu AUR \u00een Parlament, pe care le consider\u0103 contradictorii cu discursul oficial al social-democra\u021bilor.<\/p>\n<p>\u00cen acela\u0219i timp, Dominic Fritz a subliniat c\u0103 USR nu inten\u021bioneaz\u0103 s\u0103 se retrag\u0103 din responsabilit\u0103\u021bile guvernamentale \u0219i c\u0103 mini\u0219trii partidului \u00ee\u0219i vor continua activitatea. \u201eVrem s\u0103-i asigur\u0103m pe rom\u00e2nii care vor reforme c\u0103 noi nu dezert\u0103m. Mini\u0219trii no\u0219tri vor fi la munc\u0103\u201d, a declarat acesta.<\/p>\n<p>Referitor la posibilitatea relu\u0103rii negocierilor cu PSD, liderul USR a exclus un astfel de scenariu \u00een cazul \u00een care social-democra\u021bii vor ini\u021bia o mo\u021biune de cenzur\u0103 care s\u0103 duc\u0103 la c\u0103derea guvernului. \u00cen opinia sa, o astfel de mi\u0219care ar afecta \u00eencrederea \u00eentre partenerii politici \u0219i ar face dificil\u0103 o colaborare viitoare.<\/p>\n<p>\u00cen final, Dominic Fritz a subliniat c\u0103 actualul Executiv este \u00eenc\u0103 func\u021bional \u0219i a cerut clarific\u0103ri din partea PSD privind inten\u021biile de guvernare. \u201ePSD trebuie s\u0103 explice cum vrea s\u0103 guverneze Rom\u00e2nia\u201d, a concluzionat acesta, reiter\u00e2nd c\u0103 USR va r\u0103m\u00e2ne \u201epe baricade\u201d.<\/p>\n<p>Declara\u021biile vin \u00eentr-un moment de tensiune maxim\u0103 pe scena politic\u0103, \u00een care stabilitatea guvernamental\u0103 este pus\u0103 sub semnul \u00eentreb\u0103rii, iar deciziile din perioada urm\u0103toare vor influen\u021ba direc\u021bia politic\u0103 \u0219i economic\u0103 a \u021b\u0103rii.<\/p>\n<\/div>\n<footer>\n<div class=\"td-post-source-tags\">\n<ul class=\"td-tags td-post-small-box clearfix\">\n<li><span>ETICHETE<\/span><\/li>\n<li><a href=\"https:\/\/orasul-timisoara.ro\/local-tag\/coalitie\/\">coalitie<\/a><\/li>\n<li><a href=\"https:\/\/orasul-timisoara.ro\/local-tag\/criza-politica-2\/\">criza politica<\/a><\/li>\n<li><a href=\"https:\/\/orasul-timisoara.ro\/local-tag\/dominic-fritz\/\">dominic fritz<\/a><\/li>\n<li><a href=\"https:\/\/orasul-timisoara.ro\/local-tag\/guvernare\/\">guvernare<\/a><\/li>\n<li><a href=\"https:\/\/orasul-timisoara.ro\/local-tag\/pnrr\/\">pnrr<\/a><\/li>\n<li><a href=\"https:\/\/orasul-timisoara.ro\/local-tag\/politica-romania\/\">politica Romania<\/a><\/li>\n<li><a href=\"https:\/\/orasul-timisoara.ro\/local-tag\/psd\/\">psd<\/a><\/li>\n<li><a href=\"https:\/\/orasul-timisoara.ro\/local-tag\/reforme\/\">reforme<\/a><\/li>\n<li><a href=\"https:\/\/orasul-timisoara.ro\/local-tag\/usr\/\">usr<\/a><\/li>\n<\/ul>\n<\/div>\n<div class=\"td-post-sharing-bottom\">\n<div class=\"td-post-sharing-classic\"><iframe title=\"bottomFacebookLike\" frameborder src=\"https:\/\/www.facebook.com\/plugins\/like.php?href=https:\/\/orasul-timisoara.ro\/local-38301\/&amp;layout=button_count&amp;show_faces=false&amp;width=105&amp;action=like&amp;colorscheme=light&amp;height=21\"><\/iframe><\/div>\n<div id=\"td_social_sharing_article_bottom\" class=\"td-post-sharing td-ps-bg td-ps-notext td-post-sharing-style1 \">\n<div class=\"td-post-sharing-visible\"><a class=\"td-social-sharing-button td-social-sharing-button-js td-social-network td-social-facebook\" href=\"https:\/\/www.facebook.com\/sharer.php?u=https%3A%2F%2Forasul-timisoara.ro%2Flocal-38301%2F\" title=\"Facebook\"><\/p>\n<div class=\"td-social-but-text\">Facebook<\/div>\n<p><\/a><a class=\"td-social-sharing-button td-social-sharing-button-js td-social-network td-social-twitter\" href=\"https:\/\/twitter.com\/intent\/tweet?text=Dominic+Fritz+atac%C4%83+PSD%3A+%E2%80%9EAu+declan%C8%99at+o+criz%C4%83+politic%C4%83+%C3%AEntr-un+moment+critic%E2%80%9D&amp;url=https%3A%2F%2Forasul-timisoara.ro%2Flocal-38301%2F&amp;via=orasultm\" title=\"Twitter\"><\/p>\n<div class=\"td-social-but-text\">Twitter<\/div>\n<p><\/a><a class=\"td-social-sharing-button td-social-sharing-button-js td-social-network td-social-whatsapp\" href=\"https:\/\/api.whatsapp.com\/send?text=Dominic+Fritz+atac%C4%83+PSD%3A+%E2%80%9EAu+declan%C8%99at+o+criz%C4%83+politic%C4%83+%C3%AEntr-un+moment+critic%E2%80%9D%20%0A%0A%20https:\/\/orasul-timisoara.ro\/local-38301\/\" title=\"WhatsApp\"><\/p>\n<div class=\"td-social-but-text\">WhatsApp<\/div>\n<p><\/a><a class=\"td-social-sharing-button td-social-sharing-button-js td-social-network td-social-linkedin\" href=\"https:\/\/www.linkedin.com\/shareArticle?mini=true&amp;url=https:\/\/orasul-timisoara.ro\/local-38301\/&amp;title=Dominic+Fritz+atac%C4%83+PSD%3A+%E2%80%9EAu+declan%C8%99at+o+criz%C4%83+politic%C4%83+%C3%AEntr-un+moment+critic%E2%80%9D\" title=\"Linkedin\"><\/p>\n<div class=\"td-social-but-text\">Linkedin<\/div>\n<p><\/a><a class=\"td-social-sharing-button td-social-sharing-button-js td-social-network td-social-reddit\" href=\"https:\/\/reddit.com\/submit?url=https:\/\/orasul-timisoara.ro\/local-38301\/&amp;title=Dominic+Fritz+atac%C4%83+PSD%3A+%E2%80%9EAu+declan%C8%99at+o+criz%C4%83+politic%C4%83+%C3%AEntr-un+moment+critic%E2%80%9D\" title=\"ReddIt\"><\/p>\n<div class=\"td-social-but-text\">ReddIt<\/div>\n<p><\/a><a class=\"td-social-sharing-button td-social-sharing-button-js td-social-network td-social-mail\" href=\"mailto:?subject=Dominic%20Fritz%20atac%C4%83%20PSD:%20%E2%80%9EAu%20declan%C8%99at%20o%20criz%C4%83%20politic%C4%83%20%C3%AEntr-un%20moment%20critic%E2%80%9D&amp;body=https:\/\/orasul-timisoara.ro\/local-38301\/\" title=\"Email\"><\/p>\n<div class=\"td-social-but-text\">Email<\/div>\n<p><\/a><a class=\"td-social-sharing-button td-social-sharing-button-js td-social-network td-social-print\" href=\"https:\/\/orasul-timisoara.ro\/local-38301\/\" title=\"Imprimare\"><\/p>\n<div class=\"td-social-but-text\">Imprimare<\/div>\n<p><\/a><\/div>\n<\/div>\n<\/div>\n<div class=\"td-block-row td-post-next-prev\">\n<div class=\"td-block-span6 td-post-prev-post\">\n<div class=\"td-post-next-prev-content\"><span>Articolul precedent<\/span><a href=\"https:\/\/orasul-timisoara.ro\/local-38298\/\">Ilie Bolojan reac\u021bioneaz\u0103 dup\u0103 votul PSD: \u201eDecizie gre\u0219it\u0103 \u0219i iresponsabil\u0103\u201d<\/a><\/div>\n<\/div>\n<div class=\"td-block-span6 td-post-next-post\">\n<div class=\"td-post-next-prev-content\"><span>Articolul urm\u0103tor<\/span><a href=\"https:\/\/orasul-timisoara.ro\/local-38304\/\">Prim\u0103ria Lugoj \u00eencepe ridicarea ma\u0219inilor abandonate de pe domeniul public<\/a><\/div>\n<\/div>\n<\/div>\n<div class=\"td-author-name vcard author\"><span class=\"fn\"><a href=\"https:\/\/orasul-timisoara.ro\/author\/timisoara\/\">redactia<\/a><\/span><\/div>\n<p><span class=\"td-page-meta\"><\/span><span class=\"td-page-meta\"><span class=\"td-page-meta\"><\/span><\/span><span class=\"td-page-meta\"><\/span><\/footer>\n<div class=\"td_block_wrap td_block_related_posts tdi_3 td_with_ajax_pagination td-pb-border-top td_block_template_8\" data-td-block-uid=\"tdi_3\">\n<h4 class=\"td-related-title td-block-title\"><a id=\"tdi_4\" class=\"td-related-left td-cur-simple-item\" data-td_filter_value data-td_block_id=\"tdi_3\" href=\"https:\/\/orasul-timisoara.ro\/local-38301\/\">ARTICOLE SIMILARE<\/a><a id=\"tdi_5\" class=\"td-related-right\" data-td_filter_value=\"td_related_more_from_author\" data-td_block_id=\"tdi_3\" href=\"https:\/\/orasul-timisoara.ro\/local-38301\/\">DE LA ACELA\u0218I AUTOR<\/a><\/h4>\n<div id=\"tdi_3\" class=\"td_block_inner\">\n<div class=\"td-related-row\">\n<div class=\"td-related-span4\">\n<div class=\"td_module_related_posts td-animation-stack td_mod_related_posts\">\n<div class=\"td-module-image\">\n<div class=\"td-module-thumb\"><a href=\"https:\/\/orasul-timisoara.ro\/local-38298\/\" rel=\"bookmark\" class=\"td-image-wrap \" title=\"Ilie Bolojan reac\u021bioneaz\u0103 dup\u0103 votul PSD: \u201eDecizie gre\u0219it\u0103 \u0219i iresponsabil\u0103\u201d\"><img loading=\"lazy\" decoding=\"async\" class=\"entry-thumb\" src=\"https:\/\/orasul-timisoara.ro\/wp-content\/uploads\/2026\/04\/bolo-cf-pres-436x300.jpg\" alt title=\"Ilie Bolojan reac\u021bioneaz\u0103 dup\u0103 votul PSD: \u201eDecizie gre\u0219it\u0103 \u0219i iresponsabil\u0103\u201d\" width=\"218\" height=\"150\"><\/a><\/div>\n<\/div>\n<div class=\"item-details\">\n<h3 class=\"entry-title td-module-title\"><a href=\"https:\/\/orasul-timisoara.ro\/local-38298\/\" rel=\"bookmark\" title=\"Ilie Bolojan reac\u021bioneaz\u0103 dup\u0103 votul PSD: \u201eDecizie gre\u0219it\u0103 \u0219i iresponsabil\u0103\u201d\">Ilie Bolojan reac\u021bioneaz\u0103 dup\u0103 votul PSD: \u201eDecizie gre\u0219it\u0103 \u0219i iresponsabil\u0103\u201d<\/a><\/h3>\n<\/div>\n<\/div>\n<\/div>\n<div class=\"td-related-span4\">\n<div class=\"td_module_related_posts td-animation-stack td_mod_related_posts\">\n<div class=\"td-module-image\">\n<div class=\"td-module-thumb\"><a href=\"https:\/\/orasul-timisoara.ro\/local-38291\/\" rel=\"bookmark\" class=\"td-image-wrap \" title=\"PSD arunc\u0103 Rom\u00e2nia \u00een criz\u0103 politic\u0103 : social-democra\u021bii retrag sprijinul pentru Ilie Bolojan printr-un vot cov\u00e2r\u0219itor \u00een partid\"><img loading=\"lazy\" decoding=\"async\" class=\"entry-thumb\" src=\"https:\/\/orasul-timisoara.ro\/wp-content\/uploads\/2026\/04\/sorin-grindeanu-002-436x300.jpg\" alt title=\"PSD arunc\u0103 Rom\u00e2nia \u00een criz\u0103 politic\u0103 : social-democra\u021bii retrag sprijinul pentru Ilie Bolojan printr-un vot cov\u00e2r\u0219itor \u00een partid\" width=\"218\" height=\"150\"><\/a><\/div>\n<\/div>\n<div class=\"item-details\">\n<h3 class=\"entry-title td-module-title\"><a href=\"https:\/\/orasul-timisoara.ro\/local-38291\/\" rel=\"bookmark\" title=\"PSD arunc\u0103 Rom\u00e2nia \u00een criz\u0103 politic\u0103 : social-democra\u021bii retrag sprijinul pentru Ilie Bolojan printr-un vot cov\u00e2r\u0219itor \u00een partid\">PSD arunc\u0103 Rom\u00e2nia \u00een criz\u0103 politic\u0103 : social-democra\u021bii retrag sprijinul pentru Ilie Bolojan printr-un vot cov\u00e2r\u0219itor \u00een partid<\/a><\/h3>\n<\/div>\n<\/div>\n<\/div>\n<div class=\"td-related-span4\">\n<div class=\"td_module_related_posts td-animation-stack td_mod_related_posts\">\n<div class=\"td-module-image\">\n<div class=\"td-module-thumb\"><a href=\"https:\/\/orasul-timisoara.ro\/local-38275\/\" rel=\"bookmark\" class=\"td-image-wrap \" title=\"Investi\u021bii \u00een educa\u021bie: Timi\u0219oara extinde \u0218coala Gimnazial\u0103 nr. 7 cu fonduri europene\"><img loading=\"lazy\" decoding=\"async\" class=\"entry-thumb\" src=\"https:\/\/orasul-timisoara.ro\/wp-content\/uploads\/2026\/04\/IMG_2545-1-scaled-1-436x300.jpg\" alt title=\"Investi\u021bii \u00een educa\u021bie: Timi\u0219oara extinde \u0218coala Gimnazial\u0103 nr. 7 cu fonduri europene\" width=\"218\" height=\"150\"><\/a><\/div>\n<\/div>\n<div class=\"item-details\">\n<h3 class=\"entry-title td-module-title\"><a href=\"https:\/\/orasul-timisoara.ro\/local-38275\/\" rel=\"bookmark\" title=\"Investi\u021bii \u00een educa\u021bie: Timi\u0219oara extinde \u0218coala Gimnazial\u0103 nr. 7 cu fonduri europene\">Investi\u021bii \u00een educa\u021bie: Timi\u0219oara extinde \u0218coala Gimnazial\u0103 nr. 7 cu fonduri europene<\/a><\/h3>\n<\/div>\n<\/div>\n<\/div>\n<\/div>\n<\/div>\n<\/div>\n<div class=\"comments\" id=\"comments\">\n<div id=\"respond\" class=\"comment-respond\">\n<h3 id=\"reply-title\" class=\"comment-reply-title\">L\u0102SA\u021aI UN MESAJ<\/h3>\n<div class=\"comment-form-input-wrap td-form-comment\">\n<div class=\"td-warning-comment\">V\u0103 rug\u0103m s\u0103 introduce\u021bi comentariul dvs.!<\/div>\n<\/div>\n<div class=\"comment-form-input-wrap td-form-author\">\n<div class=\"td-warning-author\">Introduce\u021bi aici numele dvs.<\/div>\n<\/div>\n<div class=\"comment-form-input-wrap td-form-email\">\n<div class=\"td-warning-email-error\">A\u021bi introdus o adres\u0103 de e-mail incorect\u0103!<\/div>\n<div class=\"td-warning-email\">V\u0103 rug\u0103m s\u0103 introduce\u021bi adresa dvs. de e-mail aici<\/div>\n<\/div>\n<\/div>\n<p class=\"akismet_comment_form_privacy_notice\">Acest site folose\u0219te Akismet pentru a reduce spamul. <a href=\"https:\/\/akismet.com\/privacy\/\" target=\"_blank\" rel=\"nofollow noopener\">Afl\u0103 cum sunt procesate datele comentariilor tale<\/a>.<\/p>\n<\/div>\n<\/div>\n<\/div>\n<div class=\"td-pb-span4 td-main-sidebar\" role=\"complementary\">\n<div class=\"td-ss-main-sidebar\">\n<aside id=\"block-4\" class=\"td_block_template_8 widget block-4 widget_block widget_media_image\">\n<figure class=\"wp-block-image size-full\"><img loading=\"lazy\" decoding=\"async\" width=\"336\" height=\"280\" src=\"https:\/\/orasul-timisoara.ro\/wp-content\/uploads\/2024\/11\/ReTIM-Abonamentul-Verde-Google-Ads-336x280px.gif\" alt class=\"wp-image-29257\"><\/figure>\n<\/aside>\n<div class=\"td_block_wrap td_block_social_counter td_block_widget tdi_6 td-social-style5 td-social-boxed td-pb-border-top td_block_template_8\">\n<div class=\"td-block-title-wrap\">\n<h4 class=\"td-block-title\"><span>Urm\u0103re\u0219te-ne pe Social Media<\/span><\/h4>\n<\/div>\n<div class=\"td-social-list\">\n<div class=\"td_social_type td-pb-margin-side td_social_facebook\">\n<div class=\"td-social-box\"><span class=\"td_social_info td_social_info_counter\">344,595<\/span><span class=\"td_social_info td_social_info_name\">Fani<\/span><span class=\"td_social_button\"><a href=\"https:\/\/www.facebook.com\/247timisoara\" target=\"_blank\" rel=\"nofollow\">\u00cemi place<\/a><\/span><\/div>\n<\/div>\n<div class=\"td_social_type td-pb-margin-side td_social_instagram\">\n<div class=\"td-social-box\"><span class=\"td_social_info td_social_info_counter\">4,416<\/span><span class=\"td_social_info td_social_info_name\">Cititori<\/span><span class=\"td_social_button\"><a href=\"https:\/\/instagram.com\/orasultimisoararo\/\" target=\"_blank\" rel=\"nofollow\">Conecta\u021bi-v\u0103<\/a><\/span><\/div>\n<\/div>\n<div class=\"td_social_type td-pb-margin-side td_social_rss\">\n<div class=\"td-social-box\"><span class=\"td_social_info td_social_info_counter\">12,506<\/span><span class=\"td_social_info td_social_info_name\">Cititori<\/span><span class=\"td_social_button\"><a href=\"https:\/\/orasul-timisoara.ro\/feed\/\" target=\"_blank\" rel=\"nofollow\">Conecta\u021bi-v\u0103<\/a><\/span><\/div>\n<\/div>\n<div class=\"td_social_type td-pb-margin-side td_social_tiktok\">\n<div class=\"td-social-box\"><span class=\"td_social_info td_social_info_counter\">1,500<\/span><span class=\"td_social_info td_social_info_name\">Cititori<\/span><span class=\"td_social_button\"><a href=\"https:\/\/www.tiktok.com\/@orasultimisoara\" target=\"_blank\" rel=\"nofollow\">Conecta\u021bi-v\u0103<\/a><\/span><\/div>\n<\/div>\n<div class=\"td_social_type td-pb-margin-side td_social_twitter\">\n<div class=\"td-social-box\"><span class=\"td_social_info td_social_info_counter\">1,595<\/span><span class=\"td_social_info td_social_info_name\">Cititori<\/span><span class=\"td_social_button\"><a href=\"https:\/\/twitter.com\/orasultm\" target=\"_blank\" rel=\"nofollow\">Conecta\u021bi-v\u0103<\/a><\/span><\/div>\n<\/div>\n<div class=\"td_social_type td-pb-margin-side td_social_youtube\">\n<div class=\"td-social-box\"><span class=\"td_social_info td_social_info_counter\">3,506<\/span><span class=\"td_social_info td_social_info_name\">Abona\u021bi<\/span><span class=\"td_social_button\"><a href=\"https:\/\/www.youtube.com\/channel\/UCQNsQvs2XCSIm1Z-AHRturw?sub_confirmation=1\" target=\"_blank\" rel=\"nofollow\">Abona\u021bi-v\u0103<\/a><\/span><\/div>\n<\/div>\n<\/div>\n<\/div>\n<aside id=\"text-7\" class=\"td_block_template_8 widget text-7 widget_text\">\n<h4 class=\"td-block-title\"><span>C\u0103ut\u0103ri populare pe OTM<\/span><\/h4>\n<div class=\"textwidget\"><a href=\"https:\/\/orasul-timisoara.ro\/?s=timisoara\"><span>Timisoara<\/span><\/a><a href=\"https:\/\/orasul-timisoara.ro\/?s=calin+dobra\"><span>Calin Dobra<\/span><\/a><a href=\"https:\/\/orasul-timisoara.ro\/?s=primaria+timisoara\"><span>Primaria Timisoara<\/span><\/a><a href=\"https:\/\/orasul-timisoara.ro\/?s=dominic+fritz\"><span>Dominic Fritz<\/span><\/a><a href=\"https:\/\/orasul-timisoara.ro\/?s=nicolae+robu\"><span>Nicolae Robu<\/span><\/a><a href=\"https:\/\/orasul-timisoara.ro\/?s=consiliul+local+timisoara\">Consiliul Local Timisoara<\/a><a href=\"https:\/\/orasul-timisoara.ro\/?s=consiliul+judetean+timis\"><span>Consiliul Judetean Timis<\/span><\/a><a href=\"https:\/\/orasul-timisoara.ro\/?s=cjt\"><span>CJT<\/span><\/a><a href=\"https:\/\/orasul-timisoara.ro\/?s=Alfred+Simonis\"><span>Alfred Simonis<\/span><\/a><a href=\"https:\/\/orasul-timisoara.ro\/?s=PNL\"><span>PNL<\/span><\/a><a href=\"https:\/\/orasul-timisoara.ro\/?s=coronavirus\"><span>coronavirus<\/span><\/a><a href=\"https:\/\/orasul-timisoara.ro\/?s=teatru+timisoara\">teatru Timisoara<\/a><a href=\"https:\/\/orasul-timisoara.ro\/?s=restaurante\"><span>restaurante Timisoara<\/span><\/a><a href=\"https:\/\/orasul-timisoara.ro\/?s=diskoteka\"><span>Diskoteka<\/span><\/a><a href=\"https:\/\/orasul-timisoara.ro\/?s=iulius+town\"><span>Iulius Town<\/span><\/a><a href=\"https:\/\/orasul-timisoara.ro\/?s=iulius+mall\"><span>Iulius Mall<\/span><\/a><a href=\"https:\/\/orasul-timisoara.ro\/?s=stpt\"><span>STPT<\/span><\/a><a href=\"https:\/\/orasul-timisoara.ro\/?s=alin+nica\"><span>Alin Nica<\/span><\/a><a href=\"https:\/\/orasul-timisoara.ro\/?s=psd\"><span>PSD<\/span><\/a><a href=\"https:\/\/orasul-timisoara.ro\/?s=aeroport\"><span>Aeroportul International Timisoara<\/span><\/a><a href=\"https:\/\/orasul-timisoara.ro\/?s=babes\"><span>Spitalul Victor Babes Timisoara<\/span><\/a><a href=\"https:\/\/orasul-timisoara.ro\/?s=poli\"><span>Poli Timi\u0219oara<\/span><\/a><a href=\"https:\/\/orasul-timisoara.ro\/?s=carantina\"><span>carantina<\/span><\/a><a href=\"https:\/\/orasul-timisoara.ro\/?s=aquatim\"><span>Aquatim<\/span><\/a><a href=\"https:\/\/orasul-timisoara.ro\/local-category\/stiri-timisoara\/\"><span>Stiri Timisoara<\/span><\/a><a href=\"https:\/\/orasul-timisoara.ro\/local-category\/investitii-in-timisoara\/\"><span>Investi\u021bii in Timi\u0219oara<\/span><\/a><a href=\"https:\/\/orasul-timisoara.ro\/local-9463\/\"><span>shaorma<\/span><\/a><a href=\"https:\/\/orasul-timisoara.ro\/?s=trafic\"><span>trafic rutier<\/span><\/a><a href=\"https:\/\/orasul-timisoara.ro\/?s=politia\"><span>politia locala timisoara<\/span><\/a><a href=\"https:\/\/orasul-timisoara.ro\/?s=roxana\"><span>Roxana Iliescu<\/span><\/a><a href=\"https:\/\/orasul-timisoara.ro\/?s=colterm\"><span>Colterm<\/span><\/a><a href=\"https:\/\/orasul-timisoara.ro\/?s=latcau\"><span>Ruben La\u021bc\u0103u<\/span><\/a><a href=\"https:\/\/orasul-timisoara.ro\/?s=timis\"><span>\u0218tiri din Timi\u0219<\/span><\/a><a href=\"https:\/\/orasul-timisoara.ro\/?s=spital\"><span>Spitale din Timi\u0219oara<\/span><\/a><a href=\"https:\/\/orasul-timisoara.ro\/?s=tabara\"><span>Cosmin Tab\u0103r\u0103<\/span><\/a><\/div>\n<\/aside>\n<aside id=\"rss-2\" class=\"td_block_template_8 widget rss-2 widget_rss\">\n<h4 class=\"td-block-title\"><span><a class=\"rsswidget rss-widget-feed\" href=\"https:\/\/fashionfridays.ro\/feed\"><img decoding=\"async\" class=\"rss-widget-icon\" width=\"14\" height=\"14\" src=\"https:\/\/orasul-timisoara.ro\/wp-includes\/images\/rss.png\" alt=\"RSS\" loading=\"lazy\"><\/a><a class=\"rsswidget rss-widget-title\" href=\"https:\/\/fashionfridays.ro\/\">Fashion Fridays<\/a><\/span><\/h4>\n<ul>\n<li><a class=\"rsswidget\" href=\"https:\/\/fashionfridays.ro\/crocs-lanseaza-crocband-gum-clog-confort-iconic-cu-influente-retro-sport-pentru-primavara\/\">Crocs lanseaz\u0103 Crocband Gum Clog: confort iconic cu influen\u021be retro-sport pentru prim\u0103var\u0103<\/a>\n<div class=\"rssSummary\">Martie marcheaz\u0103 acel moment al anului \u00een care stilul \u00eencepe s\u0103 se relaxeze. Zilele devin mai lungi, ritmul ora\u0219ului se schimb\u0103, iar garderoba face tranzi\u021bia c\u0103tre piese care pun confortul pe primul loc, f\u0103r\u0103 s\u0103 renun\u021be la atitudine. Este sezonul \u00een care autenticitatea devine declara\u021bie de stil, iar alegerile vestimentare reflect\u0103 mai mult ca oric\u00e2nd [\u2026]<\/div>\n<\/li>\n<\/ul>\n<\/aside>\n<aside id=\"rss-4\" class=\"td_block_template_8 widget rss-4 widget_rss\">\n<h4 class=\"td-block-title\"><span><a class=\"rsswidget rss-widget-feed\" href=\"https:\/\/emasini.ro\/feed\"><img decoding=\"async\" class=\"rss-widget-icon\" width=\"14\" height=\"14\" src=\"https:\/\/orasul-timisoara.ro\/wp-includes\/images\/rss.png\" alt=\"RSS\" loading=\"lazy\"><\/a><a class=\"rsswidget rss-widget-title\" href=\"https:\/\/emasini.ro\/\">eMasini<\/a><\/span><\/h4>\n<ul>\n<li><a class=\"rsswidget\" href=\"https:\/\/emasini.ro\/traficul-rutier-sub-analiza-recensamant-national-pentru-modernizarea-infrastructurii\/\">Traficul rutier, sub analiz\u0103: recens\u0103m\u00e2nt na\u021bional pentru modernizarea infrastructurii<\/a>\n<div class=\"rssSummary\">Compania Na\u021bional\u0103 de Administrare a Infrastructurii Rutiere, prin Centrul de Studii Tehnice Rutiere \u0219i Informatic\u0103, preg\u0103te\u0219te una dintre cele mai importante ac\u021biuni de colectare de date din domeniul transporturilor: Recens\u0103m\u00e2ntul General de Circula\u021bie Rutier\u0103. Demersul are un rol strategic \u00een fundamentarea deciziilor privind dezvoltarea \u0219i modernizarea infrastructurii rutiere din Rom\u00e2nia. Ac\u021biunea este coordonat\u0103 de CNAIR, [\u2026]<\/div>\n<\/li>\n<\/ul>\n<\/aside>\n<\/div>\n<\/div>\n<\/div>\n<\/div>\n<\/article>\n<div class=\"td-post-content tagdiv-type\">\n<p>Pre\u0219edintele Dominic Fritz a reac\u021bionat ferm dup\u0103 decizia Partidul Social Democrat de a p\u0103r\u0103si guvernarea, acuz\u00e2nd forma\u021biunea de declan\u0219area unei crize politice \u00eentr-un moment sensibil pentru Rom\u00e2nia, marcat de presiuni economice \u0219i geopolitice.<\/p>\n<p>\u00centr-o serie de declara\u021bii publice, liderul USR a sus\u021binut c\u0103 decizia PSD vine \u00eentr-un context dificil, \u00een care Rom\u00e2nia are nevoie de stabilitate pentru a gestiona reformele \u0219i fondurile europene. \u201ePSD pare c\u0103 s-a bucurat s\u0103 declan\u0219eze o criz\u0103 politic\u0103 \u00eentr-un moment de grav\u0103 criz\u0103 economic\u0103 \u0219i geopolitic\u0103\u201d, a afirmat acesta.<\/p>\n<p>Dominic Fritz a respins ideea c\u0103 ruptura din coali\u021bie ar avea leg\u0103tur\u0103 strict cu persoana premierului Ilie Bolojan, sus\u021bin\u00e2nd c\u0103 adev\u0103rata miz\u0103 este direc\u021bia reformist\u0103 adoptat\u0103 \u00een ultimele luni. Potrivit acestuia, tensiunile ar fi ap\u0103rut \u00een jurul implement\u0103rii reformelor \u0219i al gestion\u0103rii resurselor financiare, inclusiv fondurile din Planul Na\u021bional de Redresare \u0219i Rezilien\u021b\u0103.<\/p>\n<p>Liderul USR a criticat \u0219i pozi\u021bion\u0103rile politice recente ale PSD, men\u021bion\u00e2nd colabor\u0103ri punctuale cu AUR \u00een Parlament, pe care le consider\u0103 contradictorii cu discursul oficial al social-democra\u021bilor.<\/p>\n<p>\u00cen acela\u0219i timp, Dominic Fritz a subliniat c\u0103 USR nu inten\u021bioneaz\u0103 s\u0103 se retrag\u0103 din responsabilit\u0103\u021bile guvernamentale \u0219i c\u0103 mini\u0219trii partidului \u00ee\u0219i vor continua activitatea. \u201eVrem s\u0103-i asigur\u0103m pe rom\u00e2nii care vor reforme c\u0103 noi nu dezert\u0103m. Mini\u0219trii no\u0219tri vor fi la munc\u0103\u201d, a declarat acesta.<\/p>\n<p>Referitor la posibilitatea relu\u0103rii negocierilor cu PSD, liderul USR a exclus un astfel de scenariu \u00een cazul \u00een care social-democra\u021bii vor ini\u021bia o mo\u021biune de cenzur\u0103 care s\u0103 duc\u0103 la c\u0103derea guvernului. \u00cen opinia sa, o astfel de mi\u0219care ar afecta \u00eencrederea \u00eentre partenerii politici \u0219i ar face dificil\u0103 o colaborare viitoare.<\/p>\n<p>\u00cen final, Dominic Fritz a subliniat c\u0103 actualul Executiv este \u00eenc\u0103 func\u021bional \u0219i a cerut clarific\u0103ri din partea PSD privind inten\u021biile de guvernare. \u201ePSD trebuie s\u0103 explice cum vrea s\u0103 guverneze Rom\u00e2nia\u201d, a concluzionat acesta, reiter\u00e2nd c\u0103 USR va r\u0103m\u00e2ne \u201epe baricade\u201d.<\/p>\n<p>Declara\u021biile vin \u00eentr-un moment de tensiune maxim\u0103 pe scena politic\u0103, \u00een care stabilitatea guvernamental\u0103 este pus\u0103 sub semnul \u00eentreb\u0103rii, iar deciziile din perioada urm\u0103toare vor influen\u021ba direc\u021bia politic\u0103 \u0219i economic\u0103 a \u021b\u0103rii.<\/p>\n<\/div>\n<p>[analyse_source url=&#8221;https:\/\/orasul-timisoara.ro\/local-38301\/&#8221;]<\/p>\n","protected":false},"excerpt":{"rendered":"<p>[analyse_image type=&#8221;featured&#8221; src=&#8221;https:\/\/orasul-timisoara.ro\/wp-content\/uploads\/2026\/04\/dominic-fritz-007.jpg&#8221;] PoliticDominic Fritz atac\u0103 PSD: \u201eAu declan\u0219at o criz\u0103 politic\u0103 \u00eentr-un moment critic\u201d Politic \u0218tiri na\u021bionale \u0219i interna\u021bionale Dominic Fritz atac\u0103 PSD: \u201eAu declan\u0219at o criz\u0103 politic\u0103 \u00eentr-un moment critic\u201d De c\u0103tre redactia &#8211; 20\/04\/2026 Facebook Twitter WhatsApp Linkedin ReddIt Email Imprimare Pre\u0219edintele Dominic Fritz a reac\u021bionat ferm dup\u0103 decizia Partidul Social Democrat [&hellip;]<\/p>\n","protected":false},"author":1,"featured_media":0,"comment_status":"open","ping_status":"","sticky":false,"template":"","format":"standard","meta":{"footnotes":""},"categories":[89],"tags":[226,189],"class_list":["post-1894162","post","type-post","status-publish","format-standard","hentry","category-romania","tag-crawlmanager","tag-orasul-timisoara-ro"],"_links":{"self":[{"href":"https:\/\/analyse.optim.biz\/index.php?rest_route=\/wp\/v2\/posts\/1894162","targetHints":{"allow":["GET"]}}],"collection":[{"href":"https:\/\/analyse.optim.biz\/index.php?rest_route=\/wp\/v2\/posts"}],"about":[{"href":"https:\/\/analyse.optim.biz\/index.php?rest_route=\/wp\/v2\/types\/post"}],"author":[{"embeddable":true,"href":"https:\/\/analyse.optim.biz\/index.php?rest_route=\/wp\/v2\/users\/1"}],"replies":[{"embeddable":true,"href":"https:\/\/analyse.optim.biz\/index.php?rest_route=%2Fwp%2Fv2%2Fcomments&post=1894162"}],"version-history":[{"count":0,"href":"https:\/\/analyse.optim.biz\/index.php?rest_route=\/wp\/v2\/posts\/1894162\/revisions"}],"wp:attachment":[{"href":"https:\/\/analyse.optim.biz\/index.php?rest_route=%2Fwp%2Fv2%2Fmedia&parent=1894162"}],"wp:term":[{"taxonomy":"category","embeddable":true,"href":"https:\/\/analyse.optim.biz\/index.php?rest_route=%2Fwp%2Fv2%2Fcategories&post=1894162"},{"taxonomy":"post_tag","embeddable":true,"href":"https:\/\/analyse.optim.biz\/index.php?rest_route=%2Fwp%2Fv2%2Ftags&post=1894162"}],"curies":[{"name":"wp","href":"https:\/\/api.w.org\/{rel}","templated":true}]}}