{"id":1894002,"date":"2026-04-20T10:36:02","date_gmt":"2026-04-20T07:36:02","guid":{"rendered":"https:\/\/analyse.optim.biz\/?p=1894002"},"modified":"2026-04-20T10:36:02","modified_gmt":"2026-04-20T07:36:02","slug":"slovenias-outgoing-pm-robert-golob-fails-to-form-government-coalition-as-jansa-opts-to-wait","status":"publish","type":"post","link":"https:\/\/analyse.optim.biz\/?p=1894002","title":{"rendered":"Slovenia\u2019s outgoing PM Robert Golob fails to form government coalition as Jan\u0161a opts to wait"},"content":{"rendered":"<p>[analyse_image type=&#8221;featured&#8221; src=&#8221;https:\/\/images.euronews.com\/articles\/stories\/09\/72\/82\/39\/1200x675_cmsv2_fba0a985-2b25-558f-bafc-27e28fa42f66-9728239.jpg&#8221;]<\/p>\n<article id=\"abe-2887790-pos1-c-latest-stories\" class=\"the-media-object m-modeMobile-1 m-modeDesktop-1 m-modeXL-1\" data-nid=\"2887790\" data-cid=\"9729640\" data-part-label=\"Partner content\">\n<figure id=\"abe-2887790-label-pos1-c-latest-stories\" class=\"the-media-object__figure\"><img decoding=\"async\" class=\"the-media-object__image\" src=\"https:\/\/images.euronews.com\/articles\/stories\/09\/72\/96\/40\/189x106_cmsv2_9aaec376-b058-5fe2-951b-7ec34ea8940b-9729640.jpg\" loading=\"lazy\" alt=\"Participants in the Pride march cross the Elisabeth Bridge in Budapest, Hungary, Saturday, June 28, 2025. (AP Photo\/Rudolf Karancsi)\" height=\"9\" width=\"16\"><\/figure>\n<div class=\"the-media-object__content\">\n                    Europe News<\/p>\n<div class=\"the-media-object__title  \">\n<p>    EU Court rules Hungary&#8217;s anti LGTBQ+ law breaches core values\n  <\/p><\/div>\n<\/div>\n<\/article>\n<article id=\"abe-2887793-pos2-c-latest-stories\" class=\"the-media-object m-modeMobile-1 m-modeDesktop-1 m-modeXL-1\" data-nid=\"2887793\" data-cid=\"9729657\" data-part-label=\"Partner content\">\n<figure id=\"abe-2887793-label-pos2-c-latest-stories\" class=\"the-media-object__figure\"><img decoding=\"async\" class=\"the-media-object__image\" src=\"https:\/\/images.euronews.com\/articles\/stories\/09\/72\/96\/57\/189x106_cmsv2_72f87509-d69c-5399-a0b1-de1a45b8f0cc-9729657.jpg\" loading=\"lazy\" alt=\"Martin Scorsese\u2019s Pope Francis film \u2018Aldeas\u2019 premieres at Vatican one year after pontiff\u2019s death\" height=\"9\" width=\"16\"><\/figure>\n<div class=\"the-media-object__content\">\n                    Cinema<\/p>\n<div class=\"the-media-object__title  \">\n<p>    &#8216;Aldeas&#8217;: Martin Scorsese\u2019s Pope Francis film to premiere at Vatican\n  <\/p><\/div>\n<\/div>\n<\/article>\n<article id=\"abe-2887778-pos3-c-latest-stories\" class=\"the-media-object m-modeMobile-1 m-modeDesktop-1 m-modeXL-1\" data-nid=\"2887778\" data-cid=\"9729541\" data-part-label=\"Partner content\">\n<figure id=\"abe-2887778-label-pos3-c-latest-stories\" class=\"the-media-object__figure\"><img decoding=\"async\" class=\"the-media-object__image\" src=\"https:\/\/images.euronews.com\/articles\/stories\/09\/72\/95\/41\/189x106_cmsv2_888fb688-3e2a-54e3-aab1-989d5e7522ce-9729541.jpg\" loading=\"lazy\" alt=\"AmirAli Mirjafari in court\" height=\"9\" width=\"16\"><\/figure>\n<div class=\"the-media-object__content\">\n                    Iran<\/p>\n<div class=\"the-media-object__title  \">\n<p>    Iran hangs man accused of ties to Israel and arson during protests\n  <\/p><\/div>\n<\/div>\n<\/article>\n<article id=\"abe-2887608-pos4-c-latest-stories\" class=\"the-media-object m-modeMobile-1 m-modeDesktop-1 m-modeXL-1 the-media-object--has-video\" data-nid=\"2887608\" data-cid=\"9728651\" data-part-label=\"Partner content\">\n<figure id=\"abe-2887608-label-pos4-c-latest-stories\" class=\"the-media-object__figure\"><img decoding=\"async\" class=\"the-media-object__image\" src=\"https:\/\/images.euronews.com\/articles\/stories\/09\/72\/86\/51\/189x106_cmsv2_1e998e56-3199-586e-9122-8eb4a75ee4db-9728651.jpg\" loading=\"lazy\" alt=\"JJ\" height=\"9\" width=\"16\"><\/figure>\n<div class=\"the-media-object__content\">\n                    Europe Today<\/p>\n<div class=\"the-media-object__title  \">\n<p>    Watch: Europe\u2019s relationship with Israel is fracturing \u2014 how far will it go?\n  <\/p><\/div>\n<\/div>\n<\/article>\n<article id=\"abe-2887790-pos1-c-latest-stories-sidebar\" class=\"the-media-object m-modeMobile-2 m-modeDesktop-2 m-modeXL-2\" data-nid=\"2887790\" data-cid=\"9729640\" data-part-label=\"Partner content\">\n<figure id=\"abe-2887790-label-pos1-c-latest-stories-sidebar\" class=\"the-media-object__figure\"><img decoding=\"async\" class=\"the-media-object__image\" src=\"https:\/\/images.euronews.com\/articles\/stories\/09\/72\/96\/40\/189x106_cmsv2_9aaec376-b058-5fe2-951b-7ec34ea8940b-9729640.jpg\" loading=\"lazy\" alt=\"Participants in the Pride march cross the Elisabeth Bridge in Budapest, Hungary, Saturday, June 28, 2025. (AP Photo\/Rudolf Karancsi)\" height=\"9\" width=\"16\"><\/figure>\n<div class=\"the-media-object__content\">\n                    Europe News<\/p>\n<div class=\"the-media-object__title  \">\n<p>    EU Court rules Hungary&#8217;s anti LGTBQ+ law breaches core values\n  <\/p><\/div>\n<\/div>\n<\/article>\n<article id=\"abe-2887793-pos2-c-latest-stories-sidebar\" class=\"the-media-object m-modeMobile-2 m-modeDesktop-2 m-modeXL-2\" data-nid=\"2887793\" data-cid=\"9729657\" data-part-label=\"Partner content\">\n<figure id=\"abe-2887793-label-pos2-c-latest-stories-sidebar\" class=\"the-media-object__figure\"><img decoding=\"async\" class=\"the-media-object__image\" src=\"https:\/\/images.euronews.com\/articles\/stories\/09\/72\/96\/57\/189x106_cmsv2_72f87509-d69c-5399-a0b1-de1a45b8f0cc-9729657.jpg\" loading=\"lazy\" alt=\"Martin Scorsese\u2019s Pope Francis film \u2018Aldeas\u2019 premieres at Vatican one year after pontiff\u2019s death\" height=\"9\" width=\"16\"><\/figure>\n<div class=\"the-media-object__content\">\n                    Cinema<\/p>\n<div class=\"the-media-object__title  \">\n<p>    &#8216;Aldeas&#8217;: Martin Scorsese\u2019s Pope Francis film to premiere at Vatican\n  <\/p><\/div>\n<\/div>\n<\/article>\n<article id=\"abe-2887778-pos3-c-latest-stories-sidebar\" class=\"the-media-object m-modeMobile-2 m-modeDesktop-2 m-modeXL-2\" data-nid=\"2887778\" data-cid=\"9729541\" data-part-label=\"Partner content\">\n<figure id=\"abe-2887778-label-pos3-c-latest-stories-sidebar\" class=\"the-media-object__figure\"><img decoding=\"async\" class=\"the-media-object__image\" src=\"https:\/\/images.euronews.com\/articles\/stories\/09\/72\/95\/41\/189x106_cmsv2_888fb688-3e2a-54e3-aab1-989d5e7522ce-9729541.jpg\" loading=\"lazy\" alt=\"AmirAli Mirjafari in court\" height=\"9\" width=\"16\"><\/figure>\n<div class=\"the-media-object__content\">\n                    Iran<\/p>\n<div class=\"the-media-object__title  \">\n<p>    Iran hangs man accused of ties to Israel and arson during protests\n  <\/p><\/div>\n<\/div>\n<\/article>\n<article id=\"abe-2887608-pos4-c-latest-stories-sidebar\" class=\"the-media-object m-modeMobile-2 m-modeDesktop-2 m-modeXL-2 the-media-object--has-video\" data-nid=\"2887608\" data-cid=\"9728651\" data-part-label=\"Partner content\">\n<figure id=\"abe-2887608-label-pos4-c-latest-stories-sidebar\" class=\"the-media-object__figure\"><img decoding=\"async\" class=\"the-media-object__image\" src=\"https:\/\/images.euronews.com\/articles\/stories\/09\/72\/86\/51\/189x106_cmsv2_1e998e56-3199-586e-9122-8eb4a75ee4db-9728651.jpg\" loading=\"lazy\" alt=\"JJ\" height=\"9\" width=\"16\"><\/figure>\n<div class=\"the-media-object__content\">\n                    Europe Today<\/p>\n<div class=\"the-media-object__title  \">\n<p>    Watch: Europe\u2019s relationship with Israel is fracturing \u2014 how far will it go?\n  <\/p><\/div>\n<\/div>\n<\/article>\n<article class=\"helper-site-row o-article-newsy\">\n<div class=\"helper-site-container o-article-newsy__container\">\n<div class=\"o-article-newsy__main\">\n<header class=\"h-grid o-article-newsy__main__header\">\n<nav aria-label=\"Breadcrumbs\" class=\"c-article-breadcrumbs\">\n<div id=\"adb-article-breadcrumb\" class=\"c-article-breadcrumbs__list\">\n<p>                          Europe<\/p>\n<p>                          Europe News<\/p><\/div>\n<\/nav>\n<h1 class=\"c-article-redesign-title\">\n                            Slovenia\u2019s outgoing PM Robert Golob fails to form government coalition as Jan\u0161a opts to wait<\/h1>\n<div class=\"c-article-image-video u-position-relative \">\n<div class=\"js-superdiv u-aspect-ratio-16x9 u-position-relative u-max-width-1280 u-margin-x-auto\" data-video='{\"id\":\"xa62z60\",\"articleId\":2887522,\"title\":\"Sloveniau2019s outgoing PM Robert Golob fails to form government coalition as Janu0161a opts to wait\",\"url\":\"https:\/\/video.euronews.com\/mp4\/SHD\/42\/07\/49\/09\/SHD_PYR_4207499_20260420123428.mp4\",\"programId\":\"europe-news\",\"player\":\"dailymotion\",\"geoBlock\":[\"\"],\"sources\":[],\"description\":\"Robert Golob admitted failure to form a coalition in Slovenia on Monday, opening the way for former three-time Premier Janu0161a, who said he was in no rush and open to a repeat election.\",\"isLive\":false,\"articleUrl\":\"https:\/\/www.euronews.com\/video\/2026\/04\/20\/slovenias-outgoing-pm-robert-golob-fails-to-form-government-coalition-as-jansa-opts-to-wai\",\"duration\":65000}' data-sponsored=\"Partner content\"><img fetchpriority=\"high\" decoding=\"async\" class=\"js-poster-img c-article-media__img\" src=\"https:\/\/images.euronews.com\/articles\/stories\/09\/72\/82\/39\/1536x864_cmsv2_fba0a985-2b25-558f-bafc-27e28fa42f66-9728239.jpg\" width=\"1536\" height=\"864\" loading=\"eager\" alt=\"Prime Minister of Slovenia Robert Golob addresses the media at the parlament in Ljubljana, Slovenia, on Sunday, March 22, 2026.\"><\/div>\n<div class=\"c-article-caption u-position-absolute\"><i id=\"article-caption-content\" class=\"c-article-caption__content\"><span class=\"c-article-caption__text\"><br \/>\n              Prime Minister of Slovenia Robert Golob addresses the media at the parlament in Ljubljana, Slovenia, on Sunday, March 22, 2026.<br \/>\n                    <span class=\"u-color-white\">&#8211;\u00a0<\/span><span class=\"c-article-caption__copyright\">Copyright\u00a0<\/span><span class=\"c-article-caption__credit\">AP Photo<\/span><\/span><\/i><\/div>\n<div class=\"c-article-image-copyright\">\n      Copyright\u00a0AP Photo\n  <\/div>\n<\/div>\n<\/header>\n<div class=\"h-grid o-article-newsy__main__body u-article-content\">\n<div class=\"o-article-newsy__contributors-publication-date\">\n<div class=\"c-article-contributors\">\n  By&amp;nbspLucy Davalou&amp;nbspwith&amp;nbsp<b>AFP<\/b><\/div>\n<div class=\"c-article-publication-date\" data-timestamp=\"1776681362\">\n                    Published on                 <time datetime=\"2026-04-20 12:36:02 +02:00\">20\/04\/2026 &#8211; 12:36 GMT+2<\/time><span class=\"c-article-publication-date__bullet\">\u2022<\/span>Updated<br \/>\n                                     <time datetime=\"14:38\">14:38<\/time><\/div>\n<\/div>\n<div class=\"c-article-partage-commentaire u-align-items-center u-display-flex\"><span class=\"c-article-partage-commentaire__links u-align-items-center u-display-flex u-justify-content-center js-c-article-partage-commentaire-share\"><span>Share<\/span><\/span><span>Comments<\/span><\/div>\n<div class=\"c-article-partage-commentaire-popup-overlay js-c-article-partage-commentaire-popup-overlay u-display-none\">\n<div id=\"js-c-article-partage-commentaire-popup\" class=\"c-article-partage-commentaire-popup js-c-article-partage-commentaire-popup\">\n<div class=\"c-article-partage-commentaire-popup__header u-display-flex\"><span>Share<\/span><img decoding=\"async\" src=\"https:\/\/static.euronews.com\/website\/images\/vector\/icon-close.svg\" width=\"24\" height=\"24\" alt=\"Close Button\" class=\"u-cursor-pointer js-c-article-partage-commentaire-close\" loading=\"lazy\"><\/div>\n<div class=\"c-article-partage-commentaire-popup__content u-display-flex\">\n<div id=\"partage-commentaire-popup-content-container\" class=\"c-article-partage-commentaire-popup__content__container u-display-flex\"><span class=\"u-display-flex u-gap-1 u-show-for-mobile-only\"><img decoding=\"async\" src=\"https:\/\/static.euronews.com\/website\/images\/vector\/social-icons\/article-redesign-facebook.svg\" width=\"24\" height=\"24\" alt=\"facebook\" loading=\"lazy\"><span>Facebook<\/span><\/span><img decoding=\"async\" src=\"https:\/\/static.euronews.com\/website\/images\/vector\/social-icons\/article-redesign-facebook.svg\" width=\"48\" height=\"48\" alt=\"facebook\" class=\"u-show-for-desktop\" loading=\"lazy\"><span class=\"u-display-flex u-gap-1 u-show-for-mobile-only\"><img decoding=\"async\" src=\"https:\/\/static.euronews.com\/website\/images\/vector\/social-icons\/article-redesign-twitter.svg\" width=\"24\" height=\"24\" alt=\"twitter\" loading=\"lazy\"><span>Twitter<\/span><\/span><img decoding=\"async\" src=\"https:\/\/static.euronews.com\/website\/images\/vector\/social-icons\/article-redesign-twitter.svg\" width=\"48\" height=\"48\" alt=\"twitter\" class=\"u-show-for-desktop\" loading=\"lazy\"><span class=\"u-display-flex u-gap-1 u-show-for-mobile-only\"><img decoding=\"async\" src=\"https:\/\/static.euronews.com\/website\/images\/vector\/social-icons\/article-redesign-flipboard.svg\" width=\"24\" height=\"24\" alt=\"flipboard\" loading=\"lazy\"><span>Flipboard<\/span><\/span><img decoding=\"async\" src=\"https:\/\/static.euronews.com\/website\/images\/vector\/social-icons\/article-redesign-flipboard.svg\" width=\"48\" height=\"48\" alt=\"flipboard\" class=\"u-show-for-desktop\" loading=\"lazy\"><span class=\"u-display-flex u-gap-1 u-show-for-mobile-only\"><img decoding=\"async\" src=\"https:\/\/static.euronews.com\/website\/images\/vector\/social-icons\/article-redesign-send.svg\" width=\"24\" height=\"24\" alt=\"send\" loading=\"lazy\"><span>Send<\/span><\/span><img decoding=\"async\" src=\"https:\/\/static.euronews.com\/website\/images\/vector\/social-icons\/article-redesign-send.svg\" width=\"48\" height=\"48\" alt=\"send\" class=\"u-show-for-desktop\" loading=\"lazy\"><span class=\"u-display-flex u-gap-1 u-show-for-mobile-only\"><img decoding=\"async\" src=\"https:\/\/static.euronews.com\/website\/images\/vector\/social-icons\/article-redesign-reddit.svg\" width=\"24\" height=\"24\" alt=\"reddit\" loading=\"lazy\"><span>Reddit<\/span><\/span><img decoding=\"async\" src=\"https:\/\/static.euronews.com\/website\/images\/vector\/social-icons\/article-redesign-reddit.svg\" width=\"48\" height=\"48\" alt=\"reddit\" class=\"u-show-for-desktop\" loading=\"lazy\"><span class=\"u-display-flex u-gap-1 u-show-for-mobile-only\"><img decoding=\"async\" src=\"https:\/\/static.euronews.com\/website\/images\/vector\/social-icons\/article-redesign-linkedin.svg\" width=\"24\" height=\"24\" alt=\"linkedin\" loading=\"lazy\"><span>Linkedin<\/span><\/span><img decoding=\"async\" src=\"https:\/\/static.euronews.com\/website\/images\/vector\/social-icons\/article-redesign-linkedin.svg\" width=\"48\" height=\"48\" alt=\"linkedin\" class=\"u-show-for-desktop\" loading=\"lazy\"><span class=\"u-display-flex u-gap-1 u-show-for-mobile-only\"><img decoding=\"async\" src=\"https:\/\/static.euronews.com\/website\/images\/vector\/social-icons\/article-redesign-messenger.svg\" width=\"24\" height=\"24\" alt=\"messenger\" loading=\"lazy\"><span>Messenger<\/span><\/span><img decoding=\"async\" src=\"https:\/\/static.euronews.com\/website\/images\/vector\/social-icons\/article-redesign-messenger.svg\" width=\"48\" height=\"48\" alt=\"messenger\" class=\"u-show-for-desktop\" loading=\"lazy\"><span class=\"u-display-flex u-gap-1 u-show-for-mobile-only\"><img decoding=\"async\" src=\"https:\/\/static.euronews.com\/website\/images\/vector\/social-icons\/article-redesign-telegram.svg\" width=\"24\" height=\"24\" alt=\"telegram\" loading=\"lazy\"><span>Telegram<\/span><\/span><img decoding=\"async\" src=\"https:\/\/static.euronews.com\/website\/images\/vector\/social-icons\/article-redesign-telegram.svg\" width=\"48\" height=\"48\" alt=\"telegram\" class=\"u-show-for-desktop\" loading=\"lazy\"><span class=\"u-display-flex u-gap-1 u-show-for-mobile-only\"><img decoding=\"async\" src=\"https:\/\/static.euronews.com\/website\/images\/vector\/social-icons\/article-redesign-vk.svg\" width=\"24\" height=\"24\" alt=\"vk\" loading=\"lazy\"><span>VK<\/span><\/span><img decoding=\"async\" src=\"https:\/\/static.euronews.com\/website\/images\/vector\/social-icons\/article-redesign-vk.svg\" width=\"48\" height=\"48\" alt=\"vk\" class=\"u-show-for-desktop\" loading=\"lazy\"><span class=\"u-display-flex u-gap-1 u-show-for-mobile-only\"><img decoding=\"async\" src=\"https:\/\/static.euronews.com\/website\/images\/vector\/social-icons\/article-redesign-bluesky.svg\" width=\"24\" height=\"24\" alt=\"bluesky\" loading=\"lazy\"><span>Bluesky<\/span><\/span><img decoding=\"async\" src=\"https:\/\/static.euronews.com\/website\/images\/vector\/social-icons\/article-redesign-bluesky.svg\" width=\"48\" height=\"48\" alt=\"bluesky\" class=\"u-show-for-desktop\" loading=\"lazy\"><span class=\"u-display-flex u-gap-1 u-show-for-mobile-only\"><img decoding=\"async\" src=\"https:\/\/static.euronews.com\/website\/images\/vector\/social-icons\/article-redesign-threads.svg\" width=\"24\" height=\"24\" alt=\"threads\" loading=\"lazy\"><span>Threads<\/span><\/span><img decoding=\"async\" src=\"https:\/\/static.euronews.com\/website\/images\/vector\/social-icons\/article-redesign-threads.svg\" width=\"48\" height=\"48\" alt=\"threads\" class=\"u-show-for-desktop\" loading=\"lazy\"><span class=\"u-display-flex u-gap-1 u-show-for-mobile-only\"><img decoding=\"async\" src=\"https:\/\/static.euronews.com\/website\/images\/vector\/social-icons\/article-redesign-whatsapp.svg\" width=\"24\" height=\"24\" alt=\"whatsapp\" loading=\"lazy\"><span>Whatsapp<\/span><\/span><img decoding=\"async\" src=\"https:\/\/static.euronews.com\/website\/images\/vector\/social-icons\/article-redesign-whatsapp.svg\" width=\"48\" height=\"48\" alt=\"whatsapp\" class=\"u-show-for-desktop\" loading=\"lazy\"><\/div>\n<div class=\"c-article-partage-commentaire-popup__content__embed_container u-display-none\"><span class=\"c-article-partage-commentaire-popup__content__embed__tooltip\"><br \/>\n                            Copy\/paste the article video embed link below:<br \/>\n                        <\/span><span class=\"c-article-partage-commentaire-popup__content__embed u-display-flex\"><img decoding=\"async\" src=\"https:\/\/static.euronews.com\/website\/images\/vector\/icon-copy-to-clipboard.svg\" width=\"16\" height=\"16\" alt=\"Copy to clipboard\" class=\"u-cursor-pointer js-c-article-partage-commentaire-copy\" loading=\"lazy\"><span class=\"c-article-partage-commentaire-popup__content__embed--success-copied u-display-none js-c-article-partage-commentaire-video-embed-success-link-copied\"><br \/>\n                                Copied<br \/>\n                            <\/span><\/span><\/div>\n<\/div>\n<\/div>\n<\/div>\n<h2 class=\"c-article-summary\">\n        Robert Golob admitted failure to form a coalition in Slovenia on Monday, opening the way for former three-time Premier Jan\u0161a, who said he was in no rush and open to a repeat election.<br \/>\n    <\/h2>\n<div class=\"c-article-content js-article-content\">\n<p>Slovenian Prime Minister Robert Golob, whose party secured a razor-thin majority in parliamentary elections last month, said on Monday he had failed to form a ruling coalition.<\/p>\n<div>\n<div class=\"c-ad u-show-for-mobile-only\">\n<div class=\"c-ad__placeholder\"><img decoding=\"async\" class=\"c-ad__placeholder__logo\" src=\"https:\/\/static.euronews.com\/website\/images\/logos\/logo-euronews-stacked-outlined-72x72-grey-9.svg\" width=\"72\" height=\"72\" alt loading=\"lazy\"><span>ADVERTISEMENT<\/span><\/div>\n<\/div>\n<div class=\"c-ad u-show-for-desktop\">\n<div class=\"c-ad__placeholder\"><img decoding=\"async\" class=\"c-ad__placeholder__logo\" src=\"https:\/\/static.euronews.com\/website\/images\/logos\/logo-euronews-stacked-outlined-72x72-grey-9.svg\" width=\"72\" height=\"72\" alt loading=\"lazy\"><span>ADVERTISEMENT<\/span><\/div>\n<\/div>\n<\/div>\n<p>His announcement opened the door for runner-up Janez Jan\u0161a to seek to form his own government in the Alpine EU member of 2 million.<\/p>\n<p>&#8220;We are looking forward to our work in the opposition,&#8221; the liberal Golob, 59, told reporters after meeting the president, adding that he had not found a partner among centre-right parties for a governing coalition.<\/p>\n<p>Golob&#8217;s party won 29 seats last month, while the conservatives of three-time Premier Jan\u0161a got 28 seats in the 90-seat parliament.<\/p>\n<p>Jan\u0161a, 67, has publicly rejected any coalition talks.<\/p>\n<p>On Monday, Jan\u0161a reiterated he was not in a rush to form a government while seeking to do what is &#8220;the most ideal for the country,&#8221; together with his Slovenian Democratic Party (SDS).<\/p>\n<p>&#8220;The SDS is not forming any government at the moment,&#8221; Jansa said.<\/p>\n<p>&#8220;This week we will concentrate on the constitution of the parliament, since that is on the agenda,&#8221; he said, adding that, if needed, his party was &#8220;ready for new elections tomorrow&#8221;.<\/p>\n<p>Earlier this month, the parliament&#8217;s inaugural session elected a lawmaker from an anti-establishment party as speaker, backed by Jan\u0161a&#8217;s conservatives and an ally.<\/p>\n<p>President Nata\u0161a Pirc Musar has to propose a prime minister designate to parliament within 30 days of its 10 April inaugural session.<\/p>\n<p>If the candidate does not get a majority, the law sets a 10-day deadline for parties to propose a new candidate.<\/p>\n<\/div>\n<footer class=\"perf-cv-auto c-article-contributors c-article-contributors-supplementary u-margin-top-2 u-padding-top-2\">\n<p>Video editor<strong> \u2022 Lucy Davalou<\/strong><\/p>\n<\/footer>\n<p>                                  Go to accessibility shortcuts<\/p>\n<div class=\"c-article-partage-commentaire u-align-items-center u-display-flex\"><span class=\"c-article-partage-commentaire__links u-align-items-center u-display-flex u-justify-content-center js-c-article-partage-commentaire-share\"><span>Share<\/span><\/span><span>Comments<\/span><\/div>\n<div id=\"adb-article-you-might-also-like\" class=\"perf-cv-auto c-article-you-might-also-like\">\n<h2 class=\"c-article-you-might-also-like__title\">\n        Read more<br \/>\n      <\/h2>\n<div class=\"c-article-you-might-also-like__item\">\n<h3>\n<p>                  Slovenia to inaugurate new parliament on 10 April after election mired in scandal<\/p>\n<\/h3>\n<\/div>\n<div class=\"c-article-you-might-also-like__item\">\n<h3>\n<p>                  Slovenia exit polls: ruling Freedom Movement is set to win parliamentary vote<\/p>\n<\/h3>\n<\/div>\n<div class=\"c-article-you-might-also-like__item\">\n<h3>\n<p>                  Slovenia corruption scandal deepens as Prime Minister Robert Golob urges EU probe<\/p>\n<\/h3>\n<\/div>\n<\/div>\n<div class=\"perf-cv-auto\">\n<ul id=\"adb-article-tags\" class=\"c-tags-list\">\n<li class=\"c-tags-list__item\">\n<p>    Robert Golob<\/p>\n<\/li>\n<li class=\"c-tags-list__item\">\n<p>    Coalition<\/p>\n<\/li>\n<li class=\"c-tags-list__item\">\n<p>    Parliamentary elections<\/p>\n<\/li>\n<\/ul>\n<\/div>\n<\/div>\n<\/div>\n<aside class=\"o-article-newsy__aside\">\n<div class=\"c-ad-wrapper o-article-newsy__aside__content-1\" data-ad-name=\"adzone-halfpage\">\n<div class=\"c-ad c-ad-halfpage u-show-for-desktop\">\n<div class=\"c-ad__placeholder\"><img loading=\"lazy\" decoding=\"async\" class=\"c-ad__placeholder__logo\" src=\"https:\/\/static.euronews.com\/website\/images\/logos\/logo-euronews-stacked-outlined-72x72-grey-9.svg\" width=\"72\" height=\"72\" alt><span>ADVERTISEMENT<\/span><\/div>\n<\/div>\n<div class=\"c-ad u-show-for-mobile-only\">\n<div class=\"c-ad__placeholder\"><img loading=\"lazy\" decoding=\"async\" class=\"c-ad__placeholder__logo\" src=\"https:\/\/static.euronews.com\/website\/images\/logos\/logo-euronews-stacked-outlined-72x72-grey-9.svg\" width=\"72\" height=\"72\" alt><span>ADVERTISEMENT<\/span><\/div>\n<\/div>\n<\/div>\n<div id=\"adb-article-top-stories\" class=\"perf-cv-auto c-top-stories\">\n<h2 class=\"c-top-stories__title\">Top stories<\/h2>\n<div class=\"c-top-stories__item\">\n<article id=\"abe-2887766-pos2-top-stories\" class=\"the-media-object m-modeMobile-2 m-modeDesktop-2 m-modeXL-2 the-media-object--no-label\" data-nid=\"2887766\" data-cid=\"9729506\" data-part-label=\"Partner content\">\n<figure id=\"abe-2887766-label-pos2-top-stories\" class=\"the-media-object__figure\"><img decoding=\"async\" class=\"the-media-object__image\" src=\"https:\/\/images.euronews.com\/articles\/stories\/09\/72\/95\/06\/320x180_cmsv2_fc43a89a-0f27-527a-b64c-440a314dd652-9729506.jpg\" loading=\"lazy\" alt=\"FILE: Mourners carry Iranian flags as they gather during a funeral procession in Tehran, 1 April 2026\" height=\"9\" width=\"16\"><\/figure>\n<div class=\"the-media-object__content\">\n<h3 class=\"the-media-object__title  \">\n<p>    US-Iran ceasefire on brink as talks stall and Hormuz crisis deepens<br \/>\n  <\/h3>\n<\/div>\n<\/article>\n<\/div>\n<div class=\"c-top-stories__item\">\n<article id=\"abe-2887790-pos3-top-stories\" class=\"the-media-object m-modeMobile-2 m-modeDesktop-2 m-modeXL-2 the-media-object--no-label\" data-nid=\"2887790\" data-cid=\"9729640\" data-part-label=\"Partner content\">\n<figure id=\"abe-2887790-label-pos3-top-stories\" class=\"the-media-object__figure\"><img decoding=\"async\" class=\"the-media-object__image\" src=\"https:\/\/images.euronews.com\/articles\/stories\/09\/72\/96\/40\/320x180_cmsv2_9aaec376-b058-5fe2-951b-7ec34ea8940b-9729640.jpg\" loading=\"lazy\" alt=\"Participants in the Pride march cross the Elisabeth Bridge in Budapest, Hungary, Saturday, June 28, 2025. (AP Photo\/Rudolf Karancsi)\" height=\"9\" width=\"16\"><\/figure>\n<div class=\"the-media-object__content\">\n<h3 class=\"the-media-object__title  \">\n<p>    EU Court rules Hungary&#8217;s anti LGTBQ+ law breaches core values<br \/>\n  <\/h3>\n<\/div>\n<\/article>\n<\/div>\n<div class=\"c-top-stories__item\">\n<article id=\"abe-2887694-pos4-top-stories\" class=\"the-media-object m-modeMobile-2 m-modeDesktop-2 m-modeXL-2 the-media-object--has-video the-media-object--no-label\" data-nid=\"2887694\" data-cid=\"9729198\" data-part-label=\"Partner content\">\n<figure id=\"abe-2887694-label-pos4-top-stories\" class=\"the-media-object__figure\"><img decoding=\"async\" class=\"the-media-object__image\" src=\"https:\/\/images.euronews.com\/articles\/stories\/09\/72\/91\/98\/320x180_cmsv2_00d4ad5c-79dc-5dec-b921-9b30cba2c726-9729198.jpg\" loading=\"lazy\" alt=\"Espen Barth Eide, Norwegian Minister of Foreign Affairs &amp; Maria Tadeo, EUronews\" height=\"9\" width=\"16\"><\/figure>\n<div class=\"the-media-object__content\">\n<h3 class=\"the-media-object__title  \">\n<p>    Appetite among NATO members to join Iran war &#8216;very limited&#8217;, says Eide<br \/>\n  <\/h3>\n<\/div>\n<\/article>\n<\/div>\n<div class=\"c-top-stories__item\">\n<article id=\"abe-2887593-pos5-top-stories\" class=\"the-media-object m-modeMobile-2 m-modeDesktop-2 m-modeXL-2 the-media-object--no-label\" data-nid=\"2887593\" data-cid=\"9728642\" data-part-label=\"Partner content\">\n<figure id=\"abe-2887593-label-pos5-top-stories\" class=\"the-media-object__figure\"><img decoding=\"async\" class=\"the-media-object__image\" src=\"https:\/\/images.euronews.com\/articles\/stories\/09\/70\/23\/11\/320x180_cmsv2_b8d5a000-9d3f-520b-a9f5-6190864e7a43-9702311.jpg\" loading=\"lazy\" alt=\"Made in Germany: These components are driving Russian drones into Ukraine\" height=\"9\" width=\"16\"><\/figure>\n<div class=\"the-media-object__content\">\n<h3 class=\"the-media-object__title  \">\n<p>    German-made components found in Russian drones despite EU sanctions<br \/>\n  <\/h3>\n<\/div>\n<\/article>\n<\/div>\n<div class=\"c-top-stories__item\">\n<article id=\"abe-2887778-pos6-top-stories\" class=\"the-media-object m-modeMobile-2 m-modeDesktop-2 m-modeXL-2 the-media-object--no-label\" data-nid=\"2887778\" data-cid=\"9729541\" data-part-label=\"Partner content\">\n<figure id=\"abe-2887778-label-pos6-top-stories\" class=\"the-media-object__figure\"><img decoding=\"async\" class=\"the-media-object__image\" src=\"https:\/\/images.euronews.com\/articles\/stories\/09\/72\/95\/41\/320x180_cmsv2_888fb688-3e2a-54e3-aab1-989d5e7522ce-9729541.jpg\" loading=\"lazy\" alt=\"AmirAli Mirjafari in court\" height=\"9\" width=\"16\"><\/figure>\n<div class=\"the-media-object__content\">\n<h3 class=\"the-media-object__title  \">\n<p>    Iran hangs man accused of ties to Israel and arson during protests<br \/>\n  <\/h3>\n<\/div>\n<\/article>\n<\/div>\n<\/div>\n<div class=\"perf-cv-auto c-ad-wrapper o-article-newsy__aside__content-2\" data-ad-name=\"adzone-halfpage\">\n<div class=\"c-ad c-ad-halfpage u-show-for-desktop\">\n<div class=\"c-ad__placeholder\"><img loading=\"lazy\" decoding=\"async\" class=\"c-ad__placeholder__logo\" src=\"https:\/\/static.euronews.com\/website\/images\/logos\/logo-euronews-stacked-outlined-72x72-grey-9.svg\" width=\"72\" height=\"72\" alt><span>ADVERTISEMENT<\/span><\/div>\n<\/div>\n<div class=\"c-ad u-show-for-mobile-only\">\n<div class=\"c-ad__placeholder\"><img loading=\"lazy\" decoding=\"async\" class=\"c-ad__placeholder__logo\" src=\"https:\/\/static.euronews.com\/website\/images\/logos\/logo-euronews-stacked-outlined-72x72-grey-9.svg\" width=\"72\" height=\"72\" alt><span>ADVERTISEMENT<\/span><\/div>\n<\/div>\n<\/div>\n<div class=\"perf-cv-auto c-most-viewed\">\n<h2 class=\"c-most-viewed__title qa-section-title\">Most read<\/h2>\n<div class=\"c-most-viewed__list\">\n<div class=\"c-most-viewed__item\"><span class=\"c-most-viewed__item__number\">1<\/span><\/p>\n<article id=\"abe-2887010-pos1-mostViewed\" class=\"the-media-object m-modeMobile-3 m-modeDesktop-3 m-modeXL-3 the-media-object--no-label\" data-nid=\"2887010\" data-cid=\"9726054\" data-part-label=\"Partner content\">\n<div class=\"the-media-object__content\">\n<h3 class=\"the-media-object__title  \">\n<p>    EU population to fall by 12% by 2100: Which countries most affected?<br \/>\n  <\/h3>\n<\/div>\n<\/article>\n<\/div>\n<div class=\"c-most-viewed__item\"><span class=\"c-most-viewed__item__number\">2<\/span><\/p>\n<article id=\"abe-2887344-pos2-mostViewed\" class=\"the-media-object m-modeMobile-3 m-modeDesktop-3 m-modeXL-3 the-media-object--has-video the-media-object--no-label\" data-nid=\"2887344\" data-cid=\"9727417\" data-part-label=\"Partner content\">\n<div class=\"the-media-object__content\">\n<h3 class=\"the-media-object__title  \">\n<p>    Bulgaria&#8217;s former President Rumen Radev wins parliamentary vote<br \/>\n  <\/h3>\n<\/div>\n<\/article>\n<\/div>\n<div class=\"c-most-viewed__item\"><span class=\"c-most-viewed__item__number\">3<\/span><\/p>\n<article id=\"abe-2887411-pos3-mostViewed\" class=\"the-media-object m-modeMobile-3 m-modeDesktop-3 m-modeXL-3 the-media-object--has-video the-media-object--no-label\" data-nid=\"2887411\" data-cid=\"9727670\" data-part-label=\"Partner content\">\n<div class=\"the-media-object__content\">\n<h3 class=\"the-media-object__title  \">\n<p>    Iran pulls out of Islamabad peace talks after US seizes cargo ship<br \/>\n  <\/h3>\n<\/div>\n<\/article>\n<\/div>\n<div class=\"c-most-viewed__item\"><span class=\"c-most-viewed__item__number\">4<\/span><\/p>\n<article id=\"abe-2886906-pos4-mostViewed\" class=\"the-media-object m-modeMobile-3 m-modeDesktop-3 m-modeXL-3 the-media-object--has-video the-media-object--no-label\" data-nid=\"2886906\" data-cid=\"9725344\" data-part-label=\"Partner content\">\n<div class=\"the-media-object__content\">\n<h3 class=\"the-media-object__title  \">\n<p>    Radev wins in Bulgaria as Orb\u00e1n hints at lifting Ukraine loan veto<br \/>\n  <\/h3>\n<\/div>\n<\/article>\n<\/div>\n<div class=\"c-most-viewed__item\"><span class=\"c-most-viewed__item__number\">5<\/span><\/p>\n<article id=\"abe-2886836-pos5-mostViewed\" class=\"the-media-object m-modeMobile-3 m-modeDesktop-3 m-modeXL-3 the-media-object--no-label\" data-nid=\"2886836\" data-cid=\"9725051\" data-part-label=\"Partner content\">\n<div class=\"the-media-object__content\">\n<h3 class=\"the-media-object__title  \">\n<p>    Which European countries will be the richest by 2030?<br \/>\n  <\/h3>\n<\/div>\n<\/article>\n<\/div>\n<\/div>\n<\/div>\n<div class=\"perf-cv-auto c-ad-wrapper o-article-newsy__aside__content-3\" data-ad-name=\"adzone-halfpage\">\n<div class=\"c-ad c-ad-halfpage u-show-for-desktop\">\n<div class=\"c-ad__placeholder\"><img loading=\"lazy\" decoding=\"async\" class=\"c-ad__placeholder__logo\" src=\"https:\/\/static.euronews.com\/website\/images\/logos\/logo-euronews-stacked-outlined-72x72-grey-9.svg\" width=\"72\" height=\"72\" alt><span>ADVERTISEMENT<\/span><\/div>\n<\/div>\n<div class=\"c-ad u-show-for-mobile-only\">\n<div class=\"c-ad__placeholder\"><img loading=\"lazy\" decoding=\"async\" class=\"c-ad__placeholder__logo\" src=\"https:\/\/static.euronews.com\/website\/images\/logos\/logo-euronews-stacked-outlined-72x72-grey-9.svg\" width=\"72\" height=\"72\" alt><span>ADVERTISEMENT<\/span><\/div>\n<\/div>\n<\/div>\n<\/aside>\n<\/div>\n<\/article>\n<article id=\"abe-2887766-pos2-top-stories\" class=\"the-media-object m-modeMobile-2 m-modeDesktop-2 m-modeXL-2 the-media-object--no-label\" data-nid=\"2887766\" data-cid=\"9729506\" data-part-label=\"Partner content\">\n<figure id=\"abe-2887766-label-pos2-top-stories\" class=\"the-media-object__figure\"><img decoding=\"async\" class=\"the-media-object__image\" src=\"https:\/\/images.euronews.com\/articles\/stories\/09\/72\/95\/06\/320x180_cmsv2_fc43a89a-0f27-527a-b64c-440a314dd652-9729506.jpg\" loading=\"lazy\" alt=\"FILE: Mourners carry Iranian flags as they gather during a funeral procession in Tehran, 1 April 2026\" height=\"9\" width=\"16\"><\/figure>\n<div class=\"the-media-object__content\">\n<h3 class=\"the-media-object__title  \">\n<p>    US-Iran ceasefire on brink as talks stall and Hormuz crisis deepens<br \/>\n  <\/h3>\n<\/div>\n<\/article>\n<article id=\"abe-2887790-pos3-top-stories\" class=\"the-media-object m-modeMobile-2 m-modeDesktop-2 m-modeXL-2 the-media-object--no-label\" data-nid=\"2887790\" data-cid=\"9729640\" data-part-label=\"Partner content\">\n<figure id=\"abe-2887790-label-pos3-top-stories\" class=\"the-media-object__figure\"><img decoding=\"async\" class=\"the-media-object__image\" src=\"https:\/\/images.euronews.com\/articles\/stories\/09\/72\/96\/40\/320x180_cmsv2_9aaec376-b058-5fe2-951b-7ec34ea8940b-9729640.jpg\" loading=\"lazy\" alt=\"Participants in the Pride march cross the Elisabeth Bridge in Budapest, Hungary, Saturday, June 28, 2025. (AP Photo\/Rudolf Karancsi)\" height=\"9\" width=\"16\"><\/figure>\n<div class=\"the-media-object__content\">\n<h3 class=\"the-media-object__title  \">\n<p>    EU Court rules Hungary&#8217;s anti LGTBQ+ law breaches core values<br \/>\n  <\/h3>\n<\/div>\n<\/article>\n<article id=\"abe-2887694-pos4-top-stories\" class=\"the-media-object m-modeMobile-2 m-modeDesktop-2 m-modeXL-2 the-media-object--has-video the-media-object--no-label\" data-nid=\"2887694\" data-cid=\"9729198\" data-part-label=\"Partner content\">\n<figure id=\"abe-2887694-label-pos4-top-stories\" class=\"the-media-object__figure\"><img decoding=\"async\" class=\"the-media-object__image\" src=\"https:\/\/images.euronews.com\/articles\/stories\/09\/72\/91\/98\/320x180_cmsv2_00d4ad5c-79dc-5dec-b921-9b30cba2c726-9729198.jpg\" loading=\"lazy\" alt=\"Espen Barth Eide, Norwegian Minister of Foreign Affairs &amp; Maria Tadeo, EUronews\" height=\"9\" width=\"16\"><\/figure>\n<div class=\"the-media-object__content\">\n<h3 class=\"the-media-object__title  \">\n<p>    Appetite among NATO members to join Iran war &#8216;very limited&#8217;, says Eide<br \/>\n  <\/h3>\n<\/div>\n<\/article>\n<article id=\"abe-2887593-pos5-top-stories\" class=\"the-media-object m-modeMobile-2 m-modeDesktop-2 m-modeXL-2 the-media-object--no-label\" data-nid=\"2887593\" data-cid=\"9728642\" data-part-label=\"Partner content\">\n<figure id=\"abe-2887593-label-pos5-top-stories\" class=\"the-media-object__figure\"><img decoding=\"async\" class=\"the-media-object__image\" src=\"https:\/\/images.euronews.com\/articles\/stories\/09\/70\/23\/11\/320x180_cmsv2_b8d5a000-9d3f-520b-a9f5-6190864e7a43-9702311.jpg\" loading=\"lazy\" alt=\"Made in Germany: These components are driving Russian drones into Ukraine\" height=\"9\" width=\"16\"><\/figure>\n<div class=\"the-media-object__content\">\n<h3 class=\"the-media-object__title  \">\n<p>    German-made components found in Russian drones despite EU sanctions<br \/>\n  <\/h3>\n<\/div>\n<\/article>\n<article id=\"abe-2887778-pos6-top-stories\" class=\"the-media-object m-modeMobile-2 m-modeDesktop-2 m-modeXL-2 the-media-object--no-label\" data-nid=\"2887778\" data-cid=\"9729541\" data-part-label=\"Partner content\">\n<figure id=\"abe-2887778-label-pos6-top-stories\" class=\"the-media-object__figure\"><img decoding=\"async\" class=\"the-media-object__image\" src=\"https:\/\/images.euronews.com\/articles\/stories\/09\/72\/95\/41\/320x180_cmsv2_888fb688-3e2a-54e3-aab1-989d5e7522ce-9729541.jpg\" loading=\"lazy\" alt=\"AmirAli Mirjafari in court\" height=\"9\" width=\"16\"><\/figure>\n<div class=\"the-media-object__content\">\n<h3 class=\"the-media-object__title  \">\n<p>    Iran hangs man accused of ties to Israel and arson during protests<br \/>\n  <\/h3>\n<\/div>\n<\/article>\n<article id=\"abe-2887010-pos1-mostViewed\" class=\"the-media-object m-modeMobile-3 m-modeDesktop-3 m-modeXL-3 the-media-object--no-label\" data-nid=\"2887010\" data-cid=\"9726054\" data-part-label=\"Partner content\">\n<div class=\"the-media-object__content\">\n<h3 class=\"the-media-object__title  \">\n<p>    EU population to fall by 12% by 2100: Which countries most affected?<br \/>\n  <\/h3>\n<\/div>\n<\/article>\n<article id=\"abe-2887344-pos2-mostViewed\" class=\"the-media-object m-modeMobile-3 m-modeDesktop-3 m-modeXL-3 the-media-object--has-video the-media-object--no-label\" data-nid=\"2887344\" data-cid=\"9727417\" data-part-label=\"Partner content\">\n<div class=\"the-media-object__content\">\n<h3 class=\"the-media-object__title  \">\n<p>    Bulgaria&#8217;s former President Rumen Radev wins parliamentary vote<br \/>\n  <\/h3>\n<\/div>\n<\/article>\n<article id=\"abe-2887411-pos3-mostViewed\" class=\"the-media-object m-modeMobile-3 m-modeDesktop-3 m-modeXL-3 the-media-object--has-video the-media-object--no-label\" data-nid=\"2887411\" data-cid=\"9727670\" data-part-label=\"Partner content\">\n<div class=\"the-media-object__content\">\n<h3 class=\"the-media-object__title  \">\n<p>    Iran pulls out of Islamabad peace talks after US seizes cargo ship<br \/>\n  <\/h3>\n<\/div>\n<\/article>\n<article id=\"abe-2886906-pos4-mostViewed\" class=\"the-media-object m-modeMobile-3 m-modeDesktop-3 m-modeXL-3 the-media-object--has-video the-media-object--no-label\" data-nid=\"2886906\" data-cid=\"9725344\" data-part-label=\"Partner content\">\n<div class=\"the-media-object__content\">\n<h3 class=\"the-media-object__title  \">\n<p>    Radev wins in Bulgaria as Orb\u00e1n hints at lifting Ukraine loan veto<br \/>\n  <\/h3>\n<\/div>\n<\/article>\n<article id=\"abe-2886836-pos5-mostViewed\" class=\"the-media-object m-modeMobile-3 m-modeDesktop-3 m-modeXL-3 the-media-object--no-label\" data-nid=\"2886836\" data-cid=\"9725051\" data-part-label=\"Partner content\">\n<div class=\"the-media-object__content\">\n<h3 class=\"the-media-object__title  \">\n<p>    Which European countries will be the richest by 2030?<br \/>\n  <\/h3>\n<\/div>\n<\/article>\n<div class=\"articleBody\" data-key=\"articleBody\">Slovenian Prime Minister Robert Golob, whose party secured a razor-thin majority in parliamentary elections last month, said on Monday he had failed to form a\u00a0ruling coalition.His announcement opened the door for runner-up Janez Jan\u0161a to seek to form his own government in the Alpine EU member of 2 million.&#8221;We are looking forward to our work in the opposition,&#8221; the liberal Golob, 59, told reporters after meeting the president, adding that he had not found a partner among centre-right parties for a governing coalition.Golob&#8217;s party won 29 seats last month, while the conservatives of three-time Premier Jan\u0161a got 28 seats in the 90-seat parliament.Jan\u0161a, 67, has publicly rejected any coalition talks.On Monday, Jan\u0161a reiterated he was not in a rush to form a government while seeking to do what is &#8220;the most ideal for the country,&#8221; together with his Slovenian Democratic Party (SDS).&#8221;The SDS is not forming any government at the moment,&#8221; Jansa said.&#8221;This week we will concentrate on the constitution of the parliament, since that is on the agenda,&#8221; he said, adding that, if needed, his party was &#8220;ready for new elections tomorrow&#8221;.Earlier this month, the parliament&#8217;s inaugural session elected a lawmaker from an anti-establishment party as speaker, backed by Jan\u0161a&#8217;s conservatives and an ally.President Nata\u0161a Pirc Musar has to propose a prime minister designate to parliament within 30 days of its 10 April inaugural session.If the candidate does not get a majority, the law sets a 10-day deadline for parties to propose a new candidate.<\/div>\n<p>[analyse_source url=&#8221;https:\/\/www.euronews.com\/my-europe\/2026\/04\/20\/slovenias-outgoing-pm-robert-golob-fails-to-form-government-coalition-as-jansa-opts-to-wai&#8221;]<\/p>\n","protected":false},"excerpt":{"rendered":"<p>[analyse_image type=&#8221;featured&#8221; src=&#8221;https:\/\/images.euronews.com\/articles\/stories\/09\/72\/82\/39\/1200x675_cmsv2_fba0a985-2b25-558f-bafc-27e28fa42f66-9728239.jpg&#8221;] Europe News EU Court rules Hungary&#8217;s anti LGTBQ+ law breaches core values Cinema &#8216;Aldeas&#8217;: Martin Scorsese\u2019s Pope Francis film to premiere at Vatican Iran Iran hangs man accused of ties to Israel and arson during protests Europe Today Watch: Europe\u2019s relationship with Israel is fracturing \u2014 how far will it go? Europe [&hellip;]<\/p>\n","protected":false},"author":1,"featured_media":0,"comment_status":"open","ping_status":"","sticky":false,"template":"","format":"standard","meta":{"footnotes":""},"categories":[90],"tags":[226,36],"class_list":["post-1894002","post","type-post","status-publish","format-standard","hentry","category-international","tag-crawlmanager","tag-euronews-com"],"_links":{"self":[{"href":"https:\/\/analyse.optim.biz\/index.php?rest_route=\/wp\/v2\/posts\/1894002","targetHints":{"allow":["GET"]}}],"collection":[{"href":"https:\/\/analyse.optim.biz\/index.php?rest_route=\/wp\/v2\/posts"}],"about":[{"href":"https:\/\/analyse.optim.biz\/index.php?rest_route=\/wp\/v2\/types\/post"}],"author":[{"embeddable":true,"href":"https:\/\/analyse.optim.biz\/index.php?rest_route=\/wp\/v2\/users\/1"}],"replies":[{"embeddable":true,"href":"https:\/\/analyse.optim.biz\/index.php?rest_route=%2Fwp%2Fv2%2Fcomments&post=1894002"}],"version-history":[{"count":0,"href":"https:\/\/analyse.optim.biz\/index.php?rest_route=\/wp\/v2\/posts\/1894002\/revisions"}],"wp:attachment":[{"href":"https:\/\/analyse.optim.biz\/index.php?rest_route=%2Fwp%2Fv2%2Fmedia&parent=1894002"}],"wp:term":[{"taxonomy":"category","embeddable":true,"href":"https:\/\/analyse.optim.biz\/index.php?rest_route=%2Fwp%2Fv2%2Fcategories&post=1894002"},{"taxonomy":"post_tag","embeddable":true,"href":"https:\/\/analyse.optim.biz\/index.php?rest_route=%2Fwp%2Fv2%2Ftags&post=1894002"}],"curies":[{"name":"wp","href":"https:\/\/api.w.org\/{rel}","templated":true}]}}