{"id":1893992,"date":"2026-04-20T10:59:37","date_gmt":"2026-04-20T07:59:37","guid":{"rendered":"https:\/\/analyse.optim.biz\/?p=1893992"},"modified":"2026-04-20T10:59:37","modified_gmt":"2026-04-20T07:59:37","slug":"cum-a-ajuns-aur-sa-faca-toate-jocurile-de-putere","status":"publish","type":"post","link":"https:\/\/analyse.optim.biz\/?p=1893992","title":{"rendered":"Cum a ajuns AUR s\u0103 fac\u0103 toate jocurile de putere"},"content":{"rendered":"<p>[analyse_image type=&#8221;featured&#8221; src=&#8221;https:\/\/cdn.adh.reperio.news\/image-a\/a20f7119-4130-43c5-856c-2a26e9185d60\/index.webp?p=f%3Djpeg%26w%3D1200%26h%3D630%26r%3Dcover&#8221;]<\/p>\n<article class=\"svelte-t0js42\">\n<nav>\n<ul class=\"breadcrump svelte-xauq0s\">\n<li class=\"svelte-xauq0s\"><a href=\"\/\" title=\"Adev\u0103rul\" class=\"svelte-xauq0s\">Home<\/a><\/li>\n<li class=\"svelte-xauq0s\"><a href=\"\/blogurile-adevarul\" class=\"svelte-xauq0s\">Opinii<\/a><\/li>\n<li class=\"svelte-xauq0s\"><a href=\"https:\/\/adevarul.ro\/blogurile-adevarul\/cum-a-ajuns-aur-sa-faca-toate-jocurile-de-putere-2523943.html\" class=\"svelte-xauq0s\">Cum a ajuns AUR s\u0103 fac\u0103 toate jocurile de putere<\/a><\/li>\n<\/ul>\n<\/nav>\n<p><main class=\"svelte-t0js42\"><\/p>\n<h2>Exist\u0103 un punct \u00een care PSD \u0219i pre\u0219edintele Nicu\u0219or Dan se \u00eent\u00e2lnesc. Ie\u0219irea social-democra\u021bilor de la guvernare ar putea bloca \u021bara \u00eentr-o perioad\u0103 \u00een care conflictele din jur nu se opresc.<\/h2>\n<div class=\"container-image  svelte-jd4qiv\"><source type=\"image\/webp\" srcset=\"https:\/\/cdn.adh.reperio.news\/image-a\/a20f7119-4130-43c5-856c-2a26e9185d60\/index.webp?p=a%3D1%26co%3D1.05%26w%3D1400%26h%3D613%26r%3Dcontain%26f%3Dwebp 1400w\" media=\"(min-width: 1400px)\" \/><\/p>\n<div class=\"caption\">\u0218eful PSD Grindeanu vrea debarcarea premierului Bolojan<\/div>\n<\/div>\n<p><a href=\"https:\/\/www.dw.com\/ro\/partidul-social-democrat\/t-66456334\" rel=\"nofollow\">PSD<\/a>\u00a0crede c\u0103-l poate debarca rapid pe\u00a0<a href=\"https:\/\/www.dw.com\/ro\/ilie-bolojan\/t-71662123\" rel=\"nofollow\">Ilie Bolojan<\/a>\u00a0din fruntea guvernului pentru ca ulterior s\u0103-i sl\u0103beasc\u0103 autoritatea \u00een partid \u0219i s\u0103 poat\u0103 schimba direc\u021bia\u00a0<a href=\"https:\/\/www.dw.com\/ro\/partidul-na%C8%9Bional-liberal\/t-66456356\" rel=\"nofollow\">PNL<\/a>. Nu e prea clar care e\u00a0<a href=\"https:\/\/www.dw.com\/ro\/ce-vrea-grindeanu-poate-juca-aur-de-partea-lui-bolojan\/a-76588590\" rel=\"nofollow\">adev\u0103ratul motiv al social-democra\u021bilor<\/a>: de ce vor neap\u0103rat s\u0103 scape de Ilie Bolojan dup\u0103 10 luni \u00een care au acceptat deciziile lui?<\/p>\n<p>Exist\u0103 unele\u00a0<a href=\"https:\/\/www.dw.com\/ro\/aventura-psd-al%C4%83turi-de-aur-a-fost-scurt%C4%83-%C8%99i-umilitoare-sorin-grindeanu-a-pierdut-%C3%AEn-coali%C8%9Bie-dar-a-c%C3%A2%C8%99tigat-%C3%AEn-partid\/a-76445755\" rel=\"nofollow\">mize clientelare<\/a>, a sugerat primul-ministru atunci c\u00e2nd s-a referit la \u0219obolanii din c\u0103mara \u021b\u0103rii \u0219i la faptul c\u0103 el ar fi aprins lumina \u0219i i-ar speriat pe cei care ar fi urmat s\u0103 se ghiftuiasc\u0103 din avu\u021bia comun\u0103.<\/p>\n<p>De ce \u0219eful guvernului nu spune lucrurile pe nume? Unde sunt fisurile prin care se pot strecura roz\u0103toarele, de ce nu le astup\u0103, dar mai ales cine sunt acei \u0219obolani care s-au speriat \u0219i acum vor s\u0103-l dea jos? Poate c\u0103 primul ministru semnaleaz\u0103 c\u0103 e gata de \u00eenc\u0103 un compromis pentru a p\u0103stra coali\u021bia.<\/p>\n<h2>Joc riscant al \u0219efului PSD<\/h2>\n<p>\u0218eful PSD,\u00a0<a href=\"https:\/\/www.dw.com\/ro\/sorin-grindeanu\/t-73634942\" rel=\"nofollow\">Sorin Grindeanu<\/a>\u00a0spune c\u0103 social-democra\u021bii se retrag de la guvernare \u0219i c\u0103 sunt gata s\u0103 numeasc\u0103 un nou premier. Aceast\u0103 \u00eencercare de a-l pune la col\u021b pe Ilie Bolojan s-ar putea s\u0103-l coste mult pe Grindeanu, fiindc\u0103 mai mul\u021bi lideri din zona civic\u0103 au anun\u021bat proteste \u00eempotriva lui.<\/p>\n<p>\u00cen 2017, c\u00e2nd Sorin Grindeanu era doar un premier de carton aflat la dispozi\u021bia lui\u00a0<a href=\"https:\/\/www.dw.com\/ro\/liviu-dragnea\/t-73061691\" rel=\"nofollow\">Liviu Dragnea<\/a>, strada l-a obligat s\u0103 retrag\u0103 Ordonan\u021ba de Urgen\u021b\u0103 13\/2017 dat\u0103 \u201enoaptea ca ho\u021bii\u201d, prin care se schimba Codul Penal dezincrimin\u00e2nd par\u021bial abuzul \u00een serviciu, \u00een a\u0219a fel \u00eenc\u00e2t pre\u0219edintele de atunci al PSD s\u0103 scape de dosarul penal care \u00een cele din urm\u0103 l-a dus la \u00eenchisoare.<\/p>\n<p>De la acele mi\u0219c\u0103ri de strad\u0103 i s-a tras\u00a0pierderea func\u021biei de prim-ministru. PSD l-a dat jos pe Sorin Grindeanu\u00a0\u00een cele din urm\u0103, dup\u0103 \u0219ase luni ca premier, prin mo\u021biune de cenzur\u0103, fiindc\u0103 nu voia s\u0103 plece de la v\u00e2rful guvernului, de\u0219i tot restul cabinetului \u00ee\u0219i d\u0103duse demisia.<\/p>\n<p>De altfel, doar 12% dintre rom\u00e2ni au \u00eencredere \u00een Sorin Grindeanu (INSCOP, martie 2026) \u0219i numai 4,7% \u0219i-l doresc prim-ministru (Agen\u021bia\u00a0de Rating Politic, aprilie 2026). Cea mai mare \u00eencredere o are\u00a0<a href=\"https:\/\/www.dw.com\/ro\/george-simion\/t-72134930\" rel=\"nofollow\">George Simion<\/a>\u00a0(34%) \u0219i tot el e dorit \u00een fruntea guvernului de cei mai mul\u021bi votan\u021bi (20,9). Dup\u0103 el, \u00eens\u0103, Ilie Bolojan este pe locul al doilea ca op\u021biune pentru func\u021bia de premier (16,2%). La capitolul credibilitate, locul secund dup\u0103 liderul\u00a0<a href=\"https:\/\/www.dw.com\/ro\/aur\/t-66344747\" rel=\"nofollow\">AUR<\/a>\u00a0este disputat \u00een marja de eroare de pre\u0219edintele\u00a0<a href=\"https:\/\/www.dw.com\/ro\/nicu%C8%99or-dan\/t-72134911\" rel=\"nofollow\">Nicu\u0219or Dan<\/a>\u00a0(27,6%) \u0219i Ilie Bolojan (25,1%).<\/p>\n<div class=\"container-image  svelte-jd4qiv\"><source type=\"image\/webp\" srcset=\"https:\/\/cdn.adh.reperio.news\/image-4\/4f22c0d0-7515-4dac-8b77-cbf5ffa136c4\/index.jpeg?p=a%3D1%26co%3D1.05%26w%3D1400%26h%3D750%26r%3Dcontain%26f%3Dwebp 1400w\" media=\"(min-width: 1400px)\" \/><\/p>\n<div class=\"caption\">Premierul Ilie Bolojan \u00ee\u0219i men\u021bine popularitatea, \u00een ciuda m\u0103surilor de austeritate dure<\/div>\n<\/div>\n<p><\/p>\n<h2>Pe cine \u0219i de ce deranjeaz\u0103 Ilie Bolojan<\/h2>\n<p>Men\u021binerea popularit\u0103\u021bii lui Bolojan, \u00een ciuda modific\u0103rilor de taxe \u0219i impozite, a crizei economice acute \u0219i a sc\u0103derii puterii de cump\u0103rare \u00eei deranjeaz\u0103 deopotriv\u0103 pe Nicu\u0219or Dan \u0219i pe Sorin Grindeanu. Pe am\u00e2ndoi \u00eei sup\u0103r\u0103 simpatia de care se bucur\u0103 premierul \u0219i care cre\u0219te pe m\u0103sur\u0103 ce ecua\u021bia \u00eempotriva lui devine tot mai evident\u0103.<\/p>\n<p>Spre deosebire de pre\u0219edintele Nicu\u0219or Dan, care a promis \u00een campania electoral\u0103 c\u0103 va pune justi\u021bia la treab\u0103, iar apoi i-a adus la v\u00e2rf pe procurorii care au \u00eengropat marile dosare \u0219i care au preferat blatul cu PSD, premierul Ilie Bolojan \u0219i-a \u021binut\u00a0promisiunile. Nu a candidat pentru Cotroceni, de\u0219i ar fi avut prima \u0219ans\u0103, nu a cedat populismelor cerute de PSD \u0219i nu a r\u0103spuns presiunilor magistra\u021bilor c\u00e2nd le-a modificat pensiile. Mai mult, a spus c\u0103 nu \u00eel va contracandida pe Nicu\u0219or Dan peste patru ani.<\/p>\n<p>PSD vrea s\u0103 scape de Bolojan pentru c\u0103 pierde electorat v\u0103z\u00e2nd cu ochii. Pre\u0219edintele pare la r\u00e2ndul lui nefericit de compara\u021bia permanent\u0103 cu Bolojan \u0219i mai ales de faptul c\u0103\u00a0<a href=\"https:\/\/www.dw.com\/ro\/cum-a-pierdut-nicu%C8%99or-dan-sus%C8%9Binerea-votan%C8%9Bilor-s%C4%83i-marele-compromis-un-pariu-%C8%99i-eternul-psd\/a-76716342\" rel=\"nofollow\">\u00een jurul lui se str\u00e2ng oamenii care alt\u0103dat\u0103 \u00eel sus\u021bineau pe el<\/a>. \u00cen plus, Nicu\u0219or Dan e nelini\u0219tit de eventualitatea unei suspend\u0103ri, fiindc\u0103 ar putea fi punctul terminus al carierei sale politice. Frica lui Grindeanu de a nu pierde partidul \u0219i frica pre\u0219edintelui Dan de a nu-\u0219i pierde fotoliul par s\u0103 se conjuge \u00eempotriva premierului.<\/p>\n<div class=\"container-image  svelte-jd4qiv\"><source type=\"image\/webp\" srcset=\"https:\/\/cdn.adh.reperio.news\/image-9\/9639e464-0002-400c-8c86-2d7b42b0dc12\/index.jpeg?p=a%3D1%26co%3D1.05%26w%3D1400%26h%3D750%26r%3Dcontain%26f%3Dwebp 1400w\" media=\"(min-width: 1400px)\" \/><\/p>\n<div class=\"caption\">George Simion \u0219i AUR au un cuv\u00e2nt de spus \u00een jocurile de putere de la Bucure\u0219ti<\/div>\n<\/div>\n<p><\/p>\n<h2>Ce urmeaz\u0103?<\/h2>\n<p>Totu\u0219i, Ilie Bolojan a declarat c\u0103 \u0219eful statului nu i-a cerut demisia. \u00cen schimb, nici nu a f\u0103cut declara\u021bii prin care s\u0103-i arate sprijinul. A\u0219a c\u0103 premierul r\u0103m\u00e2ne pe pozi\u021bii \u0219i PSD \u00ee\u0219i retrage mini\u0219trii.<\/p>\n<p>Ce urmeaz\u0103? Totul depinde de AUR. Social-democra\u021bii au anun\u021bat c\u0103 nu vor s\u0103 depun\u0103 o mo\u021biune de cenzur\u0103, liberalii au spus c\u0103 nu vor mai guverna cu PSD dac\u0103 ace\u0219tia rup protocolul de guvernare.<\/p>\n<p>Totul pare blocat. PSD a\u0219teapt\u0103 ca AUR s\u0103 depun\u0103 o mo\u021biune de cenzur\u0103 prin care s\u0103-l arunce pe Bolojan peste bord: o parte din AUR n-ar vrea s\u0103 intre \u00een trena social-democra\u021bilor, iar George Simion pune condi\u021bia ca viitorul premier s\u0103 fie\u00a0<a href=\"https:\/\/www.dw.com\/ro\/c%C4%83lin-georgescu\/t-70897255\" rel=\"nofollow\">C\u0103lin Georgescu<\/a>. PNL, pe de alt\u0103 parte, poate guverna doar cu USR \u0219i UDMR, dar nu va putea trece nicio lege important\u0103 f\u0103r\u0103 PSD sau AUR.\u00a0<\/p>\n<p>Cum au ajuns radicalii s\u0103 aranjeze c\u0103r\u021bile puterii? Cu ajutorul pre\u0219edintelui Nicu\u0219or Dan \u0219i al liderului PSD\u00a0Sorin Grindeanu.\u00a0<\/p>\n<p><a href=\"https:\/\/www.dw.com\/ro\/cum-a-ajuns-aur-s%C4%83-fac%C4%83-toate-jocurile-de-putere\/a-76852969\" rel=\"nofollow\"><b>Sabina Fati &#8211; DW<\/b><\/a><\/p>\n<p><\/main><\/p>\n<footer class=\"svelte-t0js42\">\n<div class=\"meta svelte-t0js42\">\n<div class=\"authors svelte-t0js42\"><a href=\"\/author\/1092\" rel=\"author\" class=\"svelte-t0js42\">Deutsche Welle<\/a><\/div>\n<div class=\"tags svelte-12okeyl\"><span class=\"tags-label metaFont svelte-12okeyl\">Cite\u0219te mai multe despre<\/span><\/p>\n<div class=\"tags-list svelte-12okeyl\"><a href=\"\/tag\/romania\" title=\"Ultimele \u0219tiri despre romania\" class=\"tag-pill svelte-12okeyl\">romania<\/a><a href=\"\/tag\/psd\" title=\"Ultimele \u0219tiri despre psd\" class=\"tag-pill svelte-12okeyl\">psd<\/a><a href=\"\/tag\/pnl\" title=\"Ultimele \u0219tiri despre pnl\" class=\"tag-pill svelte-12okeyl\">pnl<\/a><\/div>\n<\/div>\n<\/div>\n<p><a class=\"moreFromCategory svelte-t0js42\" href=\"\/blogurile-adevarul\" title=\"Opinii\">Mai multe din <strong class=\"svelte-t0js42\">Opinii<\/strong> \u203a<\/a><\/footer>\n<\/article>\n<p>[analyse_source url=&#8221;https:\/\/adevarul.ro\/blogurile-adevarul\/cum-a-ajuns-aur-sa-faca-toate-jocurile-de-putere-2523943.html&#8221;]<\/p>\n","protected":false},"excerpt":{"rendered":"<p>[analyse_image type=&#8221;featured&#8221; src=&#8221;https:\/\/cdn.adh.reperio.news\/image-a\/a20f7119-4130-43c5-856c-2a26e9185d60\/index.webp?p=f%3Djpeg%26w%3D1200%26h%3D630%26r%3Dcover&#8221;] Home Opinii Cum a ajuns AUR s\u0103 fac\u0103 toate jocurile de putere Exist\u0103 un punct \u00een care PSD \u0219i pre\u0219edintele Nicu\u0219or Dan se \u00eent\u00e2lnesc. Ie\u0219irea social-democra\u021bilor de la guvernare ar putea bloca \u021bara \u00eentr-o perioad\u0103 \u00een care conflictele din jur nu se opresc. \u0218eful PSD Grindeanu vrea debarcarea premierului Bolojan PSD\u00a0crede c\u0103-l [&hellip;]<\/p>\n","protected":false},"author":1,"featured_media":0,"comment_status":"open","ping_status":"","sticky":false,"template":"","format":"standard","meta":{"footnotes":""},"categories":[89],"tags":[19,226],"class_list":["post-1893992","post","type-post","status-publish","format-standard","hentry","category-romania","tag-adevarul","tag-crawlmanager"],"_links":{"self":[{"href":"https:\/\/analyse.optim.biz\/index.php?rest_route=\/wp\/v2\/posts\/1893992","targetHints":{"allow":["GET"]}}],"collection":[{"href":"https:\/\/analyse.optim.biz\/index.php?rest_route=\/wp\/v2\/posts"}],"about":[{"href":"https:\/\/analyse.optim.biz\/index.php?rest_route=\/wp\/v2\/types\/post"}],"author":[{"embeddable":true,"href":"https:\/\/analyse.optim.biz\/index.php?rest_route=\/wp\/v2\/users\/1"}],"replies":[{"embeddable":true,"href":"https:\/\/analyse.optim.biz\/index.php?rest_route=%2Fwp%2Fv2%2Fcomments&post=1893992"}],"version-history":[{"count":0,"href":"https:\/\/analyse.optim.biz\/index.php?rest_route=\/wp\/v2\/posts\/1893992\/revisions"}],"wp:attachment":[{"href":"https:\/\/analyse.optim.biz\/index.php?rest_route=%2Fwp%2Fv2%2Fmedia&parent=1893992"}],"wp:term":[{"taxonomy":"category","embeddable":true,"href":"https:\/\/analyse.optim.biz\/index.php?rest_route=%2Fwp%2Fv2%2Fcategories&post=1893992"},{"taxonomy":"post_tag","embeddable":true,"href":"https:\/\/analyse.optim.biz\/index.php?rest_route=%2Fwp%2Fv2%2Ftags&post=1893992"}],"curies":[{"name":"wp","href":"https:\/\/api.w.org\/{rel}","templated":true}]}}