{"id":1893908,"date":"2026-04-21T08:06:19","date_gmt":"2026-04-21T05:06:19","guid":{"rendered":"https:\/\/analyse.optim.biz\/?p=1893908"},"modified":"2026-04-21T08:06:19","modified_gmt":"2026-04-21T05:06:19","slug":"zoli-toth-si-percutionistii-cantus-mundi-vor-concerta-la-suceava-in-cel-mai-amplu-turneu-dedicat-muzicii-de-percutie-din-romania","status":"publish","type":"post","link":"https:\/\/analyse.optim.biz\/?p=1893908","title":{"rendered":"Zoli T\u00f3th \u0219i percu\u021bioni\u0219tii Cantus Mundi vor concerta la Suceava \u00een cel mai amplu turneu dedicat muzicii de percu\u021bie din Rom\u00e2nia"},"content":{"rendered":"<p>[analyse_image type=&#8221;featured&#8221; src=&#8221;https:\/\/www.newsbucovina.ro\/wp-content\/uploads\/2026\/04\/YB-Zoli-Toth.jpghttps:\/\/cdn.newsbucovina.ro\/wp-content\/uploads\/2026\/04\/YB-Zoli-Toth.jpg&#8221;]<\/p>\n<div class=\"td-post-content tagdiv-type\">\n<div class=\"td-a-rec td-a-rec-id-content_top  tdi_3 td_block_template_1\"><strong>Intr\u0103 acum \u0219i \u00een grupul de <\/p>\n<div class=\"wp-block-button\"><a class=\"wp-block-button__link wp-element-button\" href=\"https:\/\/t.me\/+TH8wcfnp8fw5NWI0\">Telegram News Bucovina<\/a><\/div>\n<p><\/strong><\/div>\n<p>Programul Na\u021bional Cantus Mundi invit\u0103 publicul la o serie de concerte extraordinare de percu\u021bie sus\u021binute de ansamblul Young Beats, coordonat de muzicianul Zoli T\u00f3th, al\u0103turi de alte \u0219apte ansambluri de percu\u021bie din \u021bar\u0103. Evenimentele fac parte din cea de-a patra edi\u021bie a Turneului Ansamblurilor de Percu\u021bie, cel mai mare proiect de acest gen din Rom\u00e2nia.<\/p>\n<figure class=\"wp-block-image size-large\"><a href=\"https:\/\/cdn.newsbucovina.ro\/wp-content\/uploads\/2026\/04\/Zoli-Toth.jpeg\"><img loading=\"lazy\" decoding=\"async\" width=\"1024\" height=\"683\" src=\"https:\/\/cdn.newsbucovina.ro\/wp-content\/uploads\/2026\/04\/Zoli-Toth-1024x683.jpeg\" alt class=\"wp-image-436655\"><\/a><\/figure>\n<p>Repertoriul ales de Zoli T\u00f3th pentru aceast\u0103 edi\u021bie combin\u0103 \u00een mod inedit muzica tradi\u021bional\u0103 rom\u00e2neasc\u0103 cu elemente de muzic\u0103 electronic\u0103, realizate cu ajutorul sintetizatoarelor analogice \u0219i digitale. Potrivit prof. Zoli T\u00f3th, turneul reprezint\u0103 o mi\u0219care semnificativ\u0103 pentru promovarea percu\u021biei \u00een peisajul muzical rom\u00e2nesc: \u201eAceasta este, probabil, una dintre cele mai importante mi\u0219c\u0103ri dedicate muzicii de percu\u021bie din Rom\u00e2nia. Mult\u0103 vreme l\u0103sat\u0103 deoparte, aceast\u0103 latur\u0103 fantastic\u0103 a muzicii clasice a \u00eenflorit datorit\u0103 acestui turneu. Publicul din sal\u0103 a \u00een\u021beles c\u0103 percu\u021bia nu este despre zgomot, ci despre ritm, melodie \u0219i mult\u0103 armonie\u201d.<\/p>\n<p>Cea de-a patra edi\u021bie a Turneului Ansamblurilor de Percu\u021bie, ini\u021biat de lect. univ. dr. Alexandru Vele\u0219cu, cadru didactic la Extensia Piatra-Neam\u021b a Academiei Na\u021bionale de Muzic\u0103 \u201eGheorghe Dima\u201d din Cluj-Napoca, se desf\u0103\u0219oar\u0103 \u00een perioada 22 aprilie \u2013 29 mai 2026. Proiectul reune\u0219te peste 60 de percu\u021bioni\u0219ti din opt ansambluri reprezentative pentru \u0219colile de muzic\u0103 din mai multe centre universitare \u0219i licee voca\u021bionale din \u021bar\u0103.<\/p>\n<p>Ansamblurile participante sunt:<\/p>\n<ul class=\"wp-block-list\">\n<li>Ansamblul de percu\u021bie Young Beats din cadrul Programului Na\u021bional Cantus Mundi Bucure\u0219ti (conducerea muzical\u0103: prof. Zoli T\u00f3th);<\/li>\n<li>Ansamblul de percu\u021bie al Academiei Na\u021bionale de Muzic\u0103 \u201eGheorghe Dima\u201d Cluj-Napoca \u2013 Extensia Piatra-Neam\u021b (conducerea muzical\u0103: lect. univ. dr. Alexandru Vele\u0219cu);<\/li>\n<li>Ansamblul de percu\u021bie \u201eAlternances\u201d \u2013 Universitatea Na\u021bional\u0103 de Arte \u201eGeorge Enescu\u201d Ia\u0219i (conducerea muzical\u0103: conf. univ. dr. Constantin Stavrat);<\/li>\n<li>Ansamblul de percu\u021bie \u201eVersus\u201d \u2013 Liceul Voca\u021bional de Muzic\u0103 \u201eTudor Ciortea\u201d Bra\u0219ov (coordonator: prof. Adriana Cristina Puia);<\/li>\n<li>Ansamblul de percu\u021bie \u201eSpirit\u201d \u2013 Colegiul Na\u021bional de Art\u0103 \u201eGeorge Apostu\u201d Bac\u0103u (conducerea muzical\u0103: prof. Mihai B\u0103lan, prof. Alexandru Micu, prof. Alexandru Beldescu \u0219i prof. Liviu \u021augui);<\/li>\n<li>Ansamblul de percu\u021bie \u201eJuvenartis\u201d \u2013 Colegiul Na\u021bional de Art\u0103 \u201eOctav B\u0103ncil\u0103\u201d Ia\u0219i (conducerea muzical\u0103: prof. Iustin Rusu);<\/li>\n<li>Ansamblul de percu\u021bie \u201eFireworks Magazine\u201d \u2013 Colegiul de Art\u0103 \u201eCiprian Porumbescu\u201d Suceava (conducerea muzical\u0103: prof. Lucian Rusu);<\/li>\n<li>Ansamblul de percu\u021bie \u201ePuls Percussion\u201d \u2013 Colegiul Na\u021bional de Arte \u201eRegina Maria\u201d Constan\u021ba (conducerea muzical\u0103: prof. Gelu P\u0103un, prof. Valentin T\u0103nase).<\/li>\n<\/ul>\n<p>Repertoriul concertelor acoper\u0103 o palet\u0103 larg\u0103 de genuri muzicale, de la lucr\u0103ri compuse de J. S. Bach p\u00e2n\u0103 la crea\u021bii contemporane, pun\u00e2nd accent pe diversitate \u0219i pe valoarea educa\u021bional\u0103 a proiectului.<\/p>\n<p>Accesul publicului la toate concertele este gratuit.<\/p>\n<p><strong>Calendarul concertelor:<\/strong><\/p>\n<ul class=\"wp-block-list\">\n<li><strong>22 aprilie, ora 18:00 | IA\u0218I<\/strong> \u2013 Sala de Festivit\u0103\u021bi a Colegiului Na\u021bional de Art\u0103 \u201eOctav B\u0103ncil\u0103\u201d<\/li>\n<li><strong>23 aprilie, ora 18:00 | PIATRA NEAM\u021a<\/strong> \u2013 Cinema \u201eMon Amour\u201d<\/li>\n<li><strong>27 aprilie, ora 18:00 | CONSTAN\u021aA<\/strong> \u2013 Sala \u201eSergiu Celibidache\u201d a Colegiului Na\u021bional de Arte \u201eRegina Maria\u201d<\/li>\n<li><strong>29 aprilie, ora 18:00 | BRA\u0218OV<\/strong> \u2013 Sala Patria a Filarmonicii Bra\u0219ov<\/li>\n<li><strong>30 aprilie, ora 18:30 | BAC\u0102U<\/strong> \u2013 Sala Mare a Teatrului Municipal Bacovia<\/li>\n<li><strong>19 mai, ora 18:00 | BUCURE\u0218TI<\/strong> \u2013 Sala Mare Gabroveni a Centrului Cultural ARCUB<\/li>\n<li><strong>29 mai, ora 19:00 | SUCEAVA<\/strong> \u2013 Auditorium \u201eJoseph Schmidt\u201d al Universit\u0103\u021bii \u201e\u0218tefan cel Mare\u201d<\/li>\n<\/ul>\n<p>Ini\u021biat \u00een anul 2019 de lect. univ. dr. Alexandru Vele\u0219cu, unul dintre exponen\u021bii de marc\u0103 ai \u0219colii rom\u00e2ne\u0219ti de percu\u021bie, Turneul Ansamblurilor de Percu\u021bie a devenit un proiect cultural \u0219i educa\u021bional de referin\u021b\u0103, care promoveaz\u0103 tinerele talente, \u00eencurajeaz\u0103 colaborarea \u00eentre ansambluri \u0219i contribuie la dezvoltarea publicului meloman din multiple ora\u0219e ale \u021b\u0103rii. Edi\u021bia din 2026 continu\u0103 aceast\u0103 tradi\u021bie, aduc\u00e2nd pe scen\u0103 entuziasmul \u0219i profesionalismul tinerilor percu\u021bioni\u0219ti din \u00eentreaga Rom\u00e2nie.<\/p>\n<div class=\"td-a-rec td-a-rec-id-content_bottom  tdi_4 td_block_template_1\"><strong>Intr\u0103 acum \u0219i \u00een grupul de <\/p>\n<div class=\"wp-block-button\"><a class=\"wp-block-button__link wp-element-button\" href=\"https:\/\/t.me\/+TH8wcfnp8fw5NWI0\">Telegram News Bucovina<\/a><\/div>\n<p><\/strong><\/div>\n<\/div>\n<div class=\"td-post-content tagdiv-type\">\n<div class=\"td-a-rec td-a-rec-id-content_top  tdi_3 td_block_template_1\"><strong>Intr\u0103 acum \u0219i \u00een grupul de <\/p>\n<div class=\"wp-block-button\"><a class=\"wp-block-button__link wp-element-button\" href=\"https:\/\/t.me\/+TH8wcfnp8fw5NWI0\">Telegram News Bucovina<\/a><\/div>\n<p><\/strong><\/div>\n<p>Programul Na\u021bional Cantus Mundi invit\u0103 publicul la o serie de concerte extraordinare de percu\u021bie sus\u021binute de ansamblul Young Beats, coordonat de muzicianul Zoli T\u00f3th, al\u0103turi de alte \u0219apte ansambluri de percu\u021bie din \u021bar\u0103. Evenimentele fac parte din cea de-a patra edi\u021bie a Turneului Ansamblurilor de Percu\u021bie, cel mai mare proiect de acest gen din Rom\u00e2nia.<\/p>\n<figure class=\"wp-block-image size-large\"><a href=\"https:\/\/cdn.newsbucovina.ro\/wp-content\/uploads\/2026\/04\/Zoli-Toth.jpeg\"><img loading=\"lazy\" decoding=\"async\" width=\"1024\" height=\"683\" src=\"https:\/\/cdn.newsbucovina.ro\/wp-content\/uploads\/2026\/04\/Zoli-Toth-1024x683.jpeg\" alt class=\"wp-image-436655\"><\/a><\/figure>\n<p>Repertoriul ales de Zoli T\u00f3th pentru aceast\u0103 edi\u021bie combin\u0103 \u00een mod inedit muzica tradi\u021bional\u0103 rom\u00e2neasc\u0103 cu elemente de muzic\u0103 electronic\u0103, realizate cu ajutorul sintetizatoarelor analogice \u0219i digitale. Potrivit prof. Zoli T\u00f3th, turneul reprezint\u0103 o mi\u0219care semnificativ\u0103 pentru promovarea percu\u021biei \u00een peisajul muzical rom\u00e2nesc: \u201eAceasta este, probabil, una dintre cele mai importante mi\u0219c\u0103ri dedicate muzicii de percu\u021bie din Rom\u00e2nia. Mult\u0103 vreme l\u0103sat\u0103 deoparte, aceast\u0103 latur\u0103 fantastic\u0103 a muzicii clasice a \u00eenflorit datorit\u0103 acestui turneu. Publicul din sal\u0103 a \u00een\u021beles c\u0103 percu\u021bia nu este despre zgomot, ci despre ritm, melodie \u0219i mult\u0103 armonie\u201d.<\/p>\n<p>Cea de-a patra edi\u021bie a Turneului Ansamblurilor de Percu\u021bie, ini\u021biat de lect. univ. dr. Alexandru Vele\u0219cu, cadru didactic la Extensia Piatra-Neam\u021b a Academiei Na\u021bionale de Muzic\u0103 \u201eGheorghe Dima\u201d din Cluj-Napoca, se desf\u0103\u0219oar\u0103 \u00een perioada 22 aprilie \u2013 29 mai 2026. Proiectul reune\u0219te peste 60 de percu\u021bioni\u0219ti din opt ansambluri reprezentative pentru \u0219colile de muzic\u0103 din mai multe centre universitare \u0219i licee voca\u021bionale din \u021bar\u0103.<\/p>\n<p>Ansamblurile participante sunt:<\/p>\n<ul class=\"wp-block-list\">\n<li>Ansamblul de percu\u021bie Young Beats din cadrul Programului Na\u021bional Cantus Mundi Bucure\u0219ti (conducerea muzical\u0103: prof. Zoli T\u00f3th);<\/li>\n<li>Ansamblul de percu\u021bie al Academiei Na\u021bionale de Muzic\u0103 \u201eGheorghe Dima\u201d Cluj-Napoca \u2013 Extensia Piatra-Neam\u021b (conducerea muzical\u0103: lect. univ. dr. Alexandru Vele\u0219cu);<\/li>\n<li>Ansamblul de percu\u021bie \u201eAlternances\u201d \u2013 Universitatea Na\u021bional\u0103 de Arte \u201eGeorge Enescu\u201d Ia\u0219i (conducerea muzical\u0103: conf. univ. dr. Constantin Stavrat);<\/li>\n<li>Ansamblul de percu\u021bie \u201eVersus\u201d \u2013 Liceul Voca\u021bional de Muzic\u0103 \u201eTudor Ciortea\u201d Bra\u0219ov (coordonator: prof. Adriana Cristina Puia);<\/li>\n<li>Ansamblul de percu\u021bie \u201eSpirit\u201d \u2013 Colegiul Na\u021bional de Art\u0103 \u201eGeorge Apostu\u201d Bac\u0103u (conducerea muzical\u0103: prof. Mihai B\u0103lan, prof. Alexandru Micu, prof. Alexandru Beldescu \u0219i prof. Liviu \u021augui);<\/li>\n<li>Ansamblul de percu\u021bie \u201eJuvenartis\u201d \u2013 Colegiul Na\u021bional de Art\u0103 \u201eOctav B\u0103ncil\u0103\u201d Ia\u0219i (conducerea muzical\u0103: prof. Iustin Rusu);<\/li>\n<li>Ansamblul de percu\u021bie \u201eFireworks Magazine\u201d \u2013 Colegiul de Art\u0103 \u201eCiprian Porumbescu\u201d Suceava (conducerea muzical\u0103: prof. Lucian Rusu);<\/li>\n<li>Ansamblul de percu\u021bie \u201ePuls Percussion\u201d \u2013 Colegiul Na\u021bional de Arte \u201eRegina Maria\u201d Constan\u021ba (conducerea muzical\u0103: prof. Gelu P\u0103un, prof. Valentin T\u0103nase).<\/li>\n<\/ul>\n<p>Repertoriul concertelor acoper\u0103 o palet\u0103 larg\u0103 de genuri muzicale, de la lucr\u0103ri compuse de J. S. Bach p\u00e2n\u0103 la crea\u021bii contemporane, pun\u00e2nd accent pe diversitate \u0219i pe valoarea educa\u021bional\u0103 a proiectului.<\/p>\n<p>Accesul publicului la toate concertele este gratuit.<\/p>\n<p><strong>Calendarul concertelor:<\/strong><\/p>\n<ul class=\"wp-block-list\">\n<li><strong>22 aprilie, ora 18:00 | IA\u0218I<\/strong> \u2013 Sala de Festivit\u0103\u021bi a Colegiului Na\u021bional de Art\u0103 \u201eOctav B\u0103ncil\u0103\u201d<\/li>\n<li><strong>23 aprilie, ora 18:00 | PIATRA NEAM\u021a<\/strong> \u2013 Cinema \u201eMon Amour\u201d<\/li>\n<li><strong>27 aprilie, ora 18:00 | CONSTAN\u021aA<\/strong> \u2013 Sala \u201eSergiu Celibidache\u201d a Colegiului Na\u021bional de Arte \u201eRegina Maria\u201d<\/li>\n<li><strong>29 aprilie, ora 18:00 | BRA\u0218OV<\/strong> \u2013 Sala Patria a Filarmonicii Bra\u0219ov<\/li>\n<li><strong>30 aprilie, ora 18:30 | BAC\u0102U<\/strong> \u2013 Sala Mare a Teatrului Municipal Bacovia<\/li>\n<li><strong>19 mai, ora 18:00 | BUCURE\u0218TI<\/strong> \u2013 Sala Mare Gabroveni a Centrului Cultural ARCUB<\/li>\n<li><strong>29 mai, ora 19:00 | SUCEAVA<\/strong> \u2013 Auditorium \u201eJoseph Schmidt\u201d al Universit\u0103\u021bii \u201e\u0218tefan cel Mare\u201d<\/li>\n<\/ul>\n<p>Ini\u021biat \u00een anul 2019 de lect. univ. dr. Alexandru Vele\u0219cu, unul dintre exponen\u021bii de marc\u0103 ai \u0219colii rom\u00e2ne\u0219ti de percu\u021bie, Turneul Ansamblurilor de Percu\u021bie a devenit un proiect cultural \u0219i educa\u021bional de referin\u021b\u0103, care promoveaz\u0103 tinerele talente, \u00eencurajeaz\u0103 colaborarea \u00eentre ansambluri \u0219i contribuie la dezvoltarea publicului meloman din multiple ora\u0219e ale \u021b\u0103rii. Edi\u021bia din 2026 continu\u0103 aceast\u0103 tradi\u021bie, aduc\u00e2nd pe scen\u0103 entuziasmul \u0219i profesionalismul tinerilor percu\u021bioni\u0219ti din \u00eentreaga Rom\u00e2nie.<\/p>\n<div class=\"td-a-rec td-a-rec-id-content_bottom  tdi_4 td_block_template_1\"><strong>Intr\u0103 acum \u0219i \u00een grupul de <\/p>\n<div class=\"wp-block-button\"><a class=\"wp-block-button__link wp-element-button\" href=\"https:\/\/t.me\/+TH8wcfnp8fw5NWI0\">Telegram News Bucovina<\/a><\/div>\n<p><\/strong><\/div>\n<\/div>\n<p>[analyse_source url=&#8221;https:\/\/www.newsbucovina.ro\/evenimente\/436654\/zoli-toth-si-percutionistii-cantus-mundi-vor-concerta-la-suceava-in-cel-mai-amplu-turneu-dedicat-muzicii-de-percutie-din-romania&#8221;]<\/p>\n","protected":false},"excerpt":{"rendered":"<p>[analyse_image type=&#8221;featured&#8221; src=&#8221;https:\/\/www.newsbucovina.ro\/wp-content\/uploads\/2026\/04\/YB-Zoli-Toth.jpghttps:\/\/cdn.newsbucovina.ro\/wp-content\/uploads\/2026\/04\/YB-Zoli-Toth.jpg&#8221;] Intr\u0103 acum \u0219i \u00een grupul de Telegram News Bucovina Programul Na\u021bional Cantus Mundi invit\u0103 publicul la o serie de concerte extraordinare de percu\u021bie sus\u021binute de ansamblul Young Beats, coordonat de muzicianul Zoli T\u00f3th, al\u0103turi de alte \u0219apte ansambluri de percu\u021bie din \u021bar\u0103. Evenimentele fac parte din cea de-a patra edi\u021bie a Turneului [&hellip;]<\/p>\n","protected":false},"author":1,"featured_media":0,"comment_status":"open","ping_status":"","sticky":false,"template":"","format":"standard","meta":{"footnotes":""},"categories":[89],"tags":[226,165],"class_list":["post-1893908","post","type-post","status-publish","format-standard","hentry","category-romania","tag-crawlmanager","tag-newsbucovina-ro"],"_links":{"self":[{"href":"https:\/\/analyse.optim.biz\/index.php?rest_route=\/wp\/v2\/posts\/1893908","targetHints":{"allow":["GET"]}}],"collection":[{"href":"https:\/\/analyse.optim.biz\/index.php?rest_route=\/wp\/v2\/posts"}],"about":[{"href":"https:\/\/analyse.optim.biz\/index.php?rest_route=\/wp\/v2\/types\/post"}],"author":[{"embeddable":true,"href":"https:\/\/analyse.optim.biz\/index.php?rest_route=\/wp\/v2\/users\/1"}],"replies":[{"embeddable":true,"href":"https:\/\/analyse.optim.biz\/index.php?rest_route=%2Fwp%2Fv2%2Fcomments&post=1893908"}],"version-history":[{"count":0,"href":"https:\/\/analyse.optim.biz\/index.php?rest_route=\/wp\/v2\/posts\/1893908\/revisions"}],"wp:attachment":[{"href":"https:\/\/analyse.optim.biz\/index.php?rest_route=%2Fwp%2Fv2%2Fmedia&parent=1893908"}],"wp:term":[{"taxonomy":"category","embeddable":true,"href":"https:\/\/analyse.optim.biz\/index.php?rest_route=%2Fwp%2Fv2%2Fcategories&post=1893908"},{"taxonomy":"post_tag","embeddable":true,"href":"https:\/\/analyse.optim.biz\/index.php?rest_route=%2Fwp%2Fv2%2Ftags&post=1893908"}],"curies":[{"name":"wp","href":"https:\/\/api.w.org\/{rel}","templated":true}]}}