{"id":1893904,"date":"2026-04-20T12:25:11","date_gmt":"2026-04-20T09:25:11","guid":{"rendered":"https:\/\/analyse.optim.biz\/?p=1893904"},"modified":"2026-04-20T12:25:11","modified_gmt":"2026-04-20T09:25:11","slug":"nicusor-dan-anunta-turbulente-si-consultari-cu-partidele-respinge-alegerile-anticipate-si-spune-ca-motiunea-de-cenzura-nu-e-aproape","status":"publish","type":"post","link":"https:\/\/analyse.optim.biz\/?p=1893904","title":{"rendered":"Nicu\u0219or Dan anun\u021b\u0103 \u201dturbulen\u021be\u201d \u0219i consult\u0103ri cu partidele: respinge alegerile anticipate \u0219i spune c\u0103 mo\u021biunea de cenzur\u0103 nu e aproape"},"content":{"rendered":"<p>[analyse_image type=&#8221;featured&#8221; src=&#8221;https:\/\/www.activenews.ro\/images\/articole\/204515.jpg&#8221;]<\/p>\n<div class=\"articleBody\" data-key=\"articleBody\">&lt;div&gt;Nicu\u0219or Dan anun\u021b\u0103 \u201eturbulen\u021be\u201d \u0219i consult\u0103ri cu partidele &#8211; Pre\u0219edintele respinge anticipatele \u0219i spune c\u0103 mo\u021biunea de cenzur\u0103 nu e aproape&lt;\/div&gt; &lt;div&gt;&lt;br \/&gt; &lt;\/div&gt; &lt;div&gt;Locatarul de la Cotroceni, Nicu\u0219or Dan, a recunoscut, luni, problemele din coali\u021bia de guvernare, dar a spus c\u0103 cele patru partide \u0219i minorit\u0103\u021bile \u0219i-au dat acordul pentru marile proiecte de \u021bar\u0103 ale \u021b\u0103rii, scrie &lt;a href=&#8221;http:\/\/www.stiripesurse.ro\/video-nicusor-dan-vom-intra-in-turbulente-politice-decizia-coalitiei-pe-marile-proiecte-de-tara-ale-romaniei_3879010&#8243;&gt;\u0218tiripesurse.&lt;\/a&gt;&lt;\/div&gt; &lt;div&gt;&lt;span style=&#8221;font-weight: bold;&#8221;&gt;&lt;br \/&gt; &lt;\/span&gt;&lt;\/div&gt; &lt;div&gt;&lt;span style=&#8221;font-weight: bold;&#8221;&gt;&#8221;Vom intra \u00een turbulen\u021be politice, \u00eens\u0103 exist\u0103 consens pe PNRR. Avem consens pe toate legile pe PNRR, astfel \u00eenc\u00e2t Rom\u00e2nia s\u0103 \u00eencaseze ban&lt;\/span&gt;ii.&lt;\/div&gt; &lt;div&gt;&lt;br \/&gt; &lt;\/div&gt; &lt;div&gt;Exist\u0103 consens c\u0103 Rom\u00e2nia are buget \u0219i c\u0103 Rom\u00e2nia \u00ee\u0219i va p\u0103stra traiectoria financiar\u0103&#8221;, a spus Nicu\u0219or Dan.&lt;\/div&gt; &lt;div&gt;&lt;br \/&gt; &lt;\/div&gt; &lt;div&gt;Social-democra\u021bii se adun\u0103 luni, de la ora 17.00, la Palatul Parlamentului, pentru o consultare intern\u0103 \u00een care urmeaz\u0103 s\u0103 decid\u0103 dac\u0103 \u00eei mai acord\u0103 \u00eencredere premierului Bolojan. \u0218eful Executivului a exclus varianta demisiei. Prin urmare, PSD \u00ee\u0219i va retrage proprii mini\u0219tri din Guvern. Consecin\u021ba direct\u0103: Executivul devine interimar pentru 45 de zile.&lt;\/div&gt; &lt;div&gt;&lt;br \/&gt; &lt;\/div&gt; &lt;div&gt;&lt;span style=&#8221;font-weight: bold;&#8221;&gt;Nicu\u0219or Dan anun\u021b\u0103 consult\u0103ri cu partidele&lt;\/span&gt;&lt;\/div&gt; &lt;div&gt;&lt;br \/&gt; &lt;\/div&gt; &lt;div&gt;\u201eS\u0103 nu anticip\u0103m, se vor \u00eent\u00e2mpla ni\u0219te lucruri \u00een seara asta, probabil vom intra \u00een turbulen\u021be\u201d, a declarat pre\u0219edintele, \u00eentrebat dac\u0103 \u00ee\u0219i dore\u0219te schimbarea premierului. El a insistat c\u0103, \u00een acest moment, Guvernul este \u00een func\u021bie \u0219i c\u0103 discu\u021biile trebuie purtate cu pruden\u021b\u0103.&lt;\/div&gt; &lt;div&gt;&lt;br \/&gt; &lt;\/div&gt; &lt;div&gt;&lt;br \/&gt; &lt;\/div&gt; &lt;div&gt;\u201eVom avea o rund\u0103, dou\u0103, trei, c\u00e2te trebuie (&#8230;) Exist\u0103 a\u0219tept\u0103ri \u00eentr-o parte \u0219i alta a societ\u0103\u021bii, o tensiune social\u0103\u201d, a spus Nicu\u0219or Dan, ad\u0103ug\u00e2nd c\u0103 nu a cerut niciodat\u0103 demisia lui Ilie Bolojan. \u201e\u00cendemnul meu este la calm, luciditate p\u00e2n\u0103 g\u0103sim o solu\u021bie (&#8230;) pentru moment exist\u0103 premier\u201d, a subliniat \u0219eful statului.&lt;\/div&gt; &lt;div&gt;&lt;br \/&gt; &lt;\/div&gt; &lt;div&gt;&lt;span style=&#8221;font-weight: bold;&#8221;&gt;\u201eNu cred c\u0103 suntem foarte aproape de o mo\u021biune de cenzur\u0103\u201d&lt;\/span&gt;&lt;\/div&gt; &lt;div&gt;&lt;br \/&gt; &lt;\/div&gt; &lt;div&gt;Nicu\u0219or Dan a vorbit \u0219i despre discu\u021biile purtate cu liderii politici, inclusiv cu reprezentan\u021bii PSD \u0219i cu premierul, preciz\u00e2nd c\u0103 o parte dintre acestea nu pot fi f\u0103cute publice. \u201eTipul acestea de discu\u021bii&#8230; se spun lucruri care nu se spun \u00een spa\u021biu public. Dar pe mesajele importante nu se poate ca cineva s\u0103 spun\u0103 pre\u0219edintelui un lucru \u0219i \u00een spa\u021biul public alt lucru\u201d, a declarat acesta.&lt;\/div&gt; &lt;div&gt;&lt;br \/&gt; &lt;\/div&gt; &lt;div&gt;&lt;br \/&gt; &lt;\/div&gt; &lt;div&gt;Pre\u0219edintele a indicat c\u0103 pozi\u021biile oficiale comunicate de partide reflect\u0103, \u00een acest moment, inten\u021biile reale, dar a l\u0103sat deschis\u0103 posibilitatea unor negocieri. \u201e\u00cen perioada urm\u0103toare o s\u0103 vedem dac\u0103 exist\u0103 o posibilitate de apropiere politic\u0103\u201d, a afirmat Nicu\u0219or Dan.&lt;\/div&gt; &lt;div&gt;&lt;br \/&gt; &lt;\/div&gt; &lt;div&gt;Referitor la perspectiva unei mo\u021biuni de cenzur\u0103, \u0219eful statului a transmis c\u0103 nu consider\u0103 acest scenariu iminent. \u201eDac\u0103 m\u0103 \u00eentreba\u021bi pe mine, nu cred c\u0103 suntem foarte aproape de o mo\u021biune\u201d, a spus el, evit\u00e2nd s\u0103 intre \u00een detalii legate de eventuale demisii ale mini\u0219trilor PSD.&lt;\/div&gt; &lt;div&gt;&lt;br \/&gt; &lt;\/div&gt; &lt;div&gt;&lt;span style=&#8221;font-weight: bold;&#8221;&gt;Alegerile anticipate, respinse ca solu\u021bie: \u201eNu facem dec\u00e2t s\u0103 pierdem ni\u0219te luni\u201d&lt;\/span&gt;&lt;\/div&gt; &lt;div&gt;&lt;br \/&gt; &lt;\/div&gt; &lt;div&gt;\u00cen ceea ce prive\u0219te scenariul alegerilor anticipate, pre\u0219edintele a exclus aceast\u0103 variant\u0103 ca solu\u021bie pentru criza politic\u0103 actual\u0103, argument\u00e2nd c\u0103 nu ar produce o schimbare semnificativ\u0103 \u00een configura\u021bia politic\u0103.&lt;\/div&gt; &lt;div&gt;&lt;br \/&gt; &lt;\/div&gt; &lt;div&gt;\u201eNu cred c\u0103 e o solu\u021bie, mai ales c\u0103 procentele&#8230;, inten\u021bia de vot din sondaj este relativ apropiat\u0103 de reprezentarea \u00een Parlament. Nu facem dec\u00e2t s\u0103 mai pierdem ni\u0219te luni \u00eencerc\u00e2nd s\u0103 aducem la aceea\u0219i mas\u0103 acelea\u0219i persoane\u201d, a declarat Nicu\u0219or Dan.&lt;\/div&gt; &lt;div&gt;&lt;br \/&gt; &lt;\/div&gt; &lt;div&gt;Constitu\u021bia prevede c\u0103 alegerile anticipate pot fi organizate doar \u00een condi\u021bii stricte, respectiv dup\u0103 respingerea a cel pu\u021bin dou\u0103 propuneri de Guvern \u00een termen de 60 de zile \u0219i dup\u0103 dizolvarea Parlamentului de c\u0103tre pre\u0219edinte, \u00een urma consult\u0103rii liderilor politici. Procedura este una dificil\u0103 \u0219i presupune un consens politic larg.&lt;\/div&gt;<\/div>\n<p>[analyse_source url=&#8221;https:\/\/www.activenews.ro\/stiri\/Nicusor-Dan-anunta-turbulente-si-consultari-cu-partidele-respinge-alegerile-anticipate-si-spune-ca-motiunea-de-cenzura-nu-e-aproape-204515&#8243;]<\/p>\n","protected":false},"excerpt":{"rendered":"<p>[analyse_image type=&#8221;featured&#8221; src=&#8221;https:\/\/www.activenews.ro\/images\/articole\/204515.jpg&#8221;] &lt;div&gt;Nicu\u0219or Dan anun\u021b\u0103 \u201eturbulen\u021be\u201d \u0219i consult\u0103ri cu partidele &#8211; Pre\u0219edintele respinge anticipatele \u0219i spune c\u0103 mo\u021biunea de cenzur\u0103 nu e aproape&lt;\/div&gt; &lt;div&gt;&lt;br \/&gt; &lt;\/div&gt; &lt;div&gt;Locatarul de la Cotroceni, Nicu\u0219or Dan, a recunoscut, luni, problemele din coali\u021bia de guvernare, dar a spus c\u0103 cele patru partide \u0219i minorit\u0103\u021bile \u0219i-au dat acordul pentru marile [&hellip;]<\/p>\n","protected":false},"author":1,"featured_media":0,"comment_status":"open","ping_status":"","sticky":false,"template":"","format":"standard","meta":{"footnotes":""},"categories":[89],"tags":[98,226],"class_list":["post-1893904","post","type-post","status-publish","format-standard","hentry","category-romania","tag-activenews-ro","tag-crawlmanager"],"_links":{"self":[{"href":"https:\/\/analyse.optim.biz\/index.php?rest_route=\/wp\/v2\/posts\/1893904","targetHints":{"allow":["GET"]}}],"collection":[{"href":"https:\/\/analyse.optim.biz\/index.php?rest_route=\/wp\/v2\/posts"}],"about":[{"href":"https:\/\/analyse.optim.biz\/index.php?rest_route=\/wp\/v2\/types\/post"}],"author":[{"embeddable":true,"href":"https:\/\/analyse.optim.biz\/index.php?rest_route=\/wp\/v2\/users\/1"}],"replies":[{"embeddable":true,"href":"https:\/\/analyse.optim.biz\/index.php?rest_route=%2Fwp%2Fv2%2Fcomments&post=1893904"}],"version-history":[{"count":0,"href":"https:\/\/analyse.optim.biz\/index.php?rest_route=\/wp\/v2\/posts\/1893904\/revisions"}],"wp:attachment":[{"href":"https:\/\/analyse.optim.biz\/index.php?rest_route=%2Fwp%2Fv2%2Fmedia&parent=1893904"}],"wp:term":[{"taxonomy":"category","embeddable":true,"href":"https:\/\/analyse.optim.biz\/index.php?rest_route=%2Fwp%2Fv2%2Fcategories&post=1893904"},{"taxonomy":"post_tag","embeddable":true,"href":"https:\/\/analyse.optim.biz\/index.php?rest_route=%2Fwp%2Fv2%2Ftags&post=1893904"}],"curies":[{"name":"wp","href":"https:\/\/api.w.org\/{rel}","templated":true}]}}