{"id":1893902,"date":"2026-04-20T09:28:00","date_gmt":"2026-04-20T06:28:00","guid":{"rendered":"https:\/\/analyse.optim.biz\/?p=1893902"},"modified":"2026-04-20T09:28:00","modified_gmt":"2026-04-20T06:28:00","slug":"ion-cristoiu-in-bulgaria-a-invins-la-scor-calin-georgescu","status":"publish","type":"post","link":"https:\/\/analyse.optim.biz\/?p=1893902","title":{"rendered":"Ion Cristoiu: \u00cen Bulgaria a \u00eenvins la scor C\u0103lin Georgescu!"},"content":{"rendered":"<p>[analyse_image type=&#8221;featured&#8221; src=&#8221;https:\/\/www.activenews.ro\/images\/articole\/204509.png&#8221;]<\/p>\n<div class=\"articleBody\" data-key=\"articleBody\">&lt;div&gt;&lt;span style=&#8221;font-weight: bold;&#8221;&gt;Alegerile din Bulgaria au fost analizate, \u00een ultima \u201epastil\u0103\u201d pentru &lt;a href=&#8221;http:\/\/www.gandul.ro\/pastila-lui-cristoiu\/ion-cristoiu-in-bulgaria-a-invins-la-scor-calin-georgescu-20865788?fbclid=IwY2xjawRS0AxleHRuA2FlbQIxMQBzcnRjBmFwcF9pZBAyMjIwMzkxNzg4MjAwODkyAAEej7usZ9fpQ2IfT2twHn3mokCwgzfFZqzI0aT-3h9zuoiRpQOgufzW3ffZxVU_aem_1FFNYBKTK4oHv7w2ZdN62g&#8221; target=&#8221;_blank&#8221;&gt;G\u00e2ndul&lt;\/a&gt;, de Ion Cristoiu. Reputatul om de pres\u0103 consider\u0103 c\u0103, la Sofia, s-a impus C\u0103lin Georgescu, o paralel\u0103 \u00eentre \u00eenving\u0103torul \u00een turul 1 al \u201epreziden\u021bialelor\u201d anulate din Rom\u00e2nia, \u00een 2024, \u0219i Rumen Radev, c\u00e2\u0219tig\u0103torul \u201eparlamentarelor\u201d din Bulgaria.&lt;\/span&gt;&lt;\/div&gt; &lt;div&gt;&lt;br \/&gt; &lt;\/div&gt; &lt;div&gt;\u201eSpa\u021biul public e dominat de institu\u021bii de pres\u0103 finan\u021bate de la Bruxelles, de ONG-uri finan\u021bate dubios, de a\u0219a-zi\u0219i influenceri, lideri de opinie. Printre ei se manifest\u0103 \u0219i un mort, Mihai Sora. Mort de 3 ani, care continu\u0103 s\u0103 scrie pe Facebook. Se pare c\u0103 o s\u0103 apar\u0103 \u0219i pe Tiktok, asta este! Mor\u021bii, mai ales din partea aceasta a haitei, sunt la fel de activi, dac\u0103 nu mult mai activi dec\u00e2t vii.&lt;\/div&gt; &lt;div&gt;&lt;br \/&gt; &lt;\/div&gt; &lt;div&gt;Merit\u0103 o analiz\u0103 rezultatele din Bulgaria, deoarece avem de-a face cu o victorie zdrobitoare a coali\u021biei Bulgaria progresist\u0103, condus\u0103 de fostul pre\u0219edinte.&lt;\/div&gt; &lt;div&gt;&lt;br \/&gt; &lt;\/div&gt; &lt;div&gt;Acest rezultat, aceast\u0103 majoritate absolut\u0103 aminte\u0219te prin scor \u0219i de rezultatul alegerilor din Ungaria. Rezultatul ar putea fi interpretat, \u00een cheie geopolitic\u0103, \u0219i c\u0103 bulgarii, cu prec\u0103dere tinerii, au optat pentru Rusia, pentru Trump, \u00eempotriva Uniunii Europene; o prostie aceast\u0103 apreciere alimentat\u0103 \u0219i de faptul c\u0103 partidul pro-european, mai progresist, este pe locul 2, cu 13%!&lt;\/div&gt; &lt;div&gt;&lt;br \/&gt; &lt;\/div&gt; &lt;div&gt;De fapt, nu a avut loc, nu a fost niciun vot geopolitic. Fostul pre\u0219edinte Radev a dus o campanie antisistem \u0219i mai ales a propus bulgarilor o for\u021b\u0103 nou\u0103, o figur\u0103 nou\u0103, o schimbare. Sigur c\u0103, \u00een chestiunea r\u0103zboiului din Ucraina, domnia sa are o pozi\u021bie de fost pre\u0219edinte, realist\u0103.&lt;\/div&gt; &lt;div&gt;&lt;br \/&gt; &lt;\/div&gt; &lt;div&gt;Dar, repet, bulgarii au votat antisistem, au votat pentru o for\u021b\u0103 nou\u0103! Radev s-a afirmat \u0219i ca o figur\u0103 moral\u0103 anticorup\u021bie, Bulgaria era sufocat\u0103 de Boiko Borisov, care \u00ee\u0219i \u00eentinsese tentaculele \u00een \u00eentreaga \u00een structur\u0103 politic\u0103.&lt;\/div&gt; &lt;div&gt;&nbsp;&lt;\/div&gt; &lt;div&gt; &lt;div&gt;\u0218i \u00een Ungaria s-a votat tot antisistem, adic\u0103 \u00eempotriva lui Viktor Orban, care era de 16 ani \u0219i \u00eencepuse s\u0103 sufoce \u021bara din punct de vedere moral.&lt;\/div&gt; &lt;div&gt;&lt;br \/&gt; &lt;\/div&gt; &lt;div&gt;Deci, nu a fost un vot geopolitic, a\u0219a cum se hlizesc birocra\u021bii de la Bruxelles. De fapt, nici pe bulgari, nici pe unguri nu i-au interesat orientarea politic\u0103 extern\u0103 a for\u021belor care s-au comb\u0103tut. Dac\u0103 \u00eemi permit o compara\u021bie, a\u0219 compara cele dou\u0103 alegeri cu C\u0103lin Georgescu, dar mai ales pe Radev. Radev este un C\u0103lin Georgescu. Reamintesc, C\u0103lin Georgescu a sedus \u0219i seduce nu prin pozi\u021bia lui pro-Trump sau prorus, nu, ci prin faptul c\u0103 e antisistem, e o alt\u0103 fa\u021b\u0103 \u0219i, din punct de vedere moral, repet, este antisistem.&lt;\/div&gt; &lt;div&gt;&lt;br \/&gt; &lt;\/div&gt; &lt;div&gt;Deci putem spune c\u0103 \u00een Bulgaria a \u00eenvins C\u0103lin Georgescu al lor\u201d, a precizat Ion Cristoiu.&lt;\/div&gt;&lt;\/div&gt; &lt;div&gt;&nbsp;&lt;\/div&gt; &lt;iframe width=&#8221;560&#8243; height=&#8221;315&#8243; src=&#8221;https:\/\/www.youtube.com\/embed\/AEeD4of6jGE?si=jwDsCgYyIT99jxFM&#8221; title=&#8221;YouTube video player&#8221; frameborder=&#8221;0&#8243; allow=&#8221;accelerometer; autoplay; clipboard-write; encrypted-media; gyroscope; picture-in-picture; web-share&#8221; referrerpolicy=&#8221;strict-origin-when-cross-origin&#8221; allowfullscreen=&#8221;&#8221;&gt;&lt;\/iframe&gt;<\/div>\n<p>[analyse_source url=&#8221;https:\/\/www.activenews.ro\/stiri\/Ion-Cristoiu-In-Bulgaria-a-invins-la-scor-Calin-Georgescu-204509&#8243;]<\/p>\n","protected":false},"excerpt":{"rendered":"<p>[analyse_image type=&#8221;featured&#8221; src=&#8221;https:\/\/www.activenews.ro\/images\/articole\/204509.png&#8221;] &lt;div&gt;&lt;span style=&#8221;font-weight: bold;&#8221;&gt;Alegerile din Bulgaria au fost analizate, \u00een ultima \u201epastil\u0103\u201d pentru &lt;a href=&#8221;http:\/\/www.gandul.ro\/pastila-lui-cristoiu\/ion-cristoiu-in-bulgaria-a-invins-la-scor-calin-georgescu-20865788?fbclid=IwY2xjawRS0AxleHRuA2FlbQIxMQBzcnRjBmFwcF9pZBAyMjIwMzkxNzg4MjAwODkyAAEej7usZ9fpQ2IfT2twHn3mokCwgzfFZqzI0aT-3h9zuoiRpQOgufzW3ffZxVU_aem_1FFNYBKTK4oHv7w2ZdN62g&#8221; target=&#8221;_blank&#8221;&gt;G\u00e2ndul&lt;\/a&gt;, de Ion Cristoiu. Reputatul om de pres\u0103 consider\u0103 c\u0103, la Sofia, s-a impus C\u0103lin Georgescu, o paralel\u0103 \u00eentre \u00eenving\u0103torul \u00een turul 1 al \u201epreziden\u021bialelor\u201d anulate din Rom\u00e2nia, \u00een 2024, \u0219i Rumen Radev, c\u00e2\u0219tig\u0103torul \u201eparlamentarelor\u201d din Bulgaria.&lt;\/span&gt;&lt;\/div&gt; &lt;div&gt;&lt;br [&hellip;]<\/p>\n","protected":false},"author":1,"featured_media":0,"comment_status":"open","ping_status":"","sticky":false,"template":"","format":"standard","meta":{"footnotes":""},"categories":[89],"tags":[98,226],"class_list":["post-1893902","post","type-post","status-publish","format-standard","hentry","category-romania","tag-activenews-ro","tag-crawlmanager"],"_links":{"self":[{"href":"https:\/\/analyse.optim.biz\/index.php?rest_route=\/wp\/v2\/posts\/1893902","targetHints":{"allow":["GET"]}}],"collection":[{"href":"https:\/\/analyse.optim.biz\/index.php?rest_route=\/wp\/v2\/posts"}],"about":[{"href":"https:\/\/analyse.optim.biz\/index.php?rest_route=\/wp\/v2\/types\/post"}],"author":[{"embeddable":true,"href":"https:\/\/analyse.optim.biz\/index.php?rest_route=\/wp\/v2\/users\/1"}],"replies":[{"embeddable":true,"href":"https:\/\/analyse.optim.biz\/index.php?rest_route=%2Fwp%2Fv2%2Fcomments&post=1893902"}],"version-history":[{"count":0,"href":"https:\/\/analyse.optim.biz\/index.php?rest_route=\/wp\/v2\/posts\/1893902\/revisions"}],"wp:attachment":[{"href":"https:\/\/analyse.optim.biz\/index.php?rest_route=%2Fwp%2Fv2%2Fmedia&parent=1893902"}],"wp:term":[{"taxonomy":"category","embeddable":true,"href":"https:\/\/analyse.optim.biz\/index.php?rest_route=%2Fwp%2Fv2%2Fcategories&post=1893902"},{"taxonomy":"post_tag","embeddable":true,"href":"https:\/\/analyse.optim.biz\/index.php?rest_route=%2Fwp%2Fv2%2Ftags&post=1893902"}],"curies":[{"name":"wp","href":"https:\/\/api.w.org\/{rel}","templated":true}]}}