{"id":1893891,"date":"2026-04-19T17:23:02","date_gmt":"2026-04-19T14:23:02","guid":{"rendered":"https:\/\/analyse.optim.biz\/?p=1893891"},"modified":"2026-04-19T17:23:02","modified_gmt":"2026-04-19T14:23:02","slug":"se-sterg-toate-urmele-romanesti-la-hotin-un-zid-al-cetatii-hotin-s-a-prabusit-cetatea-facea-parte-din-cele-zece-fortarete-medievale-ale-lui-stefan-cel-mare-a-rezistat-secole-intregi-acum-cedeaza-i","status":"publish","type":"post","link":"https:\/\/analyse.optim.biz\/?p=1893891","title":{"rendered":"Se \u0219terg toate urmele rom\u00e2ne\u0219ti la Hotin! Un zid al Cet\u0103\u021bii Hotin s-a pr\u0103bu\u0219it. Cetatea f\u0103cea parte din cele zece fort\u0103re\u021be medievale ale lui \u0218tefan cel Mare. A rezistat secole \u00eentregi, acum cedeaz\u0103 \u00een fa\u021ba \u00eenghe\u021bului &#8211; VIDEO"},"content":{"rendered":"<p>[analyse_image type=&#8221;featured&#8221; src=&#8221;https:\/\/www.activenews.ro\/images\/articole\/204486.jpg&#8221;]<\/p>\n<div class=\"articleBody\" data-key=\"articleBody\">&lt;div&gt;&lt;span style=&#8221;font-weight: bold;&#8221;&gt;O parte din zidul Cet\u0103\u021bii Hotin din Ucraina s-a pr\u0103bu\u0219it, iar accesul \u00een zona turistic\u0103 a fost restric\u021bionat. Fort\u0103rea\u021ba medieval\u0103 a apar\u021binut lui \u0218tefan cel Mare. Potrivit speciali\u0219tilor, cauza ar fi procesul de degradare prin care cetatea a trecut \u0219i care a fost cauzat de condi\u021biile meteorologice neprielnice.&nbsp; &nbsp; &lt;div style=&#8221;font-weight: 700;&#8221;&gt;Cetatea care domin\u0103 valea Nistrului a fost, timp de peste 350 de ani, inima unui \u021binut rom\u00e2nesc. A fost ridicat\u0103 \u00een vremea lui Petru Mu\u0219at, \u00eent\u0103rit\u0103 de \u0218tefan cel Mare cu 800 de me\u0219teri \u0219i 17.000 de salahori, ap\u0103rat\u0103 cu s\u00e2nge de o\u0219tenii Moldovei \u00eempotriva t\u0103tarilor, turcilor \u0219i polonezilor. A rezistat secole \u00eentregi. Acum cedeaz\u0103 \u00een fa\u021ba ploii \u0219i a \u00eenghe\u021bului.&lt;\/div&gt; &lt;div&gt;&lt;br \/&gt; &lt;\/div&gt;&lt;\/span&gt;&lt;\/div&gt; &lt;div&gt;&nbsp;&lt;\/div&gt; &lt;div&gt;&lt;span style=&#8221;font-weight: bold;&#8221;&gt; &lt;div&gt;&nbsp;&lt;\/div&gt; &lt;div&gt;&nbsp;&lt;\/div&gt; &lt;iframe src=&#8221;https:\/\/www.facebook.com\/plugins\/video.php?height=476&amp;href=https%3A%2F%2Fwww.facebook.com%2Freel%2F25908675335477502%2F&amp;show_text=false&amp;width=267&amp;t=0&#8243; width=&#8221;267&#8243; height=&#8221;476&#8243; style=&#8221;border:none;overflow:hidden&#8221; scrolling=&#8221;no&#8221; frameborder=&#8221;0&#8243; allowfullscreen=&#8221;true&#8221; allow=&#8221;autoplay; clipboard-write; encrypted-media; picture-in-picture; web-share&#8221;&gt;&lt;\/iframe&gt; &lt;div&gt; &lt;div&gt;&lt;br \/&gt; &lt;\/div&gt;&lt;br \/&gt; &lt;\/div&gt;&lt;\/span&gt;&lt;\/div&gt; &lt;div&gt;Incidentul s-a produs pe teritoriul Rezerva\u021biei istorico-arhitecturale de stat \u201eCetatea Hotin\u201d, unde unul dintre zidurile mari ale fort\u0103re\u021bei a cedat par\u021bial. Primarul ora\u0219ului Hotin, Andrii Dranciuk, a declarat c\u0103 este vorba despre o situa\u021bie \u201efoarte nepl\u0103cut\u0103 \u0219i extrem de periculoas\u0103\u201d, dar a subliniat c\u0103 nimeni nu a fost r\u0103ni&lt;\/div&gt; &lt;div&gt;&lt;br \/&gt; &lt;\/div&gt; &lt;div&gt;Potrivit datelor, nu au fost \u00eenregistrate victime. Autorit\u0103\u021bile locale au decis s\u0103 restric\u021bioneze accesul \u00een aceast\u0103 zon\u0103, iar exper\u021bii urmeaz\u0103 s\u0103 fac\u0103 o evaluare a daunelor, noteaz\u0103 MEDIAFAX.&lt;\/div&gt; &lt;div&gt;&lt;br \/&gt; &lt;\/div&gt; &lt;div&gt;Incidentul a avut loc \u00een cursul zilei de vineri, 17 aprilie 2026, \u0219i a fost confirmat de directoarea Rezerva\u021biei Istorice \u0219i Arhitecturale de Stat \u201eCetatea Hotin\u201d, Elizaveta Buynovska.&lt;\/div&gt; &lt;div&gt;&lt;br \/&gt; &lt;\/div&gt; &lt;div&gt;A\u0219a cum se poate observa \u00een videoclipul de mai sus, momentul pr\u0103bu\u0219irii a fost filmat. Fort\u0103rea\u021ba medieval\u0103 a fost ridicat\u0103 de polonezi \u00een secolul XIV. Ulterior, Alexandru cel Bun a fost care a pus st\u0103p\u00e2nire asupra cet\u0103\u021bii. \u0218tefan cel Mare \u0219i Petru Rare\u0219 au extins-o \u00een secolele XV \u0219i XVI. Potrivit datelor istorice, obiectivul cultural a ajuns s\u0103 fie transformat\u0103 \u00een \u201ekazale\u201d, adic\u0103 raiale turce\u0219ti.&lt;\/div&gt; &lt;div&gt;&lt;br \/&gt; &lt;\/div&gt; &lt;div&gt;&lt;br \/&gt; &lt;\/div&gt; &lt;div&gt;Zorile Bucovinei, ziarul rom\u00e2nilor din Ucraina, relateaz\u0103 c\u0103 Andrii Dranciuk, \u0219eful Oficiului de Turism din Hotin, c\u0103 nu exist\u0103 persoane r\u0103nite. Va fi creat\u0103 o comisie special\u0103 cu scopul de a dezvolta solu\u021bii pentru restaurarea cet\u0103\u021bii.&lt;\/div&gt; &lt;div&gt;&lt;br \/&gt; &lt;\/div&gt; &lt;div&gt;\u201eToat\u0103 lumea este \u00een via\u021b\u0103! Cel mai important, nimeni nu a fost r\u0103nit. Echipa DIAZ \u201eCetatea Hotin\u201d \u0219i angaja\u021bii Serviciului de Urgen\u021b\u0103 de Stat au r\u0103spuns prompt, limit\u00e2nd accesul grupurilor de turi\u0219ti \u00een apropierea locului urgen\u021bei. DIAZ \u201eCetatea Hotin\u201d \u00eenregistreaz\u0103 \u0219i preg\u0103te\u0219te documentele necesare ale comisiei\u201d, a relatat Andrii Dranciuk.&lt;\/div&gt;<\/div>\n<p>[analyse_source url=&#8221;https:\/\/www.activenews.ro\/stiri\/Se-sterg-toate-urmele-romanesti-la-Hotin-Un-zid-al-Cetatii-Hotin-s-a-prabusit.-Cetatea-facea-parte-din-cele-zece-fortarete-medievale-ale-lui-Stefan-cel-Mare.-A-rezistat-secole-intregi-acum-cedeaza-in-fata-inghetului-VIDEO-204486&#8243;]<\/p>\n","protected":false},"excerpt":{"rendered":"<p>[analyse_image type=&#8221;featured&#8221; src=&#8221;https:\/\/www.activenews.ro\/images\/articole\/204486.jpg&#8221;] &lt;div&gt;&lt;span style=&#8221;font-weight: bold;&#8221;&gt;O parte din zidul Cet\u0103\u021bii Hotin din Ucraina s-a pr\u0103bu\u0219it, iar accesul \u00een zona turistic\u0103 a fost restric\u021bionat. Fort\u0103rea\u021ba medieval\u0103 a apar\u021binut lui \u0218tefan cel Mare. Potrivit speciali\u0219tilor, cauza ar fi procesul de degradare prin care cetatea a trecut \u0219i care a fost cauzat de condi\u021biile meteorologice neprielnice.&nbsp; &nbsp; &lt;div [&hellip;]<\/p>\n","protected":false},"author":1,"featured_media":0,"comment_status":"open","ping_status":"","sticky":false,"template":"","format":"standard","meta":{"footnotes":""},"categories":[89],"tags":[98,226],"class_list":["post-1893891","post","type-post","status-publish","format-standard","hentry","category-romania","tag-activenews-ro","tag-crawlmanager"],"_links":{"self":[{"href":"https:\/\/analyse.optim.biz\/index.php?rest_route=\/wp\/v2\/posts\/1893891","targetHints":{"allow":["GET"]}}],"collection":[{"href":"https:\/\/analyse.optim.biz\/index.php?rest_route=\/wp\/v2\/posts"}],"about":[{"href":"https:\/\/analyse.optim.biz\/index.php?rest_route=\/wp\/v2\/types\/post"}],"author":[{"embeddable":true,"href":"https:\/\/analyse.optim.biz\/index.php?rest_route=\/wp\/v2\/users\/1"}],"replies":[{"embeddable":true,"href":"https:\/\/analyse.optim.biz\/index.php?rest_route=%2Fwp%2Fv2%2Fcomments&post=1893891"}],"version-history":[{"count":0,"href":"https:\/\/analyse.optim.biz\/index.php?rest_route=\/wp\/v2\/posts\/1893891\/revisions"}],"wp:attachment":[{"href":"https:\/\/analyse.optim.biz\/index.php?rest_route=%2Fwp%2Fv2%2Fmedia&parent=1893891"}],"wp:term":[{"taxonomy":"category","embeddable":true,"href":"https:\/\/analyse.optim.biz\/index.php?rest_route=%2Fwp%2Fv2%2Fcategories&post=1893891"},{"taxonomy":"post_tag","embeddable":true,"href":"https:\/\/analyse.optim.biz\/index.php?rest_route=%2Fwp%2Fv2%2Ftags&post=1893891"}],"curies":[{"name":"wp","href":"https:\/\/api.w.org\/{rel}","templated":true}]}}