{"id":1893531,"date":"2026-04-21T05:49:01","date_gmt":"2026-04-21T02:49:01","guid":{"rendered":"https:\/\/analyse.optim.biz\/?p=1893531"},"modified":"2026-04-21T05:49:01","modified_gmt":"2026-04-21T02:49:01","slug":"fritz-a-luat-foc-dupa-votul-psd-usr-nu-va-deveni-o-roata-de-rezerva","status":"publish","type":"post","link":"https:\/\/analyse.optim.biz\/?p=1893531","title":{"rendered":"Fritz a luat foc dup\u0103 votul PSD: USR nu va deveni o roat\u0103 de rezerv\u0103"},"content":{"rendered":"<p>[analyse_image type=&#8221;featured&#8221; src=&#8221;https:\/\/focustim.ro\/wp-content\/uploads\/2020\/10\/dominic.jpg&#8221;]<\/p>\n<article id=\"post-40035\" class=\"penci-single-artcontent noloaddisqus post-40035 post type-post status-publish format-standard has-post-thumbnail hentry category-actualitate category-featured category-politica tag-dominic-fritz tag-psd tag-usr tag-vot penci-post-item\">\n<header class=\"entry-header penci-entry-header penci-title-\">\n<div class=\"penci-entry-categories\"><span class=\"penci-cat-links\"><a href=\"https:\/\/focustim.ro\/category\/actualitate\/\" rel=\"category tag\">Actualitate<\/a><a href=\"https:\/\/focustim.ro\/category\/featured\/\" rel=\"category tag\">Featured<\/a><a href=\"https:\/\/focustim.ro\/category\/politica\/\" rel=\"category tag\">Politic\u0103<\/a><\/span><\/div>\n<h1 class=\"entry-title penci-entry-title penci-title-\">Fritz a luat foc dup\u0103 votul PSD: USR nu va deveni o roat\u0103 de rezerv\u0103<\/h1>\n<div class=\"entry-meta penci-entry-meta\"><span class=\"entry-meta-item penci-posted-on\"><time class=\"entry-date published\" datetime=\"2026-04-21T08:49:01+03:00\">21\/04\/2026<\/time><time class=\"updated\" datetime=\"2026-04-21T08:49:03+03:00\">21\/04\/2026<\/time><\/span><span class=\"entry-meta-item penci-comment-count\"><a class=\"penci_pmeta-link\" href=\"https:\/\/focustim.ro\/fritz-a-luat-foc-dupa-votul-psd-usr-nu-va-deveni-o-roata-de-rezerva\/#respond\">0<\/a><\/span><\/div>\n<p><span class=\"penci-social-buttons penci-social-share-footer\"><span class=\"penci-social-share-text\">Distribuie<\/span><a href=\"https:\/\/focustim.ro\/fritz-a-luat-foc-dupa-votul-psd-usr-nu-va-deveni-o-roata-de-rezerva\/\" class=\"penci-post-like penci_post-meta_item  single-like-button penci-social-item like\" data-post_id=\"40035\" title=\"Like\" data-like=\"Like\" data-unlike=\"Unlike\"><span class=\"penci-share-number\">0<\/span><\/a><\/span><\/header>\n<div class=\"entry-media penci-entry-media\">\n<div class=\"post-format-meta \">\n<div class=\"post-image penci-standard-format\"><img decoding=\"async\" width=\"512\" height=\"512\" src=\"https:\/\/focustim.ro\/wp-content\/uploads\/2020\/10\/dominic.jpg\" class=\"attachment-penci-thumb-960-auto size-penci-thumb-960-auto wp-post-image\" alt loading=\"lazy\"><\/div>\n<\/div>\n<\/div>\n<div class=\"penci-entry-content entry-content\">\n<p><strong>Dominic Fritz a luat foc dup\u0103 ce pesedi\u0219tii au decis s\u0103 \u00eei retrag\u0103 sprijinul politic lui Ilie Bolojan<\/strong>. <strong>USR acuz\u0103 PSD c\u0103 a declan\u0219at deliberat actuala criz\u0103 politic\u0103 din motive strict legate de interese proprii \u0219i avertizeaz\u0103 asupra riscurilor majore pentru stabilitatea guvern\u0103rii \u0219i pentru accesarea fondurilor europene esen\u021biale.\u00a0\u00cen urma \u00eent\u00e2lnirii cu pre\u0219edin\u021bii de filiale, membrii Biroului Na\u021bional \u0219i mini\u0219trii USR, pre\u0219edintele partidului, Dominic Fritz, a criticat dur comportamentul PSD, pe care l-a descris drept \u201ecinic \u0219i grotesc\u201d, complet inadecvat \u00een contextul unei crize geopolitice \u0219i economice.\u00a0<\/strong><\/p>\n<p>\u201eAm asistat ast\u0103zi cu to\u021bii la un spectacol complet inadecvat: o petrecere electoral\u0103 cu jocuri de lumini, \u00een timp ce Rom\u00e2nia traverseaz\u0103 o perioad\u0103 critic\u0103. Au vrut s\u0103 fie un moment al adev\u0103rului, dar din p\u0103cate am auzit prea multe minciuni. Este o minciun\u0103 mare c\u0103 aceast\u0103 criz\u0103 politic\u0103 ar fi declan\u0219at\u0103 \u00een favoarea rom\u00e2nilor. Aceast\u0103 criz\u0103 este declan\u0219at\u0103 de PSD strict \u00een interesul propriu\u201d, a declarat Dominic Fritz.\u00a0Liderul USR respinge afirma\u021biile PSD privind responsabilitatea pentru tensiunile politice \u0219i subliniaz\u0103 c\u0103 deciziile din coali\u021bie au fost luate \u00een consens. Totodat\u0103, Dominic Fritz atrage aten\u021bia c\u0103 miza real\u0103 a crizei o reprezint\u0103 controlul asupra unor sume semnificative din fonduri europene.\u00a0\u201eSunt peste 10 miliarde de euro din PNRR \u00een joc, iar \u00een perioada urm\u0103toare urmeaz\u0103 s\u0103 se semneze contracte pentru 16 miliarde de euro prin programul SAFE. O bun\u0103 parte din ace\u0219ti bani vor r\u0103m\u00e2ne \u00een Rom\u00e2nia \u0219i vor crea locuri de munc\u0103. Pare c\u0103 miza PSD este controlul asupra acestor resurse\u201d, a subliniat Dominic Fritz.<\/p>\n<p>\u00a0Pre\u0219edintele USR a ar\u0103tat c\u0103 PSD a sus\u021binut m\u0103suri precum cre\u0219terea taxelor, dar evit\u0103 reformele necesare \u00een institu\u021biile statului, prefer\u00e2nd s\u0103 men\u021bin\u0103 un sistem \u201epreferen\u021bial\u201d. \u00cen acest context, Fritz a subliniat c\u0103 actuala criz\u0103 nu este despre o persoan\u0103 sau despre func\u021bia de premier, ci despre direc\u021bia \u00een care PSD dore\u0219te s\u0103 duc\u0103 Rom\u00e2nia \u0219i despre refuzul de a continua reformele asumate.\u00a0USR transmite un mesaj ferm de stabilitate \u0219i responsabilitate, anun\u021b\u00e2nd c\u0103 nu va abandona guvernarea \u0219i va continua implementarea reformelor.\u00a0\u201eVreau s\u0103 \u00eei asigur pe to\u021bi rom\u00e2nii c\u0103 noi nu dezert\u0103m. Mini\u0219trii USR sunt la munc\u0103 \u0219i vor continua s\u0103 livreze reforme. Vom face tot ceea ce este necesar pentru ca Rom\u00e2nia s\u0103 nu piard\u0103 ace\u0219ti bani europeni, inclusiv prin preluarea interimatului unor portofolii, dac\u0103 va fi nevoie\u201d, a declarat Dominic Fritz.\u00a0USR r\u0103m\u00e2ne al\u0103turi de premierul \u00een func\u021bie, va insista ca toate reformele agreate \u00een programul de guvernare s\u0103 fie duse la cap\u0103t \u0219i nu va accepta o revenire la negocieri cu PSD \u00een cazul unei colabor\u0103ri \u00eentre acesta \u0219i AUR.<\/p>\n<p>\u00a0\u201eDac\u0103 PSD decide s\u0103 voteze o mo\u021biune de cenzur\u0103 al\u0103turi de AUR, nu mai exist\u0103 baz\u0103 pentru negocieri. Nu am avea nicio garan\u021bie c\u0103 nu vor dezerta sau \u0219antaja din nou\u201d, a avertizat liderul USR.\u00a0\u00cen perioada urm\u0103toare, Dominic Fritz va purta discu\u021bii oficiale cu partenerii din coali\u021bie, inclusiv cu PNL \u0219i UDMR, subliniind c\u0103 USR negociaz\u0103 doar \u00een cadrul formatelor asumate \u0219i respinge categoric existen\u021ba unor negocieri informale: \u201eRom\u00e2nia are nevoie de un guvern stabil \u0219i responsabil. Nu este momentul pentru calcule electorale sau jocuri politice. Este momentul pentru decizii serioase, \u00een interesul cet\u0103\u021benilor\u201d.\u00a0USR nu va deveni \u201eroata de rezerv\u0103\u201d pentru nicio construc\u021bie politic\u0103 oportunist\u0103 \u0219i \u00ee\u0219i men\u021bine angajamentul pentru o guvernare responsabil\u0103, orientat\u0103 spre reforme \u0219i interesul public.<\/p>\n<div class=\"sharedaddy sd-sharing-enabled\">\n<div class=\"robots-nocontent sd-block sd-social sd-social-icon-text sd-sharing\">\n<h3 class=\"sd-title\">Partajeaz\u0103 asta:<\/h3>\n<div class=\"sd-content\">\n<ul>\n<li class=\"share-twitter\"><a rel=\"nofollow noopener noreferrer\" data-shared=\"sharing-twitter-40035\" class=\"share-twitter sd-button share-icon\" href=\"https:\/\/focustim.ro\/fritz-a-luat-foc-dupa-votul-psd-usr-nu-va-deveni-o-roata-de-rezerva\/?share=twitter\" target=\"_blank\" title=\"D\u0103 clic pentru a partaja pe Twitter\"><span>Twitter<\/span><\/a><\/li>\n<li class=\"share-facebook\"><a rel=\"nofollow noopener noreferrer\" data-shared=\"sharing-facebook-40035\" class=\"share-facebook sd-button share-icon\" href=\"https:\/\/focustim.ro\/fritz-a-luat-foc-dupa-votul-psd-usr-nu-va-deveni-o-roata-de-rezerva\/?share=facebook\" target=\"_blank\" title=\"D\u0103 clic pentru a partaja pe Facebook\"><span>Facebook<\/span><\/a><\/li>\n<li class=\"share-end\"><\/ul>\n<\/div>\n<\/div>\n<\/div>\n<div class=\"sharedaddy sd-block sd-like jetpack-likes-widget-wrapper jetpack-likes-widget-unloaded\" id=\"like-post-wrapper-167025405-40035-69e70feb8b00a\" data-src=\"https:\/\/widgets.wp.com\/likes\/#blog_id=167025405&amp;post_id=40035&amp;origin=focustim.ro&amp;obj_id=167025405-40035-69e70feb8b00a\" data-name=\"like-post-frame-167025405-40035-69e70feb8b00a\" data-title=\"Apreciaz\u0103 sau republic\u0103\">\n<h3 class=\"sd-title\">Apreciaz\u0103:<\/h3>\n<div class=\"likes-widget-placeholder post-likes-widget-placeholder\"><span class=\"button\"><span>Apreciere<\/span><\/span><span class=\"loading\">\u00cencarc&#8230;<\/span><\/div>\n<\/div>\n<\/div>\n<footer class=\"penci-entry-footer\">\n<div class=\"penci-source-via-tags-wrap\"><span class=\"tags-links penci-tags-links\"><a href=\"https:\/\/focustim.ro\/tag\/dominic-fritz\/\" rel=\"tag\">Dominic Fritz<\/a><a href=\"https:\/\/focustim.ro\/tag\/psd\/\" rel=\"tag\">PSD<\/a><a href=\"https:\/\/focustim.ro\/tag\/usr\/\" rel=\"tag\">USR<\/a><a href=\"https:\/\/focustim.ro\/tag\/vot\/\" rel=\"tag\">vot<\/a><\/span><\/div>\n<p><span class=\"penci-social-buttons penci-social-share-footer\"><span class=\"penci-social-share-text\">Distribuie<\/span><a href=\"https:\/\/focustim.ro\/fritz-a-luat-foc-dupa-votul-psd-usr-nu-va-deveni-o-roata-de-rezerva\/\" class=\"penci-post-like penci_post-meta_item  single-like-button penci-social-item like\" data-post_id=\"40035\" title=\"Like\" data-like=\"Like\" data-unlike=\"Unlike\"><span class=\"penci-share-number\">0<\/span><\/a><\/span><\/footer>\n<\/article>\n<div class=\"penci-entry-content entry-content\">\n<p><strong>Dominic Fritz a luat foc dup\u0103 ce pesedi\u0219tii au decis s\u0103 \u00eei retrag\u0103 sprijinul politic lui Ilie Bolojan<\/strong>. <strong>USR acuz\u0103 PSD c\u0103 a declan\u0219at deliberat actuala criz\u0103 politic\u0103 din motive strict legate de interese proprii \u0219i avertizeaz\u0103 asupra riscurilor majore pentru stabilitatea guvern\u0103rii \u0219i pentru accesarea fondurilor europene esen\u021biale.\u00a0\u00cen urma \u00eent\u00e2lnirii cu pre\u0219edin\u021bii de filiale, membrii Biroului Na\u021bional \u0219i mini\u0219trii USR, pre\u0219edintele partidului, Dominic Fritz, a criticat dur comportamentul PSD, pe care l-a descris drept \u201ecinic \u0219i grotesc\u201d, complet inadecvat \u00een contextul unei crize geopolitice \u0219i economice.\u00a0<\/strong><\/p>\n<p>\u201eAm asistat ast\u0103zi cu to\u021bii la un spectacol complet inadecvat: o petrecere electoral\u0103 cu jocuri de lumini, \u00een timp ce Rom\u00e2nia traverseaz\u0103 o perioad\u0103 critic\u0103. Au vrut s\u0103 fie un moment al adev\u0103rului, dar din p\u0103cate am auzit prea multe minciuni. Este o minciun\u0103 mare c\u0103 aceast\u0103 criz\u0103 politic\u0103 ar fi declan\u0219at\u0103 \u00een favoarea rom\u00e2nilor. Aceast\u0103 criz\u0103 este declan\u0219at\u0103 de PSD strict \u00een interesul propriu\u201d, a declarat Dominic Fritz.\u00a0Liderul USR respinge afirma\u021biile PSD privind responsabilitatea pentru tensiunile politice \u0219i subliniaz\u0103 c\u0103 deciziile din coali\u021bie au fost luate \u00een consens. Totodat\u0103, Dominic Fritz atrage aten\u021bia c\u0103 miza real\u0103 a crizei o reprezint\u0103 controlul asupra unor sume semnificative din fonduri europene.\u00a0\u201eSunt peste 10 miliarde de euro din PNRR \u00een joc, iar \u00een perioada urm\u0103toare urmeaz\u0103 s\u0103 se semneze contracte pentru 16 miliarde de euro prin programul SAFE. O bun\u0103 parte din ace\u0219ti bani vor r\u0103m\u00e2ne \u00een Rom\u00e2nia \u0219i vor crea locuri de munc\u0103. Pare c\u0103 miza PSD este controlul asupra acestor resurse\u201d, a subliniat Dominic Fritz.<\/p>\n<p>\u00a0Pre\u0219edintele USR a ar\u0103tat c\u0103 PSD a sus\u021binut m\u0103suri precum cre\u0219terea taxelor, dar evit\u0103 reformele necesare \u00een institu\u021biile statului, prefer\u00e2nd s\u0103 men\u021bin\u0103 un sistem \u201epreferen\u021bial\u201d. \u00cen acest context, Fritz a subliniat c\u0103 actuala criz\u0103 nu este despre o persoan\u0103 sau despre func\u021bia de premier, ci despre direc\u021bia \u00een care PSD dore\u0219te s\u0103 duc\u0103 Rom\u00e2nia \u0219i despre refuzul de a continua reformele asumate.\u00a0USR transmite un mesaj ferm de stabilitate \u0219i responsabilitate, anun\u021b\u00e2nd c\u0103 nu va abandona guvernarea \u0219i va continua implementarea reformelor.\u00a0\u201eVreau s\u0103 \u00eei asigur pe to\u021bi rom\u00e2nii c\u0103 noi nu dezert\u0103m. Mini\u0219trii USR sunt la munc\u0103 \u0219i vor continua s\u0103 livreze reforme. Vom face tot ceea ce este necesar pentru ca Rom\u00e2nia s\u0103 nu piard\u0103 ace\u0219ti bani europeni, inclusiv prin preluarea interimatului unor portofolii, dac\u0103 va fi nevoie\u201d, a declarat Dominic Fritz.\u00a0USR r\u0103m\u00e2ne al\u0103turi de premierul \u00een func\u021bie, va insista ca toate reformele agreate \u00een programul de guvernare s\u0103 fie duse la cap\u0103t \u0219i nu va accepta o revenire la negocieri cu PSD \u00een cazul unei colabor\u0103ri \u00eentre acesta \u0219i AUR.<\/p>\n<p>\u00a0\u201eDac\u0103 PSD decide s\u0103 voteze o mo\u021biune de cenzur\u0103 al\u0103turi de AUR, nu mai exist\u0103 baz\u0103 pentru negocieri. Nu am avea nicio garan\u021bie c\u0103 nu vor dezerta sau \u0219antaja din nou\u201d, a avertizat liderul USR.\u00a0\u00cen perioada urm\u0103toare, Dominic Fritz va purta discu\u021bii oficiale cu partenerii din coali\u021bie, inclusiv cu PNL \u0219i UDMR, subliniind c\u0103 USR negociaz\u0103 doar \u00een cadrul formatelor asumate \u0219i respinge categoric existen\u021ba unor negocieri informale: \u201eRom\u00e2nia are nevoie de un guvern stabil \u0219i responsabil. Nu este momentul pentru calcule electorale sau jocuri politice. Este momentul pentru decizii serioase, \u00een interesul cet\u0103\u021benilor\u201d.\u00a0USR nu va deveni \u201eroata de rezerv\u0103\u201d pentru nicio construc\u021bie politic\u0103 oportunist\u0103 \u0219i \u00ee\u0219i men\u021bine angajamentul pentru o guvernare responsabil\u0103, orientat\u0103 spre reforme \u0219i interesul public.<\/p>\n<div class=\"sharedaddy sd-sharing-enabled\">\n<div class=\"robots-nocontent sd-block sd-social sd-social-icon-text sd-sharing\">\n<h3 class=\"sd-title\">Partajeaz\u0103 asta:<\/h3>\n<div class=\"sd-content\">\n<ul>\n<li class=\"share-twitter\"><a rel=\"nofollow noopener noreferrer\" data-shared=\"sharing-twitter-40035\" class=\"share-twitter sd-button share-icon\" href=\"https:\/\/focustim.ro\/fritz-a-luat-foc-dupa-votul-psd-usr-nu-va-deveni-o-roata-de-rezerva\/?share=twitter\" target=\"_blank\" title=\"D\u0103 clic pentru a partaja pe Twitter\"><span>Twitter<\/span><\/a><\/li>\n<li class=\"share-facebook\"><a rel=\"nofollow noopener noreferrer\" data-shared=\"sharing-facebook-40035\" class=\"share-facebook sd-button share-icon\" href=\"https:\/\/focustim.ro\/fritz-a-luat-foc-dupa-votul-psd-usr-nu-va-deveni-o-roata-de-rezerva\/?share=facebook\" target=\"_blank\" title=\"D\u0103 clic pentru a partaja pe Facebook\"><span>Facebook<\/span><\/a><\/li>\n<li class=\"share-end\"><\/ul>\n<\/div>\n<\/div>\n<\/div>\n<div class=\"sharedaddy sd-block sd-like jetpack-likes-widget-wrapper jetpack-likes-widget-unloaded\" id=\"like-post-wrapper-167025405-40035-69e70feb8b00a\" data-src=\"https:\/\/widgets.wp.com\/likes\/#blog_id=167025405&amp;post_id=40035&amp;origin=focustim.ro&amp;obj_id=167025405-40035-69e70feb8b00a\" data-name=\"like-post-frame-167025405-40035-69e70feb8b00a\" data-title=\"Apreciaz\u0103 sau republic\u0103\">\n<h3 class=\"sd-title\">Apreciaz\u0103:<\/h3>\n<div class=\"likes-widget-placeholder post-likes-widget-placeholder\"><span class=\"button\"><span>Apreciere<\/span><\/span><span class=\"loading\">\u00cencarc&#8230;<\/span><\/div>\n<\/div>\n<\/div>\n<p>[analyse_source url=&#8221;https:\/\/focustim.ro\/fritz-a-luat-foc-dupa-votul-psd-usr-nu-va-deveni-o-roata-de-rezerva\/&#8221;]<\/p>\n","protected":false},"excerpt":{"rendered":"<p>[analyse_image type=&#8221;featured&#8221; src=&#8221;https:\/\/focustim.ro\/wp-content\/uploads\/2020\/10\/dominic.jpg&#8221;] ActualitateFeaturedPolitic\u0103 Fritz a luat foc dup\u0103 votul PSD: USR nu va deveni o roat\u0103 de rezerv\u0103 21\/04\/202621\/04\/20260 Distribuie0 Dominic Fritz a luat foc dup\u0103 ce pesedi\u0219tii au decis s\u0103 \u00eei retrag\u0103 sprijinul politic lui Ilie Bolojan. USR acuz\u0103 PSD c\u0103 a declan\u0219at deliberat actuala criz\u0103 politic\u0103 din motive strict legate de interese [&hellip;]<\/p>\n","protected":false},"author":1,"featured_media":0,"comment_status":"open","ping_status":"","sticky":false,"template":"","format":"standard","meta":{"footnotes":""},"categories":[89],"tags":[226,197],"class_list":["post-1893531","post","type-post","status-publish","format-standard","hentry","category-romania","tag-crawlmanager","tag-focustim-ro"],"_links":{"self":[{"href":"https:\/\/analyse.optim.biz\/index.php?rest_route=\/wp\/v2\/posts\/1893531","targetHints":{"allow":["GET"]}}],"collection":[{"href":"https:\/\/analyse.optim.biz\/index.php?rest_route=\/wp\/v2\/posts"}],"about":[{"href":"https:\/\/analyse.optim.biz\/index.php?rest_route=\/wp\/v2\/types\/post"}],"author":[{"embeddable":true,"href":"https:\/\/analyse.optim.biz\/index.php?rest_route=\/wp\/v2\/users\/1"}],"replies":[{"embeddable":true,"href":"https:\/\/analyse.optim.biz\/index.php?rest_route=%2Fwp%2Fv2%2Fcomments&post=1893531"}],"version-history":[{"count":0,"href":"https:\/\/analyse.optim.biz\/index.php?rest_route=\/wp\/v2\/posts\/1893531\/revisions"}],"wp:attachment":[{"href":"https:\/\/analyse.optim.biz\/index.php?rest_route=%2Fwp%2Fv2%2Fmedia&parent=1893531"}],"wp:term":[{"taxonomy":"category","embeddable":true,"href":"https:\/\/analyse.optim.biz\/index.php?rest_route=%2Fwp%2Fv2%2Fcategories&post=1893531"},{"taxonomy":"post_tag","embeddable":true,"href":"https:\/\/analyse.optim.biz\/index.php?rest_route=%2Fwp%2Fv2%2Ftags&post=1893531"}],"curies":[{"name":"wp","href":"https:\/\/api.w.org\/{rel}","templated":true}]}}