{"id":1893528,"date":"2026-04-21T05:44:53","date_gmt":"2026-04-21T02:44:53","guid":{"rendered":"https:\/\/analyse.optim.biz\/?p=1893528"},"modified":"2026-04-21T05:44:53","modified_gmt":"2026-04-21T02:44:53","slug":"psd-a-votat-retragerea-spirijinului-politic-pentru-ilie-bolojan-grindeanu-bolojan-sa-plece-acasa","status":"publish","type":"post","link":"https:\/\/analyse.optim.biz\/?p=1893528","title":{"rendered":"PSD a votat retragerea spirijinului politic pentru Ilie Bolojan &#8211; Grindeanu: Bolojan s\u0103 plece acas\u0103"},"content":{"rendered":"<p>[analyse_image type=&#8221;featured&#8221; src=&#8221;https:\/\/focustim.ro\/wp-content\/uploads\/2025\/05\/sorin-grindeanu.jpeg&#8221;]<\/p>\n<article id=\"post-40031\" class=\"penci-single-artcontent noloaddisqus post-40031 post type-post status-publish format-standard has-post-thumbnail hentry category-actualitate category-featured category-sanatate tag-psd tag-sprijin-politic tag-vot penci-post-item\">\n<header class=\"entry-header penci-entry-header penci-title-\">\n<div class=\"penci-entry-categories\"><span class=\"penci-cat-links\"><a href=\"https:\/\/focustim.ro\/category\/actualitate\/\" rel=\"category tag\">Actualitate<\/a><a href=\"https:\/\/focustim.ro\/category\/featured\/\" rel=\"category tag\">Featured<\/a><a href=\"https:\/\/focustim.ro\/category\/sanatate\/\" rel=\"category tag\">S\u0103n\u0103tate<\/a><\/span><\/div>\n<h1 class=\"entry-title penci-entry-title penci-title-\">PSD a votat retragerea spirijinului politic pentru Ilie Bolojan \u2013 Grindeanu: Bolojan s\u0103 plece acas\u0103<\/h1>\n<div class=\"entry-meta penci-entry-meta\"><span class=\"entry-meta-item penci-posted-on\"><time class=\"entry-date published\" datetime=\"2026-04-21T08:44:53+03:00\">21\/04\/2026<\/time><time class=\"updated\" datetime=\"2026-04-21T08:45:42+03:00\">21\/04\/2026<\/time><\/span><span class=\"entry-meta-item penci-comment-count\"><a class=\"penci_pmeta-link\" href=\"https:\/\/focustim.ro\/psd-a-votat-retragerea-spirijinului-politic-pentru-ilie-bolojan\/#respond\">0<\/a><\/span><\/div>\n<p><span class=\"penci-social-buttons penci-social-share-footer\"><span class=\"penci-social-share-text\">Distribuie<\/span><a href=\"https:\/\/focustim.ro\/psd-a-votat-retragerea-spirijinului-politic-pentru-ilie-bolojan\/\" class=\"penci-post-like penci_post-meta_item  single-like-button penci-social-item like\" data-post_id=\"40031\" title=\"Like\" data-like=\"Like\" data-unlike=\"Unlike\"><span class=\"penci-share-number\">0<\/span><\/a><\/span><\/header>\n<div class=\"entry-media penci-entry-media\">\n<div class=\"post-format-meta \">\n<div class=\"post-image penci-standard-format\"><img decoding=\"async\" width=\"884\" height=\"500\" src=\"https:\/\/focustim.ro\/wp-content\/uploads\/2025\/05\/sorin-grindeanu.jpeg\" class=\"attachment-penci-thumb-960-auto size-penci-thumb-960-auto wp-post-image\" alt loading=\"lazy\"><\/div>\n<\/div>\n<\/div>\n<div class=\"penci-entry-content entry-content\">\n<p><strong>PSD a votat retragerea sprijinului politic pentru Ilie Bolojan. Peste 4.500 de membri ai PSD au votat, luni, la referendumul organizat de partid pentru ca Ilie Bolojan s\u0103 fie schimbat din fruntea guvernului. <\/strong><\/p>\n<p>Declara\u021biile lui Sorin Grindeanu<\/p>\n<p>\u201eC\u00e2nd 97,7% dintre colegi \u00ee\u021bi spun c\u0103 acesta este mandatul, c\u0103 Ilie Bolojan trebuie s\u0103 plece acas\u0103, nu mai este loc de nimic altceva. Am \u00een\u021beles acest lucru \u0219i eu \u0219i Claudiu \u0219i prin vicepre\u0219edin\u021bii \u0219i toat\u0103 conducerea partidului v\u0103 asigur c\u0103 \u00een conformitate cu ceea ce a\u021bi votat, \u00een zilele urm\u0103toare vom ac\u021biona\u201d, a declarat Grindeanu.<\/p>\n<p>Grindeanu spune c\u0103\u00a0PSD\u00a0este partidul \u201enum\u0103rul 1 \u00een Parlament\u201d.<\/p>\n<p>\u201ePartidul Social-Democrat este cel mai important partid din Rom\u00e2nia, este partidul num\u0103rul 1 \u00een Parlament \u0219i drept urmare vom \u021bine cont de toate lucrurile care s-au spus ast\u0103zi, vom \u021bine cont de mandatul pe care dumneavoastr\u0103 ni l-a\u021bi dat, astfel \u00eenc\u00e2t via\u021ba rom\u00e2nilor s\u0103 fie una mai bun\u0103\u201d, a declarat Grindeanu.<\/p>\n<div class=\"sharedaddy sd-sharing-enabled\">\n<div class=\"robots-nocontent sd-block sd-social sd-social-icon-text sd-sharing\">\n<h3 class=\"sd-title\">Partajeaz\u0103 asta:<\/h3>\n<div class=\"sd-content\">\n<ul>\n<li class=\"share-twitter\"><a rel=\"nofollow noopener noreferrer\" data-shared=\"sharing-twitter-40031\" class=\"share-twitter sd-button share-icon\" href=\"https:\/\/focustim.ro\/psd-a-votat-retragerea-spirijinului-politic-pentru-ilie-bolojan\/?share=twitter\" target=\"_blank\" title=\"D\u0103 clic pentru a partaja pe Twitter\"><span>Twitter<\/span><\/a><\/li>\n<li class=\"share-facebook\"><a rel=\"nofollow noopener noreferrer\" data-shared=\"sharing-facebook-40031\" class=\"share-facebook sd-button share-icon\" href=\"https:\/\/focustim.ro\/psd-a-votat-retragerea-spirijinului-politic-pentru-ilie-bolojan\/?share=facebook\" target=\"_blank\" title=\"D\u0103 clic pentru a partaja pe Facebook\"><span>Facebook<\/span><\/a><\/li>\n<li class=\"share-end\"><\/ul>\n<\/div>\n<\/div>\n<\/div>\n<div class=\"sharedaddy sd-block sd-like jetpack-likes-widget-wrapper jetpack-likes-widget-unloaded\" id=\"like-post-wrapper-167025405-40031-69e71176c54e4\" data-src=\"https:\/\/widgets.wp.com\/likes\/#blog_id=167025405&amp;post_id=40031&amp;origin=focustim.ro&amp;obj_id=167025405-40031-69e71176c54e4\" data-name=\"like-post-frame-167025405-40031-69e71176c54e4\" data-title=\"Apreciaz\u0103 sau republic\u0103\">\n<h3 class=\"sd-title\">Apreciaz\u0103:<\/h3>\n<div class=\"likes-widget-placeholder post-likes-widget-placeholder\"><span class=\"button\"><span>Apreciere<\/span><\/span><span class=\"loading\">\u00cencarc&#8230;<\/span><\/div>\n<\/div>\n<\/div>\n<footer class=\"penci-entry-footer\">\n<div class=\"penci-source-via-tags-wrap\"><span class=\"tags-links penci-tags-links\"><a href=\"https:\/\/focustim.ro\/tag\/psd\/\" rel=\"tag\">PSD<\/a><a href=\"https:\/\/focustim.ro\/tag\/sprijin-politic\/\" rel=\"tag\">sprijin politic<\/a><a href=\"https:\/\/focustim.ro\/tag\/vot\/\" rel=\"tag\">vot<\/a><\/span><\/div>\n<p><span class=\"penci-social-buttons penci-social-share-footer\"><span class=\"penci-social-share-text\">Distribuie<\/span><a href=\"https:\/\/focustim.ro\/psd-a-votat-retragerea-spirijinului-politic-pentru-ilie-bolojan\/\" class=\"penci-post-like penci_post-meta_item  single-like-button penci-social-item like\" data-post_id=\"40031\" title=\"Like\" data-like=\"Like\" data-unlike=\"Unlike\"><span class=\"penci-share-number\">0<\/span><\/a><\/span><\/footer>\n<\/article>\n<div class=\"penci-entry-content entry-content\">\n<p><strong>PSD a votat retragerea sprijinului politic pentru Ilie Bolojan. Peste 4.500 de membri ai PSD au votat, luni, la referendumul organizat de partid pentru ca Ilie Bolojan s\u0103 fie schimbat din fruntea guvernului. <\/strong><\/p>\n<p>Declara\u021biile lui Sorin Grindeanu<\/p>\n<p>\u201eC\u00e2nd 97,7% dintre colegi \u00ee\u021bi spun c\u0103 acesta este mandatul, c\u0103 Ilie Bolojan trebuie s\u0103 plece acas\u0103, nu mai este loc de nimic altceva. Am \u00een\u021beles acest lucru \u0219i eu \u0219i Claudiu \u0219i prin vicepre\u0219edin\u021bii \u0219i toat\u0103 conducerea partidului v\u0103 asigur c\u0103 \u00een conformitate cu ceea ce a\u021bi votat, \u00een zilele urm\u0103toare vom ac\u021biona\u201d, a declarat Grindeanu.<\/p>\n<p>Grindeanu spune c\u0103\u00a0PSD\u00a0este partidul \u201enum\u0103rul 1 \u00een Parlament\u201d.<\/p>\n<p>\u201ePartidul Social-Democrat este cel mai important partid din Rom\u00e2nia, este partidul num\u0103rul 1 \u00een Parlament \u0219i drept urmare vom \u021bine cont de toate lucrurile care s-au spus ast\u0103zi, vom \u021bine cont de mandatul pe care dumneavoastr\u0103 ni l-a\u021bi dat, astfel \u00eenc\u00e2t via\u021ba rom\u00e2nilor s\u0103 fie una mai bun\u0103\u201d, a declarat Grindeanu.<\/p>\n<div class=\"sharedaddy sd-sharing-enabled\">\n<div class=\"robots-nocontent sd-block sd-social sd-social-icon-text sd-sharing\">\n<h3 class=\"sd-title\">Partajeaz\u0103 asta:<\/h3>\n<div class=\"sd-content\">\n<ul>\n<li class=\"share-twitter\"><a rel=\"nofollow noopener noreferrer\" data-shared=\"sharing-twitter-40031\" class=\"share-twitter sd-button share-icon\" href=\"https:\/\/focustim.ro\/psd-a-votat-retragerea-spirijinului-politic-pentru-ilie-bolojan\/?share=twitter\" target=\"_blank\" title=\"D\u0103 clic pentru a partaja pe Twitter\"><span>Twitter<\/span><\/a><\/li>\n<li class=\"share-facebook\"><a rel=\"nofollow noopener noreferrer\" data-shared=\"sharing-facebook-40031\" class=\"share-facebook sd-button share-icon\" href=\"https:\/\/focustim.ro\/psd-a-votat-retragerea-spirijinului-politic-pentru-ilie-bolojan\/?share=facebook\" target=\"_blank\" title=\"D\u0103 clic pentru a partaja pe Facebook\"><span>Facebook<\/span><\/a><\/li>\n<li class=\"share-end\"><\/ul>\n<\/div>\n<\/div>\n<\/div>\n<div class=\"sharedaddy sd-block sd-like jetpack-likes-widget-wrapper jetpack-likes-widget-unloaded\" id=\"like-post-wrapper-167025405-40031-69e71176c54e4\" data-src=\"https:\/\/widgets.wp.com\/likes\/#blog_id=167025405&amp;post_id=40031&amp;origin=focustim.ro&amp;obj_id=167025405-40031-69e71176c54e4\" data-name=\"like-post-frame-167025405-40031-69e71176c54e4\" data-title=\"Apreciaz\u0103 sau republic\u0103\">\n<h3 class=\"sd-title\">Apreciaz\u0103:<\/h3>\n<div class=\"likes-widget-placeholder post-likes-widget-placeholder\"><span class=\"button\"><span>Apreciere<\/span><\/span><span class=\"loading\">\u00cencarc&#8230;<\/span><\/div>\n<\/div>\n<\/div>\n<p>[analyse_source url=&#8221;https:\/\/focustim.ro\/psd-a-votat-retragerea-spirijinului-politic-pentru-ilie-bolojan\/&#8221;]<\/p>\n","protected":false},"excerpt":{"rendered":"<p>[analyse_image type=&#8221;featured&#8221; src=&#8221;https:\/\/focustim.ro\/wp-content\/uploads\/2025\/05\/sorin-grindeanu.jpeg&#8221;] ActualitateFeaturedS\u0103n\u0103tate PSD a votat retragerea spirijinului politic pentru Ilie Bolojan \u2013 Grindeanu: Bolojan s\u0103 plece acas\u0103 21\/04\/202621\/04\/20260 Distribuie0 PSD a votat retragerea sprijinului politic pentru Ilie Bolojan. Peste 4.500 de membri ai PSD au votat, luni, la referendumul organizat de partid pentru ca Ilie Bolojan s\u0103 fie schimbat din fruntea guvernului. Declara\u021biile [&hellip;]<\/p>\n","protected":false},"author":1,"featured_media":0,"comment_status":"open","ping_status":"","sticky":false,"template":"","format":"standard","meta":{"footnotes":""},"categories":[89],"tags":[226,197],"class_list":["post-1893528","post","type-post","status-publish","format-standard","hentry","category-romania","tag-crawlmanager","tag-focustim-ro"],"_links":{"self":[{"href":"https:\/\/analyse.optim.biz\/index.php?rest_route=\/wp\/v2\/posts\/1893528","targetHints":{"allow":["GET"]}}],"collection":[{"href":"https:\/\/analyse.optim.biz\/index.php?rest_route=\/wp\/v2\/posts"}],"about":[{"href":"https:\/\/analyse.optim.biz\/index.php?rest_route=\/wp\/v2\/types\/post"}],"author":[{"embeddable":true,"href":"https:\/\/analyse.optim.biz\/index.php?rest_route=\/wp\/v2\/users\/1"}],"replies":[{"embeddable":true,"href":"https:\/\/analyse.optim.biz\/index.php?rest_route=%2Fwp%2Fv2%2Fcomments&post=1893528"}],"version-history":[{"count":0,"href":"https:\/\/analyse.optim.biz\/index.php?rest_route=\/wp\/v2\/posts\/1893528\/revisions"}],"wp:attachment":[{"href":"https:\/\/analyse.optim.biz\/index.php?rest_route=%2Fwp%2Fv2%2Fmedia&parent=1893528"}],"wp:term":[{"taxonomy":"category","embeddable":true,"href":"https:\/\/analyse.optim.biz\/index.php?rest_route=%2Fwp%2Fv2%2Fcategories&post=1893528"},{"taxonomy":"post_tag","embeddable":true,"href":"https:\/\/analyse.optim.biz\/index.php?rest_route=%2Fwp%2Fv2%2Ftags&post=1893528"}],"curies":[{"name":"wp","href":"https:\/\/api.w.org\/{rel}","templated":true}]}}