{"id":1893462,"date":"2026-04-20T13:44:33","date_gmt":"2026-04-20T10:44:33","guid":{"rendered":"https:\/\/analyse.optim.biz\/?p=1893462"},"modified":"2026-04-20T13:44:33","modified_gmt":"2026-04-20T10:44:33","slug":"minora-exploatata-sexual-de-un-barbat-de-26-de-ani-si-o-tanara-de-17-ani","status":"publish","type":"post","link":"https:\/\/analyse.optim.biz\/?p=1893462","title":{"rendered":"Minor\u0103, exploatat\u0103 sexual de un b\u0103rbat, de 26 de ani, \u0219i o t\u00e2n\u0103r\u0103, de 17 ani"},"content":{"rendered":"<p>[analyse_image type=&#8221;featured&#8221; src=&#8221;https:\/\/ziarulteleormanul.ro\/wp\/wp-content\/uploads\/2024\/01\/arest.jpg&#8221;]<\/p>\n<article id=\"post-76169\" class=\"post-76169 post type-post status-publish format-standard has-post-thumbnail category-eveniment\">\n<header class=\"entry-header\"><span class=\"cat-links\"><a href=\"https:\/\/ziarulteleormanul.ro\/category\/eveniment\/\" rel=\"category tag\">Eveniment<\/a><\/span><\/p>\n<h1 class=\"entry-title\">Minor\u0103, exploatat\u0103 sexual de un b\u0103rbat, de 26 de ani, \u0219i o t\u00e2n\u0103r\u0103, de 17 ani<\/h1>\n<div class=\"post-meta\"><time class=\"entry-date published updated\" datetime=\"2026-04-20T15:44:33+02:00\"><br \/>\n                    aprilie 20, 2026 15:44                <\/time><\/div>\n<\/header>\n<div class=\"entry-content\">\n<p class=\"p1\"><span class=\"s1\"> Poli\u021bi\u0219tii Serviciului de Combatere a Criminalit\u0103\u021bii Organizate Teleorman, \u00eempreun\u0103 cu procurorii D.I.I.C.O.T.\u2013 Biroul Teritorial Teleorman, au documentat activitatea infrac\u021bional\u0103 a unui b\u0103rbat de 26 de ani \u0219i a unei tinere, de 17 ani, cerceta\u021bi pentru trafic de minori, respectiv complicitate la trafic de minori.<\/span><\/p>\n<p class=\"p1\"><span class=\"s1\">Din probele administrate \u00een cadrul dosarului penal a reie\u0219it faptul c\u0103, \u00een februarie 2026, b\u0103rbatul, cu sprijinul tinerei, ar fi racolat o victim\u0103 minor\u0103, de 13 ani, \u00een scopul exploat\u0103rii sexuale. <\/span><\/p>\n<p class=\"p1\"><span class=\"s1\">\u00cen acest context, acesta ar fi ad\u0103postit \u00een locuin\u021ba sa persoana v\u0103t\u0103mat\u0103 unde, prin constr\u00e2ngere fizic\u0103 \u0219i moral\u0103, ar fi determinat-o s\u0103 practice prostitu\u021bia.<\/span><\/p>\n<p class=\"p1\"><span class=\"s1\">De asemenea, t\u00e2n\u0103ra ar fi transportat victima \u0219i \u00een alte loca\u021bii, din jude\u021bul Teleorman, unde<span class=\"Apple-converted-space\">\u00a0 <\/span>b\u0103rbatul ar fi identificat clien\u021bi interesa\u021bi s\u0103 \u00eentre\u021bin\u0103 rela\u021bii sexuale contra cost.<\/span><\/p>\n<p class=\"p1\"><span class=\"s1\">Sumele de bani ob\u021binute de victima minor\u0103 ar fi fost \u00eensu\u0219ite de c\u0103tre acesta. <\/span><\/p>\n<p class=\"p1\"><span class=\"s1\">Din cercet\u0103ri a reie\u0219it \u0219i faptul c\u0103, la data de 1 aprilie 2026, dup\u0103 ce victima sc\u0103pase de sub autoritatea b\u0103rbatului, acesta, tot cu complicitatea persoanei cercetate minore, ar fi \u00eencercat s\u0103 o readuc\u0103 pe victim\u0103 \u00een locuin\u021ba lor, \u00een scopul continu\u0103rii exploat\u0103rii acesteia. <\/span><\/p>\n<p class=\"p1\"><span class=\"s1\">Astfel, persoanele cercetate ar fi introdus minora, cu for\u021ba, \u00eentr-un autoturism, \u00eens\u0103, ca urmare a opozi\u021biei puternice a acesteia, cei doi au renun\u021bat. <\/span><\/p>\n<p class=\"p1\"><span class=\"s1\">\u00cen urma violen\u021belor exercitate asupra persoanei v\u0103t\u0103mate minore, aceasta ar fi suferit leziuni care au necesitat pentru vindecare 3-4 zile de \u00eengrijiri medicale, potrivit raportului de expertiz\u0103 medico-legal\u0103 .<\/span><\/p>\n<p class=\"p1\"><span class=\"s1\">La data de 17 aprilie 2026, procurorii D.I.I.C.O.T.\u2013 Biroul Teritorial Teleorman au dispus re\u021binerea b\u0103rbatului de 26 de ani \u0219i m\u0103sura controlului judiciar fa\u021b\u0103 de t\u00e2n\u0103r\u0103.<\/span><\/p>\n<p class=\"p1\"><span class=\"s1\">Ulterior, judec\u0103torul de drepturi \u0219i libert\u0103\u021bi din cadrul Tribunalului Teleorman a dispus arestarea preventiv\u0103 a b\u0103rbatului, pentru 30 de zile.<\/span><\/p>\n<p class=\"p1\"><span class=\"s1\">Ac\u021biunea a beneficiat de sprijinul jandarmilor Inspectoratului de Jandarmi Jude\u021bean Teleorman.<\/span><\/p>\n<p class=\"p1\"><span class=\"s1\">Pe \u00eentreg parcursul procesului penal, persoanele cercetate beneficiaz\u0103 de drepturile \u0219i garan\u021biile procesuale prev\u0103zute de Codul de procedur\u0103 penal\u0103, precum \u0219i de prezum\u021bia de nevinov\u0103\u021bie.<\/span><\/p>\n<div id=\"jp-relatedposts\" class=\"jp-relatedposts\">\n<h3 class=\"jp-relatedposts-headline\"><em>Related<\/em><\/h3>\n<\/div>\n<\/div>\n<\/article>\n<div class=\"entry-content\">\n<p class=\"p1\"><span class=\"s1\"> Poli\u021bi\u0219tii Serviciului de Combatere a Criminalit\u0103\u021bii Organizate Teleorman, \u00eempreun\u0103 cu procurorii D.I.I.C.O.T.\u2013 Biroul Teritorial Teleorman, au documentat activitatea infrac\u021bional\u0103 a unui b\u0103rbat de 26 de ani \u0219i a unei tinere, de 17 ani, cerceta\u021bi pentru trafic de minori, respectiv complicitate la trafic de minori.<\/span><\/p>\n<p class=\"p1\"><span class=\"s1\">Din probele administrate \u00een cadrul dosarului penal a reie\u0219it faptul c\u0103, \u00een februarie 2026, b\u0103rbatul, cu sprijinul tinerei, ar fi racolat o victim\u0103 minor\u0103, de 13 ani, \u00een scopul exploat\u0103rii sexuale. <\/span><\/p>\n<p class=\"p1\"><span class=\"s1\">\u00cen acest context, acesta ar fi ad\u0103postit \u00een locuin\u021ba sa persoana v\u0103t\u0103mat\u0103 unde, prin constr\u00e2ngere fizic\u0103 \u0219i moral\u0103, ar fi determinat-o s\u0103 practice prostitu\u021bia.<\/span><\/p>\n<p class=\"p1\"><span class=\"s1\">De asemenea, t\u00e2n\u0103ra ar fi transportat victima \u0219i \u00een alte loca\u021bii, din jude\u021bul Teleorman, unde<span class=\"Apple-converted-space\">\u00a0 <\/span>b\u0103rbatul ar fi identificat clien\u021bi interesa\u021bi s\u0103 \u00eentre\u021bin\u0103 rela\u021bii sexuale contra cost.<\/span><\/p>\n<p class=\"p1\"><span class=\"s1\">Sumele de bani ob\u021binute de victima minor\u0103 ar fi fost \u00eensu\u0219ite de c\u0103tre acesta. <\/span><\/p>\n<p class=\"p1\"><span class=\"s1\">Din cercet\u0103ri a reie\u0219it \u0219i faptul c\u0103, la data de 1 aprilie 2026, dup\u0103 ce victima sc\u0103pase de sub autoritatea b\u0103rbatului, acesta, tot cu complicitatea persoanei cercetate minore, ar fi \u00eencercat s\u0103 o readuc\u0103 pe victim\u0103 \u00een locuin\u021ba lor, \u00een scopul continu\u0103rii exploat\u0103rii acesteia. <\/span><\/p>\n<p class=\"p1\"><span class=\"s1\">Astfel, persoanele cercetate ar fi introdus minora, cu for\u021ba, \u00eentr-un autoturism, \u00eens\u0103, ca urmare a opozi\u021biei puternice a acesteia, cei doi au renun\u021bat. <\/span><\/p>\n<p class=\"p1\"><span class=\"s1\">\u00cen urma violen\u021belor exercitate asupra persoanei v\u0103t\u0103mate minore, aceasta ar fi suferit leziuni care au necesitat pentru vindecare 3-4 zile de \u00eengrijiri medicale, potrivit raportului de expertiz\u0103 medico-legal\u0103 .<\/span><\/p>\n<p class=\"p1\"><span class=\"s1\">La data de 17 aprilie 2026, procurorii D.I.I.C.O.T.\u2013 Biroul Teritorial Teleorman au dispus re\u021binerea b\u0103rbatului de 26 de ani \u0219i m\u0103sura controlului judiciar fa\u021b\u0103 de t\u00e2n\u0103r\u0103.<\/span><\/p>\n<p class=\"p1\"><span class=\"s1\">Ulterior, judec\u0103torul de drepturi \u0219i libert\u0103\u021bi din cadrul Tribunalului Teleorman a dispus arestarea preventiv\u0103 a b\u0103rbatului, pentru 30 de zile.<\/span><\/p>\n<p class=\"p1\"><span class=\"s1\">Ac\u021biunea a beneficiat de sprijinul jandarmilor Inspectoratului de Jandarmi Jude\u021bean Teleorman.<\/span><\/p>\n<p class=\"p1\"><span class=\"s1\">Pe \u00eentreg parcursul procesului penal, persoanele cercetate beneficiaz\u0103 de drepturile \u0219i garan\u021biile procesuale prev\u0103zute de Codul de procedur\u0103 penal\u0103, precum \u0219i de prezum\u021bia de nevinov\u0103\u021bie.<\/span><\/p>\n<div id=\"jp-relatedposts\" class=\"jp-relatedposts\">\n<h3 class=\"jp-relatedposts-headline\"><em>Related<\/em><\/h3>\n<\/div>\n<\/div>\n<div class=\"entry-content\">\n<p class=\"p1\"><span class=\"s1\"> Poli\u021bi\u0219tii Serviciului de Combatere a Criminalit\u0103\u021bii Organizate Teleorman, \u00eempreun\u0103 cu procurorii D.I.I.C.O.T.\u2013 Biroul Teritorial Teleorman, au documentat activitatea infrac\u021bional\u0103 a unui b\u0103rbat de 26 de ani \u0219i a unei tinere, de 17 ani, cerceta\u021bi pentru trafic de minori, respectiv complicitate la trafic de minori.<\/span><\/p>\n<p class=\"p1\"><span class=\"s1\">Din probele administrate \u00een cadrul dosarului penal a reie\u0219it faptul c\u0103, \u00een februarie 2026, b\u0103rbatul, cu sprijinul tinerei, ar fi racolat o victim\u0103 minor\u0103, de 13 ani, \u00een scopul exploat\u0103rii sexuale. <\/span><\/p>\n<p class=\"p1\"><span class=\"s1\">\u00cen acest context, acesta ar fi ad\u0103postit \u00een locuin\u021ba sa persoana v\u0103t\u0103mat\u0103 unde, prin constr\u00e2ngere fizic\u0103 \u0219i moral\u0103, ar fi determinat-o s\u0103 practice prostitu\u021bia.<\/span><\/p>\n<p class=\"p1\"><span class=\"s1\">De asemenea, t\u00e2n\u0103ra ar fi transportat victima \u0219i \u00een alte loca\u021bii, din jude\u021bul Teleorman, unde<span class=\"Apple-converted-space\">\u00a0 <\/span>b\u0103rbatul ar fi identificat clien\u021bi interesa\u021bi s\u0103 \u00eentre\u021bin\u0103 rela\u021bii sexuale contra cost.<\/span><\/p>\n<p class=\"p1\"><span class=\"s1\">Sumele de bani ob\u021binute de victima minor\u0103 ar fi fost \u00eensu\u0219ite de c\u0103tre acesta. <\/span><\/p>\n<p class=\"p1\"><span class=\"s1\">Din cercet\u0103ri a reie\u0219it \u0219i faptul c\u0103, la data de 1 aprilie 2026, dup\u0103 ce victima sc\u0103pase de sub autoritatea b\u0103rbatului, acesta, tot cu complicitatea persoanei cercetate minore, ar fi \u00eencercat s\u0103 o readuc\u0103 pe victim\u0103 \u00een locuin\u021ba lor, \u00een scopul continu\u0103rii exploat\u0103rii acesteia. <\/span><\/p>\n<p class=\"p1\"><span class=\"s1\">Astfel, persoanele cercetate ar fi introdus minora, cu for\u021ba, \u00eentr-un autoturism, \u00eens\u0103, ca urmare a opozi\u021biei puternice a acesteia, cei doi au renun\u021bat. <\/span><\/p>\n<p class=\"p1\"><span class=\"s1\">\u00cen urma violen\u021belor exercitate asupra persoanei v\u0103t\u0103mate minore, aceasta ar fi suferit leziuni care au necesitat pentru vindecare 3-4 zile de \u00eengrijiri medicale, potrivit raportului de expertiz\u0103 medico-legal\u0103 .<\/span><\/p>\n<p class=\"p1\"><span class=\"s1\">La data de 17 aprilie 2026, procurorii D.I.I.C.O.T.\u2013 Biroul Teritorial Teleorman au dispus re\u021binerea b\u0103rbatului de 26 de ani \u0219i m\u0103sura controlului judiciar fa\u021b\u0103 de t\u00e2n\u0103r\u0103.<\/span><\/p>\n<p class=\"p1\"><span class=\"s1\">Ulterior, judec\u0103torul de drepturi \u0219i libert\u0103\u021bi din cadrul Tribunalului Teleorman a dispus arestarea preventiv\u0103 a b\u0103rbatului, pentru 30 de zile.<\/span><\/p>\n<p class=\"p1\"><span class=\"s1\">Ac\u021biunea a beneficiat de sprijinul jandarmilor Inspectoratului de Jandarmi Jude\u021bean Teleorman.<\/span><\/p>\n<p class=\"p1\"><span class=\"s1\">Pe \u00eentreg parcursul procesului penal, persoanele cercetate beneficiaz\u0103 de drepturile \u0219i garan\u021biile procesuale prev\u0103zute de Codul de procedur\u0103 penal\u0103, precum \u0219i de prezum\u021bia de nevinov\u0103\u021bie.<\/span><\/p>\n<div id=\"jp-relatedposts\" class=\"jp-relatedposts\">\n<h3 class=\"jp-relatedposts-headline\"><em>Related<\/em><\/h3>\n<\/div>\n<\/div>\n<p>[analyse_source url=&#8221;https:\/\/ziarulteleormanul.ro\/minora-exploatata-sexual-de-un-barbat-de-26-de-ani-si-o-tanara-de-17-ani\/&#8221;]<\/p>\n","protected":false},"excerpt":{"rendered":"<p>[analyse_image type=&#8221;featured&#8221; src=&#8221;https:\/\/ziarulteleormanul.ro\/wp\/wp-content\/uploads\/2024\/01\/arest.jpg&#8221;] Eveniment Minor\u0103, exploatat\u0103 sexual de un b\u0103rbat, de 26 de ani, \u0219i o t\u00e2n\u0103r\u0103, de 17 ani aprilie 20, 2026 15:44 Poli\u021bi\u0219tii Serviciului de Combatere a Criminalit\u0103\u021bii Organizate Teleorman, \u00eempreun\u0103 cu procurorii D.I.I.C.O.T.\u2013 Biroul Teritorial Teleorman, au documentat activitatea infrac\u021bional\u0103 a unui b\u0103rbat de 26 de ani \u0219i a unei tinere, de [&hellip;]<\/p>\n","protected":false},"author":1,"featured_media":0,"comment_status":"open","ping_status":"","sticky":false,"template":"","format":"standard","meta":{"footnotes":""},"categories":[89],"tags":[226,178],"class_list":["post-1893462","post","type-post","status-publish","format-standard","hentry","category-romania","tag-crawlmanager","tag-ziarulteleormanul-ro"],"_links":{"self":[{"href":"https:\/\/analyse.optim.biz\/index.php?rest_route=\/wp\/v2\/posts\/1893462","targetHints":{"allow":["GET"]}}],"collection":[{"href":"https:\/\/analyse.optim.biz\/index.php?rest_route=\/wp\/v2\/posts"}],"about":[{"href":"https:\/\/analyse.optim.biz\/index.php?rest_route=\/wp\/v2\/types\/post"}],"author":[{"embeddable":true,"href":"https:\/\/analyse.optim.biz\/index.php?rest_route=\/wp\/v2\/users\/1"}],"replies":[{"embeddable":true,"href":"https:\/\/analyse.optim.biz\/index.php?rest_route=%2Fwp%2Fv2%2Fcomments&post=1893462"}],"version-history":[{"count":0,"href":"https:\/\/analyse.optim.biz\/index.php?rest_route=\/wp\/v2\/posts\/1893462\/revisions"}],"wp:attachment":[{"href":"https:\/\/analyse.optim.biz\/index.php?rest_route=%2Fwp%2Fv2%2Fmedia&parent=1893462"}],"wp:term":[{"taxonomy":"category","embeddable":true,"href":"https:\/\/analyse.optim.biz\/index.php?rest_route=%2Fwp%2Fv2%2Fcategories&post=1893462"},{"taxonomy":"post_tag","embeddable":true,"href":"https:\/\/analyse.optim.biz\/index.php?rest_route=%2Fwp%2Fv2%2Ftags&post=1893462"}],"curies":[{"name":"wp","href":"https:\/\/api.w.org\/{rel}","templated":true}]}}