{"id":1893398,"date":"2026-04-20T19:02:05","date_gmt":"2026-04-20T16:02:05","guid":{"rendered":"https:\/\/analyse.optim.biz\/?p=1893398"},"modified":"2026-04-20T19:02:05","modified_gmt":"2026-04-20T16:02:05","slug":"lia-olguta-vasilescu-dupa-ce-psd-i-a-retras-sprijinul-politic-lui-bolojan-cum-sa-mai-stai-la-masa-cu-cineva-care-te-a-facut-sobolan","status":"publish","type":"post","link":"https:\/\/analyse.optim.biz\/?p=1893398","title":{"rendered":"Lia Olgu\u021ba Vasilescu, dup\u0103 ce PSD i-a retras sprijinul politic lui Bolojan: \u201eCum s\u0103 mai stai la mas\u0103 cu cineva care te-a f\u0103cut \u0219obolan?\u201d"},"content":{"rendered":"<p>[analyse_image type=&#8221;featured&#8221; src=&#8221;https:\/\/media.realitatea.net\/multimedia\/image\/202601\/w1920\/colaj_20edd7a939.jpg&#8221;]<\/p>\n<div class=\"article-box-content\">\n&lt;!&#8211;            <\/p>\n<div class=\"article-box-content\" role=\"section\" aria-label=\"Con&#539;inutul articolului\">&#8211;&gt;<\/p>\n<div id=\"digital-atelier-mobile\"><\/div>\n<div id=\"permanent-position-before-content\"><\/div>\n<div id=\"digital-atelier-desktop\"><\/div>\n<div class=\"realitatea-article-content-box\">\n<h3><strong>\u201ePe cine nu la\u0219i s\u0103 moar\u0103 nu te las\u0103 s\u0103 tr\u0103ie\u0219ti. <\/strong><strong>PNL nu s-a \u021binut de cuv\u00e2nt\u201d<\/strong><\/h3>\n<p>\u00cen interven\u021bia sa, Lia Olgu\u021ba Vasilescu a afirmat c\u0103 parteneriatul cu PNL a \u00eenceput s\u0103 sc\u00e2r\u021b\u00e2ie \u00eenainte de alegerile parlamentare \u0219i preziden\u021biale din 2024 \u0219i a sugerat c\u0103 vina a fost a liberalilor.<\/p>\n<div id=\"adocean-mobile-positon\">\n<div data-ao-pid=\"1s3nVeO8d7fVQQxZ8qBwmwF8nJdHUjAHhp2PqUhQfRb.D7\"><\/div>\n<\/p><\/div>\n<p>\u201eLa vremea respectiv\u0103 era o discu\u021bie c\u0103 vom candida, vom avea candidat comun la alegerile preziden\u021biale, ceea ce nu s-a mai \u00eent\u00e2mplat pentru c\u0103 PNL-ul nu s-a \u021binut de cuv\u00e2nt. Dar \u00een ceea ce prive\u0219te colaborarea pe care noi am avut-o cu PNL-ul p\u00e2n\u0103 la Ilie Bolojan, nu a fost o colaborare proast\u0103\u2026 liderii s-au respectat \u00eentre ei. De data asta nu mai puteam s\u0103 spunem acela\u0219i lucru.\u201d<\/p>\n<h3><a href=\"https:\/\/www.realitatea.net\/stiri\/actual\/-ora-17:00-decizie%20cruciala%20la%20psd.%20liderii%20social-democrati%20din%20toata%20tara%20voteaza%20propunerea%20de%20retragere%20a%20sprijinului%20pentru%20guvernul%20bolojan%20-%20live%20text_69e62093f168dd213d05a6b9#google_vignette\" target=\"_blank\" rel=\"noopener\">PSD a votat pentru RETRAGEREA sprijinului acordat lui Ilie Bolojan. 97,7% au votat \u00een favoarea acestei decizii \u2013 VIDEO<\/a><\/h3>\n<h3><strong>\u201eCum s\u0103 mai stai la mas\u0103 cu cineva care te-a f\u0103cut \u0219obolan?\u201d<\/strong><\/h3>\n<p>\u201eDe data asta, a\u021bi v\u0103zut \u0219i dumneavoastr\u0103, Ilie Bolojan ne-a f\u0103cut \u0219obolani. Cum s\u0103 mai stai la mas\u0103 cu cineva care te-a f\u0103cut \u0219obolan? Bun, noi am spus \u00eenc\u0103 de asear\u0103 c\u0103 asta este o teorie nazist\u0103, e de pe vremea nazi\u0219tilor, tot de acolo porne\u0219te \u0219i povestea cu ciuma ro\u0219ie,\u201d a mai afirmat Vasilescu, \u00een exclusivitate la Realitatea Plus.<\/p>\n<div id=\"truvid-mobile-postion\"><\/div>\n<div id=\"adocean-desktop-positon\">\n<div data-ao-pid=\"1s3nVeO8d7fVQQxZ8qBwmwF8nJdHUjAHhp2PqUhQfRb.D7\"><\/div>\n<\/div>\n<h3><strong>\u201eIlie Bolojan nu a \u00een\u021beles ce \u00eenseamn\u0103 o echip\u0103\u201d<\/strong><\/h3>\n<p>Principalul repro\u0219 pe care edilul Craiovei i-l aduce premierului Bolojan este c\u0103 \u00eenc\u0103 din momentul \u00een care a fost numit \u00een func\u021bie a l\u0103sat clar impresia c\u0103 nu-l intereseaz\u0103 nimic din ceea ce-i propun partenerii.<\/p>\n<p>\u201eDin luna septembrie am tot \u00eenceput s\u0103 amenin\u021b\u0103m cu ie\u0219irea de la guvernare, pentru c\u0103 nu s-a \u021binut cont absolut deloc de p\u0103rerile noastre\u2026 orice lucru pe care \u00eencercam s\u0103-l facem, nu puteam s\u0103-l facem dec\u00e2t cu amenin\u021b\u0103ri. \u2026 Noi am \u00een\u021beles s\u0103 fim \u00eentr-o echip\u0103, iar Ilie Bolojan n-a \u00een\u021beles acest lucru. Sigur c\u0103 ne-am asumat toate lucrurile care au trecut, chiar \u0219i cele la care am protestat,\u201d a explicat Vasilescu.\u00a0<\/p>\n<div id=\"truvid-desktop-postion\"><\/div>\n<\/div>\n<div data-ao-pid=\"acVcznEUnS79iL7oRf2OfNAAE8XviPKkQ6AW09XriFv.87\"><\/div>\n<div class=\"realitatea-add\">\n<div class=\"realitatea-in-article-partner\"><\/div>\n<\/div>\n<div class=\"realitatea-partners-news realitatea-partners-design\">\n<hr class=\"realitatea-partners-news-hr\">\n<div class=\"d-flex justify-content-center w-100 flex-row mt-5 mb-5\">\n                                <!--  &amp; \/32628511\/Realitatea.netV2_articol_mobile\/300x250_1 --><\/p>\n<div id=\"div-gpt-ad-1625071005196-0\"><\/div>\n<\/p><\/div>\n<hr class=\"realitatea-partners-news-hr\">\n<article class>\n<div class=\"article-box-image\">\n<figure>\n                    <a href=\"https:\/\/www.tabu.ro\/andreea-balan-si-victor-cornea-sau-casatorit-civil-primele-imagini-de-la-eveniment\/\" data-href=\"\/\/locale.realitatea.net\/2024\/12\/97eec0aaf3716069f4d86f106279878e.jpg\" class=\"progressive replace\" title=\"Andreea B\u0103lan \u0219i Victor Cornea s-au c\u0103s\u0103torit civil. Primele imagini de la eveniment\" rel=\"noopener external nofollow\" target=\"_blank\"><br \/>\n                                    <img decoding=\"async\" src=\"https:\/\/media.realitatea.net\/multimedia\/placeholder\/placeholder-article.webp\" class=\"preview w-100\" alt=\"Articol partener\"><br \/>\n                    <\/a><br \/>\n                <\/figure>\n<\/p><\/div>\n<div class=\"article-box-section\">\n<h3>TABU.RO<\/h3>\n<\/p><\/div>\n<div class=\"article-box-title\">\n                <a href=\"https:\/\/www.tabu.ro\/andreea-balan-si-victor-cornea-sau-casatorit-civil-primele-imagini-de-la-eveniment\/\" title=\"Andreea B\u0103lan \u0219i Victor Cornea s-au c\u0103s\u0103torit civil. Primele imagini de la eveniment\" rel=\"noopener external nofollow\" target=\"_blank\"><br \/>\n                    <span>Andreea B\u0103lan \u0219i Victor Cornea s-au c\u0103s\u0103torit civil. Primele imagini de la eveniment<\/span><br \/>\n                <\/a>\n            <\/div>\n<\/article>\n<hr class=\"realitatea-partners-news-hr\">\n            <\/div>\n<\/p><\/div>\n<div class=\"articleBody\" data-key=\"articleBody\">,,Pe cine nu lasi sa moara nu te lasa sa traiesti. PNL nu s-a tinut de cuvant&#8221;In interventia sa, Lia Olguta Vasilescu a afirmat ca parteneriatul cu PNL a inceput sa scartaie inainte de alegerile parlamentare si prezidentiale din 2024 si a sugerat ca vina a fost a liberalilor.,,La vremea respectiva era o discutie ca vom candida, vom avea candidat comun la alegerile prezidentiale, ceea ce nu s-a mai intamplat pentru ca PNL-ul nu s-a tinut de cuvant. Dar in ceea ce priveste colaborarea pe care noi am avut-o cu PNL-ul pana la Ilie Bolojan, nu a fost o colaborare proasta&#8230; liderii s-au respectat intre ei. De data asta nu mai puteam sa spunem acelasi lucru.&#8221;PSD a votat pentru RETRAGEREA sprijinului acordat lui Ilie Bolojan. 97,7% au votat in favoarea acestei decizii &#8211; VIDEO,,Cum sa mai stai la masa cu cineva care te-a facut sobolan?&#8221;,,De data asta, ati vazut si dumneavoastra, Ilie Bolojan ne-a facut sobolani. Cum sa mai stai la masa cu cineva care te-a facut sobolan? Bun, noi am spus inca de aseara ca asta este o teorie nazista, e de pe vremea nazistilor, tot de acolo porneste si povestea cu ciuma rosie,&#8221; a mai afirmat Vasilescu, in exclusivitate la Realitatea Plus.,,Ilie Bolojan nu a inteles ce inseamna o echipa&#8221;Principalul repros pe care edilul Craiovei i-l aduce premierului Bolojan este ca inca din momentul in care a fost numit in functie a lasat clar impresia ca nu-l intereseaza nimic din ceea ce-i propun partenerii.,,Din luna septembrie am tot inceput sa amenintam cu iesirea de la guvernare, pentru ca nu s-a tinut cont absolut deloc de parerile noastre&#8230; orice lucru pe care incercam sa-l facem, nu puteam sa-l facem decat cu amenintari. &#8230; Noi am inteles sa fim intr-o echipa, iar Ilie Bolojan n-a inteles acest lucru. Sigur ca ne-am asumat toate lucrurile care au trecut, chiar si cele la care am protestat,&#8221; a explicat Vasilescu. <\/div>\n<\/p>\n<p>[analyse_source url=&#8221;https:\/\/www.realitatea.net\/stiri\/actual\/lia-olguta-vasilescu-reactie-dura-dupa-ce-psd-ia-retras-sprijinul-politic-lui-bolojan-cum-sa-mai-stai-la-masa-cu-cineva-care-tea-facut-sobolan_69e6782d0db6bf3e942cc1e7&#8243;]<\/p>\n","protected":false},"excerpt":{"rendered":"<p>[analyse_image type=&#8221;featured&#8221; src=&#8221;https:\/\/media.realitatea.net\/multimedia\/image\/202601\/w1920\/colaj_20edd7a939.jpg&#8221;] &lt;!&#8211; &#8211;&gt; \u201ePe cine nu la\u0219i s\u0103 moar\u0103 nu te las\u0103 s\u0103 tr\u0103ie\u0219ti. PNL nu s-a \u021binut de cuv\u00e2nt\u201d \u00cen interven\u021bia sa, Lia Olgu\u021ba Vasilescu a afirmat c\u0103 parteneriatul cu PNL a \u00eenceput s\u0103 sc\u00e2r\u021b\u00e2ie \u00eenainte de alegerile parlamentare \u0219i preziden\u021biale din 2024 \u0219i a sugerat c\u0103 vina a fost a liberalilor. [&hellip;]<\/p>\n","protected":false},"author":1,"featured_media":0,"comment_status":"open","ping_status":"","sticky":false,"template":"","format":"standard","meta":{"footnotes":""},"categories":[89],"tags":[226,15],"class_list":["post-1893398","post","type-post","status-publish","format-standard","hentry","category-romania","tag-crawlmanager","tag-realitatea-net"],"_links":{"self":[{"href":"https:\/\/analyse.optim.biz\/index.php?rest_route=\/wp\/v2\/posts\/1893398","targetHints":{"allow":["GET"]}}],"collection":[{"href":"https:\/\/analyse.optim.biz\/index.php?rest_route=\/wp\/v2\/posts"}],"about":[{"href":"https:\/\/analyse.optim.biz\/index.php?rest_route=\/wp\/v2\/types\/post"}],"author":[{"embeddable":true,"href":"https:\/\/analyse.optim.biz\/index.php?rest_route=\/wp\/v2\/users\/1"}],"replies":[{"embeddable":true,"href":"https:\/\/analyse.optim.biz\/index.php?rest_route=%2Fwp%2Fv2%2Fcomments&post=1893398"}],"version-history":[{"count":0,"href":"https:\/\/analyse.optim.biz\/index.php?rest_route=\/wp\/v2\/posts\/1893398\/revisions"}],"wp:attachment":[{"href":"https:\/\/analyse.optim.biz\/index.php?rest_route=%2Fwp%2Fv2%2Fmedia&parent=1893398"}],"wp:term":[{"taxonomy":"category","embeddable":true,"href":"https:\/\/analyse.optim.biz\/index.php?rest_route=%2Fwp%2Fv2%2Fcategories&post=1893398"},{"taxonomy":"post_tag","embeddable":true,"href":"https:\/\/analyse.optim.biz\/index.php?rest_route=%2Fwp%2Fv2%2Ftags&post=1893398"}],"curies":[{"name":"wp","href":"https:\/\/api.w.org\/{rel}","templated":true}]}}