{"id":1893246,"date":"2026-04-20T12:48:17","date_gmt":"2026-04-20T09:48:17","guid":{"rendered":"https:\/\/analyse.optim.biz\/?p=1893246"},"modified":"2026-04-20T12:48:17","modified_gmt":"2026-04-20T09:48:17","slug":"timisul-invitat-de-onoare-la-bruxelles-traditie-si-modernitate-la-arthis-fest-2026","status":"publish","type":"post","link":"https:\/\/analyse.optim.biz\/?p=1893246","title":{"rendered":"Timi\u0219ul, invitat de onoare la Bruxelles: tradi\u021bie \u0219i modernitate la Arthis Fest 2026"},"content":{"rendered":"<p>[analyse_image type=&#8221;featured&#8221; src=&#8221;https:\/\/orasul-timisoara.ro\/wp-content\/uploads\/2020\/10\/prefectura-timis-consiliul-judetean-cjt-palat-centru.jpg&#8221;]<\/p>\n<article id=\"post-38273\" class=\"td-post-template-7 post-38273 post type-post status-publish format-standard has-post-thumbnail category-featured category-stiri-timisoara category-stiri-nationale-si-internationale category-turism tag-arthis-fest tag-cultura-banat-2 tag-diaspora-romaneasca-2 tag-evenimente-culturale tag-gastronomie-banat tag-produse-locale tag-promovare-externa tag-timis-bruxelles tag-turism-romania tag-visit-timis td-container-wrap\">\n<div class=\"td-full-screen-header-image-wrap\">\n<div class=\"td-container td-post-header\">\n<div class=\"td-crumb-container\">\n<div class=\"entry-crumbs\"><span><a title=\"Vede\u021bi toate articolele \u00een \u0218tiri Locale\" class=\"entry-crumb\" href=\"https:\/\/orasul-timisoara.ro\/local-category\/stiri-timisoara\/\">\u0218tiri Locale<\/a><\/span><span class=\"td-bred-no-url-last\">Timi\u0219ul, invitat de onoare la Bruxelles: tradi\u021bie \u0219i modernitate la Arthis Fest&#8230;<\/span><\/div>\n<\/div>\n<div class=\"td-post-header-holder\">\n<div class=\"td-parallax-header\">\n<header class=\"td-post-title\">\n<ul class=\"td-category\">\n<li class=\"entry-category\"><a href=\"https:\/\/orasul-timisoara.ro\/local-category\/stiri-timisoara\/\">\u0218tiri Locale<\/a><\/li>\n<li class=\"entry-category\"><a href=\"https:\/\/orasul-timisoara.ro\/local-category\/stiri-nationale-si-internationale\/\">\u0218tiri na\u021bionale \u0219i interna\u021bionale<\/a><\/li>\n<li class=\"entry-category\"><a href=\"https:\/\/orasul-timisoara.ro\/local-category\/turism\/\">Turism<\/a><\/li>\n<\/ul>\n<h1 class=\"entry-title\">Timi\u0219ul, invitat de onoare la Bruxelles: tradi\u021bie \u0219i modernitate la Arthis Fest 2026<\/h1>\n<div class=\"td-module-meta-info\">\n<div class=\"td-post-author-name\">\n<div class=\"td-author-by\">De c\u0103tre<\/div>\n<p><a href=\"https:\/\/orasul-timisoara.ro\/author\/timisoara\/\">redactia<\/a><\/p>\n<div class=\"td-author-line\"> &#8211; <\/div>\n<\/div>\n<p><span class=\"td-post-date\"><time class=\"entry-date updated td-module-date\" datetime=\"2026-04-20T15:48:17+03:00\">20\/04\/2026<\/time><\/span><\/div>\n<\/header>\n<\/div>\n<\/div>\n<\/div>\n<div id=\"td-full-screen-header-image\" class=\"td-image-gradient-style7\"><img decoding=\"async\" class=\"td-backstretch\" src=\"https:\/\/orasul-timisoara.ro\/wp-content\/uploads\/2020\/10\/prefectura-timis-consiliul-judetean-cjt-palat-centru.jpg\"><\/div>\n<\/div>\n<div class=\"td-container\">\n<div class=\"td-pb-row\">\n<div class=\"td-pb-span8 td-main-content\" role=\"main\">\n<div class=\"td-ss-main-content\">\n<div class=\"td-post-sharing-top\">\n<div class=\"td-post-sharing-classic\"><iframe title=\"topFacebookLike\" frameborder src=\"https:\/\/www.facebook.com\/plugins\/like.php?href=https:\/\/orasul-timisoara.ro\/local-38273\/&amp;layout=button_count&amp;show_faces=false&amp;width=105&amp;action=like&amp;colorscheme=light&amp;height=21\"><\/iframe><\/div>\n<div id=\"td_social_sharing_article_top\" class=\"td-post-sharing td-ps-bg td-ps-notext td-post-sharing-style1 \">\n<div class=\"td-post-sharing-visible\"><a class=\"td-social-sharing-button td-social-sharing-button-js td-social-network td-social-facebook\" href=\"https:\/\/www.facebook.com\/sharer.php?u=https%3A%2F%2Forasul-timisoara.ro%2Flocal-38273%2F\" title=\"Facebook\"><\/p>\n<div class=\"td-social-but-text\">Facebook<\/div>\n<p><\/a><a class=\"td-social-sharing-button td-social-sharing-button-js td-social-network td-social-twitter\" href=\"https:\/\/twitter.com\/intent\/tweet?text=Timi%C8%99ul%2C+invitat+de+onoare+la+Bruxelles%3A+tradi%C8%9Bie+%C8%99i+modernitate+la+Arthis+Fest+2026&amp;url=https%3A%2F%2Forasul-timisoara.ro%2Flocal-38273%2F&amp;via=orasultm\" title=\"Twitter\"><\/p>\n<div class=\"td-social-but-text\">Twitter<\/div>\n<p><\/a><a class=\"td-social-sharing-button td-social-sharing-button-js td-social-network td-social-whatsapp\" href=\"https:\/\/api.whatsapp.com\/send?text=Timi%C8%99ul%2C+invitat+de+onoare+la+Bruxelles%3A+tradi%C8%9Bie+%C8%99i+modernitate+la+Arthis+Fest+2026%20%0A%0A%20https:\/\/orasul-timisoara.ro\/local-38273\/\" title=\"WhatsApp\"><\/p>\n<div class=\"td-social-but-text\">WhatsApp<\/div>\n<p><\/a><a class=\"td-social-sharing-button td-social-sharing-button-js td-social-network td-social-linkedin\" href=\"https:\/\/www.linkedin.com\/shareArticle?mini=true&amp;url=https:\/\/orasul-timisoara.ro\/local-38273\/&amp;title=Timi%C8%99ul%2C+invitat+de+onoare+la+Bruxelles%3A+tradi%C8%9Bie+%C8%99i+modernitate+la+Arthis+Fest+2026\" title=\"Linkedin\"><\/p>\n<div class=\"td-social-but-text\">Linkedin<\/div>\n<p><\/a><a class=\"td-social-sharing-button td-social-sharing-button-js td-social-network td-social-reddit\" href=\"https:\/\/reddit.com\/submit?url=https:\/\/orasul-timisoara.ro\/local-38273\/&amp;title=Timi%C8%99ul%2C+invitat+de+onoare+la+Bruxelles%3A+tradi%C8%9Bie+%C8%99i+modernitate+la+Arthis+Fest+2026\" title=\"ReddIt\"><\/p>\n<div class=\"td-social-but-text\">ReddIt<\/div>\n<p><\/a><a class=\"td-social-sharing-button td-social-sharing-button-js td-social-network td-social-mail\" href=\"mailto:?subject=Timi%C8%99ul,%20invitat%20de%20onoare%20la%20Bruxelles:%20tradi%C8%9Bie%20%C8%99i%20modernitate%20la%20Arthis%20Fest%202026&amp;body=https:\/\/orasul-timisoara.ro\/local-38273\/\" title=\"Email\"><\/p>\n<div class=\"td-social-but-text\">Email<\/div>\n<p><\/a><a class=\"td-social-sharing-button td-social-sharing-button-js td-social-network td-social-print\" href=\"https:\/\/orasul-timisoara.ro\/local-38273\/\" title=\"Imprimare\"><\/p>\n<div class=\"td-social-but-text\">Imprimare<\/div>\n<p><\/a><\/div>\n<\/div>\n<\/div>\n<div class=\"td-post-content tagdiv-type\">\n<p>Jude\u021bul Timi\u0219 \u00ee\u0219i va promova identitatea cultural\u0103 \u0219i poten\u021bialul turistic la Bruxelles, \u00een cadrul unuia dintre cele mai importante evenimente dedicate Rom\u00e2niei \u00een capitala european\u0103. \u00centre 23 \u0219i 25 aprilie, administra\u021bia jude\u021bean\u0103 va reprezenta Banatul la Prim\u0103vara rom\u00e2neasc\u0103 la Bruxelles \u2013 Arthis Fest 2026, unde Timi\u0219ul va avea statutul de invitat de onoare.<\/p>\n<p>Participarea, coordonat\u0103 de Consiliul Jude\u021bean Timi\u0219, este conceput\u0103 ca o experien\u021b\u0103 cultural\u0103 complex\u0103, structurat\u0103 pe ideea unei c\u0103l\u0103torii \u00eentre tradi\u021bie \u0219i modernitate. Conceptul propus \u2013 \u201eRoots &amp; Wings\u201d \u2013 va transpune publicul, pe parcursul aceleia\u0219i zile, din universul satului b\u0103n\u0103\u021bean autentic c\u0103tre dinamica unei Timi\u0219oara europene.<\/p>\n<p>Programul artistic include momente sus\u021binute de Ansamblul Profesionist Banatul, care va aduce pe scen\u0103 dansuri tradi\u021bionale din Banat, Moldova \u0219i Bistri\u021ba, al\u0103turi de suite orchestrale. Spectacolul va reuni peste 30 de arti\u0219ti, \u00eentre care 10 perechi de dansatori coordona\u021bi de coregrafii Floarea Munteanu \u0219i Grigore Munteanu, precum \u0219i o orchestr\u0103 de 11 instrumenti\u0219ti condus\u0103 de dirijorul Sebastian Ro\u0219ca.<\/p>\n<p>Pe l\u00e2ng\u0103 folclor, publicul va avea parte de un concert sus\u021binut de Mihai Toma, dar \u0219i de proiec\u021bii vizuale moderne, realizate cu imagini aeriene din jude\u021bul Timi\u0219, completate de elemente grafice contemporane. Organizatorii mizeaz\u0103 pe o prezentare vizual\u0103 \u0219i artistic\u0103 adaptat\u0103 publicului interna\u021bional, \u00eentr-un spa\u021biu multicultural competitiv, precum Bruxelles.<\/p>\n<p>Un punct central al particip\u0103rii \u00eel reprezint\u0103 promovarea statutului de viitoare Regiune Gastronomic\u0103 European\u0103 2028. Vizitatorii vor putea descoperi produse locale \u0219i reinterpret\u0103ri ale buc\u0103t\u0103riei tradi\u021bionale, al\u0103turi de produc\u0103tori \u0219i artizani reuni\u021bi sub conceptul \u201eProdus \u00een Banat\u201d. Experien\u021ba va fi completat\u0103 de activit\u0103\u021bi interactive bazate pe stimularea sim\u021burilor \u2013 gust, miros \u0219i memorie \u2013 ca instrumente de promovare cultural\u0103.<\/p>\n<p>Vicepre\u0219edintele Consiliului Jude\u021bean Timi\u0219, Alexandru Iovescu, a subliniat c\u0103 participarea urm\u0103re\u0219te o abordare neo-tradi\u021bional\u0103, care s\u0103 dep\u0103\u0219easc\u0103 tiparele clasice ale t\u00e2rgurilor etnice \u0219i s\u0103 eviden\u021bieze capacitatea comunit\u0103\u021bii de a integra tradi\u021biile \u00eentr-un limbaj contemporan.<\/p>\n<p>Pe l\u00e2ng\u0103 componenta cultural\u0103, delega\u021bia jude\u021bean\u0103 va avea o serie de \u00eent\u00e2lniri institu\u021bionale la Parlamentul European, \u00een vederea consolid\u0103rii rela\u021biilor \u0219i cre\u0219terii vizibilit\u0103\u021bii interna\u021bionale a jude\u021bului.<\/p>\n<p>Prin aceast\u0103 participare, Timi\u0219ul \u00ee\u0219i propune s\u0103 \u00ee\u0219i \u00eent\u0103reasc\u0103 profilul european, s\u0103 atrag\u0103 turi\u0219ti \u0219i s\u0103 promoveze produsele locale pe o pia\u021b\u0103 interna\u021bional\u0103, \u00eentr-un context \u00een care identitatea regional\u0103 devine un atu strategic \u00een competi\u021bia cultural\u0103 \u0219i economic\u0103.<\/p>\n<\/div>\n<footer>\n<div class=\"td-post-source-tags\">\n<ul class=\"td-tags td-post-small-box clearfix\">\n<li><span>ETICHETE<\/span><\/li>\n<li><a href=\"https:\/\/orasul-timisoara.ro\/local-tag\/arthis-fest\/\">Arthis Fest<\/a><\/li>\n<li><a href=\"https:\/\/orasul-timisoara.ro\/local-tag\/cultura-banat-2\/\">cultura Banat<\/a><\/li>\n<li><a href=\"https:\/\/orasul-timisoara.ro\/local-tag\/diaspora-romaneasca-2\/\">diaspora romaneasca<\/a><\/li>\n<li><a href=\"https:\/\/orasul-timisoara.ro\/local-tag\/evenimente-culturale\/\">evenimente culturale<\/a><\/li>\n<li><a href=\"https:\/\/orasul-timisoara.ro\/local-tag\/gastronomie-banat\/\">gastronomie Banat<\/a><\/li>\n<li><a href=\"https:\/\/orasul-timisoara.ro\/local-tag\/produse-locale\/\">produse locale<\/a><\/li>\n<li><a href=\"https:\/\/orasul-timisoara.ro\/local-tag\/promovare-externa\/\">promovare externa<\/a><\/li>\n<li><a href=\"https:\/\/orasul-timisoara.ro\/local-tag\/timis-bruxelles\/\">Timis Bruxelles<\/a><\/li>\n<li><a href=\"https:\/\/orasul-timisoara.ro\/local-tag\/turism-romania\/\">turism romania<\/a><\/li>\n<li><a href=\"https:\/\/orasul-timisoara.ro\/local-tag\/visit-timis\/\">visit timis<\/a><\/li>\n<\/ul>\n<\/div>\n<div class=\"td-post-sharing-bottom\">\n<div class=\"td-post-sharing-classic\"><iframe title=\"bottomFacebookLike\" frameborder src=\"https:\/\/www.facebook.com\/plugins\/like.php?href=https:\/\/orasul-timisoara.ro\/local-38273\/&amp;layout=button_count&amp;show_faces=false&amp;width=105&amp;action=like&amp;colorscheme=light&amp;height=21\"><\/iframe><\/div>\n<div id=\"td_social_sharing_article_bottom\" class=\"td-post-sharing td-ps-bg td-ps-notext td-post-sharing-style1 \">\n<div class=\"td-post-sharing-visible\"><a class=\"td-social-sharing-button td-social-sharing-button-js td-social-network td-social-facebook\" href=\"https:\/\/www.facebook.com\/sharer.php?u=https%3A%2F%2Forasul-timisoara.ro%2Flocal-38273%2F\" title=\"Facebook\"><\/p>\n<div class=\"td-social-but-text\">Facebook<\/div>\n<p><\/a><a class=\"td-social-sharing-button td-social-sharing-button-js td-social-network td-social-twitter\" href=\"https:\/\/twitter.com\/intent\/tweet?text=Timi%C8%99ul%2C+invitat+de+onoare+la+Bruxelles%3A+tradi%C8%9Bie+%C8%99i+modernitate+la+Arthis+Fest+2026&amp;url=https%3A%2F%2Forasul-timisoara.ro%2Flocal-38273%2F&amp;via=orasultm\" title=\"Twitter\"><\/p>\n<div class=\"td-social-but-text\">Twitter<\/div>\n<p><\/a><a class=\"td-social-sharing-button td-social-sharing-button-js td-social-network td-social-whatsapp\" href=\"https:\/\/api.whatsapp.com\/send?text=Timi%C8%99ul%2C+invitat+de+onoare+la+Bruxelles%3A+tradi%C8%9Bie+%C8%99i+modernitate+la+Arthis+Fest+2026%20%0A%0A%20https:\/\/orasul-timisoara.ro\/local-38273\/\" title=\"WhatsApp\"><\/p>\n<div class=\"td-social-but-text\">WhatsApp<\/div>\n<p><\/a><a class=\"td-social-sharing-button td-social-sharing-button-js td-social-network td-social-linkedin\" href=\"https:\/\/www.linkedin.com\/shareArticle?mini=true&amp;url=https:\/\/orasul-timisoara.ro\/local-38273\/&amp;title=Timi%C8%99ul%2C+invitat+de+onoare+la+Bruxelles%3A+tradi%C8%9Bie+%C8%99i+modernitate+la+Arthis+Fest+2026\" title=\"Linkedin\"><\/p>\n<div class=\"td-social-but-text\">Linkedin<\/div>\n<p><\/a><a class=\"td-social-sharing-button td-social-sharing-button-js td-social-network td-social-reddit\" href=\"https:\/\/reddit.com\/submit?url=https:\/\/orasul-timisoara.ro\/local-38273\/&amp;title=Timi%C8%99ul%2C+invitat+de+onoare+la+Bruxelles%3A+tradi%C8%9Bie+%C8%99i+modernitate+la+Arthis+Fest+2026\" title=\"ReddIt\"><\/p>\n<div class=\"td-social-but-text\">ReddIt<\/div>\n<p><\/a><a class=\"td-social-sharing-button td-social-sharing-button-js td-social-network td-social-mail\" href=\"mailto:?subject=Timi%C8%99ul,%20invitat%20de%20onoare%20la%20Bruxelles:%20tradi%C8%9Bie%20%C8%99i%20modernitate%20la%20Arthis%20Fest%202026&amp;body=https:\/\/orasul-timisoara.ro\/local-38273\/\" title=\"Email\"><\/p>\n<div class=\"td-social-but-text\">Email<\/div>\n<p><\/a><a class=\"td-social-sharing-button td-social-sharing-button-js td-social-network td-social-print\" href=\"https:\/\/orasul-timisoara.ro\/local-38273\/\" title=\"Imprimare\"><\/p>\n<div class=\"td-social-but-text\">Imprimare<\/div>\n<p><\/a><\/div>\n<\/div>\n<\/div>\n<div class=\"td-block-row td-post-next-prev\">\n<div class=\"td-block-span6 td-post-prev-post\">\n<div class=\"td-post-next-prev-content\"><span>Articolul precedent<\/span><a href=\"https:\/\/orasul-timisoara.ro\/local-38265\/\">Prim\u0103ria Timi\u0219oara a desemnat c\u00e2\u0219tig\u0103torul licita\u021biei pentru lucr\u0103rile la Podul Solventul, primul ce va fi construit \u00een ultimii 50 de ani \u00een ora\u0219 (foto)<\/a><\/div>\n<\/div>\n<div class=\"td-block-span6 td-post-next-post\">\n<div class=\"td-post-next-prev-content\"><span>Articolul urm\u0103tor<\/span><a href=\"https:\/\/orasul-timisoara.ro\/local-38275\/\">Investi\u021bii \u00een educa\u021bie: Timi\u0219oara extinde \u0218coala Gimnazial\u0103 nr. 7 cu fonduri europene<\/a><\/div>\n<\/div>\n<\/div>\n<div class=\"td-author-name vcard author\"><span class=\"fn\"><a href=\"https:\/\/orasul-timisoara.ro\/author\/timisoara\/\">redactia<\/a><\/span><\/div>\n<p><span class=\"td-page-meta\"><\/span><span class=\"td-page-meta\"><span class=\"td-page-meta\"><\/span><\/span><span class=\"td-page-meta\"><\/span><\/footer>\n<div class=\"td_block_wrap td_block_related_posts tdi_3 td_with_ajax_pagination td-pb-border-top td_block_template_8\" data-td-block-uid=\"tdi_3\">\n<h4 class=\"td-related-title td-block-title\"><a id=\"tdi_4\" class=\"td-related-left td-cur-simple-item\" data-td_filter_value data-td_block_id=\"tdi_3\" href=\"https:\/\/orasul-timisoara.ro\/local-38273\/\">ARTICOLE SIMILARE<\/a><a id=\"tdi_5\" class=\"td-related-right\" data-td_filter_value=\"td_related_more_from_author\" data-td_block_id=\"tdi_3\" href=\"https:\/\/orasul-timisoara.ro\/local-38273\/\">DE LA ACELA\u0218I AUTOR<\/a><\/h4>\n<div id=\"tdi_3\" class=\"td_block_inner\">\n<div class=\"td-related-row\">\n<div class=\"td-related-span4\">\n<div class=\"td_module_related_posts td-animation-stack td_mod_related_posts\">\n<div class=\"td-module-image\">\n<div class=\"td-module-thumb\"><a href=\"https:\/\/orasul-timisoara.ro\/local-38118\/\" rel=\"bookmark\" class=\"td-image-wrap \" title=\"Harababura Fair revine la Timi\u0219oara: design rom\u00e2nesc \u0219i muzic\u0103 pe vinil, \u00eentr-un singur loc\"><img loading=\"lazy\" decoding=\"async\" class=\"entry-thumb\" src=\"https:\/\/orasul-timisoara.ro\/wp-content\/uploads\/2026\/04\/HRB-aprilie2-436x300.jpg\" alt title=\"Harababura Fair revine la Timi\u0219oara: design rom\u00e2nesc \u0219i muzic\u0103 pe vinil, \u00eentr-un singur loc\" width=\"218\" height=\"150\"><\/a><\/div>\n<\/div>\n<div class=\"item-details\">\n<h3 class=\"entry-title td-module-title\"><a href=\"https:\/\/orasul-timisoara.ro\/local-38118\/\" rel=\"bookmark\" title=\"Harababura Fair revine la Timi\u0219oara: design rom\u00e2nesc \u0219i muzic\u0103 pe vinil, \u00eentr-un singur loc\">Harababura Fair revine la Timi\u0219oara: design rom\u00e2nesc \u0219i muzic\u0103 pe vinil, \u00eentr-un singur loc<\/a><\/h3>\n<\/div>\n<\/div>\n<\/div>\n<div class=\"td-related-span4\">\n<div class=\"td_module_related_posts td-animation-stack td_mod_related_posts\">\n<div class=\"td-module-image\">\n<div class=\"td-module-thumb\"><a href=\"https:\/\/orasul-timisoara.ro\/local-38036\/\" rel=\"bookmark\" class=\"td-image-wrap \" title=\"Tur virtual lansat pentru expozi\u021bia \u201eFragilitatea Eternului\u201d de la Muzeul de Art\u0103 Timi\u0219oara\"><img loading=\"lazy\" decoding=\"async\" class=\"entry-thumb\" src=\"https:\/\/orasul-timisoara.ro\/wp-content\/uploads\/2026\/04\/Foto2-436x300.jpg\" alt title=\"Tur virtual lansat pentru expozi\u021bia \u201eFragilitatea Eternului\u201d de la Muzeul de Art\u0103 Timi\u0219oara\" width=\"218\" height=\"150\"><\/a><\/div>\n<\/div>\n<div class=\"item-details\">\n<h3 class=\"entry-title td-module-title\"><a href=\"https:\/\/orasul-timisoara.ro\/local-38036\/\" rel=\"bookmark\" title=\"Tur virtual lansat pentru expozi\u021bia \u201eFragilitatea Eternului\u201d de la Muzeul de Art\u0103 Timi\u0219oara\">Tur virtual lansat pentru expozi\u021bia \u201eFragilitatea Eternului\u201d de la Muzeul de Art\u0103 Timi\u0219oara<\/a><\/h3>\n<\/div>\n<\/div>\n<\/div>\n<div class=\"td-related-span4\">\n<div class=\"td_module_related_posts td-animation-stack td_mod_related_posts\">\n<div class=\"td-module-image\">\n<div class=\"td-module-thumb\"><a href=\"https:\/\/orasul-timisoara.ro\/local-37748\/\" rel=\"bookmark\" class=\"td-image-wrap \" title=\"Edi\u021bie extins\u0103 la Timi\u0219oara Jazz Festival: concerte, expozi\u021bii \u0219i acces gratuit\"><img loading=\"lazy\" decoding=\"async\" class=\"entry-thumb\" src=\"https:\/\/orasul-timisoara.ro\/wp-content\/uploads\/2026\/03\/TJF_Bloom_Post_3-436x300.jpg\" alt title=\"Edi\u021bie extins\u0103 la Timi\u0219oara Jazz Festival: concerte, expozi\u021bii \u0219i acces gratuit\" width=\"218\" height=\"150\"><\/a><\/div>\n<\/div>\n<div class=\"item-details\">\n<h3 class=\"entry-title td-module-title\"><a href=\"https:\/\/orasul-timisoara.ro\/local-37748\/\" rel=\"bookmark\" title=\"Edi\u021bie extins\u0103 la Timi\u0219oara Jazz Festival: concerte, expozi\u021bii \u0219i acces gratuit\">Edi\u021bie extins\u0103 la Timi\u0219oara Jazz Festival: concerte, expozi\u021bii \u0219i acces gratuit<\/a><\/h3>\n<\/div>\n<\/div>\n<\/div>\n<\/div>\n<\/div>\n<\/div>\n<div class=\"comments\" id=\"comments\">\n<div id=\"respond\" class=\"comment-respond\">\n<h3 id=\"reply-title\" class=\"comment-reply-title\">L\u0102SA\u021aI UN MESAJ<\/h3>\n<div class=\"comment-form-input-wrap td-form-comment\">\n<div class=\"td-warning-comment\">V\u0103 rug\u0103m s\u0103 introduce\u021bi comentariul dvs.!<\/div>\n<\/div>\n<div class=\"comment-form-input-wrap td-form-author\">\n<div class=\"td-warning-author\">Introduce\u021bi aici numele dvs.<\/div>\n<\/div>\n<div class=\"comment-form-input-wrap td-form-email\">\n<div class=\"td-warning-email-error\">A\u021bi introdus o adres\u0103 de e-mail incorect\u0103!<\/div>\n<div class=\"td-warning-email\">V\u0103 rug\u0103m s\u0103 introduce\u021bi adresa dvs. de e-mail aici<\/div>\n<\/div>\n<\/div>\n<p class=\"akismet_comment_form_privacy_notice\">Acest site folose\u0219te Akismet pentru a reduce spamul. <a href=\"https:\/\/akismet.com\/privacy\/\" target=\"_blank\" rel=\"nofollow noopener\">Afl\u0103 cum sunt procesate datele comentariilor tale<\/a>.<\/p>\n<\/div>\n<\/div>\n<\/div>\n<div class=\"td-pb-span4 td-main-sidebar\" role=\"complementary\">\n<div class=\"td-ss-main-sidebar\">\n<aside id=\"block-4\" class=\"td_block_template_8 widget block-4 widget_block widget_media_image\">\n<figure class=\"wp-block-image size-full\"><img loading=\"lazy\" decoding=\"async\" width=\"336\" height=\"280\" src=\"https:\/\/orasul-timisoara.ro\/wp-content\/uploads\/2024\/11\/ReTIM-Abonamentul-Verde-Google-Ads-336x280px.gif\" alt class=\"wp-image-29257\"><\/figure>\n<\/aside>\n<div class=\"td_block_wrap td_block_social_counter td_block_widget tdi_6 td-social-style5 td-social-boxed td-pb-border-top td_block_template_8\">\n<div class=\"td-block-title-wrap\">\n<h4 class=\"td-block-title\"><span>Urm\u0103re\u0219te-ne pe Social Media<\/span><\/h4>\n<\/div>\n<div class=\"td-social-list\">\n<div class=\"td_social_type td-pb-margin-side td_social_facebook\">\n<div class=\"td-social-box\"><span class=\"td_social_info td_social_info_counter\">344,595<\/span><span class=\"td_social_info td_social_info_name\">Fani<\/span><span class=\"td_social_button\"><a href=\"https:\/\/www.facebook.com\/247timisoara\" target=\"_blank\" rel=\"nofollow\">\u00cemi place<\/a><\/span><\/div>\n<\/div>\n<div class=\"td_social_type td-pb-margin-side td_social_instagram\">\n<div class=\"td-social-box\"><span class=\"td_social_info td_social_info_counter\">4,416<\/span><span class=\"td_social_info td_social_info_name\">Cititori<\/span><span class=\"td_social_button\"><a href=\"https:\/\/instagram.com\/orasultimisoararo\/\" target=\"_blank\" rel=\"nofollow\">Conecta\u021bi-v\u0103<\/a><\/span><\/div>\n<\/div>\n<div class=\"td_social_type td-pb-margin-side td_social_rss\">\n<div class=\"td-social-box\"><span class=\"td_social_info td_social_info_counter\">12,506<\/span><span class=\"td_social_info td_social_info_name\">Cititori<\/span><span class=\"td_social_button\"><a href=\"https:\/\/orasul-timisoara.ro\/feed\/\" target=\"_blank\" rel=\"nofollow\">Conecta\u021bi-v\u0103<\/a><\/span><\/div>\n<\/div>\n<div class=\"td_social_type td-pb-margin-side td_social_tiktok\">\n<div class=\"td-social-box\"><span class=\"td_social_info td_social_info_counter\">1,500<\/span><span class=\"td_social_info td_social_info_name\">Cititori<\/span><span class=\"td_social_button\"><a href=\"https:\/\/www.tiktok.com\/@orasultimisoara\" target=\"_blank\" rel=\"nofollow\">Conecta\u021bi-v\u0103<\/a><\/span><\/div>\n<\/div>\n<div class=\"td_social_type td-pb-margin-side td_social_twitter\">\n<div class=\"td-social-box\"><span class=\"td_social_info td_social_info_counter\">1,595<\/span><span class=\"td_social_info td_social_info_name\">Cititori<\/span><span class=\"td_social_button\"><a href=\"https:\/\/twitter.com\/orasultm\" target=\"_blank\" rel=\"nofollow\">Conecta\u021bi-v\u0103<\/a><\/span><\/div>\n<\/div>\n<div class=\"td_social_type td-pb-margin-side td_social_youtube\">\n<div class=\"td-social-box\"><span class=\"td_social_info td_social_info_counter\">3,506<\/span><span class=\"td_social_info td_social_info_name\">Abona\u021bi<\/span><span class=\"td_social_button\"><a href=\"https:\/\/www.youtube.com\/channel\/UCQNsQvs2XCSIm1Z-AHRturw?sub_confirmation=1\" target=\"_blank\" rel=\"nofollow\">Abona\u021bi-v\u0103<\/a><\/span><\/div>\n<\/div>\n<\/div>\n<\/div>\n<aside id=\"text-7\" class=\"td_block_template_8 widget text-7 widget_text\">\n<h4 class=\"td-block-title\"><span>C\u0103ut\u0103ri populare pe OTM<\/span><\/h4>\n<div class=\"textwidget\"><a href=\"https:\/\/orasul-timisoara.ro\/?s=timisoara\"><span>Timisoara<\/span><\/a><a href=\"https:\/\/orasul-timisoara.ro\/?s=calin+dobra\"><span>Calin Dobra<\/span><\/a><a href=\"https:\/\/orasul-timisoara.ro\/?s=primaria+timisoara\"><span>Primaria Timisoara<\/span><\/a><a href=\"https:\/\/orasul-timisoara.ro\/?s=dominic+fritz\"><span>Dominic Fritz<\/span><\/a><a href=\"https:\/\/orasul-timisoara.ro\/?s=nicolae+robu\"><span>Nicolae Robu<\/span><\/a><a href=\"https:\/\/orasul-timisoara.ro\/?s=consiliul+local+timisoara\">Consiliul Local Timisoara<\/a><a href=\"https:\/\/orasul-timisoara.ro\/?s=consiliul+judetean+timis\"><span>Consiliul Judetean Timis<\/span><\/a><a href=\"https:\/\/orasul-timisoara.ro\/?s=cjt\"><span>CJT<\/span><\/a><a href=\"https:\/\/orasul-timisoara.ro\/?s=Alfred+Simonis\"><span>Alfred Simonis<\/span><\/a><a href=\"https:\/\/orasul-timisoara.ro\/?s=PNL\"><span>PNL<\/span><\/a><a href=\"https:\/\/orasul-timisoara.ro\/?s=coronavirus\"><span>coronavirus<\/span><\/a><a href=\"https:\/\/orasul-timisoara.ro\/?s=teatru+timisoara\">teatru Timisoara<\/a><a href=\"https:\/\/orasul-timisoara.ro\/?s=restaurante\"><span>restaurante Timisoara<\/span><\/a><a href=\"https:\/\/orasul-timisoara.ro\/?s=diskoteka\"><span>Diskoteka<\/span><\/a><a href=\"https:\/\/orasul-timisoara.ro\/?s=iulius+town\"><span>Iulius Town<\/span><\/a><a href=\"https:\/\/orasul-timisoara.ro\/?s=iulius+mall\"><span>Iulius Mall<\/span><\/a><a href=\"https:\/\/orasul-timisoara.ro\/?s=stpt\"><span>STPT<\/span><\/a><a href=\"https:\/\/orasul-timisoara.ro\/?s=alin+nica\"><span>Alin Nica<\/span><\/a><a href=\"https:\/\/orasul-timisoara.ro\/?s=psd\"><span>PSD<\/span><\/a><a href=\"https:\/\/orasul-timisoara.ro\/?s=aeroport\"><span>Aeroportul International Timisoara<\/span><\/a><a href=\"https:\/\/orasul-timisoara.ro\/?s=babes\"><span>Spitalul Victor Babes Timisoara<\/span><\/a><a href=\"https:\/\/orasul-timisoara.ro\/?s=poli\"><span>Poli Timi\u0219oara<\/span><\/a><a href=\"https:\/\/orasul-timisoara.ro\/?s=carantina\"><span>carantina<\/span><\/a><a href=\"https:\/\/orasul-timisoara.ro\/?s=aquatim\"><span>Aquatim<\/span><\/a><a href=\"https:\/\/orasul-timisoara.ro\/local-category\/stiri-timisoara\/\"><span>Stiri Timisoara<\/span><\/a><a href=\"https:\/\/orasul-timisoara.ro\/local-category\/investitii-in-timisoara\/\"><span>Investi\u021bii in Timi\u0219oara<\/span><\/a><a href=\"https:\/\/orasul-timisoara.ro\/local-9463\/\"><span>shaorma<\/span><\/a><a href=\"https:\/\/orasul-timisoara.ro\/?s=trafic\"><span>trafic rutier<\/span><\/a><a href=\"https:\/\/orasul-timisoara.ro\/?s=politia\"><span>politia locala timisoara<\/span><\/a><a href=\"https:\/\/orasul-timisoara.ro\/?s=roxana\"><span>Roxana Iliescu<\/span><\/a><a href=\"https:\/\/orasul-timisoara.ro\/?s=colterm\"><span>Colterm<\/span><\/a><a href=\"https:\/\/orasul-timisoara.ro\/?s=latcau\"><span>Ruben La\u021bc\u0103u<\/span><\/a><a href=\"https:\/\/orasul-timisoara.ro\/?s=timis\"><span>\u0218tiri din Timi\u0219<\/span><\/a><a href=\"https:\/\/orasul-timisoara.ro\/?s=spital\"><span>Spitale din Timi\u0219oara<\/span><\/a><a href=\"https:\/\/orasul-timisoara.ro\/?s=tabara\"><span>Cosmin Tab\u0103r\u0103<\/span><\/a><\/div>\n<\/aside>\n<aside id=\"rss-2\" class=\"td_block_template_8 widget rss-2 widget_rss\">\n<h4 class=\"td-block-title\"><span><a class=\"rsswidget rss-widget-feed\" href=\"https:\/\/fashionfridays.ro\/feed\"><img decoding=\"async\" class=\"rss-widget-icon\" width=\"14\" height=\"14\" src=\"https:\/\/orasul-timisoara.ro\/wp-includes\/images\/rss.png\" alt=\"RSS\" loading=\"lazy\"><\/a><a class=\"rsswidget rss-widget-title\" href=\"https:\/\/fashionfridays.ro\/\">Fashion Fridays<\/a><\/span><\/h4>\n<ul>\n<li><a class=\"rsswidget\" href=\"https:\/\/fashionfridays.ro\/crocs-lanseaza-crocband-gum-clog-confort-iconic-cu-influente-retro-sport-pentru-primavara\/\">Crocs lanseaz\u0103 Crocband Gum Clog: confort iconic cu influen\u021be retro-sport pentru prim\u0103var\u0103<\/a>\n<div class=\"rssSummary\">Martie marcheaz\u0103 acel moment al anului \u00een care stilul \u00eencepe s\u0103 se relaxeze. Zilele devin mai lungi, ritmul ora\u0219ului se schimb\u0103, iar garderoba face tranzi\u021bia c\u0103tre piese care pun confortul pe primul loc, f\u0103r\u0103 s\u0103 renun\u021be la atitudine. Este sezonul \u00een care autenticitatea devine declara\u021bie de stil, iar alegerile vestimentare reflect\u0103 mai mult ca oric\u00e2nd [\u2026]<\/div>\n<\/li>\n<\/ul>\n<\/aside>\n<aside id=\"rss-4\" class=\"td_block_template_8 widget rss-4 widget_rss\">\n<h4 class=\"td-block-title\"><span><a class=\"rsswidget rss-widget-feed\" href=\"https:\/\/emasini.ro\/feed\"><img decoding=\"async\" class=\"rss-widget-icon\" width=\"14\" height=\"14\" src=\"https:\/\/orasul-timisoara.ro\/wp-includes\/images\/rss.png\" alt=\"RSS\" loading=\"lazy\"><\/a><a class=\"rsswidget rss-widget-title\" href=\"https:\/\/emasini.ro\/\">eMasini<\/a><\/span><\/h4>\n<ul>\n<li><a class=\"rsswidget\" href=\"https:\/\/emasini.ro\/traficul-rutier-sub-analiza-recensamant-national-pentru-modernizarea-infrastructurii\/\">Traficul rutier, sub analiz\u0103: recens\u0103m\u00e2nt na\u021bional pentru modernizarea infrastructurii<\/a>\n<div class=\"rssSummary\">Compania Na\u021bional\u0103 de Administrare a Infrastructurii Rutiere, prin Centrul de Studii Tehnice Rutiere \u0219i Informatic\u0103, preg\u0103te\u0219te una dintre cele mai importante ac\u021biuni de colectare de date din domeniul transporturilor: Recens\u0103m\u00e2ntul General de Circula\u021bie Rutier\u0103. Demersul are un rol strategic \u00een fundamentarea deciziilor privind dezvoltarea \u0219i modernizarea infrastructurii rutiere din Rom\u00e2nia. Ac\u021biunea este coordonat\u0103 de CNAIR, [\u2026]<\/div>\n<\/li>\n<\/ul>\n<\/aside>\n<\/div>\n<\/div>\n<\/div>\n<\/div>\n<\/article>\n<div class=\"td-post-content tagdiv-type\">\n<p>Jude\u021bul Timi\u0219 \u00ee\u0219i va promova identitatea cultural\u0103 \u0219i poten\u021bialul turistic la Bruxelles, \u00een cadrul unuia dintre cele mai importante evenimente dedicate Rom\u00e2niei \u00een capitala european\u0103. \u00centre 23 \u0219i 25 aprilie, administra\u021bia jude\u021bean\u0103 va reprezenta Banatul la Prim\u0103vara rom\u00e2neasc\u0103 la Bruxelles \u2013 Arthis Fest 2026, unde Timi\u0219ul va avea statutul de invitat de onoare.<\/p>\n<p>Participarea, coordonat\u0103 de Consiliul Jude\u021bean Timi\u0219, este conceput\u0103 ca o experien\u021b\u0103 cultural\u0103 complex\u0103, structurat\u0103 pe ideea unei c\u0103l\u0103torii \u00eentre tradi\u021bie \u0219i modernitate. Conceptul propus \u2013 \u201eRoots &amp; Wings\u201d \u2013 va transpune publicul, pe parcursul aceleia\u0219i zile, din universul satului b\u0103n\u0103\u021bean autentic c\u0103tre dinamica unei Timi\u0219oara europene.<\/p>\n<p>Programul artistic include momente sus\u021binute de Ansamblul Profesionist Banatul, care va aduce pe scen\u0103 dansuri tradi\u021bionale din Banat, Moldova \u0219i Bistri\u021ba, al\u0103turi de suite orchestrale. Spectacolul va reuni peste 30 de arti\u0219ti, \u00eentre care 10 perechi de dansatori coordona\u021bi de coregrafii Floarea Munteanu \u0219i Grigore Munteanu, precum \u0219i o orchestr\u0103 de 11 instrumenti\u0219ti condus\u0103 de dirijorul Sebastian Ro\u0219ca.<\/p>\n<p>Pe l\u00e2ng\u0103 folclor, publicul va avea parte de un concert sus\u021binut de Mihai Toma, dar \u0219i de proiec\u021bii vizuale moderne, realizate cu imagini aeriene din jude\u021bul Timi\u0219, completate de elemente grafice contemporane. Organizatorii mizeaz\u0103 pe o prezentare vizual\u0103 \u0219i artistic\u0103 adaptat\u0103 publicului interna\u021bional, \u00eentr-un spa\u021biu multicultural competitiv, precum Bruxelles.<\/p>\n<p>Un punct central al particip\u0103rii \u00eel reprezint\u0103 promovarea statutului de viitoare Regiune Gastronomic\u0103 European\u0103 2028. Vizitatorii vor putea descoperi produse locale \u0219i reinterpret\u0103ri ale buc\u0103t\u0103riei tradi\u021bionale, al\u0103turi de produc\u0103tori \u0219i artizani reuni\u021bi sub conceptul \u201eProdus \u00een Banat\u201d. Experien\u021ba va fi completat\u0103 de activit\u0103\u021bi interactive bazate pe stimularea sim\u021burilor \u2013 gust, miros \u0219i memorie \u2013 ca instrumente de promovare cultural\u0103.<\/p>\n<p>Vicepre\u0219edintele Consiliului Jude\u021bean Timi\u0219, Alexandru Iovescu, a subliniat c\u0103 participarea urm\u0103re\u0219te o abordare neo-tradi\u021bional\u0103, care s\u0103 dep\u0103\u0219easc\u0103 tiparele clasice ale t\u00e2rgurilor etnice \u0219i s\u0103 eviden\u021bieze capacitatea comunit\u0103\u021bii de a integra tradi\u021biile \u00eentr-un limbaj contemporan.<\/p>\n<p>Pe l\u00e2ng\u0103 componenta cultural\u0103, delega\u021bia jude\u021bean\u0103 va avea o serie de \u00eent\u00e2lniri institu\u021bionale la Parlamentul European, \u00een vederea consolid\u0103rii rela\u021biilor \u0219i cre\u0219terii vizibilit\u0103\u021bii interna\u021bionale a jude\u021bului.<\/p>\n<p>Prin aceast\u0103 participare, Timi\u0219ul \u00ee\u0219i propune s\u0103 \u00ee\u0219i \u00eent\u0103reasc\u0103 profilul european, s\u0103 atrag\u0103 turi\u0219ti \u0219i s\u0103 promoveze produsele locale pe o pia\u021b\u0103 interna\u021bional\u0103, \u00eentr-un context \u00een care identitatea regional\u0103 devine un atu strategic \u00een competi\u021bia cultural\u0103 \u0219i economic\u0103.<\/p>\n<\/div>\n<p>[analyse_source url=&#8221;https:\/\/orasul-timisoara.ro\/local-38273\/&#8221;]<\/p>\n","protected":false},"excerpt":{"rendered":"<p>[analyse_image type=&#8221;featured&#8221; src=&#8221;https:\/\/orasul-timisoara.ro\/wp-content\/uploads\/2020\/10\/prefectura-timis-consiliul-judetean-cjt-palat-centru.jpg&#8221;] \u0218tiri LocaleTimi\u0219ul, invitat de onoare la Bruxelles: tradi\u021bie \u0219i modernitate la Arthis Fest&#8230; \u0218tiri Locale \u0218tiri na\u021bionale \u0219i interna\u021bionale Turism Timi\u0219ul, invitat de onoare la Bruxelles: tradi\u021bie \u0219i modernitate la Arthis Fest 2026 De c\u0103tre redactia &#8211; 20\/04\/2026 Facebook Twitter WhatsApp Linkedin ReddIt Email Imprimare Jude\u021bul Timi\u0219 \u00ee\u0219i va promova identitatea cultural\u0103 [&hellip;]<\/p>\n","protected":false},"author":1,"featured_media":0,"comment_status":"open","ping_status":"","sticky":false,"template":"","format":"standard","meta":{"footnotes":""},"categories":[89],"tags":[226,189],"class_list":["post-1893246","post","type-post","status-publish","format-standard","hentry","category-romania","tag-crawlmanager","tag-orasul-timisoara-ro"],"_links":{"self":[{"href":"https:\/\/analyse.optim.biz\/index.php?rest_route=\/wp\/v2\/posts\/1893246","targetHints":{"allow":["GET"]}}],"collection":[{"href":"https:\/\/analyse.optim.biz\/index.php?rest_route=\/wp\/v2\/posts"}],"about":[{"href":"https:\/\/analyse.optim.biz\/index.php?rest_route=\/wp\/v2\/types\/post"}],"author":[{"embeddable":true,"href":"https:\/\/analyse.optim.biz\/index.php?rest_route=\/wp\/v2\/users\/1"}],"replies":[{"embeddable":true,"href":"https:\/\/analyse.optim.biz\/index.php?rest_route=%2Fwp%2Fv2%2Fcomments&post=1893246"}],"version-history":[{"count":0,"href":"https:\/\/analyse.optim.biz\/index.php?rest_route=\/wp\/v2\/posts\/1893246\/revisions"}],"wp:attachment":[{"href":"https:\/\/analyse.optim.biz\/index.php?rest_route=%2Fwp%2Fv2%2Fmedia&parent=1893246"}],"wp:term":[{"taxonomy":"category","embeddable":true,"href":"https:\/\/analyse.optim.biz\/index.php?rest_route=%2Fwp%2Fv2%2Fcategories&post=1893246"},{"taxonomy":"post_tag","embeddable":true,"href":"https:\/\/analyse.optim.biz\/index.php?rest_route=%2Fwp%2Fv2%2Ftags&post=1893246"}],"curies":[{"name":"wp","href":"https:\/\/api.w.org\/{rel}","templated":true}]}}