{"id":1893202,"date":"2026-04-20T11:34:17","date_gmt":"2026-04-20T08:34:17","guid":{"rendered":"https:\/\/analyse.optim.biz\/?p=1893202"},"modified":"2026-04-20T11:34:17","modified_gmt":"2026-04-20T08:34:17","slug":"george-simion-reactie-dura-dupa-ce-nicusor-dan-a-refuzat-un-premier-aur-isi-depaseste-atributiile-am-aprecia-sa-dea-dovada-de-maturitate-in-aceste-zile-noi-vrem-anticipa","status":"publish","type":"post","link":"https:\/\/analyse.optim.biz\/?p=1893202","title":{"rendered":"George Simion, reac\u021bie dur\u0103 dup\u0103 ce Nicu\u0219or Dan a \u201drefuzat\u201d un premier AUR: \u201d\u00ce\u0219i dep\u0103\u0219e\u0219te atribu\u021biile! Am aprecia s\u0103 dea dovad\u0103 de maturitate \u00een aceste zile. Noi vrem anticipate\u201d. Transcrierea integral\u0103 a conferin\u021bei AUR &#8211; VIDEO"},"content":{"rendered":"<p>[analyse_image type=&#8221;featured&#8221; src=&#8221;https:\/\/www.activenews.ro\/images\/articole\/204514.jpg&#8221;]<\/p>\n<div class=\"articleBody\" data-key=\"articleBody\">&lt;div&gt;&lt;span style=&#8221;font-weight: bold;&#8221;&gt;&lt;\/span&gt;&lt;\/div&gt; &lt;div&gt;&lt;span style=&#8221;font-weight: bold;&#8221;&gt;Pre\u0219edintele AUR George Simion a anun\u021bat c\u0103 \u00een eventualitatea \u00een care PSD depune mo\u021biune de cenzur\u0103 pentru a-l da jos pe Ilie Bolojan din fruntea guvernului, partidul s\u0103u va vota pentru. Astfel, mo\u021biunea are toate \u0219ansele s\u0103 treac\u0103, informeaz\u0103 \u0219i Metropola TV. Mai mult, el a spus c\u0103 AUR va ini\u021bia propria mo\u021biune de cenzur\u0103, dac\u0103 va fi nevoie \u0219i nu se opre\u0219te aici. Simion a anun\u021bat c\u0103 partidul s\u0103u nu se limiteaz\u0103 la debarcarea lui Bolojan, ci urm\u0103re\u0219te o schimbare de magnitudine \u0219i mai mare. \u201eNe dorim \u00eentoarcerea la rom\u00e2ni, ne dorim alegeri anticipate, cu siguran\u021b\u0103 vor ar\u0103ta alt\u0103 arhitectur\u0103 politic\u0103\u201d, a declarat pre\u0219edintele AUR.Nicu\u0219or Dan \u00ee\u0219i dep\u0103\u0219e\u0219te atribu\u021biile prin faptul c\u0103 s-a pozi\u021bionat \u00eempotriva accept\u0103rii unui premier sus\u021binut de AUR, a spus, luni, pre\u0219edintele AUR, George Simion, relateaz\u0103 \u0219i Mediafax.&lt;\/span&gt;&lt;\/div&gt; &lt;div&gt;&nbsp;&lt;\/div&gt; &lt;div&gt;&lt;br \/&gt; &lt;\/div&gt; &lt;div&gt;&lt;br \/&gt; &lt;iframe src=&#8221;https:\/\/www.facebook.com\/plugins\/video.php?height=314&amp;href=https%3A%2F%2Fwww.facebook.com%2Fgeorge.simion.unire%2Fvideos%2F1220854456791104%2F&amp;show_text=false&amp;width=560&amp;t=0&#8243; width=&#8221;560&#8243; height=&#8221;314&#8243; style=&#8221;border:none;overflow:hidden&#8221; scrolling=&#8221;no&#8221; frameborder=&#8221;0&#8243; allowfullscreen=&#8221;true&#8221; allow=&#8221;autoplay; clipboard-write; encrypted-media; picture-in-picture; web-share&#8221;&gt;&lt;\/iframe&gt;&lt;\/div&gt; &lt;div&gt;&lt;br \/&gt; &lt;\/div&gt; &lt;div&gt;&lt;span style=&#8221;font-weight: bold;&#8221;&gt;Simion a declarat c\u0103 aceast\u0103 criz\u0103 politic\u0103 este abia la \u00eenceput, iar situa\u021bia \u021b\u0103rii este \u201edramatic\u0103\u201d.&lt;\/span&gt;&lt;\/div&gt; &lt;div&gt;&lt;br \/&gt; &lt;\/div&gt; &lt;div&gt;Pre\u0219edintele AUR a spus c\u0103 Nicu\u0219or Dan \u00ee\u0219i dep\u0103\u0219e\u0219te atribu\u021biile.&lt;\/div&gt; &lt;div&gt;&lt;br \/&gt; &lt;\/div&gt; &lt;div&gt;\u201eCritic\u0103m \u00een termenii cei mai duri exprim\u0103rile pe care Nicu\u0219or Dan le-a avut \u00een ultima s\u0103pt\u0103m\u00e2n\u0103 fa\u021b\u0103 de Alian\u021ba pentru Unirea Rom\u00e2nilor, fa\u021b\u0103 de 30-40%&#8230; o parte important\u0103 a rom\u00e2nilor care ne sus\u021bin, care ne-au acordat votul lor \u0219i ne vor acorda votul lor \u0219i pe viitor. Nu este o pozi\u021bie demn\u0103 de pre\u0219edinte. Nicu\u0219or Dan \u00ee\u0219i dep\u0103\u0219e\u0219te atribu\u021biile\u201d, spune Simion, \u00een conferin\u021b\u0103 de pres\u0103.&lt;\/div&gt; &lt;div&gt;&lt;br \/&gt; &lt;\/div&gt; &lt;div&gt;&lt;span style=&#8221;font-weight: bold;&#8221;&gt;Acesta afirm\u0103 c\u0103 pozi\u021bii ca ale lui Dan, dar \u0219i ca ale pre\u0219edintelui PSD, Sorin Grindeanu, \u201enu le fac cinste\u201d.&lt;\/span&gt;&lt;\/div&gt; &lt;div&gt;&lt;br \/&gt; &lt;\/div&gt; &lt;div&gt;\u201eAceast\u0103 coali\u021bie toxic\u0103 pentru Rom\u00e2nia o s\u0103 sf\u00e2r\u0219easc\u0103. E o problem\u0103 de zile, e o problem\u0103 de s\u0103pt\u0103m\u00e2ni. AUR nu este unealta unora \u0219i altora \u0219i nu ne vom implica \u00een certurile iresponsabile dintre ei. Oamenii care spuneau c\u0103 sunt maturi \u0219i c\u0103 au format aceast\u0103 coali\u021bie \u00een decembrie 2024 d\u00e2nd dovad\u0103 de maturitate \u0219i d\u00e2nd dovad\u0103 c\u0103 \u00eei intereseaz\u0103 rom\u00e2nii, arat\u0103 acum c\u0103 \u00eemp\u0103ratul este gol, c\u0103 nu sunt deloc maturi, ci sunt iresponsabili \u0219i primul nostru mesaj c\u0103tre ei ar fi c\u0103 am aprecia \u00een aceste zile s\u0103 dea dovad\u0103 de maturitate\u201d, a mai spus Simion.&lt;\/div&gt; &lt;div&gt;&lt;br \/&gt; &lt;\/div&gt; &lt;div&gt;&lt;span style=&#8221;font-weight: bold;&#8221;&gt;Pozi\u021bia lui Dan \u0219i a PSD&lt;\/span&gt;&lt;\/div&gt; &lt;div&gt;&lt;br \/&gt; &lt;\/div&gt; &lt;div&gt;Locatarul de la Cotroceni, Nicu\u0219or Dan, a spus, \u00een repetate r\u00e2nduri, c\u0103 nu va accepta un premier sus\u021binut de AUR dac\u0103 Guvernul Bolojan va c\u0103dea.&lt;\/div&gt; &lt;div&gt;&lt;br \/&gt; &lt;\/div&gt; &lt;div&gt;De asemenea, pre\u0219edintele Camerei Deputa\u021bilor \u0219i al PSD a spus de mai multe ori c\u0103 nu va face o nou\u0103 majoritate cu AUR, fapt ar\u0103tat \u0219i \u00een discu\u021biile purtate la Bruxelles.&lt;\/div&gt; &lt;div&gt;&nbsp;&lt;\/div&gt; &lt;div&gt;&nbsp;&lt;\/div&gt; &lt;div&gt;&lt;span style=&#8221;font-weight: bold;&#8221;&gt;Partidul AUR ofer\u0103 transcrierea integral\u0103 a declara\u021biilor f\u0103cute de GEORGE SIMION, pre\u0219edintele AUR, \u00een cadrul conferin\u021bei de pres\u0103 de luni, 20 aprilie:&lt;\/span&gt;&lt;br \/&gt; &lt;br \/&gt; \u201eDin p\u0103cate, actuala coali\u021bie duce Rom\u00e2nia \u00een pr\u0103pastie \u0219i fiind o criz\u0103 politic\u0103 abia la \u00eenceput, v\u0103 anun\u021b\u0103m c\u0103 astfel de conferin\u021be publice vor avea loc probabil zilnic, \u00een func\u021bie de ceea ce se \u00eent\u00e2mpl\u0103, pentru a prezenta \u00eentregii societ\u0103\u021bi rom\u00e2ne\u0219ti solu\u021bia Alian\u021bei pentru Unirea Rom\u00e2nilor, pozi\u021bia noastr\u0103 \u0219i dorin\u021ba ca aceast\u0103 criz\u0103 politic\u0103, social\u0103, economic\u0103 s\u0103 ia sf\u00e2r\u0219it c\u00e2t mai repede.&nbsp;&nbsp;&lt;br \/&gt; &lt;br \/&gt; Au de suferit rom\u00e2nii. Din p\u0103cate am ajuns \u00eentr-un punct critic, iar situa\u021bia \u021b\u0103rii este dramatic\u0103. Noi alegem s\u0103 r\u0103m\u00e2nem al\u0103turi de poporul rom\u00e2n. Critic\u0103m \u00een termenii cei mai duri exprim\u0103rile pe care Nicu\u0219or Dan le-a avut \u00een ultima s\u0103pt\u0103m\u00e2n\u0103 fa\u021b\u0103 de Alian\u021ba pentru Unirea Rom\u00e2nilor \u0219i fa\u021b\u0103 de 30-40%, nu \u0219tim, cert e c\u0103 o parte important\u0103 a rom\u00e2nilor care ne sus\u021bin, ne-au acordat votul lor, ne vor acorda votul lor \u0219i pe viitor.&nbsp;&nbsp;&lt;br \/&gt; &lt;br \/&gt; Nu este o pozi\u021bie demn\u0103 de pre\u0219edinte. Nicu\u0219or Dan \u00ee\u0219i dep\u0103\u0219e\u0219te atribu\u021biile. \u0218i tocmai de aceea \u0219i pozi\u021bii ca ale dumnealui, \u0219i pozi\u021bii ca ale pre\u0219edintelui Sorin Grindeanu, pre\u0219edintele PSD, nu consider\u0103m c\u0103 le fac cinste.&nbsp;&nbsp;&lt;br \/&gt; &lt;br \/&gt; Aceast\u0103 coali\u021bie toxic\u0103 pentru Rom\u00e2nia o s\u0103 sf\u00e2r\u0219easc\u0103. E o problem\u0103 de zile, e o problem\u0103 de s\u0103pt\u0103m\u00e2ni.&nbsp;&nbsp;&lt;br \/&gt; &lt;br \/&gt; AUR nu este unealta unora \u0219i altora \u0219i nu ne vom implica \u00een certurile iresponsabile dintre ei.&nbsp;&lt;br \/&gt; &lt;br \/&gt; Oamenii care spuneau c\u0103 sunt maturi \u0219i c\u0103 au format aceast\u0103 coali\u021bie \u00een decembrie 2024 d\u00e2nd dovad\u0103 de maturitate \u0219i d\u00e2nd dovad\u0103 c\u0103 \u00eei intereseaz\u0103 rom\u00e2nii, arat\u0103 acum c\u0103 \u00eemp\u0103ratul este gol, c\u0103 nu sunt deloc maturi, ci sunt iresponsabili.&nbsp;&nbsp;&lt;br \/&gt; &lt;br \/&gt; \u0218i primul nostru mesaj c\u0103tre ei ar fi c\u0103 am aprecia ca \u00een aceste zile s\u0103 dea dovad\u0103 de maturitate. Totodat\u0103, atragem aten\u021bia rom\u00e2nilor, unii dintre ei fiind obi\u0219nui\u021bi de uneltele de propagand\u0103 s\u0103 vad\u0103 \u00een noi vinovatul de serviciu \u0219i cel mai mare r\u0103u pentru Rom\u00e2nia. C\u0103 este o naivitate s\u0103 crezi c\u0103 aceea\u0219i oameni care au creat criza ne vor scoate din ea.&nbsp;&lt;br \/&gt; &lt;br \/&gt; E nevoie de reconciliere na\u021bional\u0103, e nevoie de responsabilitate \u0219i e nevoie de o schimbare.&nbsp;&nbsp;&lt;br \/&gt; &lt;br \/&gt; M\u0103 ve\u021bi \u00eentreba cu siguran\u021b\u0103 \u0219i o s\u0103 r\u0103spundem la toate \u00eentreb\u0103rile din partea dumneavoastr\u0103 la final, pe diferite scenarii. Noi nu suntem pe post de Baba Vanga, nu suntem pe post de anali\u0219ti politici s\u0103 coment\u0103m diferite faze care demonstreaz\u0103 imaturitatea partidelor din coali\u021bie.&nbsp;&nbsp;&lt;br \/&gt; &lt;br \/&gt; Pozi\u021bia AUR exprimat\u0103 \u00een ultimele s\u0103pt\u0103m\u00e2ni \u0219i \u00een ultimele luni r\u0103m\u00e2ne la fel. Ne dorim \u00eentoarcerea la democra\u021bie, \u00eentoarcerea la voin\u021ba poporului rom\u00e2n, ne dorim alegeri anticipate care cu siguran\u021b\u0103 vor ar\u0103ta o alt\u0103 arhitectur\u0103 politic\u0103 \u0219i \u00eel contrazic iar\u0103\u0219i pe Nicu\u0219or Dan. \u0218i din acest punct de vedere, pre\u0219edintele C\u0103lin Georgescu a avut dreptate \u0219i a avut dreptate de multe ori.&nbsp;&nbsp;&lt;br \/&gt; &lt;br \/&gt; De aceea, din punctul meu de vedere, rom\u00e2nii trebuie s\u0103 stea lini\u0219ti\u021bi. AUR r\u0103m\u00e2ne al\u0103turi de poporul rom\u00e2n.&nbsp;&nbsp;&lt;br \/&gt; &lt;br \/&gt; Nu are rost s\u0103 se impacienteze unii \u0219i al\u021bii. Vom vota eventuale mo\u021biuni de cenzur\u0103. Vom depune propria noastr\u0103 mo\u021biune de cenzur\u0103. Totodat\u0103 vrem s\u0103 vedem ce se \u00eent\u00e2mpl\u0103. Dac\u0103 p\u00e2n\u0103 la urm\u0103 PSD-ul opre\u0219te baletul putere-opozi\u021bie \u0219i se decide s\u0103 \u00eel demit\u0103 pe Ilie Bolojan, vrem s\u0103 \u0219tim care sunt urm\u0103torii pa\u0219i. C\u0103 dac\u0103 pleac\u0103 Ilie Bolojan \u0219i vine o alt\u0103 copie, poate mai palid\u0103, poate mai pu\u021bin \u00eencruntat\u0103, nu va ajuta ca poporul rom\u00e2n s\u0103 o duc\u0103 mai bine. Nu ne va ajuta pe noi, AUR, s\u0103 atingem pacea social\u0103 \u0219i reconcilierea dorit\u0103. Trebuie s\u0103 vedem care sunt pa\u0219ii urm\u0103tori.&nbsp;&nbsp;&lt;br \/&gt; &lt;br \/&gt; \u00cei a\u0219tept\u0103m pe to\u021bi la dialog. Suntem deschi\u0219i s\u0103 discut\u0103m transparent, public, d\u00e2nd de veste tuturor rom\u00e2nilor \u0219i prin intermediul dumneavoastr\u0103 \u0219i prin intermediul re\u021belelor de socializare, ce discu\u021bii purt\u0103m \u00een interesul poporului rom\u00e2n.&nbsp;&lt;br \/&gt; &lt;br \/&gt; Tocmai pentru c\u0103 pe noi ne intereseaz\u0103 interesul na\u021biunii rom\u00e2ne \u0219i interesul na\u021bional, ast\u0103zi \u0219i m\u00e2ine vom depune dou\u0103 proiecte legislative foarte importante, av\u00e2nd \u00een vedere iresponsabilitatea, a\u0219 pune minciuna, din spa\u021biul public \u00een ultima s\u0103pt\u0103m\u00e2n\u0103 legat de listarea pe burs\u0103 a unor companii, de v\u00e2nzarea pachetelor minoritare, majoritare de la unele companii de stat, care \u00een timp de 35 de ani au fost gestionate prost sau foarte prost. \u0218i nu noi am fost la guvernare. Nu AUR, nu George Simeon, nu C\u0103lin Georgescu, nu noi suntem vinova\u021bi pentru criza economic\u0103. Noi venim cu solu\u021bii.&nbsp;&lt;br \/&gt; &lt;br \/&gt; De aceea, pozi\u021bia AUR pe care o ve\u021bi reg\u0103si \u00een proiectele legislative de ast\u0103zi \u0219i care urmeaz\u0103, legat\u0103 de listarea pe burs\u0103, noi nu avem nicio problem\u0103 cu listarea pe burs\u0103, \u00eens\u0103 avem o problem\u0103 cu \u00eenstr\u0103inarea activelor strategice ale Rom\u00e2niei \u0219i prin proiectul legislativ pe care \u00eel va descrie domnul profesor Petri\u0219or Peiu, propunem un prag de dou\u0103 treimi care se r\u0103m\u00e2n\u0103 la statul rom\u00e2n, \u00een companiile unde nu mai avem \u00eenc\u0103 dou\u0103, trei, cum este Electrica, statul rom\u00e2n s\u0103 de\u021bin\u0103 votul de aur \u0219i totodat\u0103 vom veni cu o propunere legislativ\u0103 ini\u021biat\u0103 de europarlamentarul AUR, Gheorghe Pipera, care evit\u0103 preluarea ostil\u0103 a companiilor de stat.&nbsp;&nbsp;&lt;br \/&gt; &lt;br \/&gt; Tocmai de aceea, invit to\u021bi rom\u00e2nii s\u0103 ni se al\u0103ture. Pentru c\u0103 tr\u0103im un moment greu, aceste proiecte legislative pe care le depunem \u00een cascad\u0103, p\u00e2n\u0103 se vor hot\u0103r\u00ee cei de la PSD, dac\u0103 se leap\u0103d\u0103 de Bolojan sau nu se leap\u0103d\u0103 de Bolojan, pentru c\u0103 nu noi suntem vinova\u021bi de ac\u021biunile nocive pe care aceast\u0103 coali\u021bie \u0219i acest guvern timp de 10 luni le-au luat \u0219i vor s\u0103 le ia \u00een continuare, v\u0103 invit\u0103m pe to\u021bi s\u0103 vede\u021bi solu\u021biile AUR.&nbsp;&lt;br \/&gt; &lt;br \/&gt; &nbsp;A spus totu\u0219i ceva bun Nicu\u0219or Dan \u00een ultima lui declara\u021bie: problema este la Parlament. Poate revenim \u00eentr-un final la democra\u021bia pe care ne-o dorim \u0219i la respectarea tuturor votan\u021bilor.&nbsp;&nbsp;&lt;br \/&gt; &lt;br \/&gt; \u00cen acest sens, s\u0103pt\u0103m\u00e2na aceasta, s\u0103pt\u0103m\u00e2na viitoare, parlamentarii AUR fac un apel la to\u021bi liderii de grup, to\u021bi pre\u0219edin\u021bii de partide s\u0103 voteze ni\u0219te legi foarte importante pentru \u021bar\u0103. Dac\u0103 nu se pot decide cine \u0219i cum guverneaz\u0103, cine s\u0103 ia ministere, care-i numele premierului \u0219i dac\u0103 nu accept\u0103 \u00een mod abuziv Nicu\u0219or Dan propuneri din partea AUR, atunci aici \u00een Parlament, \u00een biroul permanent, \u0219i de la Camer\u0103 \u0219i de la Senat, noi vom cere includerea pe ordinea de zi a unor proiecte legislative foarte importante, dorite de rom\u00e2ni, chiar votate de rom\u00e2ni.&nbsp;&nbsp;&lt;br \/&gt; &lt;br \/&gt; 300 de parlamentari. Colegii mei tocmai au ie\u0219it din Biroul Permanent de la Camera Deputa\u021bilor, au cerut includerea pe ordinea de zi a acestui proiect. Au fost numai patru voturi pentru, restul ab\u021bineri. \u00cen plenul care \u00eencepe la ora 16 vom face din nou aceast\u0103 propunere.&nbsp;&nbsp;&lt;br \/&gt; &lt;br \/&gt; Avem un proiect de lege pentru 300 de parlamentari depus \u00eenc\u0103 din legislatura trecut\u0103 \u0219i totodat\u0103 proiectele de legi care prev\u0103d revenirea la cota de TVA de 19%, care prev\u0103d lipsa de taxare, lipsa de impozitare a caselor care nu au acces la ap\u0103, la curent, la canalizare, la fel revenirea la dou\u0103 tururi de scrutin pentru alegerea primarilor. Sunt lucruri normale din punctul nostru de vedere, sunt proiecte de legi care au fost b\u0103gate la sertar, cerem scoaterea acestor proiecte de lege \u0219i totodat\u0103 numirea unor oameni care s\u0103 reprezinte \u0219i aceast\u0103 p\u0103tur\u0103 social\u0103 important\u0103 \u0219i electoratul AUR.&nbsp;&lt;br \/&gt; &lt;br \/&gt; S\u0103 vedem dac\u0103 putem reveni la democra\u021bie, s\u0103 vedem dac\u0103 Nicu\u0219or Dan \u00ee\u0219i va mai dep\u0103\u0219i atribu\u021biile, vedem \u00een regiune c\u0103 au loc schimb\u0103ri importante, au fost alegeri \u00een Ungaria, s\u0103pt\u0103m\u00e2na trecut\u0103 am avut alegeri \u00een Bulgaria, ieri am v\u0103zut rezultatele.\u201d&lt;\/div&gt;<\/div>\n<p>[analyse_source url=&#8221;https:\/\/www.activenews.ro\/stiri\/George-Simion-reactie-dura-dupa-ce-Nicusor-Dan-a-refuzat-un-premier-AUR-Isi-depaseste-atributiile-Am-aprecia-sa-dea-dovada-de-maturitate-in-aceste-zile.-Noi-vrem-anticipate-.-Transcrierea-integrala-a-conferintei-AUR-VIDEO-204514&#8243;]<\/p>\n","protected":false},"excerpt":{"rendered":"<p>[analyse_image type=&#8221;featured&#8221; src=&#8221;https:\/\/www.activenews.ro\/images\/articole\/204514.jpg&#8221;] &lt;div&gt;&lt;span style=&#8221;font-weight: bold;&#8221;&gt;&lt;\/span&gt;&lt;\/div&gt; &lt;div&gt;&lt;span style=&#8221;font-weight: bold;&#8221;&gt;Pre\u0219edintele AUR George Simion a anun\u021bat c\u0103 \u00een eventualitatea \u00een care PSD depune mo\u021biune de cenzur\u0103 pentru a-l da jos pe Ilie Bolojan din fruntea guvernului, partidul s\u0103u va vota pentru. Astfel, mo\u021biunea are toate \u0219ansele s\u0103 treac\u0103, informeaz\u0103 \u0219i Metropola TV. Mai mult, el a spus [&hellip;]<\/p>\n","protected":false},"author":1,"featured_media":0,"comment_status":"open","ping_status":"","sticky":false,"template":"","format":"standard","meta":{"footnotes":""},"categories":[89],"tags":[98,226],"class_list":["post-1893202","post","type-post","status-publish","format-standard","hentry","category-romania","tag-activenews-ro","tag-crawlmanager"],"_links":{"self":[{"href":"https:\/\/analyse.optim.biz\/index.php?rest_route=\/wp\/v2\/posts\/1893202","targetHints":{"allow":["GET"]}}],"collection":[{"href":"https:\/\/analyse.optim.biz\/index.php?rest_route=\/wp\/v2\/posts"}],"about":[{"href":"https:\/\/analyse.optim.biz\/index.php?rest_route=\/wp\/v2\/types\/post"}],"author":[{"embeddable":true,"href":"https:\/\/analyse.optim.biz\/index.php?rest_route=\/wp\/v2\/users\/1"}],"replies":[{"embeddable":true,"href":"https:\/\/analyse.optim.biz\/index.php?rest_route=%2Fwp%2Fv2%2Fcomments&post=1893202"}],"version-history":[{"count":0,"href":"https:\/\/analyse.optim.biz\/index.php?rest_route=\/wp\/v2\/posts\/1893202\/revisions"}],"wp:attachment":[{"href":"https:\/\/analyse.optim.biz\/index.php?rest_route=%2Fwp%2Fv2%2Fmedia&parent=1893202"}],"wp:term":[{"taxonomy":"category","embeddable":true,"href":"https:\/\/analyse.optim.biz\/index.php?rest_route=%2Fwp%2Fv2%2Fcategories&post=1893202"},{"taxonomy":"post_tag","embeddable":true,"href":"https:\/\/analyse.optim.biz\/index.php?rest_route=%2Fwp%2Fv2%2Ftags&post=1893202"}],"curies":[{"name":"wp","href":"https:\/\/api.w.org\/{rel}","templated":true}]}}