{"id":1893200,"date":"2026-04-20T16:52:23","date_gmt":"2026-04-20T13:52:23","guid":{"rendered":"https:\/\/analyse.optim.biz\/?p=1893200"},"modified":"2026-04-20T16:52:23","modified_gmt":"2026-04-20T13:52:23","slug":"gheorghe-soldan-pozitie-dura-in-sedinta-psd-cere-demisia-premierului-ilie-bolojan-pentru-ca-a-adus-romania-in-criza-economica-a-blocat-investitiile-si-a-condamnat-mii-de-localitati-rurale-la-subdez","status":"publish","type":"post","link":"https:\/\/analyse.optim.biz\/?p=1893200","title":{"rendered":"Gheorghe \u0218oldan, pozi\u021bie dur\u0103 \u00een \u0219edin\u021ba PSD: Cere demisia premierului Ilie Bolojan pentru c\u0103 a adus Rom\u00e2nia \u00een criz\u0103 economic\u0103, a blocat investi\u021biile \u0219i a condamnat mii de localit\u0103\u021bi rurale la subdezvoltare"},"content":{"rendered":"<p>[analyse_image type=&#8221;featured&#8221; src=&#8221;https:\/\/www.newsbucovina.ro\/wp-content\/uploads\/2024\/10\/soldan-1.jpghttps:\/\/cdn.newsbucovina.ro\/wp-content\/uploads\/2024\/10\/soldan-1.jpg&#8221;]<\/p>\n<div class=\"td-post-content tagdiv-type\">\n<div class=\"td-a-rec td-a-rec-id-content_top  tdi_3 td_block_template_1\"><strong>Intr\u0103 acum \u0219i \u00een grupul de <\/p>\n<div class=\"wp-block-button\"><a class=\"wp-block-button__link wp-element-button\" href=\"https:\/\/t.me\/+TH8wcfnp8fw5NWI0\">Telegram News Bucovina<\/a><\/div>\n<p><\/strong><\/div>\n<p>Pre\u0219edintele PSD Suceava \u0219i al Consiliului Jude\u021bean Suceava, <strong>Gheorghe \u0218oldan<\/strong>, vicepre\u0219edinte na\u021bional al PSD, a cerut luni seara \u00een \u0219edin\u021ba PSD \u00een care se discut\u0103 despre ie\u0219irea PSD de la guvernare schimbarea premierului Ilie Bolojan, acuz\u00e2ndu-l c\u0103 a adus Rom\u00e2nia \u00een criz\u0103 economic\u0103, a blocat investi\u021biile \u0219i a condamnat mii de localit\u0103\u021bi rurale la subdezvoltare. Social-democratul a amenin\u021bat c\u0103 PSD este dispus s\u0103 ias\u0103 de la guvernare dac\u0103 nu se produce aceast\u0103 schimbare.<\/p>\n<figure class=\"wp-block-image size-full\"><a href=\"https:\/\/cdn.newsbucovina.ro\/wp-content\/uploads\/2024\/10\/soldan-1.jpg\"><img loading=\"lazy\" decoding=\"async\" width=\"982\" height=\"553\" src=\"https:\/\/cdn.newsbucovina.ro\/wp-content\/uploads\/2024\/10\/soldan-1.jpg\" alt class=\"wp-image-395630\"><\/a><\/figure>\n<p>\u00centr-o declara\u021bie dur\u0103, Gheorghe \u0218oldan a afirmat c\u0103 Ilie Bolojan \u201ea promis reforme, dar nu a livrat nimic\u201d \u0219i c\u0103 s-a comportat ca un lider autoritar, ignor\u00e2nd partenerii de coali\u021bie.<\/p>\n<p>\u201eAm intrat \u00een aceast\u0103 coali\u021bie pentru stabilitatea \u021b\u0103rii. Am vrut s\u0103 evit\u0103m o criz\u0103 politic\u0103. Dar, la aproape un an distan\u021b\u0103, realitatea este cu totul alta. Rom\u00e2nia este \u00een plin\u0103 criz\u0103 economic\u0103, financiar\u0103, social\u0103 \u0219i energetic\u0103. Avem un prim-ministru care la \u00eenceput ne-a p\u0103c\u0103lit pe mul\u021bi dintre noi. Ne-a fost prezentat ca un lider reformist, ca un administrator performant, dar c\u00e2nd cea\u021ba s-a ridicat, am v\u0103zut doar un politician blocat \u00een trecut\u201d, a declarat Gheorghe \u0218oldan.<\/p>\n<p>Pre\u0219edintele CJ Suceava a criticat schimbarea de atitudine a premierului fa\u021b\u0103 de administra\u021biile locale: \u201eC\u00e2nd era la Oradea, fondurile guvernamentale erau bune pentru a putea dezvolta comunit\u0103\u021bile locale. Dar imediat ce a ajuns \u00een fotoliul de prim-ministru, \u0219i-a schimbat optica. Dac\u0103 la \u00eenceput a lovit cu cioc\u0103nelul la administra\u021bie, pe parcurs a luat barosul \u0219i a aplicat lovituri tot mai grele, condamn\u00e2nd mii de localit\u0103\u021bi din mediul rural la subdezvoltare\u201d.<\/p>\n<p>\u0218oldan l-a acuzat pe Bolojan c\u0103 a \u00eenc\u0103lcat protocolul de coali\u021bie \u00eenc\u0103 din primele zile \u0219i c\u0103 m\u0103surile luate au dus la o infla\u021bie ridicat\u0103, cre\u0219terea pre\u021burilor la alimente \u0219i carburan\u021bi, recesiune tehnic\u0103 \u0219i blocarea investi\u021biilor.<\/p>\n<p>\u201eDatele oficiale despre ce se \u00eent\u00e2mpl\u0103 ast\u0103zi \u00een economie nu mint. Avem o infla\u021bie de 10%, pre\u021buri la alimente care au crescut de dou\u0103 ori mai repede dec\u00e2t \u00een restul Europei, pre\u021buri la carburan\u021bi printre cele mai ridicate din UE \u0219i zeci de mii de oameni trimi\u0219i \u00een \u0219omaj. Suntem oficial \u00een recesiune tehnic\u0103. E clar c\u0103 a\u0219a nu mai putem continua\u201d, a subliniat liderul PSD Suceava.<\/p>\n<p>El a concluzionat c\u0103 guvernarea are nevoie de \u201eo schimbare, iar aceast\u0103 schimbare este f\u0103r\u0103 Ilie Bolojan\u201d.<\/p>\n<p>\u201eAst\u0103zi nu lu\u0103m o decizie important\u0103 doar pentru viitorul PSD, ci pentru viitorul \u021b\u0103rii \u0219i al oamenilor care \u00eenc\u0103 \u00ee\u0219i mai pun speran\u021ba \u00een noi. Politica nu e despre putere \u0219i func\u021bii, e despre oameni. \u0218i, dac\u0103 e nevoie, suntem dispu\u0219i s\u0103 mergem \u0219i \u00een opozi\u021bie\u201d, a precizat Gheorghe \u0218oldan.<\/p>\n<p>Declara\u021bia vine \u00eentr-un moment de maxim\u0103 tensiune \u00een coali\u021bie, PSD urm\u00e2nd s\u0103 decid\u0103 retragerea sprijinului politic pentru Guvernul Bolojan.<\/p>\n<div class=\"td-a-rec td-a-rec-id-content_bottom  tdi_4 td_block_template_1\"><strong>Intr\u0103 acum \u0219i \u00een grupul de <\/p>\n<div class=\"wp-block-button\"><a class=\"wp-block-button__link wp-element-button\" href=\"https:\/\/t.me\/+TH8wcfnp8fw5NWI0\">Telegram News Bucovina<\/a><\/div>\n<p><\/strong><\/div>\n<\/div>\n<div class=\"td-post-content tagdiv-type\">\n<div class=\"td-a-rec td-a-rec-id-content_top  tdi_3 td_block_template_1\"><strong>Intr\u0103 acum \u0219i \u00een grupul de <\/p>\n<div class=\"wp-block-button\"><a class=\"wp-block-button__link wp-element-button\" href=\"https:\/\/t.me\/+TH8wcfnp8fw5NWI0\">Telegram News Bucovina<\/a><\/div>\n<p><\/strong><\/div>\n<p>Pre\u0219edintele PSD Suceava \u0219i al Consiliului Jude\u021bean Suceava, <strong>Gheorghe \u0218oldan<\/strong>, vicepre\u0219edinte na\u021bional al PSD, a cerut luni seara \u00een \u0219edin\u021ba PSD \u00een care se discut\u0103 despre ie\u0219irea PSD de la guvernare schimbarea premierului Ilie Bolojan, acuz\u00e2ndu-l c\u0103 a adus Rom\u00e2nia \u00een criz\u0103 economic\u0103, a blocat investi\u021biile \u0219i a condamnat mii de localit\u0103\u021bi rurale la subdezvoltare. Social-democratul a amenin\u021bat c\u0103 PSD este dispus s\u0103 ias\u0103 de la guvernare dac\u0103 nu se produce aceast\u0103 schimbare.<\/p>\n<figure class=\"wp-block-image size-full\"><a href=\"https:\/\/cdn.newsbucovina.ro\/wp-content\/uploads\/2024\/10\/soldan-1.jpg\"><img loading=\"lazy\" decoding=\"async\" width=\"982\" height=\"553\" src=\"https:\/\/cdn.newsbucovina.ro\/wp-content\/uploads\/2024\/10\/soldan-1.jpg\" alt class=\"wp-image-395630\"><\/a><\/figure>\n<p>\u00centr-o declara\u021bie dur\u0103, Gheorghe \u0218oldan a afirmat c\u0103 Ilie Bolojan \u201ea promis reforme, dar nu a livrat nimic\u201d \u0219i c\u0103 s-a comportat ca un lider autoritar, ignor\u00e2nd partenerii de coali\u021bie.<\/p>\n<p>\u201eAm intrat \u00een aceast\u0103 coali\u021bie pentru stabilitatea \u021b\u0103rii. Am vrut s\u0103 evit\u0103m o criz\u0103 politic\u0103. Dar, la aproape un an distan\u021b\u0103, realitatea este cu totul alta. Rom\u00e2nia este \u00een plin\u0103 criz\u0103 economic\u0103, financiar\u0103, social\u0103 \u0219i energetic\u0103. Avem un prim-ministru care la \u00eenceput ne-a p\u0103c\u0103lit pe mul\u021bi dintre noi. Ne-a fost prezentat ca un lider reformist, ca un administrator performant, dar c\u00e2nd cea\u021ba s-a ridicat, am v\u0103zut doar un politician blocat \u00een trecut\u201d, a declarat Gheorghe \u0218oldan.<\/p>\n<p>Pre\u0219edintele CJ Suceava a criticat schimbarea de atitudine a premierului fa\u021b\u0103 de administra\u021biile locale: \u201eC\u00e2nd era la Oradea, fondurile guvernamentale erau bune pentru a putea dezvolta comunit\u0103\u021bile locale. Dar imediat ce a ajuns \u00een fotoliul de prim-ministru, \u0219i-a schimbat optica. Dac\u0103 la \u00eenceput a lovit cu cioc\u0103nelul la administra\u021bie, pe parcurs a luat barosul \u0219i a aplicat lovituri tot mai grele, condamn\u00e2nd mii de localit\u0103\u021bi din mediul rural la subdezvoltare\u201d.<\/p>\n<p>\u0218oldan l-a acuzat pe Bolojan c\u0103 a \u00eenc\u0103lcat protocolul de coali\u021bie \u00eenc\u0103 din primele zile \u0219i c\u0103 m\u0103surile luate au dus la o infla\u021bie ridicat\u0103, cre\u0219terea pre\u021burilor la alimente \u0219i carburan\u021bi, recesiune tehnic\u0103 \u0219i blocarea investi\u021biilor.<\/p>\n<p>\u201eDatele oficiale despre ce se \u00eent\u00e2mpl\u0103 ast\u0103zi \u00een economie nu mint. Avem o infla\u021bie de 10%, pre\u021buri la alimente care au crescut de dou\u0103 ori mai repede dec\u00e2t \u00een restul Europei, pre\u021buri la carburan\u021bi printre cele mai ridicate din UE \u0219i zeci de mii de oameni trimi\u0219i \u00een \u0219omaj. Suntem oficial \u00een recesiune tehnic\u0103. E clar c\u0103 a\u0219a nu mai putem continua\u201d, a subliniat liderul PSD Suceava.<\/p>\n<p>El a concluzionat c\u0103 guvernarea are nevoie de \u201eo schimbare, iar aceast\u0103 schimbare este f\u0103r\u0103 Ilie Bolojan\u201d.<\/p>\n<p>\u201eAst\u0103zi nu lu\u0103m o decizie important\u0103 doar pentru viitorul PSD, ci pentru viitorul \u021b\u0103rii \u0219i al oamenilor care \u00eenc\u0103 \u00ee\u0219i mai pun speran\u021ba \u00een noi. Politica nu e despre putere \u0219i func\u021bii, e despre oameni. \u0218i, dac\u0103 e nevoie, suntem dispu\u0219i s\u0103 mergem \u0219i \u00een opozi\u021bie\u201d, a precizat Gheorghe \u0218oldan.<\/p>\n<p>Declara\u021bia vine \u00eentr-un moment de maxim\u0103 tensiune \u00een coali\u021bie, PSD urm\u00e2nd s\u0103 decid\u0103 retragerea sprijinului politic pentru Guvernul Bolojan.<\/p>\n<div class=\"td-a-rec td-a-rec-id-content_bottom  tdi_4 td_block_template_1\"><strong>Intr\u0103 acum \u0219i \u00een grupul de <\/p>\n<div class=\"wp-block-button\"><a class=\"wp-block-button__link wp-element-button\" href=\"https:\/\/t.me\/+TH8wcfnp8fw5NWI0\">Telegram News Bucovina<\/a><\/div>\n<p><\/strong><\/div>\n<\/div>\n<p>[analyse_source url=&#8221;https:\/\/www.newsbucovina.ro\/featured\/436622\/gheorghe-soldan-pozitie-dura-in-sedinta-psd-cere-demisia-premierului-ilie-bolojan-pentru-ca-a-adus-romania-in-criza-economica-a-blocat-investitiile-si-a-condamnat-mii-de-localitati-rurale-la-subdez&#8221;]<\/p>\n","protected":false},"excerpt":{"rendered":"<p>[analyse_image type=&#8221;featured&#8221; src=&#8221;https:\/\/www.newsbucovina.ro\/wp-content\/uploads\/2024\/10\/soldan-1.jpghttps:\/\/cdn.newsbucovina.ro\/wp-content\/uploads\/2024\/10\/soldan-1.jpg&#8221;] Intr\u0103 acum \u0219i \u00een grupul de Telegram News Bucovina Pre\u0219edintele PSD Suceava \u0219i al Consiliului Jude\u021bean Suceava, Gheorghe \u0218oldan, vicepre\u0219edinte na\u021bional al PSD, a cerut luni seara \u00een \u0219edin\u021ba PSD \u00een care se discut\u0103 despre ie\u0219irea PSD de la guvernare schimbarea premierului Ilie Bolojan, acuz\u00e2ndu-l c\u0103 a adus Rom\u00e2nia \u00een criz\u0103 economic\u0103, [&hellip;]<\/p>\n","protected":false},"author":1,"featured_media":0,"comment_status":"open","ping_status":"","sticky":false,"template":"","format":"standard","meta":{"footnotes":""},"categories":[89],"tags":[226,165],"class_list":["post-1893200","post","type-post","status-publish","format-standard","hentry","category-romania","tag-crawlmanager","tag-newsbucovina-ro"],"_links":{"self":[{"href":"https:\/\/analyse.optim.biz\/index.php?rest_route=\/wp\/v2\/posts\/1893200","targetHints":{"allow":["GET"]}}],"collection":[{"href":"https:\/\/analyse.optim.biz\/index.php?rest_route=\/wp\/v2\/posts"}],"about":[{"href":"https:\/\/analyse.optim.biz\/index.php?rest_route=\/wp\/v2\/types\/post"}],"author":[{"embeddable":true,"href":"https:\/\/analyse.optim.biz\/index.php?rest_route=\/wp\/v2\/users\/1"}],"replies":[{"embeddable":true,"href":"https:\/\/analyse.optim.biz\/index.php?rest_route=%2Fwp%2Fv2%2Fcomments&post=1893200"}],"version-history":[{"count":0,"href":"https:\/\/analyse.optim.biz\/index.php?rest_route=\/wp\/v2\/posts\/1893200\/revisions"}],"wp:attachment":[{"href":"https:\/\/analyse.optim.biz\/index.php?rest_route=%2Fwp%2Fv2%2Fmedia&parent=1893200"}],"wp:term":[{"taxonomy":"category","embeddable":true,"href":"https:\/\/analyse.optim.biz\/index.php?rest_route=%2Fwp%2Fv2%2Fcategories&post=1893200"},{"taxonomy":"post_tag","embeddable":true,"href":"https:\/\/analyse.optim.biz\/index.php?rest_route=%2Fwp%2Fv2%2Ftags&post=1893200"}],"curies":[{"name":"wp","href":"https:\/\/api.w.org\/{rel}","templated":true}]}}