{"id":1893192,"date":"2026-04-20T05:00:00","date_gmt":"2026-04-20T02:00:00","guid":{"rendered":"https:\/\/analyse.optim.biz\/?p=1893192"},"modified":"2026-04-20T05:00:00","modified_gmt":"2026-04-20T02:00:00","slug":"20-aprilie-sfantul-ierarh-teotim-episcopul-daco-roman-al-tomisului-si-prieten-al-sfantului-ioan-gura-de-aur-sfantul-anastasie-sinaitul-sfantul-apostol-zaheu","status":"publish","type":"post","link":"https:\/\/analyse.optim.biz\/?p=1893192","title":{"rendered":"20 aprilie: Sf\u00e2ntul Ierarh Teotim, episcopul daco-roman al Tomisului \u0219i prieten al Sf\u00e2ntului Ioan Gur\u0103 de Aur; Sf\u00e2ntul Anastasie Sinaitul; Sf\u00e2ntul Apostol Zaheu"},"content":{"rendered":"<p>[analyse_image type=&#8221;featured&#8221; src=&#8221;https:\/\/www.activenews.ro\/images\/articole\/107620.png&#8221;]<\/p>\n<div class=\"articleBody\" data-key=\"articleBody\">&lt;span style=&#8221;font-weight: bold;&#8221;&gt;La 20 aprilie calendarul ortodox pomene\u0219te pe Sf\u00e2ntul Teotim, episcopul Tomisului, numit \u0219i Teotim I, \u201escitul&#8221; sau \u201efilosoful&#8221;.&lt;\/span&gt;&lt;br \/&gt; &lt;br \/&gt; Teotim I Scitul era de neam daco-roman, n\u0103sc\u00e2ndu-se \u00een Dacia Pontic\u0103, undeva \u00een a doua jum\u0103tate a secolului al IV-lea, fiind contemporan cu Sfin\u021bii Ioan Casian \u0219i Gherman din Dobrogea. El a devenit episcopul Tomisului \u00een jurul anilor 380 &#8211; 395.&lt;br \/&gt; &lt;br \/&gt; Detalii despre via\u021ba sa au r\u0103mas din scrierile unor importan\u021bi autori ce au vie\u021buit \u00een perioada sa: Fericitul Ieronim, istoricul bisericesc Sozomen, Sf\u00e2ntul Ioan Gur\u0103 de Aur, \u00eenv\u0103\u021b\u0103tura sa reg\u0103sindu-se, peste veacuri, chiar \u00een scrierile Sf\u00e2ntului Ioan Damaschin (\u2020 749).&lt;br \/&gt; &lt;br \/&gt; Ca episcop al Tomisului este amintit pentru prima dat\u0103 \u00een anul 392, de Fericitul Ieronim, \u00een celebra sa lucrare \u201eDe viris illustribus\u201d, despre care spune c\u0103 era p\u0103stor str\u0103lucit, cu mare dragoste de Dumnezeu \u0219i de oameni, teolog \u00eenv\u0103\u021bat \u0219i scriitor talentat \u0219i neobosit.&lt;br \/&gt; &lt;br \/&gt; Despre Sf\u00e2ntul Teotim I, istoricul bisericesc Sozomen scria c\u0103 ducea o via\u021b\u0103 ascetic\u0103, purta plete lungi \u0219i se bucura de calificativul de &#8220;filosof&#8221;. Via\u021ba lui era modest\u0103 \u0219i cump\u0103tat\u0103, iar virtu\u021bile \u0219i \u00een\u021belepciunea sa l-au f\u0103cut cunoscut chiar \u0219i \u00een r\u00e2ndul barbarilor huni din regiunea Dun\u0103rii.&lt;br \/&gt; &lt;br \/&gt; Un alt scriitor cre\u0219tin, Socrate, spunea despre Sf\u00e2ntul Teotim c\u0103 &lt;strong&gt;\u201eera cunoscut de to\u021bi &#8211; \u00eemp\u0103ra\u021bi, episcopi, c\u0103lug\u0103ri, credincio\u0219i \u0219i barbari \u2013 pentru evlavia \u0219i corectitudinea vie\u021bii sale\u201d&lt;\/strong&gt;. Prin scrierile sale patristice, Sf\u00e2ntul Teotim I este considerat &lt;strong&gt;\u201ecreatorul Filocaliei rom\u00e2ne\u0219ti\u201d&lt;\/strong&gt;. \u00cen g\u00e2ndirea sa a fost, desigur, influen\u021bat de Sf\u00e2ntul Ioan Gur\u0103 de Aur \u0219i de p\u0103rin\u021bii capadocieni. Teotim I vorbe\u0219te foarte frumos despre lini\u0219tea min\u021bii \u0219i a inimii.&lt;br \/&gt; &lt;br \/&gt; Sub p\u0103storia lui Teotim I, m\u0103n\u0103stirile \u0219i sih\u0103striile din Dobrogea secolului IV, renumite prin ascez\u0103 \u0219i isihie, au tr\u0103it o epoc\u0103 de aur, devenind \u00een secolele V-VI cunoscute \u00een \u00eentreg imperiul prin vesti\u021bii \u201ec\u0103lug\u0103ri sci\u021bi\u201d, r\u0103sp\u00e2ndi\u021bi, at\u00e2t la nord de Dun\u0103re p\u00e2n\u0103 \u00een Carpa\u021bi, c\u00e2t \u0219i la sud p\u00e2n\u0103 la Ierusalim, Constantinopol, Roma \u0219i Africa.&lt;br \/&gt; &lt;br \/&gt; Bazilicile \u00een\u0103l\u021bate de el, ale c\u0103ror ruine \u0219i ast\u0103zi se v\u0103d, erau mari \u0219i frumos ornamentate cu mozaicuri, ceea ce dovede\u0219te num\u0103rul impresionant de credincio\u0219i, precum \u0219i frumuse\u021bea cultului \u0219i arhitecturii secolelor IV-V.&lt;br \/&gt; &lt;br \/&gt; Sf\u00e2ntul Teotim Scitul era bine cunoscut \u00eemp\u0103ratului Arcadie \u0219i mai ales Sf\u00e2ntului Ioan Gur\u0103 de Aur, c\u0103ruia \u00eei era prieten devotat. \u00cen anul 399, marele patriarh i-a trimis fericitului Teotim c\u0103lug\u0103ri misionari &lt;strong&gt;\u201epentru nomazii sci\u021bi de la Istm\u201d&lt;\/strong&gt;, adic\u0103 pentru huni. \u00cen anul 400, Sf\u00e2ntul Teotim I ia parte la un sinod local \u00een Constantinopol, convocat de Sf\u00e2ntul Ioan Gur\u0103 de Aur, \u00eempotriva \u00eenv\u0103\u021b\u0103turii eretice a episcopului Antonin al Efesului.&nbsp;\u00cen anul 403, episcopul Teotim I este din nou \u00een Constantinopol \u0219i ia ap\u0103rarea marelui patriarh \u0219i dasc\u0103l a toat\u0103 lumea, \u00eempotriva acuza\u021biilor aduse de Sf\u00e2ntul Epifanie al Ciprului, dovedind prin aceasta ad\u00e2nca leg\u0103tur\u0103 duhovniceasc\u0103 dintre episcopul str\u0103rom\u00e2n Teotim I \u0219i Sf\u00e2ntul Ioan Gur\u0103 de Aur.&lt;br \/&gt; &lt;br \/&gt; Sf\u00e2ntul Ierarh Teotim merge la Domnul pe la sf\u00e2r\u0219itul primului deceniu al secolului al V-lea, dat\u0103 exact\u0103 ne\u0219tiindu-se cu exactitate.&lt;br \/&gt; &lt;br \/&gt; &lt;em&gt;&lt;strong&gt;Troparul Sf\u00e2ntului Teotim, episcopul Tomisului&lt;\/strong&gt;&lt;\/em&gt;&lt;br \/&gt; &lt;p&gt;&lt;em&gt;\u00cendrept\u0103tor credin\u021bei \u0219i chip bl\u00e2nde\u021belor, \u00eenv\u0103\u021b\u0103tor \u00eenfr\u00e2n\u0103rii te-a ar\u0103tat pe tine turmei tale adev\u0103rul lucrurilor. Pentru aceasta ai c\u00e2\u0219tigat cu smerenia cele \u00eenalte, cu s\u0103r\u0103cia cele bogate. P\u0103rinte ierarhe Teotim, roag\u0103 pe Hristos Dumnezeu ca sa mantuiasca sufletele noastre.&lt;\/em&gt;&lt;\/p&gt; &lt;p&gt;&lt;span style=&#8221;font-weight: bold;&#8221;&gt;Via\u021ba Sf\u00e2ntului Anastasie Sinaitul&nbsp;&lt;\/span&gt;&lt;\/p&gt; &lt;p&gt;Cuviosul \u0219i de Dumnezeu purt\u0103torul p\u0103rintele nostru Anastasie din Sinai (sau Anastasie Sinaitul) este un sf\u00e2nt monah din secolul al VII-lea, care a p\u0103r\u0103sit lumea \u0219i toate ale ei. Este considerat unul din Sfin\u021bii P\u0103rin\u021bi ai Bisericii. Sf\u00e2ntul Anastasie este pr\u0103znuit pe 20 aprilie; mai este pr\u0103znuit, \u00eempreun\u0103 cu soborul cuvio\u0219ilor P\u0103rin\u021bi din Sinai, \u00een Mar\u021bea Luminat\u0103. Nu trebuie confundat cu Sf\u00e2ntul Anastasie, Patriarhul Antiohiei, cunoscut \u0219i el sub numele de \u201eAnastasie Sinaitul\u201d \u0219i pr\u0103znuit tot pe 20 aprilie.&lt;\/p&gt; &lt;p&gt;Sf\u00e2ntul Anastasie s-a n\u0103scut la Alexandria, \u00een Egipt \u00een prima jum\u0103tate a secolului al VII-lea. De t\u00e2n\u0103r \u0219i-a luat crucea, potrivit poruncii Domnului, a primit tunderea \u00een monahism, urm\u00e2nd de bun\u0103voie Domnului.&lt;\/p&gt; &lt;p&gt;R\u00e2vnind dup\u0103 o via\u021b\u0103 de nevoin\u021b\u0103 aspr\u0103, a plecat mai \u00eent\u00e2i la Ierusalim ca s\u0103 se \u00eenchine la Sfintele Locuri \u0219i a ajuns apoi la Muntele Sinai. Acolo a g\u0103sit un grup de monahi care duceau o via\u021b\u0103 de ascez\u0103 aspr\u0103 \u0219i a r\u0103mas s\u0103 le slujeasc\u0103 acestora. A ajuns astfel la o ad\u00e2nc\u0103 smerenie \u0219i a primit de la Dumnezeu mari daruri de cunoa\u0219tere \u0219i de \u00een\u021belepciune. A scris astfel Vie\u021bile Sfin\u021bilor P\u0103rin\u021bi \u0219i a alc\u0103tuit mai multe omilii. Anastasie a ajuns \u00een cele din urm\u0103 stare\u021b al \u00eentregii comunit\u0103\u021bi monahale din Muntele Sinai. A trecut la Domnul cu pace, la ad\u00e2nci b\u0103tr\u00e2ne\u021be, c\u00e2ndva dup\u0103 anul 700.&lt;\/p&gt; &lt;p&gt;Dintre sfaturile sale amintim: \u201eDespre cei care primesc Sfintele Taine, adic\u0103 Trupul \u0219i S\u00e2ngele Domnului, credem \u0219i \u00een\u021belegem astfel: c\u0103 dac\u0103 ace\u0219tia au, omene\u0219te, vreun p\u0103cat m\u0103runt, care se iart\u0103 degrab\u0103, cum ar fi: c\u0103 s-au l\u0103sat fura\u021bi \u0219i au s\u0103v\u00e2r\u0219it vreun p\u0103cat cu limba sau cu auzirea sau cu privirea sau din slava de\u0219art\u0103, sau din \u00eentristare sau din m\u00e2nie sau alte lucruri ca acestea, odat\u0103 ce se mustr\u0103 \u00een sine \u0219i se m\u0103rturisesc \u00eenaintea Domnului, pot s\u0103 primeasc\u0103 astfel Sfintele Taine. Credem c\u0103 primirea Sfintelor Taine este pentru unii ca ace\u0219tia spre iertarea p\u0103catelor (Introduction to the Philokalic Writings of the Blessed Hesychios from Elder Basil of Poiana M\u0103rului: Spiritual Father of St. Paissy Velichkovsky; traducere din limba englez\u0103 de OrthodoxWiki via &lt;a href=&#8221;http:\/\/doxologia.ro\/biblioteca\/vietile-sfintilor\/viata-sfantului-anastasie-sinaitul&#8221; target=&#8221;_blank&#8221; rel=&#8221;&#8221;&gt;Doxologia&lt;\/a&gt;).&lt;\/p&gt; &lt;p&gt;&lt;span style=&#8221;font-weight: bold;&#8221;&gt;P\u0103rintele&nbsp;Drago\u0219 Bahrim de la Ia\u0219i ofer\u0103 \u0219i alte date \u00eenso\u021bite de o icoan\u0103 superb\u0103:&lt;\/span&gt;&lt;\/p&gt; &lt;p&gt; &lt;img src=&#8221;https:\/\/www.activenews.ro\/documente\/Sfin\u021bii Sinaiului. De la st\u00e2nga la dreapta. Gheorghe Sinaitul, Nil Sinaitul, Maica Domnului, Anastasie Sinaitul, Ioan Sc\u0103rarul &#8211; Sinai, 1230-1240.jpg&#8221; alt=&#8221;&#8221; style=&#8221;margin-top:0px;margin-right:0px;margin-bottom:0px;margin-left:0px;;width:700px;;height:700px;&#8221; border=&#8221;0&#8243; \/&gt;&lt;\/p&gt; &lt;p&gt;20 aprilie, pomenirea Cuviosului Anastasie Sinaitul, un sf\u00e2nt scriitor de c\u0103r\u021bi din secolul al VII-lea, cu nimic mai prejos dec\u00e2t contemporanii s\u0103i: Maxim M\u0103rturisitorul, Ioan Sc\u0103rarul, Sofronie al Ierusalimului.&lt;\/p&gt; &lt;p&gt;Sinaxarul Bisericii Constantinopolitane (sec. X) spune despre el: \u201ePomenirea p\u0103rintelui nostru Anastasie, cel din muntele Sinai. Acest p\u0103rinte, p\u0103r\u0103sind lumea \u0219i cele din lume \u0219i lu\u00e2ndu-\u0219i crucea potrivit st\u0103p\u00e2ne\u0219tii porunci \u0219i fiind tuns, a urmat cu r\u00e2vn\u0103 lui Hristos. Fiind iubitor al celor mai mari nevoin\u021be ale virtu\u021bii, vine la Ierusalim atras fiind de Sfintele Locuri \u0219i \u00eenchin\u00e2ndu-se cu credin\u021b\u0103 urc\u0103 \u00een muntele Sinai \u0219i acolo, afl\u00e2nd monahi petrec\u00e2nd \u00een cea mai \u00eenalt\u0103 nevoin\u021b\u0103 ascetic\u0103, a r\u0103mas cu ei supun\u00e2ndu-se lor \u0219i slujind. Fiind smerit \u00een cuget foarte, a primit harisma cuno\u0219tin\u021bei \u0219i a multei \u00een\u021belepciuni. \u0218i scriind vie\u021bile p\u0103rin\u021bilor sfin\u021bi \u0219i compun\u00e2nd cuvinte de suflet folositoare a plecat la Domnul la ad\u00e2nci b\u0103tr\u00e2ne\u021bi.\u201d Mineiele \u00eel numeau p\u00e2n\u0103 nu de mult, \u201eun Nou Moise\u201d.&lt;\/p&gt; &lt;p&gt;C\u00e2teva scrieri importante ale sale se pot citi de aici:&lt;\/p&gt; &lt;p&gt; &lt;\/p&gt; &lt;div class=&#8221;&#8221; dir=&#8221;auto&#8221;&gt; &lt;div class=&#8221;&#8221; dir=&#8221;auto&#8221;&gt; &lt;div class=&#8221;ecm0bbzt hv4rvrfc ihqw7lf3 dati1w0a&#8221; data-ad-comet-preview=&#8221;message&#8221; data-ad-preview=&#8221;message&#8221;&gt; &lt;div class=&#8221;j83agx80 cbu4d94t ew0dbk1b irj2b8pg&#8221;&gt; &lt;div class=&#8221;qzhwtbm6 knvmm38d&#8221;&gt;&lt;span class=&#8221;d2edcug0 hpfvmrgz qv66sw1b c1et5uql lr9zc1uh a8c37x1j fe6kdd0r mau55g9w c8b282yb keod5gw0 nxhoafnm aigsh9s9 d3f4x2em iv3no6db jq4qci2q a3bd9o3v b1v8xokw oo9gr5id hzawbc8m&#8221; dir=&#8221;auto&#8221;&gt; &lt;div class=&#8221;cxmmr5t8 oygrvhab hcukyx3x c1et5uql o9v6fnle ii04i59q&#8221;&gt; &lt;div dir=&#8221;auto&#8221; style=&#8221;text-align: start;&#8221;&gt;- Cuv\u00e2ntul I din T\u00e2lcuirea la Hexaemeron (Cartea \u00eentreag\u0103 este \u00een preg\u0103tire la ed. Doxologia): &lt;a class=&#8221;oajrlxb2 g5ia77u1 qu0x051f esr5mh6w e9989ue4 r7d6kgcz rq0escxv nhd2j8a9 nc684nl6 p7hjln8o kvgmc6g5 cxmmr5t8 oygrvhab hcukyx3x jb3vyjys rz4wbd8a qt6c0cv9 a8nywdso i1ao9s8h esuyzwwr f1sip0of lzcic4wl gpro0wi8 py34i1dx&#8221; href=&#8221;https:\/\/teologiesiviata.ro\/sfantul-anastasie-sinaitul-cuvantul-i-la-talcuirea-anagogica-duhovniceasca-celor-sase-zile-ale?fbclid=IwAR2g8G_NWUe7chjgA7ofS3XnGiU3ugOkinMyLbR0FRpAqNPRptgNDxNp_oo&#8221; rel=&#8221;nofollow noopener&#8221; role=&#8221;link&#8221; tabindex=&#8221;0&#8243; target=&#8221;_blank&#8221;&gt;https:\/\/teologiesiviata.ro\/sfantul-anastasie-sinaitul&#8230;&lt;\/a&gt; &lt;br \/&gt; &lt;\/div&gt; &lt;div dir=&#8221;auto&#8221; style=&#8221;text-align: start;&#8221;&gt;&nbsp;&lt;\/div&gt;&lt;\/div&gt; &lt;div class=&#8221;cxmmr5t8 oygrvhab hcukyx3x c1et5uql o9v6fnle ii04i59q&#8221;&gt; &lt;div dir=&#8221;auto&#8221; style=&#8221;text-align: start;&#8221;&gt;- O selec\u021bie pastoral\u0103 din \u00centreb\u0103ri \u0219i r\u0103spunsuri (\u0219i aceast\u0103 lucrare este preg\u0103tit\u0103 de Doxologia): &lt;a class=&#8221;oajrlxb2 g5ia77u1 qu0x051f esr5mh6w e9989ue4 r7d6kgcz rq0escxv nhd2j8a9 nc684nl6 p7hjln8o kvgmc6g5 cxmmr5t8 oygrvhab hcukyx3x jb3vyjys rz4wbd8a qt6c0cv9 a8nywdso i1ao9s8h esuyzwwr f1sip0of lzcic4wl gpro0wi8 py34i1dx&#8221; href=&#8221;https:\/\/teologiesiviata.ro\/sfantul-anastasie-sinaitul-intrebari-si-raspunsuri-pastorale?fbclid=IwAR0mLOE1UYxWV1uyZDwOuXmDl_tv3_H4q-StM13kbuS8RsKookhu3A-JPss&#8221; rel=&#8221;nofollow noopener&#8221; role=&#8221;link&#8221; tabindex=&#8221;0&#8243; target=&#8221;_blank&#8221;&gt;https:\/\/teologiesiviata.ro\/sfantul-anastasie-sinaitul&#8230;&lt;\/a&gt;&lt;\/div&gt;&lt;\/div&gt; &lt;div class=&#8221;cxmmr5t8 oygrvhab hcukyx3x c1et5uql o9v6fnle ii04i59q&#8221;&gt; &lt;div dir=&#8221;auto&#8221; style=&#8221;text-align: start;&#8221;&gt;&nbsp;&lt;\/div&gt; &lt;div dir=&#8221;auto&#8221; style=&#8221;text-align: start;&#8221;&gt;- Povestiri duhovnice\u0219ti: &lt;a class=&#8221;oajrlxb2 g5ia77u1 qu0x051f esr5mh6w e9989ue4 r7d6kgcz rq0escxv nhd2j8a9 nc684nl6 p7hjln8o kvgmc6g5 cxmmr5t8 oygrvhab hcukyx3x jb3vyjys rz4wbd8a qt6c0cv9 a8nywdso i1ao9s8h esuyzwwr f1sip0of lzcic4wl gpro0wi8 py34i1dx&#8221; href=&#8221;https:\/\/l.facebook.com\/l.php?u=https%3A%2F%2Fedituradoxologia.ro%2Fpovestiri-duhovnicesti%3Ffbclid%3DIwAR2g8G_NWUe7chjgA7ofS3XnGiU3ugOkinMyLbR0FRpAqNPRptgNDxNp_oo&amp;h=AT1ACNWA6RgN5qr78U64gj5WxSkTNwxibKcvGdQuAm8Ecfvz7gh0G9kEoJLEKW9-EKoMlwLDnVztNJreuzEUbtc0QAU6uMHz_9w8hsB2ADwAkcMVRddsDbOmEwCm4oIsJNOBdvipOAobfOzc&amp;__tn__=-UK-y-R&amp;c[0]=AT1DbAuRZBn9TLIP73sk9dq74iyYter0hjSCXJKaBW8m8sQ__Gjgfj1L19AU9oZbQ9k0EoqQ403c7vvjQ10Y7USo99y93No7aWuMzNQvoWA22LUnv5GbWeZOmWa0FUvvDeV2HVwJcSGy0JaEqlh9eZDOo4Dc__lGJ4hywuaqafNYudN1Ph4c4EI3aib7jxb8C9rxL_9DLWpeXGyicA&#8221; rel=&#8221;nofollow noopener&#8221; role=&#8221;link&#8221; tabindex=&#8221;0&#8243; target=&#8221;_blank&#8221;&gt;https:\/\/edituradoxologia.ro\/povestiri-duhovnicesti&lt;\/a&gt; &lt;\/div&gt;&lt;\/div&gt; &lt;div class=&#8221;cxmmr5t8 oygrvhab hcukyx3x c1et5uql o9v6fnle ii04i59q&#8221;&gt; &lt;div dir=&#8221;auto&#8221; style=&#8221;text-align: start;&#8221;&gt;&nbsp;&lt;\/div&gt; &lt;div dir=&#8221;auto&#8221; style=&#8221;text-align: start;&#8221;&gt;\u00cen icoan\u0103: &lt;i&gt;Sfin\u021bii Sinaiului. De la st\u00e2nga la dreapta. Gheorghe Sinaitul, Nil Sinaitul, Maica Domnului, Anastasie Sinaitul, Ioan Sc\u0103rarul (Sinai, 1230-1240)&lt;\/i&gt;&lt;span style=&#8221;font-weight: bold;&#8221;&gt; &lt;\/span&gt;&lt;\/div&gt; &lt;div dir=&#8221;auto&#8221; style=&#8221;text-align: start;&#8221;&gt;&nbsp;&lt;\/div&gt; &lt;div dir=&#8221;auto&#8221; style=&#8221;text-align: start;&#8221;&gt;&lt;span style=&#8221;font-weight: bold;&#8221;&gt;Sf\u00e2ntul Apostol Zaheu&lt;\/span&gt;&lt;\/div&gt; &lt;div dir=&#8221;auto&#8221; style=&#8221;text-align: start;&#8221;&gt;&nbsp;&lt;\/div&gt; &lt;div dir=&#8221;auto&#8221; style=&#8221;text-align: start;&#8221;&gt;Dup\u0103 cum citim \u00een Evanghelia dup\u0103 Luca (19, 1-10), Zaheu era mai marele vame\u0219ilor din Ierihon. \u0218i el auzise de Hristos \u0219i de minunile pe care El&nbsp;le f\u0103cea \u0219i \u00ee\u0219i dorea mult s\u0103 \u00cel vad\u0103. Din pricina mul\u021bimilor care \u00cel \u00eenconjurau pe Iisus, Zaheu nu reu\u0219ea s\u0103 se apropie \u0219i, fiind mic de statur\u0103, nici de departe nu putea s\u0103-l vad\u0103. Atunci, uit\u00e2nd parc\u0103 de func\u021bia \u0219i pozi\u021bia sa social\u0103, Zaheu a alergat \u00eenainte \u0219i s-a urcat \u00eentr-un copac de pe marginea drumului pe unde avea s\u0103 treac\u0103 Iisus. &lt;br \/&gt; &lt;\/div&gt; &lt;div dir=&#8221;auto&#8221; style=&#8221;text-align: start;&#8221;&gt;&nbsp;&lt;\/div&gt; Copacul \u00een care s-a urcat Zaheu era sicomor, un arbore exotic foarte asem\u0103n\u0103tor cu smochinul, care \u00een multe traduceri rom\u00e2ne\u0219ti, pentru simplificare, a fost numit dud. Trunchiul acestui pom, acum uscat, se vede \u00eenc\u0103 \u00een curtea &lt;strong&gt;&lt;a href=&#8221;http:\/\/www.doxologia.ro\/locuri-de-pelerinaj\/manastirea-sfantul-proroc-elisei-din-ierihon&#8221; target=&#8221;_blank&#8221;&gt;M\u0103n\u0103stirii \u201eSf\u00e2ntul Proroc Elisei\u201d&lt;\/a&gt;&lt;\/strong&gt; din Ierihon.&lt;\/div&gt; &lt;div class=&#8221;cxmmr5t8 oygrvhab hcukyx3x c1et5uql o9v6fnle ii04i59q&#8221;&gt;&nbsp;&lt;\/div&gt; &lt;div class=&#8221;cxmmr5t8 oygrvhab hcukyx3x c1et5uql o9v6fnle ii04i59q&#8221;&gt;Dup\u0103 \u00cen\u0103l\u021barea Domnului la Cer, Sf\u00e2ntul Zaheu l-a \u00eenso\u021bit pe &lt;strong&gt;Sf\u00e2ntul Apostol Petru&lt;\/strong&gt; \u00een c\u0103l\u0103toriile sale. Tradi\u021bia spune c\u0103 el l-a urmat pe Sf\u00e2ntul Petru \u00een Cezareea Palestinei, unde a fost numit episcop. El a murit \u00een pace, av\u00e2nd ca zi de pr\u0103znuire 20 aprilie. Biserica \u00eel pomene\u0219te pe Zaheu \u0219i \u00een Duminica a XXXII-a dup\u0103 Rusalii, c\u00e2nd este citit textul din Luca 19, 1-10, unde este descris\u0103 \u00eent\u00e2lnirea lui Zaheu cu M\u00e2ntuitorul. (&lt;a href=&#8221;http:\/\/doxologia.ro\/locuri-de-pelerinaj\/sicomorul-lui-zaheu-din-ierihon&#8221; target=&#8221;_blank&#8221; rel=&#8221;&#8221;&gt;Doxologia&lt;\/a&gt;)&nbsp; &lt;p class=&#8221;rtejustify&#8221;&gt;&lt;span style=&#8221;font-weight: bold;&#8221;&gt;\u00cen aceast\u0103 lun\u0103, \u00een ziua a dou\u0103zecea, pomenirea preacuviosului p\u0103rintelui nostru Teodor Trihina&lt;\/span&gt;&lt;\/p&gt; &lt;p class=&#8221;rtejustify&#8221;&gt;Acest fericit supun\u00e2ndu-se la toat\u0103 reaua p\u0103timire \u0219i petrecere, \u00eenghe\u021bat de frig \u0219i de ger, \u00ee\u0219i acoperea trupul cu \u00eembr\u0103c\u0103minte de p\u0103r aspr\u0103, pentru care s-a \u0219i numit Trihina. Drept aceea a dat de gol \u0219i \u00een\u0219el\u0103ciunea demonilor. \u0218i morm\u00e2ntul s\u0103u este izvor\u00e2tor de mir, tuturor celor ce cu dragoste n\u0103zuiese la d\u00e2nsul, \u0219i-\u0219i iau sufleteasca \u0219i trupeasca t\u0103m\u0103duire.&lt;\/p&gt; &lt;p class=&#8221;rtejustify&#8221;&gt;&lt;span style=&#8221;font-weight: bold;&#8221;&gt;Tot \u00een aceast\u0103 zi, pomenirea sfin\u021bilor mucenici Victor, Zotic, Zinon, Achindin, Chesarie, Severian, Hristofor, Teona \u0219i Antonin.&lt;\/span&gt;&lt;\/p&gt; &lt;p class=&#8221;rtejustify&#8221;&gt;To\u021bi ace\u0219ti sfin\u021bi au s\u0103v\u00e2r\u0219it lupta muceniciei pe vremea lui Diocle\u021bian cel r\u0103ucredincios, c\u00e2nd \u0219i mult-p\u0103timitorul mucenic al lui Hristos Gheorghe fiind prins era pedepsit \u0219i \u00een vremea pedepselor s\u0103v\u00e2r\u0219ea acele minuni. \u0218i Victor, Achindin, Zotic, \u00eempreun\u0103 cu Zinon, \u0219i Severian, v\u0103z\u00e2nd pe sf\u00e2ntul Gheorghe, \u00eentins pe roat\u0103, \u0219i \u00eentru nimic v\u0103t\u0103m\u00e2ndu-se, cu un glas s-au m\u0103rturisit pe sine cre\u0219tini, \u0219i li s-au t\u0103iat capetele cu sabia. Iar Hristofor, Teona \u0219i Antonin, fiind cei mai de aproape p\u0103zitori ai \u00eemp\u0103ratului, \u0219i care stau \u00eenaintea lui, \u00eentr-una din zile, \u00een vreme ce marele mucenic era cercetat cu cruzime, v\u0103z\u00e2nd \u00eenvierea p\u0103g\u00e2nului celui mort, f\u0103cut\u0103 prin rug\u0103ciunile mucenicului \u0219i prin chemarea lui Hristos Dumnezeu, degrab\u0103 ace\u0219tia arunc\u00e2nd centurile \u0219i armele lor \u00eenaintea \u00eemp\u0103ratului \u0219i a toat\u0103 adunarea, au m\u0103rturisit c\u0103 Hristos este Dumnezeu adev\u0103rat. Pentru care fiind prin\u0219i au fost pu\u0219i la \u00eenchisoare. Iar dup\u0103 c\u00e2teva zile st\u00e2nd \u00eenaintea tiranului au fost supu\u0219i la multe chinuri. \u0218i \u00een sf\u00e2r\u0219it fiind arunca\u021bi \u00een foc, au primit cununa muceniciei (&lt;a href=&#8221;http:\/\/calendar-ortodox.ro\/luna\/aprilie\/aprilie20.htm&#8221; target=&#8221;_blank&#8221; rel=&#8221;&#8221;&gt;Calendar-Ortodox.ro&lt;\/a&gt;).&lt;\/p&gt; &lt;p class=&#8221;rtejustify&#8221;&gt;&lt;span style=&#8221;font-weight: bold;&#8221;&gt;Tot \u00een aceast\u0103 zi, pomenirea sf\u00e2ntului sfin\u021bitului mucenic Anastasie al Antiohiei.&lt;\/span&gt;&lt;\/p&gt; &lt;p class=&#8221;rtejustify&#8221;&gt;&lt;span style=&#8221;font-weight: bold;&#8221;&gt;Tot \u00een aceast\u0103 zi, pomenirea preacuviosului Atanasie care a zidit Manastirea Meteora \u00een Tesalia \u0219i care \u00een pace s-a s\u0103v\u00e2r\u0219it.&lt;\/span&gt;&lt;\/p&gt; &lt;p class=&#8221;rtejustify&#8221;&gt;&lt;span style=&#8221;font-weight: bold;&#8221;&gt;Tot \u00een aceast\u0103 zi, pomenirea preacuviosului Iosaf, ce a sih\u0103strit \u00eempreun\u0103 cu pomenitul cuvios Atanasie din Meteora, \u0219i care \u00een pace s-a s\u0103v\u00e2r\u0219it. &lt;\/span&gt;&lt;\/p&gt; &lt;p class=&#8221;rtejustify&#8221;&gt;&lt;i&gt;&lt;span style=&#8221;font-weight: bold;&#8221;&gt;Cu ale lor sfinte rug\u0103ciuni, Doamne, miluie\u0219te-ne \u0219i ne m\u00e2ntuie\u0219te pe noi. Amin.&lt;\/span&gt;&lt;\/i&gt;&lt;\/p&gt;&lt;\/div&gt;&lt;\/span&gt;&lt;\/div&gt;&lt;\/div&gt;&lt;\/div&gt;&lt;\/div&gt;&lt;\/div&gt;<\/div>\n<p>[analyse_source url=&#8221;https:\/\/www.activenews.ro\/cultura\/20-aprilie-Sfantul-Ierarh-Teotim-episcopul-daco-roman-al-Tomisului-si-prieten-al-Sfantului-Ioan-Gura-de-Aur%3B-Sfantul-Anastasie-Sinaitul%3B-Sfantul-Apostol-Zaheu-107620&#8243;]<\/p>\n","protected":false},"excerpt":{"rendered":"<p>[analyse_image type=&#8221;featured&#8221; src=&#8221;https:\/\/www.activenews.ro\/images\/articole\/107620.png&#8221;] &lt;span style=&#8221;font-weight: bold;&#8221;&gt;La 20 aprilie calendarul ortodox pomene\u0219te pe Sf\u00e2ntul Teotim, episcopul Tomisului, numit \u0219i Teotim I, \u201escitul&#8221; sau \u201efilosoful&#8221;.&lt;\/span&gt;&lt;br \/&gt; &lt;br \/&gt; Teotim I Scitul era de neam daco-roman, n\u0103sc\u00e2ndu-se \u00een Dacia Pontic\u0103, undeva \u00een a doua jum\u0103tate a secolului al IV-lea, fiind contemporan cu Sfin\u021bii Ioan Casian \u0219i Gherman din [&hellip;]<\/p>\n","protected":false},"author":1,"featured_media":0,"comment_status":"open","ping_status":"","sticky":false,"template":"","format":"standard","meta":{"footnotes":""},"categories":[89],"tags":[98,226],"class_list":["post-1893192","post","type-post","status-publish","format-standard","hentry","category-romania","tag-activenews-ro","tag-crawlmanager"],"_links":{"self":[{"href":"https:\/\/analyse.optim.biz\/index.php?rest_route=\/wp\/v2\/posts\/1893192","targetHints":{"allow":["GET"]}}],"collection":[{"href":"https:\/\/analyse.optim.biz\/index.php?rest_route=\/wp\/v2\/posts"}],"about":[{"href":"https:\/\/analyse.optim.biz\/index.php?rest_route=\/wp\/v2\/types\/post"}],"author":[{"embeddable":true,"href":"https:\/\/analyse.optim.biz\/index.php?rest_route=\/wp\/v2\/users\/1"}],"replies":[{"embeddable":true,"href":"https:\/\/analyse.optim.biz\/index.php?rest_route=%2Fwp%2Fv2%2Fcomments&post=1893192"}],"version-history":[{"count":0,"href":"https:\/\/analyse.optim.biz\/index.php?rest_route=\/wp\/v2\/posts\/1893192\/revisions"}],"wp:attachment":[{"href":"https:\/\/analyse.optim.biz\/index.php?rest_route=%2Fwp%2Fv2%2Fmedia&parent=1893192"}],"wp:term":[{"taxonomy":"category","embeddable":true,"href":"https:\/\/analyse.optim.biz\/index.php?rest_route=%2Fwp%2Fv2%2Fcategories&post=1893192"},{"taxonomy":"post_tag","embeddable":true,"href":"https:\/\/analyse.optim.biz\/index.php?rest_route=%2Fwp%2Fv2%2Ftags&post=1893192"}],"curies":[{"name":"wp","href":"https:\/\/api.w.org\/{rel}","templated":true}]}}