{"id":1893186,"date":"2026-04-20T10:39:00","date_gmt":"2026-04-20T07:39:00","guid":{"rendered":"https:\/\/analyse.optim.biz\/?p=1893186"},"modified":"2026-04-20T10:39:00","modified_gmt":"2026-04-20T07:39:00","slug":"presedintele-parlamentului-din-iran-acuzat-de-tradare-si-amenintat-dupa-ce-a-anuntat-ca-vrea-continuarea-negocierilor-cu-sua","status":"publish","type":"post","link":"https:\/\/analyse.optim.biz\/?p=1893186","title":{"rendered":"Pre\u0219edintele Parlamentului din Iran, acuzat de tr\u0103dare \u0219i amenin\u021bat dup\u0103 ce a anun\u021bat c\u0103 vrea continuarea negocierilor cu SUA"},"content":{"rendered":"<p>[analyse_image type=&#8221;featured&#8221; src=&#8221;https:\/\/www.activenews.ro\/images\/articole\/204513.jpg&#8221;]<\/p>\n<div class=\"articleBody\" data-key=\"articleBody\">&lt;div&gt;Negociatorul-\u0219ef al Iranului, Mohammad-Bagher Ghalibaf, pre\u0219edintele Parlamentului, ap\u0103r\u0103 public dialogul indirect cu Statele Unite ale Americii, \u00een ciuda atacurilor dure venite din tab\u0103ra ultraconservatoare, care \u00eel acuz\u0103 de \u201etr\u0103dare\u201d.&nbsp;&lt;\/div&gt; &lt;div&gt;&lt;br \/&gt; &lt;\/div&gt; &lt;div&gt;Disputa reflect\u0103 tensiunile tot mai mari din interiorul regimului de la Teheran, unde diploma\u021bia este v\u0103zut\u0103 de unii drept o strategie necesar\u0103, iar de al\u021bii ca un semn de sl\u0103biciune \u00een plin conflict regional.&lt;\/div&gt; &lt;div&gt;&lt;br \/&gt; &lt;\/div&gt; &lt;div&gt;Reac\u021biile negative, care s-au intensificat \u00een ultimele zile \u00een presa extremist\u0103 \u0219i pe platformele sociale, l-au determinat pe Ghalibaf s\u0103 acorde un interviu lung la televiziunea de stat, menit \u00een mare parte s\u0103-i conving\u0103 pe criticii care resping orice form\u0103 de diploma\u021bie \u0219i pledeaz\u0103 pentru continuarea confrunt\u0103rii, arat\u0103 Iran International.Ghalibaf vrea negocieri pentru a c\u00e2\u0219tiga avantaje pentru Iran\u00cen interviu, Ghalibaf a prezentat negocierile nu ca pe o retragere, ci ca pe o continuare a conflictului prin alte mijloace. &lt;\/div&gt; &lt;div&gt;&nbsp;&lt;\/div&gt; &lt;div&gt;Diploma\u021bia, a spus el, nu este nici o retragere din cerin\u021bele Iranului, nici separat\u0103 de c\u00e2mpul de lupt\u0103, ci o modalitate de a consolida c\u00e2\u0219tigurile militare \u0219i de a le traduce \u00een rezultate politice \u0219i pace durabil\u0103.Cel mai notabil, poate, a avertizat \u00eempotriva exager\u0103rii influen\u021bei Iranului, subliniind c\u0103 superioritatea \u0219i capacit\u0103\u021bile militare ale SUA nu ar trebui subestimate.&nbsp;&lt;\/div&gt; &lt;div&gt;&lt;br \/&gt; &lt;\/div&gt; &lt;div&gt;Criticii \u0219i-au intensificat atacurile asupra lui Ghalibaf, \u00een special pe platformele de socializare interne, cum ar fi Eitaa, acuz\u00e2ndu-l c\u0103 ignor\u0103 limitele stabilite de liderul suprem Ali Khamenei \u0219i c\u0103 semnaleaz\u0103 sl\u0103biciune fa\u021b\u0103 de Statele Unite.Un critic a scris \u00eentr-o postare c\u0103 \u201enu exist\u0103 niciun bine \u00een negocieri \u00een afar\u0103 de r\u0103u\u201d, ad\u0103ug\u00e2nd c\u0103 remarcile lui Ghalibaf sugerau un optimism cu privire la progresul discu\u021biilor care era \u201e\u00eengrijor\u0103tor\u201d.&lt;\/div&gt; &lt;div&gt;&lt;br \/&gt; &lt;\/div&gt; &lt;div&gt;O alt\u0103 postare a mers mai departe, cer\u00e2nd G\u0103rzilor Revolu\u021bionare s\u0103 intervin\u0103 \u0219i s\u0103 opreasc\u0103 ceea ce a descris drept \u201etr\u0103darea\u201d lui Ghalibaf.O retoric\u0103 similar\u0103 a ap\u0103rut \u00een cadrul adun\u0103rilor nocturne ale sus\u021bin\u0103torilor pro-guvernamentali, unde vorbitorii denun\u021b\u0103 negocierile \u0219i poten\u021bialele concesii &#8211; cum ar fi predarea materialului nuclear \u00eembog\u0103\u021bit, o cerere esen\u021bial\u0103 a SUA &#8211; \u0219i scandeaz\u0103 sloganuri precum \u201eMoarte celor care fac compromisuri\u201d.&nbsp;&lt;\/div&gt;<\/div>\n<p>[analyse_source url=&#8221;https:\/\/www.activenews.ro\/stiri\/Presedintele-Parlamentului-din-Iran-acuzat-de-tradare-si-amenintat-dupa-ce-a-anuntat-ca-vrea-continuarea-negocierilor-cu-SUA-204513&#8243;]<\/p>\n","protected":false},"excerpt":{"rendered":"<p>[analyse_image type=&#8221;featured&#8221; src=&#8221;https:\/\/www.activenews.ro\/images\/articole\/204513.jpg&#8221;] &lt;div&gt;Negociatorul-\u0219ef al Iranului, Mohammad-Bagher Ghalibaf, pre\u0219edintele Parlamentului, ap\u0103r\u0103 public dialogul indirect cu Statele Unite ale Americii, \u00een ciuda atacurilor dure venite din tab\u0103ra ultraconservatoare, care \u00eel acuz\u0103 de \u201etr\u0103dare\u201d.&nbsp;&lt;\/div&gt; &lt;div&gt;&lt;br \/&gt; &lt;\/div&gt; &lt;div&gt;Disputa reflect\u0103 tensiunile tot mai mari din interiorul regimului de la Teheran, unde diploma\u021bia este v\u0103zut\u0103 de unii drept o [&hellip;]<\/p>\n","protected":false},"author":1,"featured_media":0,"comment_status":"open","ping_status":"","sticky":false,"template":"","format":"standard","meta":{"footnotes":""},"categories":[89],"tags":[98,226],"class_list":["post-1893186","post","type-post","status-publish","format-standard","hentry","category-romania","tag-activenews-ro","tag-crawlmanager"],"_links":{"self":[{"href":"https:\/\/analyse.optim.biz\/index.php?rest_route=\/wp\/v2\/posts\/1893186","targetHints":{"allow":["GET"]}}],"collection":[{"href":"https:\/\/analyse.optim.biz\/index.php?rest_route=\/wp\/v2\/posts"}],"about":[{"href":"https:\/\/analyse.optim.biz\/index.php?rest_route=\/wp\/v2\/types\/post"}],"author":[{"embeddable":true,"href":"https:\/\/analyse.optim.biz\/index.php?rest_route=\/wp\/v2\/users\/1"}],"replies":[{"embeddable":true,"href":"https:\/\/analyse.optim.biz\/index.php?rest_route=%2Fwp%2Fv2%2Fcomments&post=1893186"}],"version-history":[{"count":0,"href":"https:\/\/analyse.optim.biz\/index.php?rest_route=\/wp\/v2\/posts\/1893186\/revisions"}],"wp:attachment":[{"href":"https:\/\/analyse.optim.biz\/index.php?rest_route=%2Fwp%2Fv2%2Fmedia&parent=1893186"}],"wp:term":[{"taxonomy":"category","embeddable":true,"href":"https:\/\/analyse.optim.biz\/index.php?rest_route=%2Fwp%2Fv2%2Fcategories&post=1893186"},{"taxonomy":"post_tag","embeddable":true,"href":"https:\/\/analyse.optim.biz\/index.php?rest_route=%2Fwp%2Fv2%2Ftags&post=1893186"}],"curies":[{"name":"wp","href":"https:\/\/api.w.org\/{rel}","templated":true}]}}