{"id":1893184,"date":"2026-04-20T07:20:45","date_gmt":"2026-04-20T04:20:45","guid":{"rendered":"https:\/\/analyse.optim.biz\/?p=1893184"},"modified":"2026-04-20T07:20:45","modified_gmt":"2026-04-20T04:20:45","slug":"gheorghe-piperea-premierul-inca-in-functie-a-pronuntat-cuvantul-sobolanii-cu-adresa-directa-la-pesedistii-care-il-vor-plecat-din-fruntea-guvernului-sobolan-rosu-ciuma-rosie-si","status":"publish","type":"post","link":"https:\/\/analyse.optim.biz\/?p=1893184","title":{"rendered":"Gheorghe Piperea: Premierul \u00eenc\u0103 \u00een func\u021bie a pronun\u021bat cuv\u00e2ntul \u201c\u0219obolanii\u201d, cu adres\u0103 direct\u0103 la pesedi\u0219tii care \u00eel vor plecat din fruntea guvernului. \u0218obolan ro\u0219u = ciuma ro\u0219ie. \u0218i vine de la Goebbels, propagandistul nazismului"},"content":{"rendered":"<p>[analyse_image type=&#8221;featured&#8221; src=&#8221;https:\/\/www.activenews.ro\/images\/articole\/204503.png&#8221;]<\/p>\n<div class=\"articleBody\" data-key=\"articleBody\">&lt;div&gt;&lt;span style=&#8221;font-weight: bold;&#8221;&gt;Secta care imediat ce a defectat Nicu\u0219or a trecut str\u00e2ns unit\u0103 \u00een jurul lui Bolojan a preluat simbolul \u0219i l-a pus pe afi\u0219e ca parte a sloganului unui protest &#8220;spontan\u201d care se organizeaz\u0103 azi, pentru sus\u021binerea lui Bolojan.&nbsp;&lt;\/span&gt;&lt;\/div&gt; &lt;div&gt;&lt;br \/&gt; &lt;\/div&gt; &lt;div&gt;Pe afi\u0219ele protestului \u0219i pe alte &#8220;visualuri\u201d de pe social media \u0219obolanii sunt ro\u0219ii.&nbsp;&lt;\/div&gt; &lt;div&gt;&lt;br \/&gt; &lt;\/div&gt; &lt;div&gt;\u00cen mentalul colectiv \u0219obolanii sunt aduc\u0103tori de cium\u0103.&nbsp;&lt;\/div&gt; &lt;div&gt;&lt;br \/&gt; &lt;\/div&gt; &lt;div&gt;\u00cen substratul acestei campanii, \u0219obolan ro\u0219u = ciuma ro\u0219ie.&nbsp;&lt;\/div&gt; &lt;div&gt;&lt;br \/&gt; &lt;\/div&gt; &lt;div&gt;\u00cen inten\u021bia v\u0103dit\u0103 a creatorilor \u0219i beneficiarilor acestei campanii, pesede = \u0219obolanii ro\u0219ii = ciuma ro\u0219ie.&nbsp;&lt;\/div&gt; &lt;div&gt;&lt;br \/&gt; &lt;\/div&gt; &lt;div&gt;Pesede a mai fost calificat ca atare. De Iohannis. Care este neam\u021b. Precum \u0219i de usere, care este crea\u021bia sekurit\u0103\u021bii \u0219i odrasla de suflet complexului industrial, soro\u0219ist, al cenzurii: fanchisitizeni, rezi\u0219ti, declici.&nbsp;&lt;\/div&gt; &lt;div&gt;&lt;span style=&#8221;font-weight: bold;&#8221;&gt;&lt;br \/&gt; &lt;\/span&gt;&lt;\/div&gt; &lt;div&gt;&lt;span style=&#8221;font-weight: bold;&#8221;&gt;Dar \u0219ti\u021bi de unde vine termenul &#8220;ciuma ro\u0219ie\u201d?&nbsp;&lt;\/span&gt;&lt;\/div&gt; &lt;div&gt;&lt;span style=&#8221;font-weight: bold;&#8221;&gt;&lt;br \/&gt; &lt;\/span&gt;&lt;\/div&gt; &lt;div&gt;&lt;span style=&#8221;font-weight: bold;&#8221;&gt;De la Goebbels, propagandistul nazismului.&nbsp;&lt;\/span&gt;&lt;\/div&gt; &lt;div&gt;&lt;br \/&gt; &lt;\/div&gt; &lt;div&gt;\u00centotdeauna mi-a fost clar c\u0103 useri\u0219tii, care sunt ni\u0219te neo-marxi\u0219ti rata\u021bi, sunt nazi\u0219ti implici\u021bi. Mi-a fost clar \u00eenc\u0103 din plandemie, c\u00e2nd liderul lor de atunci, Barna, cerea s\u0103 fim \u00eencuia\u021bi \u00een case, cu lac\u0103tul, pe dinafar\u0103, \u0219i s\u0103 nu mai fim trata\u021bi din fonduri publice pentru c\u0103 am refuzat minunatul \u0219i gratisul vaccin\u2026&nbsp;&lt;\/div&gt; &lt;div&gt;&lt;br \/&gt; &lt;\/div&gt; &lt;div&gt;Dar \u0219ti\u021bi ce e bizar?&nbsp;&lt;\/div&gt; &lt;div&gt;&lt;br \/&gt; &lt;\/div&gt; &lt;div&gt;C\u0103 cenzorii de stat \u0219i fact checkers nu v\u0103d nazism \u0219i discurs al urii la useri\u0219ti, fanchizitizeni, declici, manoli \u0219i chirili.&nbsp;&lt;\/div&gt; &lt;div&gt;Nici re\u021belele de socializare nu v\u0103d rasism \u0219i propagand\u0103 nazi la ace\u0219ti r\u00e2zg\u0103ia\u021bi cu v\u00e2rsta emo\u021bional\u0103 a unui copil de 12 ani.&lt;\/div&gt;<\/div>\n<p>[analyse_source url=&#8221;https:\/\/www.activenews.ro\/opinii\/Gheorghe-Piperea-Premierul-inca-in-functie-a-pronuntat-cuvantul-sobolanii-cu-adresa-directa-la-pesedistii-care-il-vor-plecat-din-fruntea-guvernului.-Sobolan-rosu-%3D-ciuma-rosie.-Si-vine-de-la-Goebbels-propagandistul-nazismului-204503&#8243;]<\/p>\n","protected":false},"excerpt":{"rendered":"<p>[analyse_image type=&#8221;featured&#8221; src=&#8221;https:\/\/www.activenews.ro\/images\/articole\/204503.png&#8221;] &lt;div&gt;&lt;span style=&#8221;font-weight: bold;&#8221;&gt;Secta care imediat ce a defectat Nicu\u0219or a trecut str\u00e2ns unit\u0103 \u00een jurul lui Bolojan a preluat simbolul \u0219i l-a pus pe afi\u0219e ca parte a sloganului unui protest &#8220;spontan\u201d care se organizeaz\u0103 azi, pentru sus\u021binerea lui Bolojan.&nbsp;&lt;\/span&gt;&lt;\/div&gt; &lt;div&gt;&lt;br \/&gt; &lt;\/div&gt; &lt;div&gt;Pe afi\u0219ele protestului \u0219i pe alte &#8220;visualuri\u201d de pe [&hellip;]<\/p>\n","protected":false},"author":1,"featured_media":0,"comment_status":"open","ping_status":"","sticky":false,"template":"","format":"standard","meta":{"footnotes":""},"categories":[89],"tags":[98,226],"class_list":["post-1893184","post","type-post","status-publish","format-standard","hentry","category-romania","tag-activenews-ro","tag-crawlmanager"],"_links":{"self":[{"href":"https:\/\/analyse.optim.biz\/index.php?rest_route=\/wp\/v2\/posts\/1893184","targetHints":{"allow":["GET"]}}],"collection":[{"href":"https:\/\/analyse.optim.biz\/index.php?rest_route=\/wp\/v2\/posts"}],"about":[{"href":"https:\/\/analyse.optim.biz\/index.php?rest_route=\/wp\/v2\/types\/post"}],"author":[{"embeddable":true,"href":"https:\/\/analyse.optim.biz\/index.php?rest_route=\/wp\/v2\/users\/1"}],"replies":[{"embeddable":true,"href":"https:\/\/analyse.optim.biz\/index.php?rest_route=%2Fwp%2Fv2%2Fcomments&post=1893184"}],"version-history":[{"count":0,"href":"https:\/\/analyse.optim.biz\/index.php?rest_route=\/wp\/v2\/posts\/1893184\/revisions"}],"wp:attachment":[{"href":"https:\/\/analyse.optim.biz\/index.php?rest_route=%2Fwp%2Fv2%2Fmedia&parent=1893184"}],"wp:term":[{"taxonomy":"category","embeddable":true,"href":"https:\/\/analyse.optim.biz\/index.php?rest_route=%2Fwp%2Fv2%2Fcategories&post=1893184"},{"taxonomy":"post_tag","embeddable":true,"href":"https:\/\/analyse.optim.biz\/index.php?rest_route=%2Fwp%2Fv2%2Ftags&post=1893184"}],"curies":[{"name":"wp","href":"https:\/\/api.w.org\/{rel}","templated":true}]}}