{"id":1893183,"date":"2026-04-20T06:46:14","date_gmt":"2026-04-20T03:46:14","guid":{"rendered":"https:\/\/analyse.optim.biz\/?p=1893183"},"modified":"2026-04-20T06:46:14","modified_gmt":"2026-04-20T03:46:14","slug":"mobilizare-in-strada-usr-istii-scot-oamenii-in-piata-victoriei-pentru-a-l-salva-pe-bolojan-in-ziua-in-care-psd-decide-soarta-coalitiei","status":"publish","type":"post","link":"https:\/\/analyse.optim.biz\/?p=1893183","title":{"rendered":"Mobilizare \u00een strad\u0103: USR-i\u0219tii scot oamenii \u00een Pia\u021ba Victoriei pentru a-l salva pe Bolojan, \u00een ziua \u00een care PSD decide soarta Coali\u021biei"},"content":{"rendered":"<p>[analyse_image type=&#8221;featured&#8221; src=&#8221;https:\/\/www.activenews.ro\/images\/articole\/204502.png&#8221;]<\/p>\n<div class=\"articleBody\" data-key=\"articleBody\">&lt;div&gt;&lt;span style=&#8221;font-weight: bold;&#8221;&gt;Useri\u0219tii au \u00eenceput mobilizarea pentru un miting pro-Bolojan. Un miting de sus\u021binere pentru premierul Ilie Bolojan este anun\u021bat \u00een Capital\u0103, \u00een aceast\u0103 sear\u0103, \u00een Pia\u021ba Victoriei, \u00een plin context tensionat \u00een coali\u021bia de guvernare, \u00een ziua \u00een care PSD decide dac\u0103 r\u0103m\u00e2ne sau nu la guvernare, noteaz\u0103 &lt;a href=&#8221;http:\/\/www.realitatea.net\/stiri\/politica\/mobilizarea-useristilor-pentru-ilie-bolojan-miting-de-sustinere-anuntat-in-piata-victoriei_69e5b40d59ad18207470f3d2&#8243; target=&#8221;_blank&#8221; style=&#8221;color: rgb(239, 0, 27);&#8221;&gt;Realitatea&lt;\/a&gt;.&lt;\/span&gt;&lt;\/div&gt; &lt;div&gt;&lt;br \/&gt; &lt;\/div&gt; &lt;div&gt;Mai mul\u021bi arti\u0219ti \u0219i-au anun\u021bat prezen\u021ba la eveniment. De altfel, ace\u0219tia au postat mai multe mesaje de sus\u021binere pentru actualul premier. Toate aceste reac\u021bii vin \u00een contextul \u00een care&lt;a href=&#8221;http:\/\/www.activenews.ro\/stiri\/Pleaca-Bolojan-Soarta-premierului-decisa-astazi-de-5.000-de-membri-PSD-204499&#8243; target=&#8221;_blank&#8221;&gt; PSD urmeaz\u0103 s\u0103 decid\u0103&lt;\/a&gt;, ast\u0103zi, dac\u0103 r\u0103m\u00e2ne sau nu la guvernare. \u0218edin\u021ba este a\u0219teptat\u0103, iar participarea liderilor ar putea influen\u021ba viitorul coali\u021biei.&nbsp;&lt;\/div&gt; &lt;div&gt;&nbsp;&lt;\/div&gt; &lt;div&gt;&lt;span style=&#8221;color: rgb(120, 120, 120);&#8221;&gt;(Capturi foto: G\u00e2ndul)&lt;\/span&gt;&lt;\/div&gt; &lt;div&gt;&nbsp;&lt;\/div&gt; &lt;div&gt;&nbsp;&lt;\/div&gt; &lt;div&gt;&nbsp;&lt;img src=&#8221;https:\/\/www.activenews.ro\/documente\/mtgbol.png&#8221; alt=&#8221;&#8221; border=&#8221;0&#8243; style=&#8221;margin-top:0px;margin-right:0px;margin-bottom:0px;margin-left:0px;;width:700px;;height:658px;&#8221; \/&gt;&lt;\/div&gt; &lt;div&gt;&nbsp;&lt;\/div&gt; &lt;div&gt;&nbsp;&lt;img src=&#8221;https:\/\/www.activenews.ro\/documente\/mtgbol2.png&#8221; alt=&#8221;&#8221; border=&#8221;0&#8243; style=&#8221;margin-top:0px;margin-right:0px;margin-bottom:0px;margin-left:0px;;width:700px;;height:975px;&#8221; \/&gt;&lt;\/div&gt; &lt;div&gt;&nbsp;&lt;\/div&gt; &lt;div&gt;&nbsp;&lt;img src=&#8221;https:\/\/www.activenews.ro\/documente\/mtgbol3.png&#8221; alt=&#8221;&#8221; border=&#8221;0&#8243; style=&#8221;margin-top:0px;margin-right:0px;margin-bottom:0px;margin-left:0px;;width:700px;;height:1024px;&#8221; \/&gt;&lt;\/div&gt; &lt;div&gt;&nbsp;&lt;img src=&#8221;https:\/\/www.activenews.ro\/documente\/mtgbol4.png&#8221; alt=&#8221;&#8221; border=&#8221;0&#8243; style=&#8221;margin-top:0px;margin-right:0px;margin-bottom:0px;margin-left:0px;;width:700px;;height:731px;&#8221; \/&gt;&lt;\/div&gt; &lt;div&gt;&nbsp;&lt;\/div&gt; &lt;div&gt;&nbsp;&lt;img src=&#8221;https:\/\/www.activenews.ro\/documente\/mthbol5.png&#8221; alt=&#8221;&#8221; border=&#8221;0&#8243; style=&#8221;margin-top:0px;margin-right:0px;margin-bottom:0px;margin-left:0px;;width:700px;;height:308px;&#8221; \/&gt;&lt;\/div&gt;<\/div>\n<p>[analyse_source url=&#8221;https:\/\/www.activenews.ro\/stiri\/Mobilizare-in-strada-USR-istii-scot-oamenii-in-Piata-Victoriei-pentru-a-l-salva-pe-Bolojan-in-ziua-in-care-PSD-decide-soarta-Coalitiei-204502&#8243;]<\/p>\n","protected":false},"excerpt":{"rendered":"<p>[analyse_image type=&#8221;featured&#8221; src=&#8221;https:\/\/www.activenews.ro\/images\/articole\/204502.png&#8221;] &lt;div&gt;&lt;span style=&#8221;font-weight: bold;&#8221;&gt;Useri\u0219tii au \u00eenceput mobilizarea pentru un miting pro-Bolojan. Un miting de sus\u021binere pentru premierul Ilie Bolojan este anun\u021bat \u00een Capital\u0103, \u00een aceast\u0103 sear\u0103, \u00een Pia\u021ba Victoriei, \u00een plin context tensionat \u00een coali\u021bia de guvernare, \u00een ziua \u00een care PSD decide dac\u0103 r\u0103m\u00e2ne sau nu la guvernare, noteaz\u0103 &lt;a href=&#8221;http:\/\/www.realitatea.net\/stiri\/politica\/mobilizarea-useristilor-pentru-ilie-bolojan-miting-de-sustinere-anuntat-in-piata-victoriei_69e5b40d59ad18207470f3d2&#8243; target=&#8221;_blank&#8221; [&hellip;]<\/p>\n","protected":false},"author":1,"featured_media":0,"comment_status":"open","ping_status":"","sticky":false,"template":"","format":"standard","meta":{"footnotes":""},"categories":[89],"tags":[98,226],"class_list":["post-1893183","post","type-post","status-publish","format-standard","hentry","category-romania","tag-activenews-ro","tag-crawlmanager"],"_links":{"self":[{"href":"https:\/\/analyse.optim.biz\/index.php?rest_route=\/wp\/v2\/posts\/1893183","targetHints":{"allow":["GET"]}}],"collection":[{"href":"https:\/\/analyse.optim.biz\/index.php?rest_route=\/wp\/v2\/posts"}],"about":[{"href":"https:\/\/analyse.optim.biz\/index.php?rest_route=\/wp\/v2\/types\/post"}],"author":[{"embeddable":true,"href":"https:\/\/analyse.optim.biz\/index.php?rest_route=\/wp\/v2\/users\/1"}],"replies":[{"embeddable":true,"href":"https:\/\/analyse.optim.biz\/index.php?rest_route=%2Fwp%2Fv2%2Fcomments&post=1893183"}],"version-history":[{"count":0,"href":"https:\/\/analyse.optim.biz\/index.php?rest_route=\/wp\/v2\/posts\/1893183\/revisions"}],"wp:attachment":[{"href":"https:\/\/analyse.optim.biz\/index.php?rest_route=%2Fwp%2Fv2%2Fmedia&parent=1893183"}],"wp:term":[{"taxonomy":"category","embeddable":true,"href":"https:\/\/analyse.optim.biz\/index.php?rest_route=%2Fwp%2Fv2%2Fcategories&post=1893183"},{"taxonomy":"post_tag","embeddable":true,"href":"https:\/\/analyse.optim.biz\/index.php?rest_route=%2Fwp%2Fv2%2Ftags&post=1893183"}],"curies":[{"name":"wp","href":"https:\/\/api.w.org\/{rel}","templated":true}]}}