{"id":1893174,"date":"2026-04-17T17:00:00","date_gmt":"2026-04-17T14:00:00","guid":{"rendered":"https:\/\/analyse.optim.biz\/?p=1893174"},"modified":"2026-04-17T17:00:00","modified_gmt":"2026-04-17T14:00:00","slug":"victor-roncea-ceasul-infloririi-ciresilor-a-sosit-stirea-care-nu-s-a-vazut-sefa-ccr-a-anulat-anularea-alegerilor-versiunea-securitatii-care-l-a-pus-pe-nicusor-dan-in-locul-castigat-de-calin-george","status":"publish","type":"post","link":"https:\/\/analyse.optim.biz\/?p=1893174","title":{"rendered":"Victor Roncea: Ceasul \u00eenfloririi cire\u0219ilor a sosit? \u0218tirea care nu s-a v\u0103zut: \u0218EFA CCR A ANULAT ANULAREA ALEGERILOR, versiunea Securit\u0103\u021bii care l-a pus pe Nicu\u0219or Dan \u00een locul c\u00e2\u0219tigat de C\u0103lin Georgescu"},"content":{"rendered":"<p>[analyse_image type=&#8221;featured&#8221; src=&#8221;https:\/\/www.activenews.ro\/images\/articole\/204456.jpg&#8221;]<\/p>\n<div class=\"articleBody\" data-key=\"articleBody\">&lt;blockquote class=&#8221;tiktok-embed&#8221; cite=&#8221;https:\/\/www.tiktok.com\/@realitatea.plus\/video\/7629246864432434454&#8243; data-video-id=&#8221;7629246864432434454&#8243; style=&#8221;max-width: 605px;min-width: 325px;&#8221; id=&#8221;v96554727437830460&#8243;&gt; &lt;iframe style=&#8221;width: 100%; height: 740px; display: block; visibility: unset;&#8221; name=&#8221;__tt_embed__v96554727437830460&#8243; sandbox=&#8221;allow-popups allow-popups-to-escape-sandbox allow-scripts allow-top-navigation allow-same-origin&#8221; src=&#8221;https:\/\/www.tiktok.com\/embed\/v2\/7629246864432434454?lang=en-GB&amp;referrer=https%3A%2F%2Fwww.activenews.ro%2Fadmin%2Fcatalog.php%3FID_articol%3D204456%26cloneaza_imagine_art%3D204268%26m%3D-2%26ID_sec%3D-1&#8243;&gt;&lt;\/iframe&gt;&lt;\/blockquote&gt; &lt;script async=&#8221;&#8221; src=&#8221;https:\/\/www.tiktok.com\/embed.js&#8221;&gt; \/\/&lt;![CDATA[ \/\/]]&gt; &lt;\/script&gt; &lt;p&gt;&lt;span style=&#8221;font-weight: bold;&#8221;&gt;Motto: &lt;i&gt;\u201eEste total fals s\u0103 spunem c\u0103 \u00een Rom\u00e2nia nu s-au adus suficiente explica\u021bii cu privire la anularea alegerilor. Este total fals. Cine spune a\u0219a ceva \u00eenseamn\u0103 c\u0103 tr\u0103ie\u0219te \u00eentr-o bul\u0103. \u00censeamn\u0103 c\u0103 nu a citit ni\u0219te documente ale CSAT!\u201d &lt;\/i&gt;-&nbsp;vice-pre\u0219edintele ANCOM, Pavel Popescu, &lt;a href=&#8221;http:\/\/www.youtube.com\/watch?v=ca2_eoAjspo&#8221;&gt;Euronews&lt;\/a&gt;, 4 februarie 2025, la Parlamentul Rom\u00e2niei&lt;\/span&gt;&lt;\/p&gt; &lt;p&gt;&lt;span class=&#8221;subtitlu&#8221;&gt;S-a spart bula?&lt;\/span&gt;&lt;\/p&gt; &lt;p&gt;Pe fondul zgomotului de fond, f\u0103cut de tobo\u0219arii \u0219i vuvuzelele Sistemului din ambele tabere &#8211; rezi\u0219ti securist-soro\u0219i\u0219ti pu\u0219i s\u0103 se burzuluiasc\u0103 la pre\u0219edintele lor ca s\u0103-l rea\u0219eze la loc pe \u0219inele oengiste \u0219i \u201esuverani\u0219ti\u201d securist-soro\u0219i\u0219ti care \u00eencearc\u0103 s\u0103 acopere toate evenimentele majore din Rom\u00e2nia cu spumele lor la adresa lui Trump \u0219i Vance, singurele persoane din lumea aceasta care ar mai putea anula anularea alegerilor -, interviul acordat de \u0219efa CCR,&nbsp;Simina T\u0103n\u0103sescu, la &lt;a href=&#8221;http:\/\/tvrinfo.ro\/sefa-ccr-explica-anularea-alegerilor-simina-tanasescu-interviu-exclusiv-la-tvr-info\/&#8221;&gt;TVR&lt;\/a&gt;, nu a fost reflectat \u00een cheia esen\u021bial\u0103, dup\u0103 noi.&lt;\/p&gt; &lt;p&gt;Bogdan Tiberiu Iacob a observat pe bun\u0103 dreptate c\u0103 ceva miroase cam (a) \u201efishy\u201d pe la sediul judec\u0103torilor din Deal, mai sus de Bulevardul Libert\u0103\u021bii, cu vedere larg\u0103 at\u00e2t spre sediul SRI c\u00e2t \u0219i al Parchetului General \u0219i Ministerului Justi\u021biei, institu\u021bie-cheie a statului rom\u00e2n care a fost &lt;a href=&#8221;http:\/\/www.juridice.ro\/822587\/ministrul-radu-marinescu-s-a-intalnit-cu-ambasadorul-sua-la-bucuresti.html&#8221;&gt;vizitat\u0103 de ambasadorul SUA \u00een Rom\u00e2nia&lt;\/a&gt;, ES&nbsp;Darryl Nirenberg, cu 3 zile \u00eenainte de a-i fi ridicat controlul judiciar lui C\u0103lin Georgescu, dup\u0103 peste un an de teroare securistic\u0103. &lt;\/p&gt; &lt;p&gt;&lt;span style=&#8221;font-weight: bold;&#8221;&gt;&lt;i&gt;\u201eO infla\u021bie f\u0103r\u0103 precedent de interviuri ale judec\u0103torilor CCR. Oare ce \u00eei sperie tot mai tare?\u201d,&lt;\/i&gt;&lt;\/span&gt; se \u00eentreab\u0103 investigatorul de profesie &lt;a href=&#8221;http:\/\/www.activenews.ro\/opinii\/Bogdan-Tiberiu-Iacob-Inflatie-fara-precedent-de-interviuri-ale-judecatorilor-CCR.-Oare-ce-ii-sperie-tot-mai-tare-204447&#8243;&gt;BTI&lt;\/a&gt;.&lt;\/p&gt; &lt;p&gt;Fina analist\u0103 &lt;a href=&#8221;http:\/\/www.activenews.ro\/stiri\/Luminita-Arhire-CURTEA-CONSTITUTIONALA-TE-VREA-PROST-PARAFRAZA-DUPA-SLAGARUL-LANSAT-DE-%E2%80%9ESARMALELE-RECI-204450&#8243; target=&#8221;_blank&#8221; rel=&#8221;&#8221;&gt;Lumini\u021ba Arhire&lt;\/a&gt; red\u0103 \u0219i cele &lt;span style=&#8221;font-weight: bold;&#8221;&gt;&#8221;Trei motive extrem de solide, ancorate \u00een textul Constitu\u021biei\u201d&lt;\/span&gt; care au dus, potrivit pre\u0219edintei Cur\u021bii Constitu\u021bionale a Rom\u00e2niei, la anularea alegerilor din 2024:&lt;\/p&gt; &lt;p&gt;&lt;span style=&#8221;font-weight: bold;&#8221;&gt;&lt;i&gt;\u201eDar, motivele pentru care Curtea a ajuns la acea concluzie sunt publicate \u00een Monitor \u0219i ele \u021bin de &lt;span style=&#8221;color: rgb(239, 0, 27);&#8221;&gt;\u00ceNC\u0102LCAREA DREPTURILOR ELECTORALE ALE ALEG\u0102TORILOR, \u00ceNC\u0102LCAREA DREPTULUI DE A FI ALES&nbsp;&lt;\/span&gt;(!!!, n.n.) &lt;span style=&#8221;color: rgb(239, 0, 27);&#8221;&gt;AL CANDIDA\u021aILOR&lt;\/span&gt; \u0219i &lt;span style=&#8221;color: rgb(239, 0, 27);&#8221;&gt;NERESPECTAREA FLAGRANT\u0102 A REGULILOR REFERITOARE LA FINAN\u021aAREA CAMPANIEI ELECTORALE&lt;\/span&gt;. Sunt trei motive extrem de solide, ancorate \u00een textul Constitu\u021biei noastre.\u201d &lt;\/i&gt;(Simina T\u0103n\u0103sescu, interviu pentru TVR INFO. ro, 15 aprilie 2026 &#8211; VIDEO mai sus).&lt;\/span&gt;&lt;\/p&gt; &lt;p&gt;Hopa. Sta\u021bi pu\u021bin, c\u0103 a\u0219a cade \u0219i Klaus Iohannis u\u0219or pe toboganul Justi\u021biei, cu m\u0103tura-n m\u00e2n\u0103, dac\u0103 nu c\u0103lare pe ea, c\u00e2t \u0219i \u201e\u00eensu\u0219iul\u201d prezident ilegitim coco\u021bat acum de o parte a serviciilor \u00een copac la Cotroceni, Neicu\u0219or Dan.&nbsp;&lt;span style=&#8221;font-weight: bold;&#8221;&gt;&nbsp;&nbsp;&lt;\/span&gt;&lt;\/p&gt; &lt;p&gt;&lt;span style=&#8221;font-weight: bold;&#8221;&gt;Deci nu mai este ingeren\u021ba extern\u0103 &#8211; precis ruseasc\u0103 -, &lt;span style=&#8221;font-weight: bold;&#8221;&gt;actori statali \u0219i non-statali?&nbsp;&lt;\/span&gt;Ci cu totul \u0219i cu totul altceva, legat de ni\u0219te drepturi, parc\u0103? Cum, c\u00e2nd lumea-i e deschis\u0103, tot castelul din be\u021be de chibrit al serviciilor (unor dintre ele) se surp\u0103,&nbsp;&lt;\/span&gt;&lt;span style=&#8221;font-weight: bold;&#8221;&gt;a\u0219adar, ca prin minune, direct \u00een capul profitorului puciului din decembrie 2024?&lt;\/span&gt;&lt;\/p&gt; &lt;p&gt;Profitor care o \u021bine langa, chiar a doua zi dup\u0103 interviul \u0219efei CCR, cu aceea\u0219i plac\u0103 r\u0103suflat\u0103 care \u00eei va aduce prejudicii de c\u00e2teva milioane de euro, cu siguran\u021b\u0103, \u00een urma unui proces legitim \u0219i necesar, dup\u0103 ce-i va c\u0103dea imunitatea la fel ca hainele cele noi ale \u00eemp\u0103ratului&#8230; mu\u0219telor:&nbsp;Beelzebub.&lt;\/p&gt; &lt;p&gt;&lt;span style=&#8221;font-weight: bold;&#8221;&gt;\u201eAm avut o coresponden\u021b\u0103 foarte interesant\u0103 cu mai multe institu\u021bii, destul de voluminoas\u0103, am avut \u0219i discu\u021bii fa\u021b\u0103 \u00een fa\u021b\u0103.&nbsp;&lt;\/span&gt;&lt;span style=&#8221;font-weight: bold;&#8221;&gt;F\u0103r\u0103 discu\u021bie, C\u0103lin Georgescu a fost sus\u021binut de o infrastructur\u0103 creat\u0103 de Federa\u021bia Rus\u0103. Sigur c\u0103 am dovezi (v\u0103zute cu propriii ochi). 90% din lucrurile pe care le \u0219tiu despre alegeri sunt lucruri care pot fi f\u0103cute publice \u0219i pe care le vom face publice \u00eentr-un mod sistematic. Cred c\u0103 era ianuarie sau februarie c\u00e2nd domnul Floren\u021ba a ie\u0219it cu un raport care dovede\u0219te c\u0103 agen\u021biile ruse au lucrat pentru C\u0103lin Georgescu.\u201d, &lt;a href=&#8221;http:\/\/www.activenews.ro\/opinii\/Citeste-i-ba-dobitocului-comentariile-Ne-e-mila-de-Nicusor-Dan-dar-mai-mila-ne-e-de-tara-noastra-A-ramas-hipnotizat-de-propriul-deget-cand-s-a-vorbit-de-anularea-alegerilor-VIDEO-204434&#8243;&gt;spune \u00een continuare Nicu\u0219or Dan&lt;\/a&gt;, la o zi dup\u0103 interviul \u0219efei CCR, cu o siguran\u021b\u0103 oferit\u0103 chiupurile de \u201e100 de ori mai multe informa\u021bii\u201d dec\u00e2t avem noi.&lt;\/span&gt;&lt;\/p&gt; &lt;p&gt;Haide\u021bi s\u0103 ne amintim \u0219i ce a afirmat complicele lui de opera\u021biune, Klaus Iohannis, pe 6 decembrie 2024, ziua loviturii de stat, de la Palatul Cotroceni:&lt;\/p&gt; &lt;p style=&#8221;text-align:justify&#8221;&gt;&lt;span style=&#8221;font-weight: bold;&#8221;&gt;\u201eCurtea Constitu\u021bional\u0103 a Rom\u00e2niei a decis s\u0103 anuleze alegerile preziden\u021biale care s-au desf\u0103\u0219urat \u00een aceste zile. &lt;\/span&gt;Decizia Cur\u021bii Constitu\u021bionale este obligatorie pentru toat\u0103 lumea \u0219i noi to\u021bi ne conform\u0103m. Este o situa\u021bie nemai\u00eent\u00e2lnit\u0103 p\u00e2n\u0103 acum \u0219i cred c\u0103 este bine s\u0103 ne amintim un pic cum s-a ajuns aici.&lt;\/p&gt; &lt;p style=&#8221;text-align:justify&#8221;&gt;La scurt timp dup\u0103 primul tur al alegerilor preziden\u021biale, &lt;span style=&#8221;font-weight: bold;&#8221;&gt;am primit semnale, la \u00eenceput doar telefonice, de la servicii c\u0103 anumite lucruri sunt ciudate. Am dispus imediat s\u0103 se aprofundeze, s\u0103 se verifice tot ce poate fi verificat, \u0219i \u00een scurt timp am primit inform\u0103rile scrise. Am fost foarte \u00eengrijorat de ce am citit acolo \u0219i am convocat de urgen\u021b\u0103 \u0219edin\u021ba Consiliului Suprem de Ap\u0103rare a \u021a\u0103rii. Acolo am avut patru materiale, de la SRI, de la SIE, de la STS \u0219i de la Ministerul Afacerilor Interne&lt;\/span&gt;, materiale pe care \u00eentre timp majoritatea le cunoa\u0219te\u021bi.&lt;\/p&gt; &lt;p style=&#8221;text-align:justify&#8221;&gt;CSAT a luat act de aceste materiale, le-a discutat, \u0219i concluziile au fost grave. Am dat un comunicat \u00een sintez\u0103 a chestiunilor care au fost g\u0103site atunci. (&#8230;). &lt;span style=&#8221;font-weight: bold;&#8221;&gt;Mai mult, am primit informa\u021biile de la servicii c\u0103 aceast\u0103 campanie a acestui candidat a fost sprijinit\u0103 dintr-un stat str\u0103in de interesele Rom\u00e2niei. Toate acestea sunt lucruri grave.&lt;\/span&gt;&lt;\/p&gt; &lt;p style=&#8221;text-align:justify&#8221;&gt;Este important de re\u021binut c\u0103 CSAT nu are atribu\u021bii \u00een domeniul alegerilor, &lt;span style=&#8221;font-weight: bold;&#8221;&gt;dar semnalele care au parvenit CSAT, c\u0103 aceast\u0103 campanie a fost sprijinit\u0103 ilegal din afara Rom\u00e2niei, ne-a dus la concluzia c\u0103 aici avem de-a face cu o chestiune de securitate na\u021bional\u0103&lt;\/span&gt; \u0219i asta este tema Consiliului Suprem de Ap\u0103rare a \u021a\u0103rii.\u201d&lt;\/p&gt; &lt;p style=&#8221;text-align:justify&#8221;&gt;&lt;span style=&#8221;font-weight: bold;&#8221;&gt;Deci motivele invocate de Iohannis \u0219i Dan au fost, repetitiv \u0219i obsesiv, 1 &#8211; cele cu referire la informa\u021biile servicilor speciale (ale unora dintre acestea) cu privire la implicarea unui stat str\u0103in &#8211; marota Rusia &#8211; \u00een alegeri \u0219i 2 &#8211; a\u0219a zisa finan\u021bare ilegal\u0103 a campaniei lui C\u0103lin Georgescu.&lt;\/span&gt;&lt;\/p&gt; &lt;p style=&#8221;text-align:justify&#8221;&gt;Suntem la aproape 1 an \u0219i 6 luni de la anularea alegerilor. Raportul \u201edoveditor\u201d nu a ap\u0103rut iar Parchetul, cu armata lui de procurori de toate culorile, nu a probat nici o finan\u021bare ilegal\u0103 a unui candidat p\u00e2n\u0103 azi, 17 aprilie 2026.&lt;\/p&gt; &lt;p style=&#8221;text-align:justify&#8221;&gt;&lt;span style=&#8221;font-weight: bold;&#8221;&gt;Iar \u0219efa CCR spune c\u0103 nu \u0219tie nimic de vreun serviciu secret str\u0103in, nicidecum rusesc, ci doar de \u00eenc\u0103lcarea unor drepturi, a celui ales \u0219i al aleg\u0103torilor &#8211; adic\u0103, de fapt, chiar a drepturilor noastre \u00eenc\u0103lcate de lovitura de stat.&lt;\/span&gt;&lt;\/p&gt; &lt;p style=&#8221;text-align:justify&#8221;&gt;&lt;span style=&#8221;font-weight: bold;&#8221;&gt;Ceasul \u00eenfloririi cire\u0219ilor a sosit?&lt;\/span&gt;&lt;\/p&gt; &lt;script type=&#8221;text\/javascript&#8221; id=&#8221;ttEmbedLibScript&#8221; src=&#8221;https:\/\/sf16-website-login.neutral.ttwstatic.com\/obj\/tiktok_web_login_static\/tiktok\/falcon\/embed\/embed_lib_v1.0.13.js&#8221;&gt; \/\/&lt;![CDATA[ \/\/]]&gt; &lt;\/script&gt;<\/div>\n<p>[analyse_source url=&#8221;https:\/\/www.activenews.ro\/opinii\/Victor-Roncea-Ceasul-infloririi-ciresilor-a-sosit-Stirea-care-nu-s-a-vazut-SEFA-CCR-A-ANULAT-ANULAREA-ALEGERILOR-versiunea-Securitatii-care-l-a-pus-pe-Nicusor-Dan-in-locul-castigat-de-Calin-Georgescu-204456&#8243;]<\/p>\n","protected":false},"excerpt":{"rendered":"<p>[analyse_image type=&#8221;featured&#8221; src=&#8221;https:\/\/www.activenews.ro\/images\/articole\/204456.jpg&#8221;] &lt;blockquote class=&#8221;tiktok-embed&#8221; cite=&#8221;https:\/\/www.tiktok.com\/@realitatea.plus\/video\/7629246864432434454&#8243; data-video-id=&#8221;7629246864432434454&#8243; style=&#8221;max-width: 605px;min-width: 325px;&#8221; id=&#8221;v96554727437830460&#8243;&gt; &lt;iframe style=&#8221;width: 100%; height: 740px; display: block; visibility: unset;&#8221; name=&#8221;__tt_embed__v96554727437830460&#8243; sandbox=&#8221;allow-popups allow-popups-to-escape-sandbox allow-scripts allow-top-navigation allow-same-origin&#8221; src=&#8221;https:\/\/www.tiktok.com\/embed\/v2\/7629246864432434454?lang=en-GB&amp;referrer=https%3A%2F%2Fwww.activenews.ro%2Fadmin%2Fcatalog.php%3FID_articol%3D204456%26cloneaza_imagine_art%3D204268%26m%3D-2%26ID_sec%3D-1&#8243;&gt;&lt;\/iframe&gt;&lt;\/blockquote&gt; &lt;script async=&#8221;&#8221; src=&#8221;https:\/\/www.tiktok.com\/embed.js&#8221;&gt; \/\/&lt;![CDATA[ \/\/]]&gt; &lt;\/script&gt; &lt;p&gt;&lt;span style=&#8221;font-weight: bold;&#8221;&gt;Motto: &lt;i&gt;\u201eEste total fals s\u0103 spunem c\u0103 \u00een Rom\u00e2nia nu s-au adus suficiente explica\u021bii cu privire la anularea alegerilor. Este [&hellip;]<\/p>\n","protected":false},"author":1,"featured_media":0,"comment_status":"open","ping_status":"","sticky":false,"template":"","format":"standard","meta":{"footnotes":""},"categories":[89],"tags":[98,226],"class_list":["post-1893174","post","type-post","status-publish","format-standard","hentry","category-romania","tag-activenews-ro","tag-crawlmanager"],"_links":{"self":[{"href":"https:\/\/analyse.optim.biz\/index.php?rest_route=\/wp\/v2\/posts\/1893174","targetHints":{"allow":["GET"]}}],"collection":[{"href":"https:\/\/analyse.optim.biz\/index.php?rest_route=\/wp\/v2\/posts"}],"about":[{"href":"https:\/\/analyse.optim.biz\/index.php?rest_route=\/wp\/v2\/types\/post"}],"author":[{"embeddable":true,"href":"https:\/\/analyse.optim.biz\/index.php?rest_route=\/wp\/v2\/users\/1"}],"replies":[{"embeddable":true,"href":"https:\/\/analyse.optim.biz\/index.php?rest_route=%2Fwp%2Fv2%2Fcomments&post=1893174"}],"version-history":[{"count":0,"href":"https:\/\/analyse.optim.biz\/index.php?rest_route=\/wp\/v2\/posts\/1893174\/revisions"}],"wp:attachment":[{"href":"https:\/\/analyse.optim.biz\/index.php?rest_route=%2Fwp%2Fv2%2Fmedia&parent=1893174"}],"wp:term":[{"taxonomy":"category","embeddable":true,"href":"https:\/\/analyse.optim.biz\/index.php?rest_route=%2Fwp%2Fv2%2Fcategories&post=1893174"},{"taxonomy":"post_tag","embeddable":true,"href":"https:\/\/analyse.optim.biz\/index.php?rest_route=%2Fwp%2Fv2%2Ftags&post=1893174"}],"curies":[{"name":"wp","href":"https:\/\/api.w.org\/{rel}","templated":true}]}}