{"id":1892839,"date":"2026-04-20T14:08:22","date_gmt":"2026-04-20T11:08:22","guid":{"rendered":"https:\/\/analyse.optim.biz\/?p=1892839"},"modified":"2026-04-20T14:08:22","modified_gmt":"2026-04-20T11:08:22","slug":"accident-rutier-la-voievodeasa-copil-de-16-ani-ranit-dupa-ce-autoutilitara-in-care-se-afla-s-a-rasturnat-in-albia-paraului-sucevita","status":"publish","type":"post","link":"https:\/\/analyse.optim.biz\/?p=1892839","title":{"rendered":"Accident rutier la Voievodeasa: Copil de 16 ani r\u0103nit dup\u0103 ce autoutilitara \u00een care se afla s-a r\u0103sturnat \u00een albia p\u00e2r\u00e2ului Sucevi\u021ba"},"content":{"rendered":"<p>[analyse_image type=&#8221;featured&#8221; src=&#8221;https:\/\/www.newsbucovina.ro\/wp-content\/uploads\/2025\/08\/bustean-ambulanta.jpghttps:\/\/cdn.newsbucovina.ro\/wp-content\/uploads\/2025\/08\/bustean-ambulanta.jpg&#8221;]<\/p>\n<div class=\"td-post-content tagdiv-type\">\n<div class=\"td-a-rec td-a-rec-id-content_top  tdi_3 td_block_template_1\"><strong>Intr\u0103 acum \u0219i \u00een grupul de <\/p>\n<div class=\"wp-block-button\"><a class=\"wp-block-button__link wp-element-button\" href=\"https:\/\/t.me\/+TH8wcfnp8fw5NWI0\">Telegram News Bucovina<\/a><\/div>\n<p><\/strong><\/div>\n<p>Un accident rutier soldat cu v\u0103t\u0103marea corporal\u0103 a unui copil de 16 ani s-a produs duminic\u0103 diminea\u021b\u0103, \u00een interiorul localit\u0103\u021bii Voievodeasa, comuna Sucevi\u021ba.<\/p>\n<div class=\"wp-block-image\">\n<figure class=\"aligncenter size-full\"><a href=\"https:\/\/cdn.newsbucovina.ro\/wp-content\/uploads\/2025\/08\/bustean-ambulanta.jpg\"><img loading=\"lazy\" decoding=\"async\" width=\"652\" height=\"366\" src=\"https:\/\/cdn.newsbucovina.ro\/wp-content\/uploads\/2025\/08\/bustean-ambulanta.jpg\" alt class=\"wp-image-418662\"><\/a><\/figure>\n<\/div>\n<p>Evenimentul a avut loc \u00een jurul orei 10:55, pe drumul comunal DC 44.<\/p>\n<p>Un b\u0103rbat de 57 de ani din satul Voievodeasa conducea o autoutilitar\u0103 marca Ford Transit, av\u00e2nd direc\u021bia de deplasare spre localitatea Sucevi\u021ba. Pe locul din dreapta fa\u021b\u0103 se afla un t\u00e2n\u0103r de 16 ani, tot din Voievodeasa.<\/p>\n<p>La un moment dat, conduc\u0103torul auto a \u00eencercat s\u0103 \u00eentoarc\u0103 autoutilitara \u00een afara p\u0103r\u021bii carosabile, pe un teren cu resturi de debitare a masei lemnoase, caracterizat prin substrat instabil, denivel\u0103ri \u0219i urme de utilaje. \u00cen timpul manevrei, \u0219oferul a pierdut controlul vehiculului, care s-a r\u0103sturnat \u0219i a ajuns \u00een albia p\u00e2r\u00e2ului Sucevi\u021ba, r\u0103m\u00e2n\u00e2nd pe ro\u021bi.<\/p>\n<p>\u00cen urma impactului, autoutilitara a fost avariat\u0103, iar t\u00e2n\u0103rul de 16 ani a suferit un traumatism toracic. Acesta a fost transportat de urgen\u021b\u0103 cu ambulan\u021ba la Spitalul Municipal R\u0103d\u0103u\u021bi, de unde a fost transferat ulterior la Spitalul Jude\u021bean Suceava. Medicii au diagnosticat r\u0103nile ca fiind u\u0219oare.<\/p>\n<p>Conduc\u0103torul auto a fost testat cu aparatul etilometru, rezultatul indic\u00e2nd 0,00 mg\/l alcool pur \u00een aerul expirat. Ulterior, i s-au recoltat mostre biologice de s\u00e2nge pentru stabilirea exact\u0103 a alcoolemiei.<\/p>\n<p>Poli\u021bi\u0219tii din cadrul Poli\u021biei Municipiului R\u0103d\u0103u\u021bi, care s-au deplasat la fa\u021ba locului, au \u00eentocmit dosar penal pentru s\u0103v\u00e2r\u0219irea infrac\u021biunii de <strong>v\u0103t\u0103mare corporal\u0103 din culp\u0103<\/strong>.<\/p>\n<figure class=\"wp-block-embed is-type-video is-provider-youtube wp-block-embed-youtube wp-embed-aspect-16-9 wp-has-aspect-ratio\">\n<div class=\"wp-block-embed__wrapper\">\n<div class=\"youtube-embed\" data-video_id=\"9_OWzkg4Pxg\"><iframe loading=\"lazy\" title=\"Cum Transformi o r\u00e2p\u0103 \u00een Raiul b\u0103rba\u021bilor - CE AR FI S\u0102 ... bei bere afumat\u0103 ..cu gust de afine?\" width=\"696\" height=\"392\" src=\"https:\/\/www.youtube.com\/embed\/9_OWzkg4Pxg?feature=oembed&amp;enablejsapi=1\" frameborder allow=\"accelerometer; autoplay; clipboard-write; encrypted-media; gyroscope; picture-in-picture; web-share\" referrerpolicy=\"strict-origin-when-cross-origin\" allowfullscreen><\/iframe><\/div>\n<\/div>\n<\/figure>\n<div class=\"td-a-rec td-a-rec-id-content_bottom  tdi_4 td_block_template_1\"><strong>Intr\u0103 acum \u0219i \u00een grupul de <\/p>\n<div class=\"wp-block-button\"><a class=\"wp-block-button__link wp-element-button\" href=\"https:\/\/t.me\/+TH8wcfnp8fw5NWI0\">Telegram News Bucovina<\/a><\/div>\n<p><\/strong><\/div>\n<\/div>\n<div class=\"td-post-content tagdiv-type\">\n<div class=\"td-a-rec td-a-rec-id-content_top  tdi_3 td_block_template_1\"><strong>Intr\u0103 acum \u0219i \u00een grupul de <\/p>\n<div class=\"wp-block-button\"><a class=\"wp-block-button__link wp-element-button\" href=\"https:\/\/t.me\/+TH8wcfnp8fw5NWI0\">Telegram News Bucovina<\/a><\/div>\n<p><\/strong><\/div>\n<p>Un accident rutier soldat cu v\u0103t\u0103marea corporal\u0103 a unui copil de 16 ani s-a produs duminic\u0103 diminea\u021b\u0103, \u00een interiorul localit\u0103\u021bii Voievodeasa, comuna Sucevi\u021ba.<\/p>\n<div class=\"wp-block-image\">\n<figure class=\"aligncenter size-full\"><a href=\"https:\/\/cdn.newsbucovina.ro\/wp-content\/uploads\/2025\/08\/bustean-ambulanta.jpg\"><img loading=\"lazy\" decoding=\"async\" width=\"652\" height=\"366\" src=\"https:\/\/cdn.newsbucovina.ro\/wp-content\/uploads\/2025\/08\/bustean-ambulanta.jpg\" alt class=\"wp-image-418662\"><\/a><\/figure>\n<\/div>\n<p>Evenimentul a avut loc \u00een jurul orei 10:55, pe drumul comunal DC 44.<\/p>\n<p>Un b\u0103rbat de 57 de ani din satul Voievodeasa conducea o autoutilitar\u0103 marca Ford Transit, av\u00e2nd direc\u021bia de deplasare spre localitatea Sucevi\u021ba. Pe locul din dreapta fa\u021b\u0103 se afla un t\u00e2n\u0103r de 16 ani, tot din Voievodeasa.<\/p>\n<p>La un moment dat, conduc\u0103torul auto a \u00eencercat s\u0103 \u00eentoarc\u0103 autoutilitara \u00een afara p\u0103r\u021bii carosabile, pe un teren cu resturi de debitare a masei lemnoase, caracterizat prin substrat instabil, denivel\u0103ri \u0219i urme de utilaje. \u00cen timpul manevrei, \u0219oferul a pierdut controlul vehiculului, care s-a r\u0103sturnat \u0219i a ajuns \u00een albia p\u00e2r\u00e2ului Sucevi\u021ba, r\u0103m\u00e2n\u00e2nd pe ro\u021bi.<\/p>\n<p>\u00cen urma impactului, autoutilitara a fost avariat\u0103, iar t\u00e2n\u0103rul de 16 ani a suferit un traumatism toracic. Acesta a fost transportat de urgen\u021b\u0103 cu ambulan\u021ba la Spitalul Municipal R\u0103d\u0103u\u021bi, de unde a fost transferat ulterior la Spitalul Jude\u021bean Suceava. Medicii au diagnosticat r\u0103nile ca fiind u\u0219oare.<\/p>\n<p>Conduc\u0103torul auto a fost testat cu aparatul etilometru, rezultatul indic\u00e2nd 0,00 mg\/l alcool pur \u00een aerul expirat. Ulterior, i s-au recoltat mostre biologice de s\u00e2nge pentru stabilirea exact\u0103 a alcoolemiei.<\/p>\n<p>Poli\u021bi\u0219tii din cadrul Poli\u021biei Municipiului R\u0103d\u0103u\u021bi, care s-au deplasat la fa\u021ba locului, au \u00eentocmit dosar penal pentru s\u0103v\u00e2r\u0219irea infrac\u021biunii de <strong>v\u0103t\u0103mare corporal\u0103 din culp\u0103<\/strong>.<\/p>\n<figure class=\"wp-block-embed is-type-video is-provider-youtube wp-block-embed-youtube wp-embed-aspect-16-9 wp-has-aspect-ratio\">\n<div class=\"wp-block-embed__wrapper\">\n<div class=\"youtube-embed\" data-video_id=\"9_OWzkg4Pxg\"><iframe loading=\"lazy\" title=\"Cum Transformi o r\u00e2p\u0103 \u00een Raiul b\u0103rba\u021bilor - CE AR FI S\u0102 ... bei bere afumat\u0103 ..cu gust de afine?\" width=\"696\" height=\"392\" src=\"https:\/\/www.youtube.com\/embed\/9_OWzkg4Pxg?feature=oembed&amp;enablejsapi=1\" frameborder allow=\"accelerometer; autoplay; clipboard-write; encrypted-media; gyroscope; picture-in-picture; web-share\" referrerpolicy=\"strict-origin-when-cross-origin\" allowfullscreen><\/iframe><\/div>\n<\/div>\n<\/figure>\n<div class=\"td-a-rec td-a-rec-id-content_bottom  tdi_4 td_block_template_1\"><strong>Intr\u0103 acum \u0219i \u00een grupul de <\/p>\n<div class=\"wp-block-button\"><a class=\"wp-block-button__link wp-element-button\" href=\"https:\/\/t.me\/+TH8wcfnp8fw5NWI0\">Telegram News Bucovina<\/a><\/div>\n<p><\/strong><\/div>\n<\/div>\n<p>[analyse_source url=&#8221;https:\/\/www.newsbucovina.ro\/social\/436586\/accident-rutier-la-voievodeasa-copil-de-16-ani-ranit-dupa-ce-autoutilitara-in-care-se-afla-s-a-rasturnat-in-albia-paraului-sucevita&#8221;]<\/p>\n","protected":false},"excerpt":{"rendered":"<p>[analyse_image type=&#8221;featured&#8221; src=&#8221;https:\/\/www.newsbucovina.ro\/wp-content\/uploads\/2025\/08\/bustean-ambulanta.jpghttps:\/\/cdn.newsbucovina.ro\/wp-content\/uploads\/2025\/08\/bustean-ambulanta.jpg&#8221;] Intr\u0103 acum \u0219i \u00een grupul de Telegram News Bucovina Un accident rutier soldat cu v\u0103t\u0103marea corporal\u0103 a unui copil de 16 ani s-a produs duminic\u0103 diminea\u021b\u0103, \u00een interiorul localit\u0103\u021bii Voievodeasa, comuna Sucevi\u021ba. Evenimentul a avut loc \u00een jurul orei 10:55, pe drumul comunal DC 44. Un b\u0103rbat de 57 de ani din [&hellip;]<\/p>\n","protected":false},"author":1,"featured_media":0,"comment_status":"open","ping_status":"","sticky":false,"template":"","format":"standard","meta":{"footnotes":""},"categories":[89],"tags":[226,165],"class_list":["post-1892839","post","type-post","status-publish","format-standard","hentry","category-romania","tag-crawlmanager","tag-newsbucovina-ro"],"_links":{"self":[{"href":"https:\/\/analyse.optim.biz\/index.php?rest_route=\/wp\/v2\/posts\/1892839","targetHints":{"allow":["GET"]}}],"collection":[{"href":"https:\/\/analyse.optim.biz\/index.php?rest_route=\/wp\/v2\/posts"}],"about":[{"href":"https:\/\/analyse.optim.biz\/index.php?rest_route=\/wp\/v2\/types\/post"}],"author":[{"embeddable":true,"href":"https:\/\/analyse.optim.biz\/index.php?rest_route=\/wp\/v2\/users\/1"}],"replies":[{"embeddable":true,"href":"https:\/\/analyse.optim.biz\/index.php?rest_route=%2Fwp%2Fv2%2Fcomments&post=1892839"}],"version-history":[{"count":0,"href":"https:\/\/analyse.optim.biz\/index.php?rest_route=\/wp\/v2\/posts\/1892839\/revisions"}],"wp:attachment":[{"href":"https:\/\/analyse.optim.biz\/index.php?rest_route=%2Fwp%2Fv2%2Fmedia&parent=1892839"}],"wp:term":[{"taxonomy":"category","embeddable":true,"href":"https:\/\/analyse.optim.biz\/index.php?rest_route=%2Fwp%2Fv2%2Fcategories&post=1892839"},{"taxonomy":"post_tag","embeddable":true,"href":"https:\/\/analyse.optim.biz\/index.php?rest_route=%2Fwp%2Fv2%2Ftags&post=1892839"}],"curies":[{"name":"wp","href":"https:\/\/api.w.org\/{rel}","templated":true}]}}