{"id":1892837,"date":"2026-04-20T11:42:59","date_gmt":"2026-04-20T08:42:59","guid":{"rendered":"https:\/\/analyse.optim.biz\/?p=1892837"},"modified":"2026-04-20T11:42:59","modified_gmt":"2026-04-20T08:42:59","slug":"un-sofer-beat-din-suceava-a-ajuns-pe-contrasens-dupa-ce-a-sarit-cu-masina-peste-scuarul-despartitor-pe-strada-centurii-din-scheia","status":"publish","type":"post","link":"https:\/\/analyse.optim.biz\/?p=1892837","title":{"rendered":"Un \u0219ofer beat din Suceava a ajuns pe contrasens dup\u0103 ce a s\u0103rit cu ma\u0219ina peste scuarul desp\u0103r\u021bitor pe strada Centurii din \u0218cheia"},"content":{"rendered":"<p>[analyse_image type=&#8221;featured&#8221; src=&#8221;https:\/\/www.newsbucovina.ro\/wp-content\/uploads\/2026\/04\/politie-razie-14.jpeghttps:\/\/cdn.newsbucovina.ro\/wp-content\/uploads\/2026\/04\/politie-razie-14.jpeg&#8221;]<\/p>\n<div class=\"td-post-content tagdiv-type\">\n<div class=\"td-a-rec td-a-rec-id-content_top  tdi_3 td_block_template_1\"><strong>Intr\u0103 acum \u0219i \u00een grupul de <\/p>\n<div class=\"wp-block-button\"><a class=\"wp-block-button__link wp-element-button\" href=\"https:\/\/t.me\/+TH8wcfnp8fw5NWI0\">Telegram News Bucovina<\/a><\/div>\n<p><\/strong><\/div>\n<p>Un b\u0103rbat de 62 de ani din municipiul Suceava a fost depistat de poli\u021bi\u0219tii rutieri cu ma\u0219ina pe contrasens, dup\u0103 ce a pierdut controlul volanului \u0219i a s\u0103rit peste un scuar desp\u0103r\u021bitor pe strada Centurii din localitatea \u0218cheia.<\/p>\n<figure class=\"wp-block-image size-large\"><a href=\"https:\/\/cdn.newsbucovina.ro\/wp-content\/uploads\/2026\/04\/politie-razie-14.jpeg\"><img loading=\"lazy\" decoding=\"async\" width=\"1024\" height=\"576\" src=\"https:\/\/cdn.newsbucovina.ro\/wp-content\/uploads\/2026\/04\/politie-razie-14-1024x576.jpeg\" alt class=\"wp-image-436440\"><\/a><\/figure>\n<p>Evenimentul a avut loc duminic\u0103 sear\u0103, \u00een jurul orei 19:30 c\u00e2nd patrula Serviciului Rutier \u2013 Biroul Drumuri Na\u021bionale \u0219i Europene a observat un autoturism marca Volkswagen Golf 4 aflat pe sens opus. La fa\u021ba locului, conduc\u0103torul auto se afla l\u00e2ng\u0103 ma\u0219in\u0103.<\/p>\n<p>La solicitarea poli\u021bi\u0219tilor, b\u0103rbatul a prezentat documentele personale \u0219i ale vehiculului. Din verific\u0103ri a rezultat c\u0103 la volan se afla un b\u0103rbat \u00een v\u00e2rst\u0103 de 62 de ani, domiciliat \u00een municipiul Suceava.<\/p>\n<p>Din primele declara\u021bii \u0219i din verific\u0103rile efectuate la fa\u021ba locului, s-a stabilit c\u0103, \u00een jurul orei 19:30, \u0219oferul a pierdut controlul direc\u021biei de mers la intersec\u021bia str\u0103zii Centurii cu strada Poligonului, a s\u0103rit peste scuarul desp\u0103r\u021bitor \u0219i a r\u0103mas pe sensul opus de circula\u021bie. Din fericire, nu au existat alte victime, b\u0103rbatul fiind singur \u00een autoturism.<\/p>\n<p>Testarea cu aparatul etilometru a indicat o concentra\u021bie de <strong>1,05 mg\/l alcool pur \u00een aerul expirat<\/strong>.<\/p>\n<p>\u00cen cauz\u0103, poli\u021bi\u0219tii au \u00eentocmit dosar penal sub aspectul s\u0103v\u00e2r\u0219irii infrac\u021biunii de <strong>conducere a unui vehicul sub influen\u021ba b\u0103uturilor alcoolice<\/strong>, fapt\u0103 prev\u0103zut\u0103 \u0219i pedepsit\u0103 de art. 336 alin. (1) din Codul Penal.<\/p>\n<figure class=\"wp-block-embed is-type-video is-provider-youtube wp-block-embed-youtube wp-embed-aspect-16-9 wp-has-aspect-ratio\">\n<div class=\"wp-block-embed__wrapper\">\n<div class=\"youtube-embed\" data-video_id=\"9_OWzkg4Pxg\"><iframe loading=\"lazy\" title=\"Cum Transformi o r\u00e2p\u0103 \u00een Raiul b\u0103rba\u021bilor - CE AR FI S\u0102 ... bei bere afumat\u0103 ..cu gust de afine?\" width=\"696\" height=\"392\" src=\"https:\/\/www.youtube.com\/embed\/9_OWzkg4Pxg?feature=oembed&amp;enablejsapi=1\" frameborder allow=\"accelerometer; autoplay; clipboard-write; encrypted-media; gyroscope; picture-in-picture; web-share\" referrerpolicy=\"strict-origin-when-cross-origin\" allowfullscreen><\/iframe><\/div>\n<\/div>\n<\/figure>\n<div class=\"td-a-rec td-a-rec-id-content_bottom  tdi_4 td_block_template_1\"><strong>Intr\u0103 acum \u0219i \u00een grupul de <\/p>\n<div class=\"wp-block-button\"><a class=\"wp-block-button__link wp-element-button\" href=\"https:\/\/t.me\/+TH8wcfnp8fw5NWI0\">Telegram News Bucovina<\/a><\/div>\n<p><\/strong><\/div>\n<\/div>\n<div class=\"td-post-content tagdiv-type\">\n<div class=\"td-a-rec td-a-rec-id-content_top  tdi_3 td_block_template_1\"><strong>Intr\u0103 acum \u0219i \u00een grupul de <\/p>\n<div class=\"wp-block-button\"><a class=\"wp-block-button__link wp-element-button\" href=\"https:\/\/t.me\/+TH8wcfnp8fw5NWI0\">Telegram News Bucovina<\/a><\/div>\n<p><\/strong><\/div>\n<p>Un b\u0103rbat de 62 de ani din municipiul Suceava a fost depistat de poli\u021bi\u0219tii rutieri cu ma\u0219ina pe contrasens, dup\u0103 ce a pierdut controlul volanului \u0219i a s\u0103rit peste un scuar desp\u0103r\u021bitor pe strada Centurii din localitatea \u0218cheia.<\/p>\n<figure class=\"wp-block-image size-large\"><a href=\"https:\/\/cdn.newsbucovina.ro\/wp-content\/uploads\/2026\/04\/politie-razie-14.jpeg\"><img loading=\"lazy\" decoding=\"async\" width=\"1024\" height=\"576\" src=\"https:\/\/cdn.newsbucovina.ro\/wp-content\/uploads\/2026\/04\/politie-razie-14-1024x576.jpeg\" alt class=\"wp-image-436440\"><\/a><\/figure>\n<p>Evenimentul a avut loc duminic\u0103 sear\u0103, \u00een jurul orei 19:30 c\u00e2nd patrula Serviciului Rutier \u2013 Biroul Drumuri Na\u021bionale \u0219i Europene a observat un autoturism marca Volkswagen Golf 4 aflat pe sens opus. La fa\u021ba locului, conduc\u0103torul auto se afla l\u00e2ng\u0103 ma\u0219in\u0103.<\/p>\n<p>La solicitarea poli\u021bi\u0219tilor, b\u0103rbatul a prezentat documentele personale \u0219i ale vehiculului. Din verific\u0103ri a rezultat c\u0103 la volan se afla un b\u0103rbat \u00een v\u00e2rst\u0103 de 62 de ani, domiciliat \u00een municipiul Suceava.<\/p>\n<p>Din primele declara\u021bii \u0219i din verific\u0103rile efectuate la fa\u021ba locului, s-a stabilit c\u0103, \u00een jurul orei 19:30, \u0219oferul a pierdut controlul direc\u021biei de mers la intersec\u021bia str\u0103zii Centurii cu strada Poligonului, a s\u0103rit peste scuarul desp\u0103r\u021bitor \u0219i a r\u0103mas pe sensul opus de circula\u021bie. Din fericire, nu au existat alte victime, b\u0103rbatul fiind singur \u00een autoturism.<\/p>\n<p>Testarea cu aparatul etilometru a indicat o concentra\u021bie de <strong>1,05 mg\/l alcool pur \u00een aerul expirat<\/strong>.<\/p>\n<p>\u00cen cauz\u0103, poli\u021bi\u0219tii au \u00eentocmit dosar penal sub aspectul s\u0103v\u00e2r\u0219irii infrac\u021biunii de <strong>conducere a unui vehicul sub influen\u021ba b\u0103uturilor alcoolice<\/strong>, fapt\u0103 prev\u0103zut\u0103 \u0219i pedepsit\u0103 de art. 336 alin. (1) din Codul Penal.<\/p>\n<figure class=\"wp-block-embed is-type-video is-provider-youtube wp-block-embed-youtube wp-embed-aspect-16-9 wp-has-aspect-ratio\">\n<div class=\"wp-block-embed__wrapper\">\n<div class=\"youtube-embed\" data-video_id=\"9_OWzkg4Pxg\"><iframe loading=\"lazy\" title=\"Cum Transformi o r\u00e2p\u0103 \u00een Raiul b\u0103rba\u021bilor - CE AR FI S\u0102 ... bei bere afumat\u0103 ..cu gust de afine?\" width=\"696\" height=\"392\" src=\"https:\/\/www.youtube.com\/embed\/9_OWzkg4Pxg?feature=oembed&amp;enablejsapi=1\" frameborder allow=\"accelerometer; autoplay; clipboard-write; encrypted-media; gyroscope; picture-in-picture; web-share\" referrerpolicy=\"strict-origin-when-cross-origin\" allowfullscreen><\/iframe><\/div>\n<\/div>\n<\/figure>\n<div class=\"td-a-rec td-a-rec-id-content_bottom  tdi_4 td_block_template_1\"><strong>Intr\u0103 acum \u0219i \u00een grupul de <\/p>\n<div class=\"wp-block-button\"><a class=\"wp-block-button__link wp-element-button\" href=\"https:\/\/t.me\/+TH8wcfnp8fw5NWI0\">Telegram News Bucovina<\/a><\/div>\n<p><\/strong><\/div>\n<\/div>\n<p>[analyse_source url=&#8221;https:\/\/www.newsbucovina.ro\/social\/436576\/un-sofer-beat-din-suceava-a-ajuns-pe-contrasens-dupa-ce-a-sarit-cu-masina-peste-scuarul-despartitor-pe-strada-centurii-din-scheia&#8221;]<\/p>\n","protected":false},"excerpt":{"rendered":"<p>[analyse_image type=&#8221;featured&#8221; src=&#8221;https:\/\/www.newsbucovina.ro\/wp-content\/uploads\/2026\/04\/politie-razie-14.jpeghttps:\/\/cdn.newsbucovina.ro\/wp-content\/uploads\/2026\/04\/politie-razie-14.jpeg&#8221;] Intr\u0103 acum \u0219i \u00een grupul de Telegram News Bucovina Un b\u0103rbat de 62 de ani din municipiul Suceava a fost depistat de poli\u021bi\u0219tii rutieri cu ma\u0219ina pe contrasens, dup\u0103 ce a pierdut controlul volanului \u0219i a s\u0103rit peste un scuar desp\u0103r\u021bitor pe strada Centurii din localitatea \u0218cheia. Evenimentul a avut loc duminic\u0103 [&hellip;]<\/p>\n","protected":false},"author":1,"featured_media":0,"comment_status":"open","ping_status":"","sticky":false,"template":"","format":"standard","meta":{"footnotes":""},"categories":[89],"tags":[226,165],"class_list":["post-1892837","post","type-post","status-publish","format-standard","hentry","category-romania","tag-crawlmanager","tag-newsbucovina-ro"],"_links":{"self":[{"href":"https:\/\/analyse.optim.biz\/index.php?rest_route=\/wp\/v2\/posts\/1892837","targetHints":{"allow":["GET"]}}],"collection":[{"href":"https:\/\/analyse.optim.biz\/index.php?rest_route=\/wp\/v2\/posts"}],"about":[{"href":"https:\/\/analyse.optim.biz\/index.php?rest_route=\/wp\/v2\/types\/post"}],"author":[{"embeddable":true,"href":"https:\/\/analyse.optim.biz\/index.php?rest_route=\/wp\/v2\/users\/1"}],"replies":[{"embeddable":true,"href":"https:\/\/analyse.optim.biz\/index.php?rest_route=%2Fwp%2Fv2%2Fcomments&post=1892837"}],"version-history":[{"count":0,"href":"https:\/\/analyse.optim.biz\/index.php?rest_route=\/wp\/v2\/posts\/1892837\/revisions"}],"wp:attachment":[{"href":"https:\/\/analyse.optim.biz\/index.php?rest_route=%2Fwp%2Fv2%2Fmedia&parent=1892837"}],"wp:term":[{"taxonomy":"category","embeddable":true,"href":"https:\/\/analyse.optim.biz\/index.php?rest_route=%2Fwp%2Fv2%2Fcategories&post=1892837"},{"taxonomy":"post_tag","embeddable":true,"href":"https:\/\/analyse.optim.biz\/index.php?rest_route=%2Fwp%2Fv2%2Ftags&post=1892837"}],"curies":[{"name":"wp","href":"https:\/\/api.w.org\/{rel}","templated":true}]}}