{"id":1892835,"date":"2026-04-20T11:10:05","date_gmt":"2026-04-20T08:10:05","guid":{"rendered":"https:\/\/analyse.optim.biz\/?p=1892835"},"modified":"2026-04-20T11:10:05","modified_gmt":"2026-04-20T08:10:05","slug":"trei-suspecti-depistati-de-politistii-din-radauti-in-cazuri-de-furt-de-motorina-au-sustras-peste-2-000-de-litri-de-combustibil-in-doar-o-luna","status":"publish","type":"post","link":"https:\/\/analyse.optim.biz\/?p=1892835","title":{"rendered":"Trei suspec\u021bi depista\u021bi de poli\u021bi\u0219tii din R\u0103d\u0103u\u021bi \u00een cazuri de furt de motorin\u0103: Au sustras peste 2.000 de litri de combustibil \u00een doar o lun\u0103"},"content":{"rendered":"<p>[analyse_image type=&#8221;featured&#8221; src=&#8221;https:\/\/www.newsbucovina.ro\/wp-content\/uploads\/2023\/07\/Audi-cu-canistre-de-motorina_2.jpeghttps:\/\/cdn.newsbucovina.ro\/wp-content\/uploads\/2023\/07\/Audi-cu-canistre-de-motorina_2.jpeg&#8221;]<\/p>\n<div class=\"td-post-content tagdiv-type\">\n<div class=\"td-a-rec td-a-rec-id-content_top  tdi_3 td_block_template_1\"><strong>Intr\u0103 acum \u0219i \u00een grupul de <\/p>\n<div class=\"wp-block-button\"><a class=\"wp-block-button__link wp-element-button\" href=\"https:\/\/t.me\/+TH8wcfnp8fw5NWI0\">Telegram News Bucovina<\/a><\/div>\n<p><\/strong><\/div>\n<p>Poli\u021bi\u0219tii din cadrul Poli\u021biei Municipiului R\u0103d\u0103u\u021bi au desf\u0103\u0219urat o anchet\u0103 complex\u0103 \u0219i au re\u021binut doi b\u0103rba\u021bi b\u0103nui\u021bi de comiterea a \u0219apte furturi calificate de motorin\u0103 \u00een doar c\u00e2teva s\u0103pt\u0103m\u00e2ni, iar \u00een dosar este implicat \u0219i \u00a0un al treilea suspect.<\/p>\n<figure class=\"wp-block-image size-full\"><a href=\"https:\/\/cdn.newsbucovina.ro\/wp-content\/uploads\/2023\/07\/Audi-cu-canistre-de-motorina_2.jpeg\"><img loading=\"lazy\" decoding=\"async\" width=\"950\" height=\"602\" src=\"https:\/\/cdn.newsbucovina.ro\/wp-content\/uploads\/2023\/07\/Audi-cu-canistre-de-motorina_2.jpeg.webp\" alt class=\"wp-image-368342\"><\/a><\/figure>\n<p>\u00cen urma unor sesiz\u0103ri primite \u00eentre 30 martie \u0219i 10 aprilie 2026 privind furturi de combustibil din rezervoarele unor autoutilitare \u0219i tractoare, poli\u021bi\u0219tii au desf\u0103\u0219urat activit\u0103\u021bi informativ-operative intense. La data de 18 aprilie, un echipaj din cadrul Sec\u021biei de Poli\u021bie Rural\u0103 nr. 4 G\u0103l\u0103ne\u0219ti a oprit \u00een trafic, pe raza comunei Straja, un autoturism marca Skoda Octavia condus de un b\u0103rbat din localitate.<\/p>\n<p>\u00cen interiorul ma\u0219inii au fost descoperite mijloace de prob\u0103 incriminatoare: un furtun cu urme de motorin\u0103 \u0219i o autofiletant\u0103 cu cap g\u0103uritor, de asemenea cu urme de combustibil.<\/p>\n<p>Cercet\u0103rile efectuate de o echip\u0103 operativ\u0103 format\u0103 din lucr\u0103tori ai Biroului de Investiga\u021bii Criminale R\u0103d\u0103u\u021bi \u0219i ai SP4 G\u0103l\u0103ne\u0219ti au stabilit c\u0103 trei b\u0103rba\u021bi din zon\u0103 ar fi implicat \u00een multiple furturi de motorin\u0103:<\/p>\n<ul class=\"wp-block-list\">\n<li>\u00cen perioada 18-30 martie: au sustras aproximativ <strong>200 litri<\/strong> de motorin\u0103 dintr-o autoutilitar\u0103 din comuna G\u0103l\u0103ne\u0219ti (prejudiciu circa 2.000 lei).<\/li>\n<li>\u00cen seara de 1 aprilie: au furat circa <strong>700 litri<\/strong> din rezervoarele unor autoutilitare apar\u021bin\u00e2nd unei societ\u0103\u021bi din Vicovu de Jos (prejudiciu circa 7.000 lei).<\/li>\n<li>Pe 9 aprilie: au sustras aproximativ <strong>150 litri<\/strong> din aceea\u0219i societate (prejudiciu circa 1.500 lei).<\/li>\n<li>\u00centre 8 \u0219i 10 aprilie: au furat circa <strong>500 litri<\/strong> din patru autoutilitare din R\u0103d\u0103u\u021bi (prejudiciu circa 5.000 lei).<\/li>\n<li>\u00cen noaptea de 14\/15 aprilie: au sustras aproximativ <strong>200 litri<\/strong> din trei autocamioane din R\u0103d\u0103u\u021bi (prejudiciu circa 2.000 lei).<\/li>\n<li>Pe 16 aprilie: au furat circa <strong>300 litri<\/strong> din trei tractoare \u0219i o combin\u0103 agricol\u0103 din comuna Fr\u0103t\u0103u\u021bii Noi (prejudiciu circa 5.000 lei).<\/li>\n<li>Pe 17 aprilie: au sustras aproximativ <strong>80 litri<\/strong> din Vicovu de Jos (prejudiciu circa 600 lei).<\/li>\n<\/ul>\n<p><strong>Prejudiciul total<\/strong> estimat dep\u0103\u0219e\u0219te <strong>23.000 de lei<\/strong>.<\/p>\n<p>\u00cen urma probatoriului administrat:<\/p>\n<ul class=\"wp-block-list\">\n<li><strong>M. M.<\/strong> (din comuna Straja) a fost re\u021binut pentru 24 de ore (18-19 aprilie) pentru complicitate la furt calificat \u00een form\u0103 continuat\u0103.<\/li>\n<li><strong>B. A.-V.<\/strong> a fost re\u021binut pentru 24 de ore (19-20 aprilie) pentru furt calificat \u00een form\u0103 continuat\u0103 (7 acte materiale).<\/li>\n<\/ul>\n<p>Cei doi suspec\u021bi au fost escorta\u021bi \u0219i depu\u0219i \u00een Centrul de Re\u021binere \u0219i Arestare Preventiv\u0103 al IPJ Suceava.<\/p>\n<p>Cercet\u0103rile continu\u0103 urm\u00e2nd ca \u00een cursul zilei de ast\u0103zi, 20 aprilie, cei doi re\u021binu\u021bi s\u0103 fie prezenta\u021bi procurorului de caz pentru punerea \u00een mi\u0219care a ac\u021biunii penale \u0219i dispunerea de m\u0103suri preventive.<\/p>\n<figure class=\"wp-block-embed is-type-video is-provider-youtube wp-block-embed-youtube wp-embed-aspect-16-9 wp-has-aspect-ratio\">\n<div class=\"wp-block-embed__wrapper\">\n<div class=\"youtube-embed\" data-video_id=\"9_OWzkg4Pxg\"><iframe loading=\"lazy\" title=\"Cum Transformi o r\u00e2p\u0103 \u00een Raiul b\u0103rba\u021bilor - CE AR FI S\u0102 ... bei bere afumat\u0103 ..cu gust de afine?\" width=\"696\" height=\"392\" src=\"https:\/\/www.youtube.com\/embed\/9_OWzkg4Pxg?feature=oembed&amp;enablejsapi=1\" frameborder allow=\"accelerometer; autoplay; clipboard-write; encrypted-media; gyroscope; picture-in-picture; web-share\" referrerpolicy=\"strict-origin-when-cross-origin\" allowfullscreen><\/iframe><\/div>\n<\/div>\n<\/figure>\n<div class=\"td-a-rec td-a-rec-id-content_bottom  tdi_4 td_block_template_1\"><strong>Intr\u0103 acum \u0219i \u00een grupul de <\/p>\n<div class=\"wp-block-button\"><a class=\"wp-block-button__link wp-element-button\" href=\"https:\/\/t.me\/+TH8wcfnp8fw5NWI0\">Telegram News Bucovina<\/a><\/div>\n<p><\/strong><\/div>\n<\/div>\n<div class=\"td-post-content tagdiv-type\">\n<div class=\"td-a-rec td-a-rec-id-content_top  tdi_3 td_block_template_1\"><strong>Intr\u0103 acum \u0219i \u00een grupul de <\/p>\n<div class=\"wp-block-button\"><a class=\"wp-block-button__link wp-element-button\" href=\"https:\/\/t.me\/+TH8wcfnp8fw5NWI0\">Telegram News Bucovina<\/a><\/div>\n<p><\/strong><\/div>\n<p>Poli\u021bi\u0219tii din cadrul Poli\u021biei Municipiului R\u0103d\u0103u\u021bi au desf\u0103\u0219urat o anchet\u0103 complex\u0103 \u0219i au re\u021binut doi b\u0103rba\u021bi b\u0103nui\u021bi de comiterea a \u0219apte furturi calificate de motorin\u0103 \u00een doar c\u00e2teva s\u0103pt\u0103m\u00e2ni, iar \u00een dosar este implicat \u0219i \u00a0un al treilea suspect.<\/p>\n<figure class=\"wp-block-image size-full\"><a href=\"https:\/\/cdn.newsbucovina.ro\/wp-content\/uploads\/2023\/07\/Audi-cu-canistre-de-motorina_2.jpeg\"><img loading=\"lazy\" decoding=\"async\" width=\"950\" height=\"602\" src=\"https:\/\/cdn.newsbucovina.ro\/wp-content\/uploads\/2023\/07\/Audi-cu-canistre-de-motorina_2.jpeg.webp\" alt class=\"wp-image-368342\"><\/a><\/figure>\n<p>\u00cen urma unor sesiz\u0103ri primite \u00eentre 30 martie \u0219i 10 aprilie 2026 privind furturi de combustibil din rezervoarele unor autoutilitare \u0219i tractoare, poli\u021bi\u0219tii au desf\u0103\u0219urat activit\u0103\u021bi informativ-operative intense. La data de 18 aprilie, un echipaj din cadrul Sec\u021biei de Poli\u021bie Rural\u0103 nr. 4 G\u0103l\u0103ne\u0219ti a oprit \u00een trafic, pe raza comunei Straja, un autoturism marca Skoda Octavia condus de un b\u0103rbat din localitate.<\/p>\n<p>\u00cen interiorul ma\u0219inii au fost descoperite mijloace de prob\u0103 incriminatoare: un furtun cu urme de motorin\u0103 \u0219i o autofiletant\u0103 cu cap g\u0103uritor, de asemenea cu urme de combustibil.<\/p>\n<p>Cercet\u0103rile efectuate de o echip\u0103 operativ\u0103 format\u0103 din lucr\u0103tori ai Biroului de Investiga\u021bii Criminale R\u0103d\u0103u\u021bi \u0219i ai SP4 G\u0103l\u0103ne\u0219ti au stabilit c\u0103 trei b\u0103rba\u021bi din zon\u0103 ar fi implicat \u00een multiple furturi de motorin\u0103:<\/p>\n<ul class=\"wp-block-list\">\n<li>\u00cen perioada 18-30 martie: au sustras aproximativ <strong>200 litri<\/strong> de motorin\u0103 dintr-o autoutilitar\u0103 din comuna G\u0103l\u0103ne\u0219ti (prejudiciu circa 2.000 lei).<\/li>\n<li>\u00cen seara de 1 aprilie: au furat circa <strong>700 litri<\/strong> din rezervoarele unor autoutilitare apar\u021bin\u00e2nd unei societ\u0103\u021bi din Vicovu de Jos (prejudiciu circa 7.000 lei).<\/li>\n<li>Pe 9 aprilie: au sustras aproximativ <strong>150 litri<\/strong> din aceea\u0219i societate (prejudiciu circa 1.500 lei).<\/li>\n<li>\u00centre 8 \u0219i 10 aprilie: au furat circa <strong>500 litri<\/strong> din patru autoutilitare din R\u0103d\u0103u\u021bi (prejudiciu circa 5.000 lei).<\/li>\n<li>\u00cen noaptea de 14\/15 aprilie: au sustras aproximativ <strong>200 litri<\/strong> din trei autocamioane din R\u0103d\u0103u\u021bi (prejudiciu circa 2.000 lei).<\/li>\n<li>Pe 16 aprilie: au furat circa <strong>300 litri<\/strong> din trei tractoare \u0219i o combin\u0103 agricol\u0103 din comuna Fr\u0103t\u0103u\u021bii Noi (prejudiciu circa 5.000 lei).<\/li>\n<li>Pe 17 aprilie: au sustras aproximativ <strong>80 litri<\/strong> din Vicovu de Jos (prejudiciu circa 600 lei).<\/li>\n<\/ul>\n<p><strong>Prejudiciul total<\/strong> estimat dep\u0103\u0219e\u0219te <strong>23.000 de lei<\/strong>.<\/p>\n<p>\u00cen urma probatoriului administrat:<\/p>\n<ul class=\"wp-block-list\">\n<li><strong>M. M.<\/strong> (din comuna Straja) a fost re\u021binut pentru 24 de ore (18-19 aprilie) pentru complicitate la furt calificat \u00een form\u0103 continuat\u0103.<\/li>\n<li><strong>B. A.-V.<\/strong> a fost re\u021binut pentru 24 de ore (19-20 aprilie) pentru furt calificat \u00een form\u0103 continuat\u0103 (7 acte materiale).<\/li>\n<\/ul>\n<p>Cei doi suspec\u021bi au fost escorta\u021bi \u0219i depu\u0219i \u00een Centrul de Re\u021binere \u0219i Arestare Preventiv\u0103 al IPJ Suceava.<\/p>\n<p>Cercet\u0103rile continu\u0103 urm\u00e2nd ca \u00een cursul zilei de ast\u0103zi, 20 aprilie, cei doi re\u021binu\u021bi s\u0103 fie prezenta\u021bi procurorului de caz pentru punerea \u00een mi\u0219care a ac\u021biunii penale \u0219i dispunerea de m\u0103suri preventive.<\/p>\n<figure class=\"wp-block-embed is-type-video is-provider-youtube wp-block-embed-youtube wp-embed-aspect-16-9 wp-has-aspect-ratio\">\n<div class=\"wp-block-embed__wrapper\">\n<div class=\"youtube-embed\" data-video_id=\"9_OWzkg4Pxg\"><iframe loading=\"lazy\" title=\"Cum Transformi o r\u00e2p\u0103 \u00een Raiul b\u0103rba\u021bilor - CE AR FI S\u0102 ... bei bere afumat\u0103 ..cu gust de afine?\" width=\"696\" height=\"392\" src=\"https:\/\/www.youtube.com\/embed\/9_OWzkg4Pxg?feature=oembed&amp;enablejsapi=1\" frameborder allow=\"accelerometer; autoplay; clipboard-write; encrypted-media; gyroscope; picture-in-picture; web-share\" referrerpolicy=\"strict-origin-when-cross-origin\" allowfullscreen><\/iframe><\/div>\n<\/div>\n<\/figure>\n<div class=\"td-a-rec td-a-rec-id-content_bottom  tdi_4 td_block_template_1\"><strong>Intr\u0103 acum \u0219i \u00een grupul de <\/p>\n<div class=\"wp-block-button\"><a class=\"wp-block-button__link wp-element-button\" href=\"https:\/\/t.me\/+TH8wcfnp8fw5NWI0\">Telegram News Bucovina<\/a><\/div>\n<p><\/strong><\/div>\n<\/div>\n<p>[analyse_source url=&#8221;https:\/\/www.newsbucovina.ro\/radauti\/436572\/trei-suspecti-depistati-de-politistii-din-radauti-in-cazuri-de-furt-de-motorina-au-sustras-peste-2-000-de-litri-de-combustibil-in-doar-o-luna&#8221;]<\/p>\n","protected":false},"excerpt":{"rendered":"<p>[analyse_image type=&#8221;featured&#8221; src=&#8221;https:\/\/www.newsbucovina.ro\/wp-content\/uploads\/2023\/07\/Audi-cu-canistre-de-motorina_2.jpeghttps:\/\/cdn.newsbucovina.ro\/wp-content\/uploads\/2023\/07\/Audi-cu-canistre-de-motorina_2.jpeg&#8221;] Intr\u0103 acum \u0219i \u00een grupul de Telegram News Bucovina Poli\u021bi\u0219tii din cadrul Poli\u021biei Municipiului R\u0103d\u0103u\u021bi au desf\u0103\u0219urat o anchet\u0103 complex\u0103 \u0219i au re\u021binut doi b\u0103rba\u021bi b\u0103nui\u021bi de comiterea a \u0219apte furturi calificate de motorin\u0103 \u00een doar c\u00e2teva s\u0103pt\u0103m\u00e2ni, iar \u00een dosar este implicat \u0219i \u00a0un al treilea suspect. \u00cen urma unor sesiz\u0103ri [&hellip;]<\/p>\n","protected":false},"author":1,"featured_media":0,"comment_status":"open","ping_status":"","sticky":false,"template":"","format":"standard","meta":{"footnotes":""},"categories":[89],"tags":[226,165],"class_list":["post-1892835","post","type-post","status-publish","format-standard","hentry","category-romania","tag-crawlmanager","tag-newsbucovina-ro"],"_links":{"self":[{"href":"https:\/\/analyse.optim.biz\/index.php?rest_route=\/wp\/v2\/posts\/1892835","targetHints":{"allow":["GET"]}}],"collection":[{"href":"https:\/\/analyse.optim.biz\/index.php?rest_route=\/wp\/v2\/posts"}],"about":[{"href":"https:\/\/analyse.optim.biz\/index.php?rest_route=\/wp\/v2\/types\/post"}],"author":[{"embeddable":true,"href":"https:\/\/analyse.optim.biz\/index.php?rest_route=\/wp\/v2\/users\/1"}],"replies":[{"embeddable":true,"href":"https:\/\/analyse.optim.biz\/index.php?rest_route=%2Fwp%2Fv2%2Fcomments&post=1892835"}],"version-history":[{"count":0,"href":"https:\/\/analyse.optim.biz\/index.php?rest_route=\/wp\/v2\/posts\/1892835\/revisions"}],"wp:attachment":[{"href":"https:\/\/analyse.optim.biz\/index.php?rest_route=%2Fwp%2Fv2%2Fmedia&parent=1892835"}],"wp:term":[{"taxonomy":"category","embeddable":true,"href":"https:\/\/analyse.optim.biz\/index.php?rest_route=%2Fwp%2Fv2%2Fcategories&post=1892835"},{"taxonomy":"post_tag","embeddable":true,"href":"https:\/\/analyse.optim.biz\/index.php?rest_route=%2Fwp%2Fv2%2Ftags&post=1892835"}],"curies":[{"name":"wp","href":"https:\/\/api.w.org\/{rel}","templated":true}]}}