{"id":1892833,"date":"2026-04-19T08:57:00","date_gmt":"2026-04-19T05:57:00","guid":{"rendered":"https:\/\/analyse.optim.biz\/?p=1892833"},"modified":"2026-04-19T08:57:00","modified_gmt":"2026-04-19T05:57:00","slug":"sucevean-de-26-de-ani-prins-la-volan-cu-permisul-suspendat-in-localitatea-petea-judetul-satu-mare","status":"publish","type":"post","link":"https:\/\/analyse.optim.biz\/?p=1892833","title":{"rendered":"Sucevean de 26 de ani, prins la volan cu permisul suspendat \u00een localitatea Petea, jude\u021bul Satu Mare"},"content":{"rendered":"<p>[analyse_image type=&#8221;featured&#8221; src=&#8221;https:\/\/www.newsbucovina.ro\/wp-content\/uploads\/2026\/04\/1776581567433-untitled1jpg2-S4.jpghttps:\/\/cdn.newsbucovina.ro\/wp-content\/uploads\/2026\/04\/1776581567433-untitled1jpg2-S4.jpg&#8221;]<\/p>\n<div class=\"td-post-content tagdiv-type\">\n<div class=\"td-a-rec td-a-rec-id-content_top  tdi_3 td_block_template_1\"><strong>Intr\u0103 acum \u0219i \u00een grupul de <\/p>\n<div class=\"wp-block-button\"><a class=\"wp-block-button__link wp-element-button\" href=\"https:\/\/t.me\/+TH8wcfnp8fw5NWI0\">Telegram News Bucovina<\/a><\/div>\n<p><\/strong><\/div>\n<p>Un t\u00e2n\u0103r de 26 de ani din jude\u021bul Suceava a fost depistat conduc\u00e2nd un autoturism pe drumurile publice, de\u0219i avea dreptul de a conduce suspendat din august 2025. \u00cen urma verific\u0103rilor, poli\u021bi\u0219tii i-au \u00eentocmit dosar penal.<\/p>\n<figure class=\"wp-block-image size-large\"><a href=\"https:\/\/cdn.newsbucovina.ro\/wp-content\/uploads\/2026\/04\/1776581567433-untitled1jpg2-S4.jpg\"><img loading=\"lazy\" decoding=\"async\" width=\"1024\" height=\"614\" src=\"https:\/\/cdn.newsbucovina.ro\/wp-content\/uploads\/2026\/04\/1776581567433-untitled1jpg2-S4-1024x614.jpg\" alt class=\"wp-image-436475\"><\/a><\/figure>\n<p>Evenimentul a avut loc \u00een noaptea de vineri spre s\u00e2mb\u0103t\u0103 , \u00een jurul orei 00:30, pe raza localit\u0103\u021bii Petea, jude\u021bul Satu Mare. Un echipaj mixt format din poli\u021bi\u0219ti de frontier\u0103 din cadrul Sectorului Poli\u021biei de Frontier\u0103 Petea \u0219i lucr\u0103tori ai Inspectoratului de Poli\u021bie Jude\u021bean Satu Mare a oprit pentru control un autoturism \u00eenmatriculat \u00een Rom\u00e2nia.<\/p>\n<p>La volan se afla un sucevean \u00een v\u00e2rst\u0103 de 26 de ani. \u00cen urma solicit\u0103rii actelor personale \u0219i a documentelor vehiculului, poli\u021bi\u0219tii au constatat, prin verific\u0103rile efectuate \u00een bazele de date, c\u0103 dreptul de a conduce al b\u0103rbatului este suspendat \u00eencep\u00e2nd cu data de 21 august 2025.<\/p>\n<p>\u00cen cauz\u0103, poli\u021bi\u0219tii au \u00eentocmit dosar penal sub aspectul s\u0103v\u00e2r\u0219irii infrac\u021biunii de \u201econducere pe drumurile publice a unui vehicul de c\u0103tre o persoan\u0103 c\u0103reia i-a fost suspendat\u0103 exercitarea dreptului de a conduce\u201d, fapt\u0103 prev\u0103zut\u0103 \u0219i pedepsit\u0103 de Codul Penal.<\/p>\n<figure class=\"wp-block-embed is-type-video is-provider-youtube wp-block-embed-youtube wp-embed-aspect-16-9 wp-has-aspect-ratio\">\n<div class=\"wp-block-embed__wrapper\">\n<div class=\"youtube-embed\" data-video_id=\"Y_YGnvSxPg0\"><iframe loading=\"lazy\" title=\"Zmeii din Republica R\u0103d\u0103u\u021bi lovesc din nou!! Blonda de la Poli\u021bie vs. Bruneta de pe \"strasse\"!!\" width=\"696\" height=\"392\" src=\"https:\/\/www.youtube.com\/embed\/Y_YGnvSxPg0?start=36&amp;feature=oembed\" frameborder allow=\"accelerometer; autoplay; clipboard-write; encrypted-media; gyroscope; picture-in-picture; web-share\" referrerpolicy=\"strict-origin-when-cross-origin\" allowfullscreen><\/iframe><\/div>\n<\/div>\n<\/figure>\n<div class=\"td-a-rec td-a-rec-id-content_bottom  tdi_4 td_block_template_1\"><strong>Intr\u0103 acum \u0219i \u00een grupul de <\/p>\n<div class=\"wp-block-button\"><a class=\"wp-block-button__link wp-element-button\" href=\"https:\/\/t.me\/+TH8wcfnp8fw5NWI0\">Telegram News Bucovina<\/a><\/div>\n<p><\/strong><\/div>\n<\/div>\n<div class=\"td-post-content tagdiv-type\">\n<div class=\"td-a-rec td-a-rec-id-content_top  tdi_3 td_block_template_1\"><strong>Intr\u0103 acum \u0219i \u00een grupul de <\/p>\n<div class=\"wp-block-button\"><a class=\"wp-block-button__link wp-element-button\" href=\"https:\/\/t.me\/+TH8wcfnp8fw5NWI0\">Telegram News Bucovina<\/a><\/div>\n<p><\/strong><\/div>\n<p>Un t\u00e2n\u0103r de 26 de ani din jude\u021bul Suceava a fost depistat conduc\u00e2nd un autoturism pe drumurile publice, de\u0219i avea dreptul de a conduce suspendat din august 2025. \u00cen urma verific\u0103rilor, poli\u021bi\u0219tii i-au \u00eentocmit dosar penal.<\/p>\n<figure class=\"wp-block-image size-large\"><a href=\"https:\/\/cdn.newsbucovina.ro\/wp-content\/uploads\/2026\/04\/1776581567433-untitled1jpg2-S4.jpg\"><img loading=\"lazy\" decoding=\"async\" width=\"1024\" height=\"614\" src=\"https:\/\/cdn.newsbucovina.ro\/wp-content\/uploads\/2026\/04\/1776581567433-untitled1jpg2-S4-1024x614.jpg\" alt class=\"wp-image-436475\"><\/a><\/figure>\n<p>Evenimentul a avut loc \u00een noaptea de vineri spre s\u00e2mb\u0103t\u0103 , \u00een jurul orei 00:30, pe raza localit\u0103\u021bii Petea, jude\u021bul Satu Mare. Un echipaj mixt format din poli\u021bi\u0219ti de frontier\u0103 din cadrul Sectorului Poli\u021biei de Frontier\u0103 Petea \u0219i lucr\u0103tori ai Inspectoratului de Poli\u021bie Jude\u021bean Satu Mare a oprit pentru control un autoturism \u00eenmatriculat \u00een Rom\u00e2nia.<\/p>\n<p>La volan se afla un sucevean \u00een v\u00e2rst\u0103 de 26 de ani. \u00cen urma solicit\u0103rii actelor personale \u0219i a documentelor vehiculului, poli\u021bi\u0219tii au constatat, prin verific\u0103rile efectuate \u00een bazele de date, c\u0103 dreptul de a conduce al b\u0103rbatului este suspendat \u00eencep\u00e2nd cu data de 21 august 2025.<\/p>\n<p>\u00cen cauz\u0103, poli\u021bi\u0219tii au \u00eentocmit dosar penal sub aspectul s\u0103v\u00e2r\u0219irii infrac\u021biunii de \u201econducere pe drumurile publice a unui vehicul de c\u0103tre o persoan\u0103 c\u0103reia i-a fost suspendat\u0103 exercitarea dreptului de a conduce\u201d, fapt\u0103 prev\u0103zut\u0103 \u0219i pedepsit\u0103 de Codul Penal.<\/p>\n<figure class=\"wp-block-embed is-type-video is-provider-youtube wp-block-embed-youtube wp-embed-aspect-16-9 wp-has-aspect-ratio\">\n<div class=\"wp-block-embed__wrapper\">\n<div class=\"youtube-embed\" data-video_id=\"Y_YGnvSxPg0\"><iframe loading=\"lazy\" title=\"Zmeii din Republica R\u0103d\u0103u\u021bi lovesc din nou!! Blonda de la Poli\u021bie vs. Bruneta de pe \"strasse\"!!\" width=\"696\" height=\"392\" src=\"https:\/\/www.youtube.com\/embed\/Y_YGnvSxPg0?start=36&amp;feature=oembed\" frameborder allow=\"accelerometer; autoplay; clipboard-write; encrypted-media; gyroscope; picture-in-picture; web-share\" referrerpolicy=\"strict-origin-when-cross-origin\" allowfullscreen><\/iframe><\/div>\n<\/div>\n<\/figure>\n<div class=\"td-a-rec td-a-rec-id-content_bottom  tdi_4 td_block_template_1\"><strong>Intr\u0103 acum \u0219i \u00een grupul de <\/p>\n<div class=\"wp-block-button\"><a class=\"wp-block-button__link wp-element-button\" href=\"https:\/\/t.me\/+TH8wcfnp8fw5NWI0\">Telegram News Bucovina<\/a><\/div>\n<p><\/strong><\/div>\n<\/div>\n<p>[analyse_source url=&#8221;https:\/\/www.newsbucovina.ro\/social\/436474\/sucevean-de-26-de-ani-prins-la-volan-cu-permisul-suspendat-in-localitatea-petea-judetul-satu-mare&#8221;]<\/p>\n","protected":false},"excerpt":{"rendered":"<p>[analyse_image type=&#8221;featured&#8221; src=&#8221;https:\/\/www.newsbucovina.ro\/wp-content\/uploads\/2026\/04\/1776581567433-untitled1jpg2-S4.jpghttps:\/\/cdn.newsbucovina.ro\/wp-content\/uploads\/2026\/04\/1776581567433-untitled1jpg2-S4.jpg&#8221;] Intr\u0103 acum \u0219i \u00een grupul de Telegram News Bucovina Un t\u00e2n\u0103r de 26 de ani din jude\u021bul Suceava a fost depistat conduc\u00e2nd un autoturism pe drumurile publice, de\u0219i avea dreptul de a conduce suspendat din august 2025. \u00cen urma verific\u0103rilor, poli\u021bi\u0219tii i-au \u00eentocmit dosar penal. Evenimentul a avut loc \u00een noaptea de [&hellip;]<\/p>\n","protected":false},"author":1,"featured_media":0,"comment_status":"open","ping_status":"","sticky":false,"template":"","format":"standard","meta":{"footnotes":""},"categories":[89],"tags":[226,165],"class_list":["post-1892833","post","type-post","status-publish","format-standard","hentry","category-romania","tag-crawlmanager","tag-newsbucovina-ro"],"_links":{"self":[{"href":"https:\/\/analyse.optim.biz\/index.php?rest_route=\/wp\/v2\/posts\/1892833","targetHints":{"allow":["GET"]}}],"collection":[{"href":"https:\/\/analyse.optim.biz\/index.php?rest_route=\/wp\/v2\/posts"}],"about":[{"href":"https:\/\/analyse.optim.biz\/index.php?rest_route=\/wp\/v2\/types\/post"}],"author":[{"embeddable":true,"href":"https:\/\/analyse.optim.biz\/index.php?rest_route=\/wp\/v2\/users\/1"}],"replies":[{"embeddable":true,"href":"https:\/\/analyse.optim.biz\/index.php?rest_route=%2Fwp%2Fv2%2Fcomments&post=1892833"}],"version-history":[{"count":0,"href":"https:\/\/analyse.optim.biz\/index.php?rest_route=\/wp\/v2\/posts\/1892833\/revisions"}],"wp:attachment":[{"href":"https:\/\/analyse.optim.biz\/index.php?rest_route=%2Fwp%2Fv2%2Fmedia&parent=1892833"}],"wp:term":[{"taxonomy":"category","embeddable":true,"href":"https:\/\/analyse.optim.biz\/index.php?rest_route=%2Fwp%2Fv2%2Fcategories&post=1892833"},{"taxonomy":"post_tag","embeddable":true,"href":"https:\/\/analyse.optim.biz\/index.php?rest_route=%2Fwp%2Fv2%2Ftags&post=1892833"}],"curies":[{"name":"wp","href":"https:\/\/api.w.org\/{rel}","templated":true}]}}