{"id":1892831,"date":"2026-04-20T11:53:53","date_gmt":"2026-04-20T08:53:53","guid":{"rendered":"https:\/\/analyse.optim.biz\/?p=1892831"},"modified":"2026-04-20T11:53:53","modified_gmt":"2026-04-20T08:53:53","slug":"barbat-retinut-pentru-24-de-ore-dupa-ce-a-fost-prins-la-volan-in-campulung-moldovenesc-desi-avea-dreptul-de-a-conduce-suspendat","status":"publish","type":"post","link":"https:\/\/analyse.optim.biz\/?p=1892831","title":{"rendered":"B\u0103rbat re\u021binut pentru 24 de ore dup\u0103 ce a fost prins la volan \u00een C\u00e2mpulung Moldovenesc de\u0219i avea dreptul de a conduce suspendat"},"content":{"rendered":"<p>[analyse_image type=&#8221;featured&#8221; src=&#8221;https:\/\/www.newsbucovina.ro\/wp-content\/uploads\/2026\/04\/politie-razie-7-1.jpeghttps:\/\/cdn.newsbucovina.ro\/wp-content\/uploads\/2026\/04\/politie-razie-7-1.jpeg&#8221;]<\/p>\n<div class=\"td-post-content tagdiv-type\">\n<div class=\"td-a-rec td-a-rec-id-content_top  tdi_3 td_block_template_1\"><strong>Intr\u0103 acum \u0219i \u00een grupul de <\/p>\n<div class=\"wp-block-button\"><a class=\"wp-block-button__link wp-element-button\" href=\"https:\/\/t.me\/+TH8wcfnp8fw5NWI0\">Telegram News Bucovina<\/a><\/div>\n<p><\/strong><\/div>\n<p>Poli\u021bi\u0219tii din cadrul Biroului de Ordine Public\u0103 al Poli\u021biei Municipiului C\u00e2mpulung Moldovenesc au depistat \u0219i re\u021binut, duminic\u0103, un b\u0103rbat care conducea un autoturism de\u0219i avea dreptul de a conduce suspendat \u0219i un istoric penal consistent la regimul rutier.<\/p>\n<figure class=\"wp-block-image size-large\"><a href=\"https:\/\/cdn.newsbucovina.ro\/wp-content\/uploads\/2026\/04\/politie-razie-5-1.jpeg\"><img loading=\"lazy\" decoding=\"async\" width=\"1024\" height=\"576\" src=\"https:\/\/cdn.newsbucovina.ro\/wp-content\/uploads\/2026\/04\/politie-razie-5-1-1024x576.jpeg\" alt class=\"wp-image-436431\"><\/a><\/figure>\n<p>Evenimentul a avut loc duminic\u0103, \u00een jurul orei 14:20, pe raza municipiului C\u00e2mpulung Moldovenesc. Echipajul de poli\u021bie a oprit pentru control un autoturism marca Audi. La volan se afla un b\u0103rbat de 62 de ani din C\u00e2mpulung Moldovenesc.<\/p>\n<p>Verific\u0103rile efectuate \u00een bazele de date ale Poli\u021biei Rom\u00e2ne au ar\u0103tat c\u0103 \u0219oferul figura cu permisul de conducere re\u021binut \u0219i cu dreptul de a conduce autovehicule pe drumurile publice suspendat.<\/p>\n<p>Ca pasager pe locul din dreapta fa\u021b\u0103 se afla fiul proprietarului ma\u0219inii care a declarat c\u0103 nu \u0219tia c\u0103 b\u0103rbatul aflat la volan nu are dreptul de a conduce. Acesta a \u00eenm\u00e2nat poli\u021bi\u0219tilor documentele autoturismului, care erau \u00een regul\u0103.<\/p>\n<p>Conduc\u0103torul auto a fost testat cu aparatul etilometru, rezultatul fiind negativ.<\/p>\n<p>\u00cen cauz\u0103, poli\u021bi\u0219tii au \u00eentocmit dosar penal pentru s\u0103v\u00e2r\u0219irea infrac\u021biunii de <strong>conducere a unui vehicul f\u0103r\u0103 permis de conducere<\/strong>.<\/p>\n<p>Av\u00e2nd \u00een vedere c\u0103 b\u0103rbatul este recidivist (\u00een decembrie 2025 a fost condamnat definitiv la 9 luni de \u00eenchisoare cu suspendare sub supraveghere pentru aceea\u0219i fapt\u0103 \u0219i este inculpat \u00een alte dou\u0103 dosare penale pentru conducere f\u0103r\u0103 permis \u0219i conducere sub influen\u021ba alcoolului), poli\u021bi\u0219tii au dispus re\u021binerea sa pentru 24 de ore.<\/p>\n<p>Suspectul a fost depus \u00een Centrul de Re\u021binere \u0219i Arestare Preventiv\u0103 al Inspectoratului de Poli\u021bie Jude\u021bean Suceava \u0219i prezentat procurorului de caz din cadrul Parchetului de pe l\u00e2ng\u0103 Judec\u0103toria C\u00e2mpulung Moldovenesc pentru punerea \u00een mi\u0219care a ac\u021biunii penale \u0219i dispunerea de m\u0103suri preventive.<\/p>\n<p>Cercet\u0103rile continu\u0103 sub coordonarea Parchetului de pe l\u00e2ng\u0103 Judec\u0103toria C\u00e2mpulung Moldovenesc.<\/p>\n<figure class=\"wp-block-embed is-type-video is-provider-youtube wp-block-embed-youtube wp-embed-aspect-16-9 wp-has-aspect-ratio\">\n<div class=\"wp-block-embed__wrapper\">\n<div class=\"youtube-embed\" data-video_id=\"9_OWzkg4Pxg\"><iframe loading=\"lazy\" title=\"Cum Transformi o r\u00e2p\u0103 \u00een Raiul b\u0103rba\u021bilor - CE AR FI S\u0102 ... bei bere afumat\u0103 ..cu gust de afine?\" width=\"696\" height=\"392\" src=\"https:\/\/www.youtube.com\/embed\/9_OWzkg4Pxg?feature=oembed&amp;enablejsapi=1\" frameborder allow=\"accelerometer; autoplay; clipboard-write; encrypted-media; gyroscope; picture-in-picture; web-share\" referrerpolicy=\"strict-origin-when-cross-origin\" allowfullscreen><\/iframe><\/div>\n<\/div>\n<\/figure>\n<div class=\"td-a-rec td-a-rec-id-content_bottom  tdi_4 td_block_template_1\"><strong>Intr\u0103 acum \u0219i \u00een grupul de <\/p>\n<div class=\"wp-block-button\"><a class=\"wp-block-button__link wp-element-button\" href=\"https:\/\/t.me\/+TH8wcfnp8fw5NWI0\">Telegram News Bucovina<\/a><\/div>\n<p><\/strong><\/div>\n<\/div>\n<div class=\"td-post-content tagdiv-type\">\n<div class=\"td-a-rec td-a-rec-id-content_top  tdi_3 td_block_template_1\"><strong>Intr\u0103 acum \u0219i \u00een grupul de <\/p>\n<div class=\"wp-block-button\"><a class=\"wp-block-button__link wp-element-button\" href=\"https:\/\/t.me\/+TH8wcfnp8fw5NWI0\">Telegram News Bucovina<\/a><\/div>\n<p><\/strong><\/div>\n<p>Poli\u021bi\u0219tii din cadrul Biroului de Ordine Public\u0103 al Poli\u021biei Municipiului C\u00e2mpulung Moldovenesc au depistat \u0219i re\u021binut, duminic\u0103, un b\u0103rbat care conducea un autoturism de\u0219i avea dreptul de a conduce suspendat \u0219i un istoric penal consistent la regimul rutier.<\/p>\n<figure class=\"wp-block-image size-large\"><a href=\"https:\/\/cdn.newsbucovina.ro\/wp-content\/uploads\/2026\/04\/politie-razie-5-1.jpeg\"><img loading=\"lazy\" decoding=\"async\" width=\"1024\" height=\"576\" src=\"https:\/\/cdn.newsbucovina.ro\/wp-content\/uploads\/2026\/04\/politie-razie-5-1-1024x576.jpeg\" alt class=\"wp-image-436431\"><\/a><\/figure>\n<p>Evenimentul a avut loc duminic\u0103, \u00een jurul orei 14:20, pe raza municipiului C\u00e2mpulung Moldovenesc. Echipajul de poli\u021bie a oprit pentru control un autoturism marca Audi. La volan se afla un b\u0103rbat de 62 de ani din C\u00e2mpulung Moldovenesc.<\/p>\n<p>Verific\u0103rile efectuate \u00een bazele de date ale Poli\u021biei Rom\u00e2ne au ar\u0103tat c\u0103 \u0219oferul figura cu permisul de conducere re\u021binut \u0219i cu dreptul de a conduce autovehicule pe drumurile publice suspendat.<\/p>\n<p>Ca pasager pe locul din dreapta fa\u021b\u0103 se afla fiul proprietarului ma\u0219inii care a declarat c\u0103 nu \u0219tia c\u0103 b\u0103rbatul aflat la volan nu are dreptul de a conduce. Acesta a \u00eenm\u00e2nat poli\u021bi\u0219tilor documentele autoturismului, care erau \u00een regul\u0103.<\/p>\n<p>Conduc\u0103torul auto a fost testat cu aparatul etilometru, rezultatul fiind negativ.<\/p>\n<p>\u00cen cauz\u0103, poli\u021bi\u0219tii au \u00eentocmit dosar penal pentru s\u0103v\u00e2r\u0219irea infrac\u021biunii de <strong>conducere a unui vehicul f\u0103r\u0103 permis de conducere<\/strong>.<\/p>\n<p>Av\u00e2nd \u00een vedere c\u0103 b\u0103rbatul este recidivist (\u00een decembrie 2025 a fost condamnat definitiv la 9 luni de \u00eenchisoare cu suspendare sub supraveghere pentru aceea\u0219i fapt\u0103 \u0219i este inculpat \u00een alte dou\u0103 dosare penale pentru conducere f\u0103r\u0103 permis \u0219i conducere sub influen\u021ba alcoolului), poli\u021bi\u0219tii au dispus re\u021binerea sa pentru 24 de ore.<\/p>\n<p>Suspectul a fost depus \u00een Centrul de Re\u021binere \u0219i Arestare Preventiv\u0103 al Inspectoratului de Poli\u021bie Jude\u021bean Suceava \u0219i prezentat procurorului de caz din cadrul Parchetului de pe l\u00e2ng\u0103 Judec\u0103toria C\u00e2mpulung Moldovenesc pentru punerea \u00een mi\u0219care a ac\u021biunii penale \u0219i dispunerea de m\u0103suri preventive.<\/p>\n<p>Cercet\u0103rile continu\u0103 sub coordonarea Parchetului de pe l\u00e2ng\u0103 Judec\u0103toria C\u00e2mpulung Moldovenesc.<\/p>\n<figure class=\"wp-block-embed is-type-video is-provider-youtube wp-block-embed-youtube wp-embed-aspect-16-9 wp-has-aspect-ratio\">\n<div class=\"wp-block-embed__wrapper\">\n<div class=\"youtube-embed\" data-video_id=\"9_OWzkg4Pxg\"><iframe loading=\"lazy\" title=\"Cum Transformi o r\u00e2p\u0103 \u00een Raiul b\u0103rba\u021bilor - CE AR FI S\u0102 ... bei bere afumat\u0103 ..cu gust de afine?\" width=\"696\" height=\"392\" src=\"https:\/\/www.youtube.com\/embed\/9_OWzkg4Pxg?feature=oembed&amp;enablejsapi=1\" frameborder allow=\"accelerometer; autoplay; clipboard-write; encrypted-media; gyroscope; picture-in-picture; web-share\" referrerpolicy=\"strict-origin-when-cross-origin\" allowfullscreen><\/iframe><\/div>\n<\/div>\n<\/figure>\n<div class=\"td-a-rec td-a-rec-id-content_bottom  tdi_4 td_block_template_1\"><strong>Intr\u0103 acum \u0219i \u00een grupul de <\/p>\n<div class=\"wp-block-button\"><a class=\"wp-block-button__link wp-element-button\" href=\"https:\/\/t.me\/+TH8wcfnp8fw5NWI0\">Telegram News Bucovina<\/a><\/div>\n<p><\/strong><\/div>\n<\/div>\n<p>[analyse_source url=&#8221;https:\/\/www.newsbucovina.ro\/campulung-moldovenesc\/436579\/barbat-retinut-pentru-24-de-ore-dupa-ce-a-fost-prins-la-volan-in-campulung-moldovenesc-desi-avea-dreptul-de-a-conduce-suspendat&#8221;]<\/p>\n","protected":false},"excerpt":{"rendered":"<p>[analyse_image type=&#8221;featured&#8221; src=&#8221;https:\/\/www.newsbucovina.ro\/wp-content\/uploads\/2026\/04\/politie-razie-7-1.jpeghttps:\/\/cdn.newsbucovina.ro\/wp-content\/uploads\/2026\/04\/politie-razie-7-1.jpeg&#8221;] Intr\u0103 acum \u0219i \u00een grupul de Telegram News Bucovina Poli\u021bi\u0219tii din cadrul Biroului de Ordine Public\u0103 al Poli\u021biei Municipiului C\u00e2mpulung Moldovenesc au depistat \u0219i re\u021binut, duminic\u0103, un b\u0103rbat care conducea un autoturism de\u0219i avea dreptul de a conduce suspendat \u0219i un istoric penal consistent la regimul rutier. Evenimentul a avut loc duminic\u0103, [&hellip;]<\/p>\n","protected":false},"author":1,"featured_media":0,"comment_status":"open","ping_status":"","sticky":false,"template":"","format":"standard","meta":{"footnotes":""},"categories":[89],"tags":[226,165],"class_list":["post-1892831","post","type-post","status-publish","format-standard","hentry","category-romania","tag-crawlmanager","tag-newsbucovina-ro"],"_links":{"self":[{"href":"https:\/\/analyse.optim.biz\/index.php?rest_route=\/wp\/v2\/posts\/1892831","targetHints":{"allow":["GET"]}}],"collection":[{"href":"https:\/\/analyse.optim.biz\/index.php?rest_route=\/wp\/v2\/posts"}],"about":[{"href":"https:\/\/analyse.optim.biz\/index.php?rest_route=\/wp\/v2\/types\/post"}],"author":[{"embeddable":true,"href":"https:\/\/analyse.optim.biz\/index.php?rest_route=\/wp\/v2\/users\/1"}],"replies":[{"embeddable":true,"href":"https:\/\/analyse.optim.biz\/index.php?rest_route=%2Fwp%2Fv2%2Fcomments&post=1892831"}],"version-history":[{"count":0,"href":"https:\/\/analyse.optim.biz\/index.php?rest_route=\/wp\/v2\/posts\/1892831\/revisions"}],"wp:attachment":[{"href":"https:\/\/analyse.optim.biz\/index.php?rest_route=%2Fwp%2Fv2%2Fmedia&parent=1892831"}],"wp:term":[{"taxonomy":"category","embeddable":true,"href":"https:\/\/analyse.optim.biz\/index.php?rest_route=%2Fwp%2Fv2%2Fcategories&post=1892831"},{"taxonomy":"post_tag","embeddable":true,"href":"https:\/\/analyse.optim.biz\/index.php?rest_route=%2Fwp%2Fv2%2Ftags&post=1892831"}],"curies":[{"name":"wp","href":"https:\/\/api.w.org\/{rel}","templated":true}]}}