{"id":1892557,"date":"2026-04-20T15:17:45","date_gmt":"2026-04-20T12:17:45","guid":{"rendered":"https:\/\/analyse.optim.biz\/?p=1892557"},"modified":"2026-04-20T15:17:45","modified_gmt":"2026-04-20T12:17:45","slug":"accident-rutier-la-praxia-trei-persoane-ranite-dupa-coliziunea-a-doua-autoturisme","status":"publish","type":"post","link":"https:\/\/analyse.optim.biz\/?p=1892557","title":{"rendered":"Accident rutier la Praxia: trei persoane r\u0103nite dup\u0103 coliziunea a dou\u0103 autoturisme"},"content":{"rendered":"<p>[analyse_image type=&#8221;featured&#8221; src=&#8221;https:\/\/www.newsbucovina.ro\/wp-content\/uploads\/2026\/04\/WhatsApp-Image-2026-04-20-at-18.11.30-3-1.jpeghttps:\/\/cdn.newsbucovina.ro\/wp-content\/uploads\/2026\/04\/WhatsApp-Image-2026-04-20-at-18.11.30-3-1.jpeg&#8221;]<\/p>\n<div class=\"td-post-content tagdiv-type\">\n<div class=\"td-a-rec td-a-rec-id-content_top  tdi_3 td_block_template_1\"><strong>Intr\u0103 acum \u0219i \u00een grupul de <\/p>\n<div class=\"wp-block-button\"><a class=\"wp-block-button__link wp-element-button\" href=\"https:\/\/t.me\/+TH8wcfnp8fw5NWI0\">Telegram News Bucovina<\/a><\/div>\n<p><\/strong><\/div>\n<p>Un accident rutier \u00eentre dou\u0103 autoturisme s-a produs luni dup\u0103-amiaz\u0103 pe raza localit\u0103\u021bii Praxia, sold\u00e2ndu-se cu trei persoane r\u0103nite.<\/p>\n<figure class=\"wp-block-gallery has-nested-images columns-default is-cropped wp-block-gallery-1 is-layout-flex wp-block-gallery-is-layout-flex\">\n<figure class=\"wp-block-image size-large\"><a href=\"https:\/\/cdn.newsbucovina.ro\/wp-content\/uploads\/2026\/04\/ambulanta-smurd.jpeg\"><img loading=\"lazy\" decoding=\"async\" width=\"768\" height=\"1024\" data-id=\"436595\" src=\"https:\/\/cdn.newsbucovina.ro\/wp-content\/uploads\/2026\/04\/ambulanta-smurd-768x1024.jpeg\" alt class=\"wp-image-436595\"><\/a><\/figure>\n<figure class=\"wp-block-image size-large\"><a href=\"https:\/\/cdn.newsbucovina.ro\/wp-content\/uploads\/2026\/04\/smurd-ambulanta.jpeg\"><img loading=\"lazy\" decoding=\"async\" width=\"912\" height=\"1024\" data-id=\"436593\" src=\"https:\/\/cdn.newsbucovina.ro\/wp-content\/uploads\/2026\/04\/smurd-ambulanta-912x1024.jpeg\" alt class=\"wp-image-436593\"><\/a><\/figure>\n<figure class=\"wp-block-image size-large\"><a href=\"https:\/\/cdn.newsbucovina.ro\/wp-content\/uploads\/2026\/04\/WhatsApp-Image-2026-04-20-at-18.11.30-3.jpeg\"><img loading=\"lazy\" decoding=\"async\" width=\"768\" height=\"1024\" data-id=\"436594\" src=\"https:\/\/cdn.newsbucovina.ro\/wp-content\/uploads\/2026\/04\/WhatsApp-Image-2026-04-20-at-18.11.30-3-768x1024.jpeg\" alt class=\"wp-image-436594\"><\/a><\/figure>\n<figure class=\"wp-block-image size-large\"><a href=\"https:\/\/cdn.newsbucovina.ro\/wp-content\/uploads\/2026\/04\/smurd-ambulanta-1.jpeg\"><img decoding=\"async\" loading=\"lazy\" width=\"1024\" height=\"576\" data-id=\"436597\" src=\"https:\/\/cdn.newsbucovina.ro\/wp-content\/uploads\/2026\/04\/smurd-ambulanta-1-1024x576.jpeg\" alt class=\"wp-image-436597\"><\/a><\/figure>\n<\/figure>\n<p>Potrivit slt. Radu Gabriel din cadrul ISU Suceava, la fa\u021ba locului au intervenit de urgen\u021b\u0103 pompierii militari din cadrul Deta\u0219amentului F\u0103lticeni cu o autospecial\u0103 pentru descarcerare, sprijini\u021bi de trei echipaje ale Serviciului de Ambulan\u021b\u0103 Jude\u021bean (SAJ) Suceava, dintre care unul \u00eencadrat cu medic.<\/p>\n<p>Echipajele medicale au acordat \u00eengrijiri de prim ajutor celor trei victime la locul evenimentului. Toate cele trei persoane au fost transportate la spital pentru investiga\u021bii suplimentare \u0219i tratament de specialitate.<\/p>\n<p>Cercet\u0103rile poli\u021biei pentru stabilirea cauzelor exacte ale accidentului \u0219i a \u00eemprejur\u0103rilor \u00een care s-a produs sunt \u00een derulare.<\/p>\n<figure class=\"wp-block-embed is-type-video is-provider-youtube wp-block-embed-youtube wp-embed-aspect-9-16 wp-has-aspect-ratio\">\n<div class=\"wp-block-embed__wrapper\">\n<div class=\"youtube-embed\" data-video_id><iframe loading=\"lazy\" title=\"La Praxia\u2026 praf ma\u0219inile, 3 persoane sunt \u00een spital!! Iar\u0103\u0219i BMW\u2026 (Material video needitat )\" width=\"563\" height=\"1000\" src=\"https:\/\/www.youtube.com\/embed\/wvSJvFAApMc?feature=oembed&amp;enablejsapi=1\" frameborder allow=\"accelerometer; autoplay; clipboard-write; encrypted-media; gyroscope; picture-in-picture; web-share\" referrerpolicy=\"strict-origin-when-cross-origin\" allowfullscreen><\/iframe><\/div>\n<\/div>\n<\/figure>\n<div class=\"td-a-rec td-a-rec-id-content_bottom  tdi_4 td_block_template_1\"><strong>Intr\u0103 acum \u0219i \u00een grupul de <\/p>\n<div class=\"wp-block-button\"><a class=\"wp-block-button__link wp-element-button\" href=\"https:\/\/t.me\/+TH8wcfnp8fw5NWI0\">Telegram News Bucovina<\/a><\/div>\n<p><\/strong><\/div>\n<\/div>\n<div class=\"td-post-content tagdiv-type\">\n<div class=\"td-a-rec td-a-rec-id-content_top  tdi_3 td_block_template_1\"><strong>Intr\u0103 acum \u0219i \u00een grupul de <\/p>\n<div class=\"wp-block-button\"><a class=\"wp-block-button__link wp-element-button\" href=\"https:\/\/t.me\/+TH8wcfnp8fw5NWI0\">Telegram News Bucovina<\/a><\/div>\n<p><\/strong><\/div>\n<p>Un accident rutier \u00eentre dou\u0103 autoturisme s-a produs luni dup\u0103-amiaz\u0103 pe raza localit\u0103\u021bii Praxia, sold\u00e2ndu-se cu trei persoane r\u0103nite.<\/p>\n<figure class=\"wp-block-gallery has-nested-images columns-default is-cropped wp-block-gallery-1 is-layout-flex wp-block-gallery-is-layout-flex\">\n<figure class=\"wp-block-image size-large\"><a href=\"https:\/\/cdn.newsbucovina.ro\/wp-content\/uploads\/2026\/04\/ambulanta-smurd.jpeg\"><img loading=\"lazy\" decoding=\"async\" width=\"768\" height=\"1024\" data-id=\"436595\" src=\"https:\/\/cdn.newsbucovina.ro\/wp-content\/uploads\/2026\/04\/ambulanta-smurd-768x1024.jpeg\" alt class=\"wp-image-436595\"><\/a><\/figure>\n<figure class=\"wp-block-image size-large\"><a href=\"https:\/\/cdn.newsbucovina.ro\/wp-content\/uploads\/2026\/04\/smurd-ambulanta.jpeg\"><img loading=\"lazy\" decoding=\"async\" width=\"912\" height=\"1024\" data-id=\"436593\" src=\"https:\/\/cdn.newsbucovina.ro\/wp-content\/uploads\/2026\/04\/smurd-ambulanta-912x1024.jpeg\" alt class=\"wp-image-436593\"><\/a><\/figure>\n<figure class=\"wp-block-image size-large\"><a href=\"https:\/\/cdn.newsbucovina.ro\/wp-content\/uploads\/2026\/04\/WhatsApp-Image-2026-04-20-at-18.11.30-3.jpeg\"><img loading=\"lazy\" decoding=\"async\" width=\"768\" height=\"1024\" data-id=\"436594\" src=\"https:\/\/cdn.newsbucovina.ro\/wp-content\/uploads\/2026\/04\/WhatsApp-Image-2026-04-20-at-18.11.30-3-768x1024.jpeg\" alt class=\"wp-image-436594\"><\/a><\/figure>\n<figure class=\"wp-block-image size-large\"><a href=\"https:\/\/cdn.newsbucovina.ro\/wp-content\/uploads\/2026\/04\/smurd-ambulanta-1.jpeg\"><img decoding=\"async\" loading=\"lazy\" width=\"1024\" height=\"576\" data-id=\"436597\" src=\"https:\/\/cdn.newsbucovina.ro\/wp-content\/uploads\/2026\/04\/smurd-ambulanta-1-1024x576.jpeg\" alt class=\"wp-image-436597\"><\/a><\/figure>\n<\/figure>\n<p>Potrivit slt. Radu Gabriel din cadrul ISU Suceava, la fa\u021ba locului au intervenit de urgen\u021b\u0103 pompierii militari din cadrul Deta\u0219amentului F\u0103lticeni cu o autospecial\u0103 pentru descarcerare, sprijini\u021bi de trei echipaje ale Serviciului de Ambulan\u021b\u0103 Jude\u021bean (SAJ) Suceava, dintre care unul \u00eencadrat cu medic.<\/p>\n<p>Echipajele medicale au acordat \u00eengrijiri de prim ajutor celor trei victime la locul evenimentului. Toate cele trei persoane au fost transportate la spital pentru investiga\u021bii suplimentare \u0219i tratament de specialitate.<\/p>\n<p>Cercet\u0103rile poli\u021biei pentru stabilirea cauzelor exacte ale accidentului \u0219i a \u00eemprejur\u0103rilor \u00een care s-a produs sunt \u00een derulare.<\/p>\n<figure class=\"wp-block-embed is-type-video is-provider-youtube wp-block-embed-youtube wp-embed-aspect-9-16 wp-has-aspect-ratio\">\n<div class=\"wp-block-embed__wrapper\">\n<div class=\"youtube-embed\" data-video_id><iframe loading=\"lazy\" title=\"La Praxia\u2026 praf ma\u0219inile, 3 persoane sunt \u00een spital!! Iar\u0103\u0219i BMW\u2026 (Material video needitat )\" width=\"563\" height=\"1000\" src=\"https:\/\/www.youtube.com\/embed\/wvSJvFAApMc?feature=oembed&amp;enablejsapi=1\" frameborder allow=\"accelerometer; autoplay; clipboard-write; encrypted-media; gyroscope; picture-in-picture; web-share\" referrerpolicy=\"strict-origin-when-cross-origin\" allowfullscreen><\/iframe><\/div>\n<\/div>\n<\/figure>\n<div class=\"td-a-rec td-a-rec-id-content_bottom  tdi_4 td_block_template_1\"><strong>Intr\u0103 acum \u0219i \u00een grupul de <\/p>\n<div class=\"wp-block-button\"><a class=\"wp-block-button__link wp-element-button\" href=\"https:\/\/t.me\/+TH8wcfnp8fw5NWI0\">Telegram News Bucovina<\/a><\/div>\n<p><\/strong><\/div>\n<\/div>\n<p>[analyse_source url=&#8221;https:\/\/www.newsbucovina.ro\/actualitate\/436592\/accident-rutier-la-praxia-trei-persoane-ranite-dupa-coliziunea-a-doua-autoturisme&#8221;]<\/p>\n","protected":false},"excerpt":{"rendered":"<p>[analyse_image type=&#8221;featured&#8221; src=&#8221;https:\/\/www.newsbucovina.ro\/wp-content\/uploads\/2026\/04\/WhatsApp-Image-2026-04-20-at-18.11.30-3-1.jpeghttps:\/\/cdn.newsbucovina.ro\/wp-content\/uploads\/2026\/04\/WhatsApp-Image-2026-04-20-at-18.11.30-3-1.jpeg&#8221;] Intr\u0103 acum \u0219i \u00een grupul de Telegram News Bucovina Un accident rutier \u00eentre dou\u0103 autoturisme s-a produs luni dup\u0103-amiaz\u0103 pe raza localit\u0103\u021bii Praxia, sold\u00e2ndu-se cu trei persoane r\u0103nite. Potrivit slt. Radu Gabriel din cadrul ISU Suceava, la fa\u021ba locului au intervenit de urgen\u021b\u0103 pompierii militari din cadrul Deta\u0219amentului F\u0103lticeni cu o autospecial\u0103 [&hellip;]<\/p>\n","protected":false},"author":1,"featured_media":0,"comment_status":"open","ping_status":"","sticky":false,"template":"","format":"standard","meta":{"footnotes":""},"categories":[89],"tags":[226,165],"class_list":["post-1892557","post","type-post","status-publish","format-standard","hentry","category-romania","tag-crawlmanager","tag-newsbucovina-ro"],"_links":{"self":[{"href":"https:\/\/analyse.optim.biz\/index.php?rest_route=\/wp\/v2\/posts\/1892557","targetHints":{"allow":["GET"]}}],"collection":[{"href":"https:\/\/analyse.optim.biz\/index.php?rest_route=\/wp\/v2\/posts"}],"about":[{"href":"https:\/\/analyse.optim.biz\/index.php?rest_route=\/wp\/v2\/types\/post"}],"author":[{"embeddable":true,"href":"https:\/\/analyse.optim.biz\/index.php?rest_route=\/wp\/v2\/users\/1"}],"replies":[{"embeddable":true,"href":"https:\/\/analyse.optim.biz\/index.php?rest_route=%2Fwp%2Fv2%2Fcomments&post=1892557"}],"version-history":[{"count":0,"href":"https:\/\/analyse.optim.biz\/index.php?rest_route=\/wp\/v2\/posts\/1892557\/revisions"}],"wp:attachment":[{"href":"https:\/\/analyse.optim.biz\/index.php?rest_route=%2Fwp%2Fv2%2Fmedia&parent=1892557"}],"wp:term":[{"taxonomy":"category","embeddable":true,"href":"https:\/\/analyse.optim.biz\/index.php?rest_route=%2Fwp%2Fv2%2Fcategories&post=1892557"},{"taxonomy":"post_tag","embeddable":true,"href":"https:\/\/analyse.optim.biz\/index.php?rest_route=%2Fwp%2Fv2%2Ftags&post=1892557"}],"curies":[{"name":"wp","href":"https:\/\/api.w.org\/{rel}","templated":true}]}}