{"id":1892555,"date":"2026-04-20T15:01:20","date_gmt":"2026-04-20T12:01:20","guid":{"rendered":"https:\/\/analyse.optim.biz\/?p=1892555"},"modified":"2026-04-20T15:01:20","modified_gmt":"2026-04-20T12:01:20","slug":"succes-pentru-elevii-cu-deficiente-de-auz-de-la-bivolarie-la-concursul-national-comunicam-prin-gest-culoare-si-miscare","status":"publish","type":"post","link":"https:\/\/analyse.optim.biz\/?p=1892555","title":{"rendered":"Succes pentru elevii cu deficien\u021be de auz de la Bivol\u0103rie la Concursul Na\u021bional \u201eComunic\u0103m prin gest, culoare \u0219i mi\u0219care\u201d"},"content":{"rendered":"<p>[analyse_image type=&#8221;featured&#8221; src=&#8221;https:\/\/www.newsbucovina.ro\/wp-content\/uploads\/2026\/04\/WhatsApp-Image-2026-04-20-at-17.54.061.jpeghttps:\/\/cdn.newsbucovina.ro\/wp-content\/uploads\/2026\/04\/WhatsApp-Image-2026-04-20-at-17.54.061.jpeg&#8221;]<\/p>\n<div class=\"td-post-content tagdiv-type\">\n<div class=\"td-a-rec td-a-rec-id-content_top  tdi_3 td_block_template_1\"><strong>Intr\u0103 acum \u0219i \u00een grupul de <\/p>\n<div class=\"wp-block-button\"><a class=\"wp-block-button__link wp-element-button\" href=\"https:\/\/t.me\/+TH8wcfnp8fw5NWI0\">Telegram News Bucovina<\/a><\/div>\n<p><\/strong><\/div>\n<p>Liceul Tehnologic Special Bivol\u0103rie a g\u0103zduit, \u00een perioada 16-19 aprilie 2026, cea de-a VIII-a edi\u021bie a Concursului na\u021bional interdisciplinar \u201eComunic\u0103m prin gest, culoare \u0219i mi\u0219care\u201d, inclus \u00een Calendarul Proiectelor de Educa\u021bie Extra\u0219colar\u0103 Na\u021bionale 2026.<\/p>\n<figure class=\"wp-block-image size-large\"><a href=\"https:\/\/cdn.newsbucovina.ro\/wp-content\/uploads\/2026\/04\/WhatsApp-Image-2026-04-20-at-17.54.06.jpeg\"><img loading=\"lazy\" decoding=\"async\" width=\"1024\" height=\"683\" src=\"https:\/\/cdn.newsbucovina.ro\/wp-content\/uploads\/2026\/04\/WhatsApp-Image-2026-04-20-at-17.54.06-1024x683.jpeg\" alt class=\"wp-image-436589\"><\/a><\/figure>\n<p>Concursul, ini\u021biat \u0219i organizat de unitatea \u0219colar\u0103 sucevean\u0103, a reunit elevi cu deficien\u021be de auz din 10 \u0219coli speciale din 8 jude\u021be ale \u021b\u0103rii, oferindu-le oportunitatea de a se exprima prin pantomim\u0103, arte plastice \u0219i probe sportive (triatlon \u0219i tenis de mas\u0103). Scopul principal al proiectului este egalizarea \u0219anselor, stimularea interac\u021biunii \u0219i dezvoltarea competen\u021belor sportive \u0219i artistice \u00eentr-un mediu nonformal, prietenos \u0219i incluziv.<\/p>\n<p>La edi\u021bia din acest an au participat \u0219coli speciale din Bucure\u0219ti, Buz\u0103u, Foc\u0219ani, Cluj-Napoca, Ia\u0219i, Sibiu \u0219i Timi\u0219oara, al\u0103turi de gazdele de la Bivol\u0103rie.<\/p>\n<p><strong>Rezultatele ob\u021binute de elevii Liceului Tehnologic Special Bivol\u0103rie:<\/strong><\/p>\n<ul class=\"wp-block-list\">\n<li><strong>Premiul III<\/strong> \u2013 sec\u021biunea pantomim\u0103: elevii Schipor Maria, Schipor David \u0219i \u0218omcutean Ianis Tudor (prof. \u00eendrum\u0103tor Ungurean Liliana)<\/li>\n<li><strong>Premiul II<\/strong> \u2013 sec\u021biunea triatlon fete: eleva \u0218erban Alexandra Elena (prof. \u00eendrum\u0103tor Zuba\u0219 Ilisei Corneliu)<\/li>\n<li><strong>Premiul I<\/strong> \u2013 sec\u021biunea triatlon b\u0103ie\u021bi: elevul Cuzencu Ciprian Ovidiu (prof. \u00eendrum\u0103tor Zuba\u0219 Ilisei Corneliu)<\/li>\n<li><strong>Premiul I<\/strong> \u2013 sec\u021biunea tenis de mas\u0103: elevul Schipor David (prof. \u00eendrum\u0103tor Zuba\u0219 Ilisei Corneliu)<\/li>\n<\/ul>\n<p>Pre\u0219edintele comisiei na\u021bionale de evaluare, prof. univ. dr. <strong>Alois Ghergu\u021b<\/strong> de la Universitatea \u201eAlexandru Ioan Cuza\u201d din Ia\u0219i, a subliniat importan\u021ba rela\u021bion\u0103rii \u00een contexte nonformale \u0219i a particip\u0103rii elevilor cu deficien\u021be de auz la activit\u0103\u021bi extra\u0219colare, care contribuie la consolidarea \u00eencrederii \u00een sine \u0219i la valorificarea poten\u021bialului individual.<\/p>\n<figure class=\"wp-block-image size-large\"><a href=\"https:\/\/cdn.newsbucovina.ro\/wp-content\/uploads\/2026\/04\/WhatsApp-Image-2026-04-20-at-17.54.061.jpeg\"><img loading=\"lazy\" decoding=\"async\" width=\"1024\" height=\"683\" src=\"https:\/\/cdn.newsbucovina.ro\/wp-content\/uploads\/2026\/04\/WhatsApp-Image-2026-04-20-at-17.54.061-1024x683.jpeg\" alt class=\"wp-image-436590\"><\/a><\/figure>\n<p>Evenimentul a fost sus\u021binut de parteneri de seam\u0103: EGGER Tehnologia SRL R\u0103d\u0103u\u021bi (sponsor unic), Consiliul Jude\u021bean Suceava \u0219i Asocia\u021bia \u201eAripi de lini\u0219te\u201d \u2013 Asocia\u021bia profesorilor pentru educa\u021bia surzilor.<\/p>\n<p>Organizatorii, printre care prof. Nicolae Ciprian Anton \u2013 inspector \u0219colar general I.S.J. Suceava, prof. Tatiana V\u00eentur \u2013 inspector pentru educa\u021bie permanent\u0103, prof. Ciprian Ionu\u021b Manolache \u2013 inspector pentru \u00eenv\u0103\u021b\u0103m\u00e2ntul special, precum \u0219i directorii liceului \u2013 prof. Gheorghe Dionisie Palievici \u0219i prof. Ciprian Clem \u2013, au eviden\u021biat rolul esen\u021bial al acestui concurs \u00een construirea unei re\u021bele na\u021bionale solide de sprijin pentru elevii cu deficien\u021be de auz.<\/p>\n<figure class=\"wp-block-embed is-type-video is-provider-youtube wp-block-embed-youtube wp-embed-aspect-16-9 wp-has-aspect-ratio\">\n<div class=\"wp-block-embed__wrapper\">\n<div class=\"youtube-embed\" data-video_id=\"9_OWzkg4Pxg\"><iframe loading=\"lazy\" title=\"Cum Transformi o r\u00e2p\u0103 \u00een Raiul b\u0103rba\u021bilor - CE AR FI S\u0102 ... bei bere afumat\u0103 ..cu gust de afine?\" width=\"696\" height=\"392\" src=\"https:\/\/www.youtube.com\/embed\/9_OWzkg4Pxg?feature=oembed&amp;enablejsapi=1\" frameborder allow=\"accelerometer; autoplay; clipboard-write; encrypted-media; gyroscope; picture-in-picture; web-share\" referrerpolicy=\"strict-origin-when-cross-origin\" allowfullscreen><\/iframe><\/div>\n<\/div>\n<\/figure>\n<div class=\"td-a-rec td-a-rec-id-content_bottom  tdi_4 td_block_template_1\"><strong>Intr\u0103 acum \u0219i \u00een grupul de <\/p>\n<div class=\"wp-block-button\"><a class=\"wp-block-button__link wp-element-button\" href=\"https:\/\/t.me\/+TH8wcfnp8fw5NWI0\">Telegram News Bucovina<\/a><\/div>\n<p><\/strong><\/div>\n<\/div>\n<div class=\"td-post-content tagdiv-type\">\n<div class=\"td-a-rec td-a-rec-id-content_top  tdi_3 td_block_template_1\"><strong>Intr\u0103 acum \u0219i \u00een grupul de <\/p>\n<div class=\"wp-block-button\"><a class=\"wp-block-button__link wp-element-button\" href=\"https:\/\/t.me\/+TH8wcfnp8fw5NWI0\">Telegram News Bucovina<\/a><\/div>\n<p><\/strong><\/div>\n<p>Liceul Tehnologic Special Bivol\u0103rie a g\u0103zduit, \u00een perioada 16-19 aprilie 2026, cea de-a VIII-a edi\u021bie a Concursului na\u021bional interdisciplinar \u201eComunic\u0103m prin gest, culoare \u0219i mi\u0219care\u201d, inclus \u00een Calendarul Proiectelor de Educa\u021bie Extra\u0219colar\u0103 Na\u021bionale 2026.<\/p>\n<figure class=\"wp-block-image size-large\"><a href=\"https:\/\/cdn.newsbucovina.ro\/wp-content\/uploads\/2026\/04\/WhatsApp-Image-2026-04-20-at-17.54.06.jpeg\"><img loading=\"lazy\" decoding=\"async\" width=\"1024\" height=\"683\" src=\"https:\/\/cdn.newsbucovina.ro\/wp-content\/uploads\/2026\/04\/WhatsApp-Image-2026-04-20-at-17.54.06-1024x683.jpeg\" alt class=\"wp-image-436589\"><\/a><\/figure>\n<p>Concursul, ini\u021biat \u0219i organizat de unitatea \u0219colar\u0103 sucevean\u0103, a reunit elevi cu deficien\u021be de auz din 10 \u0219coli speciale din 8 jude\u021be ale \u021b\u0103rii, oferindu-le oportunitatea de a se exprima prin pantomim\u0103, arte plastice \u0219i probe sportive (triatlon \u0219i tenis de mas\u0103). Scopul principal al proiectului este egalizarea \u0219anselor, stimularea interac\u021biunii \u0219i dezvoltarea competen\u021belor sportive \u0219i artistice \u00eentr-un mediu nonformal, prietenos \u0219i incluziv.<\/p>\n<p>La edi\u021bia din acest an au participat \u0219coli speciale din Bucure\u0219ti, Buz\u0103u, Foc\u0219ani, Cluj-Napoca, Ia\u0219i, Sibiu \u0219i Timi\u0219oara, al\u0103turi de gazdele de la Bivol\u0103rie.<\/p>\n<p><strong>Rezultatele ob\u021binute de elevii Liceului Tehnologic Special Bivol\u0103rie:<\/strong><\/p>\n<ul class=\"wp-block-list\">\n<li><strong>Premiul III<\/strong> \u2013 sec\u021biunea pantomim\u0103: elevii Schipor Maria, Schipor David \u0219i \u0218omcutean Ianis Tudor (prof. \u00eendrum\u0103tor Ungurean Liliana)<\/li>\n<li><strong>Premiul II<\/strong> \u2013 sec\u021biunea triatlon fete: eleva \u0218erban Alexandra Elena (prof. \u00eendrum\u0103tor Zuba\u0219 Ilisei Corneliu)<\/li>\n<li><strong>Premiul I<\/strong> \u2013 sec\u021biunea triatlon b\u0103ie\u021bi: elevul Cuzencu Ciprian Ovidiu (prof. \u00eendrum\u0103tor Zuba\u0219 Ilisei Corneliu)<\/li>\n<li><strong>Premiul I<\/strong> \u2013 sec\u021biunea tenis de mas\u0103: elevul Schipor David (prof. \u00eendrum\u0103tor Zuba\u0219 Ilisei Corneliu)<\/li>\n<\/ul>\n<p>Pre\u0219edintele comisiei na\u021bionale de evaluare, prof. univ. dr. <strong>Alois Ghergu\u021b<\/strong> de la Universitatea \u201eAlexandru Ioan Cuza\u201d din Ia\u0219i, a subliniat importan\u021ba rela\u021bion\u0103rii \u00een contexte nonformale \u0219i a particip\u0103rii elevilor cu deficien\u021be de auz la activit\u0103\u021bi extra\u0219colare, care contribuie la consolidarea \u00eencrederii \u00een sine \u0219i la valorificarea poten\u021bialului individual.<\/p>\n<figure class=\"wp-block-image size-large\"><a href=\"https:\/\/cdn.newsbucovina.ro\/wp-content\/uploads\/2026\/04\/WhatsApp-Image-2026-04-20-at-17.54.061.jpeg\"><img loading=\"lazy\" decoding=\"async\" width=\"1024\" height=\"683\" src=\"https:\/\/cdn.newsbucovina.ro\/wp-content\/uploads\/2026\/04\/WhatsApp-Image-2026-04-20-at-17.54.061-1024x683.jpeg\" alt class=\"wp-image-436590\"><\/a><\/figure>\n<p>Evenimentul a fost sus\u021binut de parteneri de seam\u0103: EGGER Tehnologia SRL R\u0103d\u0103u\u021bi (sponsor unic), Consiliul Jude\u021bean Suceava \u0219i Asocia\u021bia \u201eAripi de lini\u0219te\u201d \u2013 Asocia\u021bia profesorilor pentru educa\u021bia surzilor.<\/p>\n<p>Organizatorii, printre care prof. Nicolae Ciprian Anton \u2013 inspector \u0219colar general I.S.J. Suceava, prof. Tatiana V\u00eentur \u2013 inspector pentru educa\u021bie permanent\u0103, prof. Ciprian Ionu\u021b Manolache \u2013 inspector pentru \u00eenv\u0103\u021b\u0103m\u00e2ntul special, precum \u0219i directorii liceului \u2013 prof. Gheorghe Dionisie Palievici \u0219i prof. Ciprian Clem \u2013, au eviden\u021biat rolul esen\u021bial al acestui concurs \u00een construirea unei re\u021bele na\u021bionale solide de sprijin pentru elevii cu deficien\u021be de auz.<\/p>\n<figure class=\"wp-block-embed is-type-video is-provider-youtube wp-block-embed-youtube wp-embed-aspect-16-9 wp-has-aspect-ratio\">\n<div class=\"wp-block-embed__wrapper\">\n<div class=\"youtube-embed\" data-video_id=\"9_OWzkg4Pxg\"><iframe loading=\"lazy\" title=\"Cum Transformi o r\u00e2p\u0103 \u00een Raiul b\u0103rba\u021bilor - CE AR FI S\u0102 ... bei bere afumat\u0103 ..cu gust de afine?\" width=\"696\" height=\"392\" src=\"https:\/\/www.youtube.com\/embed\/9_OWzkg4Pxg?feature=oembed&amp;enablejsapi=1\" frameborder allow=\"accelerometer; autoplay; clipboard-write; encrypted-media; gyroscope; picture-in-picture; web-share\" referrerpolicy=\"strict-origin-when-cross-origin\" allowfullscreen><\/iframe><\/div>\n<\/div>\n<\/figure>\n<div class=\"td-a-rec td-a-rec-id-content_bottom  tdi_4 td_block_template_1\"><strong>Intr\u0103 acum \u0219i \u00een grupul de <\/p>\n<div class=\"wp-block-button\"><a class=\"wp-block-button__link wp-element-button\" href=\"https:\/\/t.me\/+TH8wcfnp8fw5NWI0\">Telegram News Bucovina<\/a><\/div>\n<p><\/strong><\/div>\n<\/div>\n<p>[analyse_source url=&#8221;https:\/\/www.newsbucovina.ro\/actualitate\/436588\/succes-pentru-elevii-cu-deficiente-de-auz-de-la-bivolarie-la-concursul-national-comunicam-prin-gest-culoare-si-miscare&#8221;]<\/p>\n","protected":false},"excerpt":{"rendered":"<p>[analyse_image type=&#8221;featured&#8221; src=&#8221;https:\/\/www.newsbucovina.ro\/wp-content\/uploads\/2026\/04\/WhatsApp-Image-2026-04-20-at-17.54.061.jpeghttps:\/\/cdn.newsbucovina.ro\/wp-content\/uploads\/2026\/04\/WhatsApp-Image-2026-04-20-at-17.54.061.jpeg&#8221;] Intr\u0103 acum \u0219i \u00een grupul de Telegram News Bucovina Liceul Tehnologic Special Bivol\u0103rie a g\u0103zduit, \u00een perioada 16-19 aprilie 2026, cea de-a VIII-a edi\u021bie a Concursului na\u021bional interdisciplinar \u201eComunic\u0103m prin gest, culoare \u0219i mi\u0219care\u201d, inclus \u00een Calendarul Proiectelor de Educa\u021bie Extra\u0219colar\u0103 Na\u021bionale 2026. Concursul, ini\u021biat \u0219i organizat de unitatea \u0219colar\u0103 sucevean\u0103, a [&hellip;]<\/p>\n","protected":false},"author":1,"featured_media":0,"comment_status":"open","ping_status":"","sticky":false,"template":"","format":"standard","meta":{"footnotes":""},"categories":[89],"tags":[226,165],"class_list":["post-1892555","post","type-post","status-publish","format-standard","hentry","category-romania","tag-crawlmanager","tag-newsbucovina-ro"],"_links":{"self":[{"href":"https:\/\/analyse.optim.biz\/index.php?rest_route=\/wp\/v2\/posts\/1892555","targetHints":{"allow":["GET"]}}],"collection":[{"href":"https:\/\/analyse.optim.biz\/index.php?rest_route=\/wp\/v2\/posts"}],"about":[{"href":"https:\/\/analyse.optim.biz\/index.php?rest_route=\/wp\/v2\/types\/post"}],"author":[{"embeddable":true,"href":"https:\/\/analyse.optim.biz\/index.php?rest_route=\/wp\/v2\/users\/1"}],"replies":[{"embeddable":true,"href":"https:\/\/analyse.optim.biz\/index.php?rest_route=%2Fwp%2Fv2%2Fcomments&post=1892555"}],"version-history":[{"count":0,"href":"https:\/\/analyse.optim.biz\/index.php?rest_route=\/wp\/v2\/posts\/1892555\/revisions"}],"wp:attachment":[{"href":"https:\/\/analyse.optim.biz\/index.php?rest_route=%2Fwp%2Fv2%2Fmedia&parent=1892555"}],"wp:term":[{"taxonomy":"category","embeddable":true,"href":"https:\/\/analyse.optim.biz\/index.php?rest_route=%2Fwp%2Fv2%2Fcategories&post=1892555"},{"taxonomy":"post_tag","embeddable":true,"href":"https:\/\/analyse.optim.biz\/index.php?rest_route=%2Fwp%2Fv2%2Ftags&post=1892555"}],"curies":[{"name":"wp","href":"https:\/\/api.w.org\/{rel}","templated":true}]}}