{"id":1892551,"date":"2026-04-20T15:51:38","date_gmt":"2026-04-20T12:51:38","guid":{"rendered":"https:\/\/analyse.optim.biz\/?p=1892551"},"modified":"2026-04-20T15:51:38","modified_gmt":"2026-04-20T12:51:38","slug":"minor-de-16-ani-ranit-dupa-ce-autoutilitara-in-care-se-afla-a-cazut-intr-un-parau-stiri-suceava","status":"publish","type":"post","link":"https:\/\/analyse.optim.biz\/?p=1892551","title":{"rendered":"Minor de 16 ani, r\u0103nit dup\u0103 ce autoutilitara \u00een care se afla a c\u0103zut \u00eentr-un p\u00e2r\u00e2u &#8211; Stiri Suceava"},"content":{"rendered":"<p>[analyse_image type=&#8221;featured&#8221; src=&#8221;https:\/\/www.informatiata.ro\/wp-content\/uploads\/2019\/04\/mort-mal-rau.jpg&#8221;]<\/p>\n<div class=\"td-post-content tagdiv-type\">\n<div class=\"td-post-featured-image\">\n<figure><a href=\"https:\/\/www.informatiata.ro\/wp-content\/uploads\/2019\/04\/mort-mal-rau.jpg\" data-caption=\"sursa \"><img loading=\"lazy\" decoding=\"async\" width=\"680\" height=\"365\" class=\"entry-thumb td-modal-image\" src=\"https:\/\/www.informatiata.ro\/wp-content\/uploads\/2019\/04\/mort-mal-rau.jpg\" alt title=\"\u00eenecat\"><img loading=\"lazy\" decoding=\"async\" width=\"680\" height=\"365\" class=\"entry-thumb td-modal-image\" src=\"https:\/\/www.informatiata.ro\/wp-content\/uploads\/2019\/04\/mort-mal-rau.jpg\" alt title=\"\u00eenecat\"><\/a><figcaption class=\"wp-caption-text\">sursa <\/figcaption><\/figure>\n<\/div>\n<p>Un minor de 16 ani a fost r\u0103nit dup\u0103 ce autoutilitara \u00een care se afla a c\u0103zut \u00eentr-un p\u00e2r\u00e2u. <\/p>\n<p>Duminic\u0103, \u00een jurul orelor 11.00, un b\u0103rbat de 57 de ani, din localitatea Sucevi\u021ba, conducea autoutilitara pe DC 44, \u00een interiorul localit\u0103\u021bii Voievodeasa. <\/p>\n<div class=\"td-a-rec td-a-rec-id-content_inlineright  tdi_6 td_block_template_1\"><img loading=\"lazy\" decoding=\"async\" class=\"aligncenter size-full wp-image-64758\" src=\"https:\/\/www.informatiata.ro\/wp-content\/uploads\/2026\/04\/SAVCOM-14.gif\" alt width=\"299\" height=\"250\"><img loading=\"lazy\" decoding=\"async\" class=\"aligncenter size-full wp-image-64758\" src=\"https:\/\/www.informatiata.ro\/wp-content\/uploads\/2026\/04\/SAVCOM-14.gif\" alt width=\"299\" height=\"250\"><img loading=\"lazy\" decoding=\"async\" class=\"aligncenter size-full wp-image-64759\" src=\"https:\/\/www.informatiata.ro\/wp-content\/uploads\/2026\/04\/FACOS-12.gif\" alt width=\"300\" height=\"250\"><img loading=\"lazy\" decoding=\"async\" class=\"aligncenter size-full wp-image-64759\" src=\"https:\/\/www.informatiata.ro\/wp-content\/uploads\/2026\/04\/FACOS-12.gif\" alt width=\"300\" height=\"250\"><\/div>\n<p> Pe locul din dreapta fa\u021b\u0103 al autoutilitarei se afla un adolescent de 16 ani, din localitatea Sucevi\u021ba.<\/p>\n<p>La un moment dat, \u00een timp ce \u0219oferul \u00eencerca s\u0103 \u00eentoarc\u0103 autoutilitara \u00een afara p\u0103r\u021bii carosabile pe un teren cu denivel\u0103ri, acests a pierdut controlul autoutilitarei. <\/p>\n<p>Vehiculul s-a r\u0103sturnat \u00een albia p\u00e2r\u00e2ului Sucevi\u021ba.<\/p>\n<p>\u00cen urma impactului, a rezultat v\u0103t\u0103marea corporal\u0103 a minorului, care a fost transportat cu ambulan\u021ba la Spitalul Municipal R\u0103d\u0103u\u021bi, fiind ulterior transferat la Spitalul Clinic Jude\u021bean de Urgen\u021b\u0103 Suceava.<\/p>\n<p>Conduc\u0103torul auto a fost testat cu aparatul etilometru, rezultatul fiind 0,00 mg\/l alcool pur \u00een aerul expirat, dup\u0103 care i s-au recoltat mostre biologice de s\u00e2nge \u00een vederea stabilirii alcoolemiei.<\/p>\n<p>Poli\u021bi\u0219tii au \u00eentocmit \u00een cauz\u0103 dosar de cercetare penal\u0103 pentru s\u0103v\u00e2r\u015firea infrac\u0163iunii de \u201ev\u0103t\u0103mare corporal\u0103 din culp\u0103\u201d.<\/p>\n<div class=\"td-a-rec td-a-rec-id-content_bottom  tdi_7 td_block_template_1\"><img loading=\"lazy\" decoding=\"async\" class=\"aligncenter size-full wp-image-64758\" src=\"https:\/\/www.informatiata.ro\/wp-content\/uploads\/2026\/04\/SAVCOM-14.gif\" alt width=\"299\" height=\"250\"><img loading=\"lazy\" decoding=\"async\" class=\"aligncenter size-full wp-image-64758\" src=\"https:\/\/www.informatiata.ro\/wp-content\/uploads\/2026\/04\/SAVCOM-14.gif\" alt width=\"299\" height=\"250\"><img loading=\"lazy\" decoding=\"async\" class=\"aligncenter size-full wp-image-64759\" src=\"https:\/\/www.informatiata.ro\/wp-content\/uploads\/2026\/04\/FACOS-12.gif\" alt width=\"300\" height=\"250\"><img loading=\"lazy\" decoding=\"async\" class=\"aligncenter size-full wp-image-64759\" src=\"https:\/\/www.informatiata.ro\/wp-content\/uploads\/2026\/04\/FACOS-12.gif\" alt width=\"300\" height=\"250\"><\/div>\n<\/div>\n<p>[analyse_source url=&#8221;https:\/\/www.informatiata.ro\/accident-autoutilitara-cazuta-in-parau\/&#8221;]<\/p>\n","protected":false},"excerpt":{"rendered":"<p>[analyse_image type=&#8221;featured&#8221; src=&#8221;https:\/\/www.informatiata.ro\/wp-content\/uploads\/2019\/04\/mort-mal-rau.jpg&#8221;] sursa Un minor de 16 ani a fost r\u0103nit dup\u0103 ce autoutilitara \u00een care se afla a c\u0103zut \u00eentr-un p\u00e2r\u00e2u. Duminic\u0103, \u00een jurul orelor 11.00, un b\u0103rbat de 57 de ani, din localitatea Sucevi\u021ba, conducea autoutilitara pe DC 44, \u00een interiorul localit\u0103\u021bii Voievodeasa. Pe locul din dreapta fa\u021b\u0103 al autoutilitarei se afla [&hellip;]<\/p>\n","protected":false},"author":1,"featured_media":0,"comment_status":"open","ping_status":"","sticky":false,"template":"","format":"standard","meta":{"footnotes":""},"categories":[89],"tags":[226,167],"class_list":["post-1892551","post","type-post","status-publish","format-standard","hentry","category-romania","tag-crawlmanager","tag-informatiata-ro"],"_links":{"self":[{"href":"https:\/\/analyse.optim.biz\/index.php?rest_route=\/wp\/v2\/posts\/1892551","targetHints":{"allow":["GET"]}}],"collection":[{"href":"https:\/\/analyse.optim.biz\/index.php?rest_route=\/wp\/v2\/posts"}],"about":[{"href":"https:\/\/analyse.optim.biz\/index.php?rest_route=\/wp\/v2\/types\/post"}],"author":[{"embeddable":true,"href":"https:\/\/analyse.optim.biz\/index.php?rest_route=\/wp\/v2\/users\/1"}],"replies":[{"embeddable":true,"href":"https:\/\/analyse.optim.biz\/index.php?rest_route=%2Fwp%2Fv2%2Fcomments&post=1892551"}],"version-history":[{"count":0,"href":"https:\/\/analyse.optim.biz\/index.php?rest_route=\/wp\/v2\/posts\/1892551\/revisions"}],"wp:attachment":[{"href":"https:\/\/analyse.optim.biz\/index.php?rest_route=%2Fwp%2Fv2%2Fmedia&parent=1892551"}],"wp:term":[{"taxonomy":"category","embeddable":true,"href":"https:\/\/analyse.optim.biz\/index.php?rest_route=%2Fwp%2Fv2%2Fcategories&post=1892551"},{"taxonomy":"post_tag","embeddable":true,"href":"https:\/\/analyse.optim.biz\/index.php?rest_route=%2Fwp%2Fv2%2Ftags&post=1892551"}],"curies":[{"name":"wp","href":"https:\/\/api.w.org\/{rel}","templated":true}]}}