{"id":1892514,"date":"2026-04-20T11:15:52","date_gmt":"2026-04-20T08:15:52","guid":{"rendered":"https:\/\/analyse.optim.biz\/?p=1892514"},"modified":"2026-04-20T11:15:52","modified_gmt":"2026-04-20T08:15:52","slug":"romania-va-trece-printr-un-episod-de-vreme-rece","status":"publish","type":"post","link":"https:\/\/analyse.optim.biz\/?p=1892514","title":{"rendered":"ROM\u00c2NIA VA TRECE PRINTR-UN EPISOD DE VREME RECE"},"content":{"rendered":"<p>[analyse_image type=&#8221;featured&#8221; src=&#8221;https:\/\/newss.ro\/wp-content\/uploads\/2017\/03\/Ploaie-v\u00e2nt.jpg&#8221;]<\/p>\n<div class=\"td-post-content\">\n<div class=\"td-post-featured-image\"><a href=\"https:\/\/newss.ro\/wp-content\/uploads\/2017\/03\/Ploaie-v%C3%A2nt.jpg\" data-caption><img loading=\"lazy\" decoding=\"async\" width=\"696\" height=\"453\" class=\"entry-thumb td-modal-image\" src=\"https:\/\/newss.ro\/wp-content\/uploads\/2017\/03\/Ploaie-v%C3%A2nt-696x453.jpg\" alt title=\"Ploaie-v\u00e2nt\"><\/a><\/div>\n<p>Vremea se va r\u0103ci accentuat \u00een urm\u0103toarele trei zile, fiind a\u0219teptate ploi moderate \u00een cea mai mare parte a \u021b\u0103rii, precipita\u021bii mixte la munte \u0219i intensific\u0103ri ale v\u00e2ntului, cu rafale de p\u00e2n\u0103 la 80 km\/h \u00een zonele \u00eenalte, potrivit unei inform\u0103ri emise de Administra\u021bia Na\u021bional\u0103 de Meteorologie (ANM) pentru perioada 20-23 aprilie 2026.<\/p>\n<p>De asemenea, cantit\u0103\u021bile de ap\u0103 pot dep\u0103\u0219i local 25-35 litri\/mp, iar izolat va c\u0103dea grindin\u0103.<\/p>\n<p>Astfel, \u00een intervalul men\u021bionat vor fi perioade \u00een care va ploua, pe parcursul zilei de luni \u0219i \u00een noaptea de luni spre mar\u021bi \u00eendeosebi \u00een Maramure\u0219, nordul Cri\u0219anei, Transilvania \u0219i Moldova, mar\u021bi \u0219i miercuri pe arii relativ extinse \u00een regiunile sudice \u0219i centrale \u0219i local \u00een rest. Vor fi mai ales averse, pe arii restr\u00e2nse \u00eenso\u021bite de desc\u0103rc\u0103ri electrice, iar \u00een intervale scurte de timp sau prin acumulare vor fi cantit\u0103\u021bi de ap\u0103 de 15 \u2013 20 litri\/mp \u0219i pe arii restr\u00e2nse de peste 25 \u2013 35 litri\/mp. Izolat va c\u0103dea grindin\u0103.<\/p>\n<p>La munte, dar trec\u0103tor \u0219i \u00een dealurile subcarpatice ale Moldovei \u0219i \u00een estul \u0219i sud-estul Transilvaniei vor fi precipita\u021bii mixte (averse de ploaie, lapovi\u021b\u0103, m\u0103z\u0103riche \u0219i ninsoare), iar la altitudini \u00een general de peste 1.400 metri, treptat vor predomina ninsorile \u0219i se va depune strat de z\u0103pad\u0103.<\/p>\n<p>Temporar v\u00e2ntul va avea intensific\u0103ri \u00een cea mai mare parte a \u021b\u0103rii, cu viteze \u00een general de 40 \u2013 55 km\/h, iar \u00een zona montan\u0103 \u00eenalt\u0103 rafalele vor fi de peste 60 \u2013 80 km\/h.<\/p>\n<p>Mar\u021bi \u0219i miercuri vremea va deveni rece pentru aceast\u0103 dat\u0103, astfel \u00een timpul nop\u021bilor, pe alocuri se va produce brum\u0103, \u00eendeosebi \u00een jum\u0103tatea de nord a teritoriului \u0219i \u00een depresiuni.<\/p>\n<\/div>\n<div class=\"td-post-content\">\n<div class=\"td-post-featured-image\"><a href=\"https:\/\/newss.ro\/wp-content\/uploads\/2017\/03\/Ploaie-v%C3%A2nt.jpg\" data-caption><img loading=\"lazy\" decoding=\"async\" width=\"696\" height=\"453\" class=\"entry-thumb td-modal-image\" src=\"https:\/\/newss.ro\/wp-content\/uploads\/2017\/03\/Ploaie-v%C3%A2nt-696x453.jpg\" alt title=\"Ploaie-v\u00e2nt\"><\/a><\/div>\n<p>Vremea se va r\u0103ci accentuat \u00een urm\u0103toarele trei zile, fiind a\u0219teptate ploi moderate \u00een cea mai mare parte a \u021b\u0103rii, precipita\u021bii mixte la munte \u0219i intensific\u0103ri ale v\u00e2ntului, cu rafale de p\u00e2n\u0103 la 80 km\/h \u00een zonele \u00eenalte, potrivit unei inform\u0103ri emise de Administra\u021bia Na\u021bional\u0103 de Meteorologie (ANM) pentru perioada 20-23 aprilie 2026.<\/p>\n<p>De asemenea, cantit\u0103\u021bile de ap\u0103 pot dep\u0103\u0219i local 25-35 litri\/mp, iar izolat va c\u0103dea grindin\u0103.<\/p>\n<p>Astfel, \u00een intervalul men\u021bionat vor fi perioade \u00een care va ploua, pe parcursul zilei de luni \u0219i \u00een noaptea de luni spre mar\u021bi \u00eendeosebi \u00een Maramure\u0219, nordul Cri\u0219anei, Transilvania \u0219i Moldova, mar\u021bi \u0219i miercuri pe arii relativ extinse \u00een regiunile sudice \u0219i centrale \u0219i local \u00een rest. Vor fi mai ales averse, pe arii restr\u00e2nse \u00eenso\u021bite de desc\u0103rc\u0103ri electrice, iar \u00een intervale scurte de timp sau prin acumulare vor fi cantit\u0103\u021bi de ap\u0103 de 15 \u2013 20 litri\/mp \u0219i pe arii restr\u00e2nse de peste 25 \u2013 35 litri\/mp. Izolat va c\u0103dea grindin\u0103.<\/p>\n<p>La munte, dar trec\u0103tor \u0219i \u00een dealurile subcarpatice ale Moldovei \u0219i \u00een estul \u0219i sud-estul Transilvaniei vor fi precipita\u021bii mixte (averse de ploaie, lapovi\u021b\u0103, m\u0103z\u0103riche \u0219i ninsoare), iar la altitudini \u00een general de peste 1.400 metri, treptat vor predomina ninsorile \u0219i se va depune strat de z\u0103pad\u0103.<\/p>\n<p>Temporar v\u00e2ntul va avea intensific\u0103ri \u00een cea mai mare parte a \u021b\u0103rii, cu viteze \u00een general de 40 \u2013 55 km\/h, iar \u00een zona montan\u0103 \u00eenalt\u0103 rafalele vor fi de peste 60 \u2013 80 km\/h.<\/p>\n<p>Mar\u021bi \u0219i miercuri vremea va deveni rece pentru aceast\u0103 dat\u0103, astfel \u00een timpul nop\u021bilor, pe alocuri se va produce brum\u0103, \u00eendeosebi \u00een jum\u0103tatea de nord a teritoriului \u0219i \u00een depresiuni.<\/p>\n<\/div>\n<p>[analyse_source url=&#8221;https:\/\/newss.ro\/2026\/04\/20\/romania-va-trece-printr-un-episod-de-vreme-rece\/&#8221;]<\/p>\n","protected":false},"excerpt":{"rendered":"<p>[analyse_image type=&#8221;featured&#8221; src=&#8221;https:\/\/newss.ro\/wp-content\/uploads\/2017\/03\/Ploaie-v\u00e2nt.jpg&#8221;] Vremea se va r\u0103ci accentuat \u00een urm\u0103toarele trei zile, fiind a\u0219teptate ploi moderate \u00een cea mai mare parte a \u021b\u0103rii, precipita\u021bii mixte la munte \u0219i intensific\u0103ri ale v\u00e2ntului, cu rafale de p\u00e2n\u0103 la 80 km\/h \u00een zonele \u00eenalte, potrivit unei inform\u0103ri emise de Administra\u021bia Na\u021bional\u0103 de Meteorologie (ANM) pentru perioada 20-23 aprilie [&hellip;]<\/p>\n","protected":false},"author":1,"featured_media":0,"comment_status":"open","ping_status":"","sticky":false,"template":"","format":"standard","meta":{"footnotes":""},"categories":[2],"tags":[226,73],"class_list":["post-1892514","post","type-post","status-publish","format-standard","hentry","category-politics","tag-crawlmanager","tag-newss-ro"],"_links":{"self":[{"href":"https:\/\/analyse.optim.biz\/index.php?rest_route=\/wp\/v2\/posts\/1892514","targetHints":{"allow":["GET"]}}],"collection":[{"href":"https:\/\/analyse.optim.biz\/index.php?rest_route=\/wp\/v2\/posts"}],"about":[{"href":"https:\/\/analyse.optim.biz\/index.php?rest_route=\/wp\/v2\/types\/post"}],"author":[{"embeddable":true,"href":"https:\/\/analyse.optim.biz\/index.php?rest_route=\/wp\/v2\/users\/1"}],"replies":[{"embeddable":true,"href":"https:\/\/analyse.optim.biz\/index.php?rest_route=%2Fwp%2Fv2%2Fcomments&post=1892514"}],"version-history":[{"count":0,"href":"https:\/\/analyse.optim.biz\/index.php?rest_route=\/wp\/v2\/posts\/1892514\/revisions"}],"wp:attachment":[{"href":"https:\/\/analyse.optim.biz\/index.php?rest_route=%2Fwp%2Fv2%2Fmedia&parent=1892514"}],"wp:term":[{"taxonomy":"category","embeddable":true,"href":"https:\/\/analyse.optim.biz\/index.php?rest_route=%2Fwp%2Fv2%2Fcategories&post=1892514"},{"taxonomy":"post_tag","embeddable":true,"href":"https:\/\/analyse.optim.biz\/index.php?rest_route=%2Fwp%2Fv2%2Ftags&post=1892514"}],"curies":[{"name":"wp","href":"https:\/\/api.w.org\/{rel}","templated":true}]}}