{"id":1892511,"date":"2026-04-20T10:10:58","date_gmt":"2026-04-20T07:10:58","guid":{"rendered":"https:\/\/analyse.optim.biz\/?p=1892511"},"modified":"2026-04-20T10:10:58","modified_gmt":"2026-04-20T07:10:58","slug":"weekend-dedicat-autenticitatii-si-traditiei","status":"publish","type":"post","link":"https:\/\/analyse.optim.biz\/?p=1892511","title":{"rendered":"WEEKEND DEDICAT AUTENTICIT\u0102\u021aII \u0218I TRADI\u021aIEI"},"content":{"rendered":"<p>[analyse_image type=&#8221;featured&#8221; src=&#8221;https:\/\/newss.ro\/wp-content\/uploads\/2026\/04\/festival-folclor-rm-sarat.jpg&#8221;]<\/p>\n<div class=\"td-post-content\">\n<div class=\"td-post-featured-image\"><a href=\"https:\/\/newss.ro\/wp-content\/uploads\/2026\/04\/festival-folclor-rm-sarat.jpg\" data-caption><img loading=\"lazy\" decoding=\"async\" width=\"696\" height=\"522\" class=\"entry-thumb td-modal-image\" src=\"https:\/\/newss.ro\/wp-content\/uploads\/2026\/04\/festival-folclor-rm-sarat-696x522.jpg\" alt title=\"festival folclor rm sarat\"><\/a><\/div>\n<p>Weekend plin de bucurie \u0219i emo\u021bie la R\u00e2mnicu S\u0103rat. Zeci de persoane au participat la cea de-a III-a edi\u021bie a Festivalului-Concurs Na\u021bional \u201eIzvorul Talentelor\u201d, un eveniment dedicat autenticit\u0103\u021bii, tradi\u021biei \u0219i valorilor rom\u00e2ne\u0219ti.<\/p>\n<p>Sub coordonarea unui juriu de prestigiu, av\u00e2ndu-l ca pre\u0219edinte pe coregraful Marin Barbu, participan\u021bii au adus \u00een fa\u021ba publicului frumuse\u021bea muzicii populare, a jocului tradi\u021bional \u0219i a pricesnelor.<\/p>\n<p>R\u00e2mnicenii au fost \u00eenc\u00e2nta\u021bi \u0219i de \u201eParada Ansamblurilor\u201d, un moment de culoare, energie \u0219i identitate. Traseul urmat de participan\u021bi a fost cel cunoscut publicului, blocurile turn \u2013 centrul municipiului \u2013 Pia\u021beta Prim\u0103riei \u2013 Centrul Cultural \u201eFlorica Cristoforeanu\u201d.<\/p>\n<p>Scena Centrului Cultural a devenit locul \u00een care glasul, pa\u0219ii de joc \u0219i sufletul s-au \u00eent\u00e2lnit \u00eentr-un spectacol al talentului autentic.<\/p>\n<p>C\u00e2\u0219tig\u0103torul festivalului de anul acesta a fost desemnat ansamblul folcloric \u201eVoiniceii\u201d din Ro\u0219iorii de Vede, judetul Teleorman.<\/p>\n<\/div>\n<div class=\"td-post-content\">\n<div class=\"td-post-featured-image\"><a href=\"https:\/\/newss.ro\/wp-content\/uploads\/2026\/04\/festival-folclor-rm-sarat.jpg\" data-caption><img loading=\"lazy\" decoding=\"async\" width=\"696\" height=\"522\" class=\"entry-thumb td-modal-image\" src=\"https:\/\/newss.ro\/wp-content\/uploads\/2026\/04\/festival-folclor-rm-sarat-696x522.jpg\" alt title=\"festival folclor rm sarat\"><\/a><\/div>\n<p>Weekend plin de bucurie \u0219i emo\u021bie la R\u00e2mnicu S\u0103rat. Zeci de persoane au participat la cea de-a III-a edi\u021bie a Festivalului-Concurs Na\u021bional \u201eIzvorul Talentelor\u201d, un eveniment dedicat autenticit\u0103\u021bii, tradi\u021biei \u0219i valorilor rom\u00e2ne\u0219ti.<\/p>\n<p>Sub coordonarea unui juriu de prestigiu, av\u00e2ndu-l ca pre\u0219edinte pe coregraful Marin Barbu, participan\u021bii au adus \u00een fa\u021ba publicului frumuse\u021bea muzicii populare, a jocului tradi\u021bional \u0219i a pricesnelor.<\/p>\n<p>R\u00e2mnicenii au fost \u00eenc\u00e2nta\u021bi \u0219i de \u201eParada Ansamblurilor\u201d, un moment de culoare, energie \u0219i identitate. Traseul urmat de participan\u021bi a fost cel cunoscut publicului, blocurile turn \u2013 centrul municipiului \u2013 Pia\u021beta Prim\u0103riei \u2013 Centrul Cultural \u201eFlorica Cristoforeanu\u201d.<\/p>\n<p>Scena Centrului Cultural a devenit locul \u00een care glasul, pa\u0219ii de joc \u0219i sufletul s-au \u00eent\u00e2lnit \u00eentr-un spectacol al talentului autentic.<\/p>\n<p>C\u00e2\u0219tig\u0103torul festivalului de anul acesta a fost desemnat ansamblul folcloric \u201eVoiniceii\u201d din Ro\u0219iorii de Vede, judetul Teleorman.<\/p>\n<\/div>\n<p>[analyse_source url=&#8221;https:\/\/newss.ro\/2026\/04\/20\/weekend-dedicat-autenticitatii-si-traditiei\/&#8221;]<\/p>\n","protected":false},"excerpt":{"rendered":"<p>[analyse_image type=&#8221;featured&#8221; src=&#8221;https:\/\/newss.ro\/wp-content\/uploads\/2026\/04\/festival-folclor-rm-sarat.jpg&#8221;] Weekend plin de bucurie \u0219i emo\u021bie la R\u00e2mnicu S\u0103rat. Zeci de persoane au participat la cea de-a III-a edi\u021bie a Festivalului-Concurs Na\u021bional \u201eIzvorul Talentelor\u201d, un eveniment dedicat autenticit\u0103\u021bii, tradi\u021biei \u0219i valorilor rom\u00e2ne\u0219ti. Sub coordonarea unui juriu de prestigiu, av\u00e2ndu-l ca pre\u0219edinte pe coregraful Marin Barbu, participan\u021bii au adus \u00een fa\u021ba publicului frumuse\u021bea [&hellip;]<\/p>\n","protected":false},"author":1,"featured_media":0,"comment_status":"open","ping_status":"","sticky":false,"template":"","format":"standard","meta":{"footnotes":""},"categories":[2],"tags":[226,73],"class_list":["post-1892511","post","type-post","status-publish","format-standard","hentry","category-politics","tag-crawlmanager","tag-newss-ro"],"_links":{"self":[{"href":"https:\/\/analyse.optim.biz\/index.php?rest_route=\/wp\/v2\/posts\/1892511","targetHints":{"allow":["GET"]}}],"collection":[{"href":"https:\/\/analyse.optim.biz\/index.php?rest_route=\/wp\/v2\/posts"}],"about":[{"href":"https:\/\/analyse.optim.biz\/index.php?rest_route=\/wp\/v2\/types\/post"}],"author":[{"embeddable":true,"href":"https:\/\/analyse.optim.biz\/index.php?rest_route=\/wp\/v2\/users\/1"}],"replies":[{"embeddable":true,"href":"https:\/\/analyse.optim.biz\/index.php?rest_route=%2Fwp%2Fv2%2Fcomments&post=1892511"}],"version-history":[{"count":0,"href":"https:\/\/analyse.optim.biz\/index.php?rest_route=\/wp\/v2\/posts\/1892511\/revisions"}],"wp:attachment":[{"href":"https:\/\/analyse.optim.biz\/index.php?rest_route=%2Fwp%2Fv2%2Fmedia&parent=1892511"}],"wp:term":[{"taxonomy":"category","embeddable":true,"href":"https:\/\/analyse.optim.biz\/index.php?rest_route=%2Fwp%2Fv2%2Fcategories&post=1892511"},{"taxonomy":"post_tag","embeddable":true,"href":"https:\/\/analyse.optim.biz\/index.php?rest_route=%2Fwp%2Fv2%2Ftags&post=1892511"}],"curies":[{"name":"wp","href":"https:\/\/api.w.org\/{rel}","templated":true}]}}