{"id":1892508,"date":"2026-04-17T13:10:21","date_gmt":"2026-04-17T10:10:21","guid":{"rendered":"https:\/\/analyse.optim.biz\/?p=1892508"},"modified":"2026-04-17T13:10:21","modified_gmt":"2026-04-17T10:10:21","slug":"hidrocentrala-surduc-siriu-a-primit-acordul-de-mediu","status":"publish","type":"post","link":"https:\/\/analyse.optim.biz\/?p=1892508","title":{"rendered":"HIDROCENTRALA SURDUC-SIRIU A PRIMIT ACORDUL DE MEDIU"},"content":{"rendered":"<p>[analyse_image type=&#8221;featured&#8221; src=&#8221;https:\/\/newss.ro\/wp-content\/uploads\/2026\/03\/baraj-surduc-02-1068&#215;600-1.jpg&#8221;]<\/p>\n<div class=\"td-post-content\">\n<div class=\"td-post-featured-image\"><a href=\"https:\/\/newss.ro\/wp-content\/uploads\/2026\/03\/baraj-surduc-02-1068x600-1.jpg\" data-caption><img loading=\"lazy\" decoding=\"async\" width=\"696\" height=\"391\" class=\"entry-thumb td-modal-image\" src=\"https:\/\/newss.ro\/wp-content\/uploads\/2026\/03\/baraj-surduc-02-1068x600-1-696x391.jpg\" alt title=\"baraj-surduc-02-1068x600\"><\/a><\/div>\n<p>Ministerul Mediului a emis acordul de mediu pentru hidrocentrala Surduc\u2013Siriu, un proiect intens contestat de localnicii din zona de nord a jude\u021bului Buz\u0103u. Ministrul Mediului, Diana Buzoianu, a anun\u021bat c\u0103 proiectul vine cu reguli noi, astfel \u00eenc\u00e2t s\u0103 fie evitate efectele negative asupra mediului \u0219i oamenilor. Ministrul Mediului spune c\u0103 acordul de mediu include condi\u021bii ferme \u0219i obliga\u021bii clare pentru Hidroelectrica, cum ar fi protejarea speciilor din cursurile de ap\u0103 din zon\u0103. De asemenea, a fost inclus\u0103 obliga\u021bia monitoriz\u0103rii debitului apelor, datele urm\u00e2nd a fi transmise \u00een timp real \u0219i publicate pe site-ul Hidroelectrica.<\/p>\n<p>Potrivit Dianei Buzoianu, decizia nu a fost u\u0219oar\u0103, \u00een condi\u021biile \u00een care \u00een perioada de consultare public\u0103 au fost peste 440 de sesiz\u0103ri din partea oamenilor \u0219i a ONG-urilor.<\/p>\n<p>Demarat \u00een anul 1981, proiectul amenaj\u0103rii hidroenergetice Surduc-Siriu se desf\u0103\u0219oar\u0103 \u00een jude\u021bele Buz\u0103u, Covasna \u015fi Vrancea, pe r\u00e2urile Buz\u0103u, B\u00e2sca Mare, B\u00e2sca Mic\u0103 \u015fi Z\u0103bala.<\/p>\n<\/div>\n<div class=\"td-post-content\">\n<div class=\"td-post-featured-image\"><a href=\"https:\/\/newss.ro\/wp-content\/uploads\/2026\/03\/baraj-surduc-02-1068x600-1.jpg\" data-caption><img loading=\"lazy\" decoding=\"async\" width=\"696\" height=\"391\" class=\"entry-thumb td-modal-image\" src=\"https:\/\/newss.ro\/wp-content\/uploads\/2026\/03\/baraj-surduc-02-1068x600-1-696x391.jpg\" alt title=\"baraj-surduc-02-1068x600\"><\/a><\/div>\n<p>Ministerul Mediului a emis acordul de mediu pentru hidrocentrala Surduc\u2013Siriu, un proiect intens contestat de localnicii din zona de nord a jude\u021bului Buz\u0103u. Ministrul Mediului, Diana Buzoianu, a anun\u021bat c\u0103 proiectul vine cu reguli noi, astfel \u00eenc\u00e2t s\u0103 fie evitate efectele negative asupra mediului \u0219i oamenilor. Ministrul Mediului spune c\u0103 acordul de mediu include condi\u021bii ferme \u0219i obliga\u021bii clare pentru Hidroelectrica, cum ar fi protejarea speciilor din cursurile de ap\u0103 din zon\u0103. De asemenea, a fost inclus\u0103 obliga\u021bia monitoriz\u0103rii debitului apelor, datele urm\u00e2nd a fi transmise \u00een timp real \u0219i publicate pe site-ul Hidroelectrica.<\/p>\n<p>Potrivit Dianei Buzoianu, decizia nu a fost u\u0219oar\u0103, \u00een condi\u021biile \u00een care \u00een perioada de consultare public\u0103 au fost peste 440 de sesiz\u0103ri din partea oamenilor \u0219i a ONG-urilor.<\/p>\n<p>Demarat \u00een anul 1981, proiectul amenaj\u0103rii hidroenergetice Surduc-Siriu se desf\u0103\u0219oar\u0103 \u00een jude\u021bele Buz\u0103u, Covasna \u015fi Vrancea, pe r\u00e2urile Buz\u0103u, B\u00e2sca Mare, B\u00e2sca Mic\u0103 \u015fi Z\u0103bala.<\/p>\n<\/div>\n<p>[analyse_source url=&#8221;https:\/\/newss.ro\/2026\/04\/17\/hidrocentrala-surduc-siriu-a-primit-acordul-de-mediu\/&#8221;]<\/p>\n","protected":false},"excerpt":{"rendered":"<p>[analyse_image type=&#8221;featured&#8221; src=&#8221;https:\/\/newss.ro\/wp-content\/uploads\/2026\/03\/baraj-surduc-02-1068&#215;600-1.jpg&#8221;] Ministerul Mediului a emis acordul de mediu pentru hidrocentrala Surduc\u2013Siriu, un proiect intens contestat de localnicii din zona de nord a jude\u021bului Buz\u0103u. Ministrul Mediului, Diana Buzoianu, a anun\u021bat c\u0103 proiectul vine cu reguli noi, astfel \u00eenc\u00e2t s\u0103 fie evitate efectele negative asupra mediului \u0219i oamenilor. Ministrul Mediului spune c\u0103 acordul de [&hellip;]<\/p>\n","protected":false},"author":1,"featured_media":0,"comment_status":"open","ping_status":"","sticky":false,"template":"","format":"standard","meta":{"footnotes":""},"categories":[2],"tags":[226,73],"class_list":["post-1892508","post","type-post","status-publish","format-standard","hentry","category-politics","tag-crawlmanager","tag-newss-ro"],"_links":{"self":[{"href":"https:\/\/analyse.optim.biz\/index.php?rest_route=\/wp\/v2\/posts\/1892508","targetHints":{"allow":["GET"]}}],"collection":[{"href":"https:\/\/analyse.optim.biz\/index.php?rest_route=\/wp\/v2\/posts"}],"about":[{"href":"https:\/\/analyse.optim.biz\/index.php?rest_route=\/wp\/v2\/types\/post"}],"author":[{"embeddable":true,"href":"https:\/\/analyse.optim.biz\/index.php?rest_route=\/wp\/v2\/users\/1"}],"replies":[{"embeddable":true,"href":"https:\/\/analyse.optim.biz\/index.php?rest_route=%2Fwp%2Fv2%2Fcomments&post=1892508"}],"version-history":[{"count":0,"href":"https:\/\/analyse.optim.biz\/index.php?rest_route=\/wp\/v2\/posts\/1892508\/revisions"}],"wp:attachment":[{"href":"https:\/\/analyse.optim.biz\/index.php?rest_route=%2Fwp%2Fv2%2Fmedia&parent=1892508"}],"wp:term":[{"taxonomy":"category","embeddable":true,"href":"https:\/\/analyse.optim.biz\/index.php?rest_route=%2Fwp%2Fv2%2Fcategories&post=1892508"},{"taxonomy":"post_tag","embeddable":true,"href":"https:\/\/analyse.optim.biz\/index.php?rest_route=%2Fwp%2Fv2%2Ftags&post=1892508"}],"curies":[{"name":"wp","href":"https:\/\/api.w.org\/{rel}","templated":true}]}}