{"id":1892507,"date":"2026-04-17T11:26:47","date_gmt":"2026-04-17T08:26:47","guid":{"rendered":"https:\/\/analyse.optim.biz\/?p=1892507"},"modified":"2026-04-17T11:26:47","modified_gmt":"2026-04-17T08:26:47","slug":"cod-galben-de-vreme-instabila-valabil-azi-si-maine","status":"publish","type":"post","link":"https:\/\/analyse.optim.biz\/?p=1892507","title":{"rendered":"COD GALBEN DE VREME INSTABIL\u0102, VALABIL AZI \u0218I M\u00c2INE"},"content":{"rendered":"<p>[analyse_image type=&#8221;featured&#8221; src=&#8221;https:\/\/newss.ro\/wp-content\/uploads\/2026\/04\/HARTA-COD-GALBEN-17-APR.jpg&#8221;]<\/p>\n<div class=\"td-post-content\">\n<div class=\"td-post-featured-image\"><a href=\"https:\/\/newss.ro\/wp-content\/uploads\/2026\/04\/HARTA-COD-GALBEN-17-APR.jpg\" data-caption><img loading=\"lazy\" decoding=\"async\" width=\"696\" height=\"451\" class=\"entry-thumb td-modal-image\" src=\"https:\/\/newss.ro\/wp-content\/uploads\/2026\/04\/HARTA-COD-GALBEN-17-APR-696x451.jpg\" alt title=\"HARTA COD GALBEN 17 APR\"><\/a><\/div>\n<p>Administra\u021bia Na\u021bional\u0103 de Meteorologie a emis aten\u021bion\u0103ri Cod galben de instabilitate atmosferic\u0103 \u0219i intensific\u0103ri ale v\u00e2ntului, valabile vineri \u0219i s\u00e2mb\u0103t\u0103 \u00een jude\u021be din Muntenia, Moldova, Transilvania \u0219i Dobrogea.<\/p>\n<p>Potrivit meteorologilor, pe parcursul acestei zile, \u00eentre orele 12:00 \u2013 21:00, \u00een jude\u021bele Mehedin\u021bi, Gorj, V\u00e2lcea, Arge\u0219, D\u00e2mbovi\u021ba, Prahova, Buz\u0103u, Vrancea, Bra\u0219ov \u0219i Covasna vor fi perioade cu instabilitate atmosferic\u0103 accentuat\u0103, ce se va manifesta prin averse toren\u021biale, desc\u0103rc\u0103ri electrice, intensific\u0103ri ale v\u00e2ntului, cu rafale de 50 \u2013 55 km\/h, \u00a0\u0219i izolat vijelii \u0219i grindin\u0103.<\/p>\n<p>De asemenea, \u00een intervale scurte de timp, cantit\u0103\u021bile de ap\u0103 vor fi de 20 \u2013 25 litri\/mp \u0219i, pe arii restr\u00e2nse, de peste 35 litri\/mp.<\/p>\n<p>S\u00e2mb\u0103t\u0103, \u00een intervalul orar 9:00 \u2013 20:00, va fi valabil un alt Cod galben, de data aceasta de intensific\u0103ri ale v\u00e2ntului, \u00een cea mai mare parte a Moldovei, \u00een Dobrogea \u0219i estul Munteniei. \u00cen aceste zone, v\u00e2ntul va sufla cu viteze de 50 \u2013 65 km\/h, iar Carpa\u021bii de Curbur\u0103 rafalele vor ajunge la 70 \u2013 80 km\/h.<\/p>\n<\/div>\n<div class=\"td-post-content\">\n<div class=\"td-post-featured-image\"><a href=\"https:\/\/newss.ro\/wp-content\/uploads\/2026\/04\/HARTA-COD-GALBEN-17-APR.jpg\" data-caption><img loading=\"lazy\" decoding=\"async\" width=\"696\" height=\"451\" class=\"entry-thumb td-modal-image\" src=\"https:\/\/newss.ro\/wp-content\/uploads\/2026\/04\/HARTA-COD-GALBEN-17-APR-696x451.jpg\" alt title=\"HARTA COD GALBEN 17 APR\"><\/a><\/div>\n<p>Administra\u021bia Na\u021bional\u0103 de Meteorologie a emis aten\u021bion\u0103ri Cod galben de instabilitate atmosferic\u0103 \u0219i intensific\u0103ri ale v\u00e2ntului, valabile vineri \u0219i s\u00e2mb\u0103t\u0103 \u00een jude\u021be din Muntenia, Moldova, Transilvania \u0219i Dobrogea.<\/p>\n<p>Potrivit meteorologilor, pe parcursul acestei zile, \u00eentre orele 12:00 \u2013 21:00, \u00een jude\u021bele Mehedin\u021bi, Gorj, V\u00e2lcea, Arge\u0219, D\u00e2mbovi\u021ba, Prahova, Buz\u0103u, Vrancea, Bra\u0219ov \u0219i Covasna vor fi perioade cu instabilitate atmosferic\u0103 accentuat\u0103, ce se va manifesta prin averse toren\u021biale, desc\u0103rc\u0103ri electrice, intensific\u0103ri ale v\u00e2ntului, cu rafale de 50 \u2013 55 km\/h, \u00a0\u0219i izolat vijelii \u0219i grindin\u0103.<\/p>\n<p>De asemenea, \u00een intervale scurte de timp, cantit\u0103\u021bile de ap\u0103 vor fi de 20 \u2013 25 litri\/mp \u0219i, pe arii restr\u00e2nse, de peste 35 litri\/mp.<\/p>\n<p>S\u00e2mb\u0103t\u0103, \u00een intervalul orar 9:00 \u2013 20:00, va fi valabil un alt Cod galben, de data aceasta de intensific\u0103ri ale v\u00e2ntului, \u00een cea mai mare parte a Moldovei, \u00een Dobrogea \u0219i estul Munteniei. \u00cen aceste zone, v\u00e2ntul va sufla cu viteze de 50 \u2013 65 km\/h, iar Carpa\u021bii de Curbur\u0103 rafalele vor ajunge la 70 \u2013 80 km\/h.<\/p>\n<\/div>\n<p>[analyse_source url=&#8221;https:\/\/newss.ro\/2026\/04\/17\/cod-galben-de-vreme-instabila-valabil-azi-si-maine\/&#8221;]<\/p>\n","protected":false},"excerpt":{"rendered":"<p>[analyse_image type=&#8221;featured&#8221; src=&#8221;https:\/\/newss.ro\/wp-content\/uploads\/2026\/04\/HARTA-COD-GALBEN-17-APR.jpg&#8221;] Administra\u021bia Na\u021bional\u0103 de Meteorologie a emis aten\u021bion\u0103ri Cod galben de instabilitate atmosferic\u0103 \u0219i intensific\u0103ri ale v\u00e2ntului, valabile vineri \u0219i s\u00e2mb\u0103t\u0103 \u00een jude\u021be din Muntenia, Moldova, Transilvania \u0219i Dobrogea. Potrivit meteorologilor, pe parcursul acestei zile, \u00eentre orele 12:00 \u2013 21:00, \u00een jude\u021bele Mehedin\u021bi, Gorj, V\u00e2lcea, Arge\u0219, D\u00e2mbovi\u021ba, Prahova, Buz\u0103u, Vrancea, Bra\u0219ov \u0219i Covasna [&hellip;]<\/p>\n","protected":false},"author":1,"featured_media":0,"comment_status":"open","ping_status":"","sticky":false,"template":"","format":"standard","meta":{"footnotes":""},"categories":[2],"tags":[226,73],"class_list":["post-1892507","post","type-post","status-publish","format-standard","hentry","category-politics","tag-crawlmanager","tag-newss-ro"],"_links":{"self":[{"href":"https:\/\/analyse.optim.biz\/index.php?rest_route=\/wp\/v2\/posts\/1892507","targetHints":{"allow":["GET"]}}],"collection":[{"href":"https:\/\/analyse.optim.biz\/index.php?rest_route=\/wp\/v2\/posts"}],"about":[{"href":"https:\/\/analyse.optim.biz\/index.php?rest_route=\/wp\/v2\/types\/post"}],"author":[{"embeddable":true,"href":"https:\/\/analyse.optim.biz\/index.php?rest_route=\/wp\/v2\/users\/1"}],"replies":[{"embeddable":true,"href":"https:\/\/analyse.optim.biz\/index.php?rest_route=%2Fwp%2Fv2%2Fcomments&post=1892507"}],"version-history":[{"count":0,"href":"https:\/\/analyse.optim.biz\/index.php?rest_route=\/wp\/v2\/posts\/1892507\/revisions"}],"wp:attachment":[{"href":"https:\/\/analyse.optim.biz\/index.php?rest_route=%2Fwp%2Fv2%2Fmedia&parent=1892507"}],"wp:term":[{"taxonomy":"category","embeddable":true,"href":"https:\/\/analyse.optim.biz\/index.php?rest_route=%2Fwp%2Fv2%2Fcategories&post=1892507"},{"taxonomy":"post_tag","embeddable":true,"href":"https:\/\/analyse.optim.biz\/index.php?rest_route=%2Fwp%2Fv2%2Ftags&post=1892507"}],"curies":[{"name":"wp","href":"https:\/\/api.w.org\/{rel}","templated":true}]}}