{"id":1892428,"date":"2026-04-20T10:53:21","date_gmt":"2026-04-20T07:53:21","guid":{"rendered":"https:\/\/analyse.optim.biz\/?p=1892428"},"modified":"2026-04-20T10:53:21","modified_gmt":"2026-04-20T07:53:21","slug":"romania-a-atras-finantari-de-2-miliarde-de-euro-dupa-vizita-in-sua-ministrul-finantelor-a-avut-intalniri","status":"publish","type":"post","link":"https:\/\/analyse.optim.biz\/?p=1892428","title":{"rendered":"Rom\u00e2nia a atras finan\u021b\u0103ri de 2 miliarde de euro dup\u0103 vizita \u00een SUA. Ministrul Finan\u021belor a avut \u00eent\u00e2lniri&#8230;"},"content":{"rendered":"<p>[analyse_image type=&#8221;featured&#8221; src=&#8221;https:\/\/cdn.adh.reperio.news\/image-e\/ec429b60-020a-4e5a-8691-2b532011f9bd\/index.jpeg?p=f%3Djpeg%26w%3D1200%26h%3D630%26r%3Dcover&#8221;]<\/p>\n<article class=\"svelte-t0js42\">\n<nav>\n<ul class=\"breadcrump svelte-xauq0s\">\n<li class=\"svelte-xauq0s\"><a href=\"\/\" title=\"Adev\u0103rul\" class=\"svelte-xauq0s\">Home<\/a><\/li>\n<li class=\"svelte-xauq0s\"><a href=\"\/economie\" class=\"svelte-xauq0s\">Economie<\/a><\/li>\n<li class=\"svelte-xauq0s\"><a href=\"https:\/\/adevarul.ro\/economie\/romania-a-atras-finantari-de-2-miliarde-de-euro-2523937.html\" class=\"svelte-xauq0s\">Rom\u00e2nia a atras finan\u021b\u0103ri de 2 miliarde de euro dup\u0103 vizita \u00een SUA. Ministrul Finan\u021belor a avut \u00eent\u00e2lniri cu investitori \u0219i agen\u021bii de rating<\/a><\/li>\n<\/ul>\n<\/nav>\n<p><main class=\"svelte-t0js42\"><\/p>\n<p>Rom\u00e2nia a ob\u021binut finan\u021b\u0103ri \u00een valoare de 2 miliarde de euro \u00een urma vizitei la Washington \u0219i New York, a anun\u021bat luni ministrul finan\u021belor, Alexandru Nazare, preciz\u00e2nd c\u0103 acestea vor ajuta economia \u0219i accelerarea proiectelor strategice ale \u021b\u0103rii noastre.<\/p>\n<div class=\"container-image  svelte-jd4qiv\"><source type=\"image\/webp\" srcset=\"https:\/\/cdn.adh.reperio.news\/image-e\/ec429b60-020a-4e5a-8691-2b532011f9bd\/index.jpeg?p=a%3D1%26co%3D1.05%26w%3D1400%26h%3D750%26r%3Dcontain%26f%3Dwebp 1400w\" media=\"(min-width: 1400px)\" \/><\/p>\n<div class=\"caption\">FOTO Facebook  \/ Alexandru Nazare\ufeff<\/div>\n<\/div>\n<p><i>\u201eRezultate concrete \u0219i finan\u021b\u0103ri securizate de 2 miliarde \u20ac. Rom\u00e2nia \u00ee\u0219i consolideaz\u0103 credibilitatea \u00een SUA \u015fi livreaz\u0103 pentru economie. Vizita la Washington, D.C. \u0219i New York, unde am condus delega\u021bia guvernamental\u0103 format\u0103 din mini\u015ftrii energiei, fondurilor europene \u015fi s\u0103n\u0103t\u0103\u021bii se \u00eencheie cu rezultate concrete pentru finan\u021barea economiei \u0219i accelerarea proiectelor strategice ale Rom\u00e2niei\u201d<\/i>, a informat Alexandru Nazare \u00eentr-un mesaj postat pe pagina sa de Facebook.<\/p>\n<p>Potrivit ministrului, <a href=\"https:\/\/adevarul.ro\/politica\/alexandru-nazare-intalnire-la-washington-pentru-2522965.html\">vizita a fost structurat\u0103 pe 3 direc\u021bii majore \u0219i a inclus \u00eent\u00e2lniri cu institu\u021bii financiare<\/a> interna\u021bionale, cu investitori \u0219i agen\u021bii de rating \u0219i cu reprezentan\u021bi ai administra\u021biei americane.<\/p>\n<p><i>\u201eEste important de subliniat c\u0103 multe dintre rezultatele ob\u021binute \u00een aceste zile sunt efectul unor discu\u021bii \u00eencepute \u00eenc\u0103 de la vizitele anterioare din Statele Unite, care acum \u00eencep s\u0103 se materializeze \u00een finan\u021b\u0103ri concrete \u0219i proiecte \u00een derulare\u201d<\/i>, a mai precizat ministrul.<\/p>\n<h2>\u00cent\u00e2lniri cu marile institu\u021bii financiare interna\u021bionale<\/h2>\n<p>Nazare a transmis, totodat\u0103, c\u0103 discu\u021biile cu institu\u021biile financiare interna\u021bionale au avut ca obiectiv principal securizarea finan\u021b\u0103rilor pentru proiecte majore din energie, infrastructur\u0103 \u0219i dezvoltare economic\u0103.<\/p>\n<p><i>\u201eCu Grupul B\u0103ncii Mondiale &#8211; World Bank Group am avut \u00eent\u00e2lniri la nivel \u00eenalt, inclusiv cu Pre\u0219edintele Ajay Banga \u2014 un dialog privilegiat la nivel de ministru de finan\u021be \u0219i un semnal clar privind importan\u021ba proiectelor Rom\u00e2niei\u201d<\/i>, a ad\u0103ugat el.<\/p>\n<p>Potrivit acestuia, printre rezultatele acestor discu\u021bii se num\u0103r\u0103 securizarea unei sume de aproape 1 miliard de euro pentru retehnologizarea Reactorului 1 de la Centrala Nuclear\u0103 Cernavod\u0103, un proiect strategic pentru securitatea energetic\u0103 a Rom\u00e2niei; 495 milioane de euro pentru proiecte ale Transgaz, dedicate moderniz\u0103rii \u0219i extinderii re\u021belelor de transport al gazelor naturale.<\/p>\n<p>Ministrul Finan\u021belor a anun\u021bat totodat\u0103 c\u0103 90 de milioane de euro vor fi disponibili pentru <a href=\"https:\/\/adevarul.ro\/politica\/ambitia-ministrului-energiei-vrea-ca-romania-sa-2522716.html\">m\u0103suri de sprijin \u00een contextul actualelor crize economice \u0219i energetice<\/a>, preciz\u00e2nd c\u0103 acestea sunt <i>\u201edoar o parte dintre finan\u021b\u0103rile concrete ob\u021binute \u00een cadrul acestei vizite.\u201d<\/i><\/p>\n<p><i>\u201eTot \u00een cadrul dialogului cu institu\u021biile financiare interna\u021bionale am avansat proiecte strategice precum Black Sea A.I. Gigafactory &#8211; proiectul de suveranitate digital\u0103 a Rom\u00e2niei, precum \u0219i dezvoltarea de instrumente moderne de finan\u021bare pentru economie, inclusiv prin consolidarea rolului BID &#8211; Banca de Investi\u021bii \u0219i Dezvoltare.<\/i><\/p>\n<p><i>De asemenea, cu BERD &#8211; Banca European\u0103 pentru Reconstruc\u021bie \u0219i Dezvoltare am ob\u021binut eliminarea garan\u021biilor suverane solicitate p\u00e2n\u0103 acum pentru finan\u021barea dedicat\u0103 a BERD la reactorului 1 de la Cernavod\u0103, \u00eent\u0103rirea colabor\u0103rii pentru proiectele \u00een regim de parteneriat public\u2013privat \u015fi am propus BERD participarea la un fond de investi\u021bii creat \u00eempreun\u0103 cu BID\u201d<\/i>, a mai transmis ministrul.<\/p>\n<div class=\"_hydratable\" data-props=\"%7B%22data%22%3A%7B%22images%22%3A%5B%7B%22animated%22%3A0%2C%22created_at%22%3A%222026-04-20T10%3A43%3A59.000Z%22%2C%22created_by%22%3A245%2C%22entity_type%22%3A%22media%22%2C%22extension%22%3A%22jpeg%22%2C%22id%22%3A%2291f9a1d9-591a-43ff-8d5a-62832a53e828%22%2C%22origin_duration%22%3Anull%2C%22origin_hash%22%3A%222eeef037bb1c79e285b4846eb858200deb065bd6%22%2C%22origin_height%22%3A853%2C%22origin_name%22%3A%22650383432_3774231359374363_4379119132938451816_n.jpg%22%2C%22origin_size%22%3A120906%2C%22origin_width%22%3A1280%2C%22path%22%3A%22image-9%2F91f9a1d9-591a-43ff-8d5a-62832a53e828%2Findex.jpeg%22%2C%22prevent_prune%22%3A0%2C%22published%22%3A0%2C%22restrict_domains%22%3Anull%2C%22status%22%3A%22ready%22%2C%22title%22%3A%22FOTO%20Facebook%20%20%2F%20Alexandru%20Nazare%EF%BB%BF%22%2C%22type%22%3A%22image%22%2C%22updated_at%22%3A%222026-04-20T10%3A44%3A31.000Z%22%2C%22url%22%3A%22https%3A%2F%2Fcdn.adh.reperio.news%2Fimage-9%2F91f9a1d9-591a-43ff-8d5a-62832a53e828%2Findex.jpeg%22%2C%22video_raw%22%3Anull%2C%22video_thumbnail%22%3Anull%7D%2C%7B%22animated%22%3A0%2C%22created_at%22%3A%222026-04-20T10%3A43%3A59.000Z%22%2C%22created_by%22%3A245%2C%22entity_type%22%3A%22media%22%2C%22extension%22%3A%22jpeg%22%2C%22id%22%3A%22dd10e9dc-a512-4142-899f-37e003a11cae%22%2C%22origin_duration%22%3Anull%2C%22origin_hash%22%3A%22ea0bf2bccd3ad40f877a77935a0e8d9dd475dc3b%22%2C%22origin_height%22%3A1366%2C%22origin_name%22%3A%22675280471_3774231379374361_4565746678581046365_n.jpg%22%2C%22origin_size%22%3A289710%2C%22origin_width%22%3A2048%2C%22path%22%3A%22image-d%2Fdd10e9dc-a512-4142-899f-37e003a11cae%2Findex.jpeg%22%2C%22prevent_prune%22%3A0%2C%22published%22%3A0%2C%22restrict_domains%22%3Anull%2C%22status%22%3A%22ready%22%2C%22title%22%3A%22FOTO%20Facebook%20%20%2F%20Alexandru%20Nazare%EF%BB%BF%22%2C%22type%22%3A%22image%22%2C%22updated_at%22%3A%222026-04-20T10%3A44%3A27.000Z%22%2C%22url%22%3A%22https%3A%2F%2Fcdn.adh.reperio.news%2Fimage-d%2Fdd10e9dc-a512-4142-899f-37e003a11cae%2Findex.jpeg%22%2C%22video_raw%22%3Anull%2C%22video_thumbnail%22%3Anull%7D%2C%7B%22animated%22%3A0%2C%22created_at%22%3A%222026-04-20T10%3A43%3A01.000Z%22%2C%22created_by%22%3A245%2C%22entity_type%22%3A%22media%22%2C%22extension%22%3A%22jpeg%22%2C%22id%22%3A%22fb5050ae-679a-431c-89ce-ad667eb00b6d%22%2C%22origin_duration%22%3Anull%2C%22origin_hash%22%3A%2226b49829050c851217903624d8fe2a73be386583%22%2C%22origin_height%22%3A2048%2C%22origin_name%22%3A%22673791355_3774231369374362_3199780572064988276_n.jpg%22%2C%22origin_size%22%3A283142%2C%22origin_width%22%3A1634%2C%22path%22%3A%22image-f%2Ffb5050ae-679a-431c-89ce-ad667eb00b6d%2Findex.jpeg%22%2C%22prevent_prune%22%3A0%2C%22published%22%3A0%2C%22restrict_domains%22%3Anull%2C%22status%22%3A%22ready%22%2C%22title%22%3A%22FOTO%20Facebook%20%20%2F%20Alexandru%20Nazare%EF%BB%BF%22%2C%22type%22%3A%22image%22%2C%22updated_at%22%3A%222026-04-20T10%3A44%3A36.000Z%22%2C%22url%22%3A%22https%3A%2F%2Fcdn.adh.reperio.news%2Fimage-f%2Ffb5050ae-679a-431c-89ce-ad667eb00b6d%2Findex.jpeg%22%2C%22video_raw%22%3Anull%2C%22video_thumbnail%22%3Anull%7D%2C%7B%22animated%22%3A0%2C%22created_at%22%3A%222026-04-20T10%3A43%3A59.000Z%22%2C%22created_by%22%3A245%2C%22entity_type%22%3A%22media%22%2C%22extension%22%3A%22jpeg%22%2C%22id%22%3A%22ec429b60-020a-4e5a-8691-2b532011f9bd%22%2C%22origin_duration%22%3Anull%2C%22origin_hash%22%3A%22015e0ef1841f1a7251c8aadf836dcece57b1e190%22%2C%22origin_height%22%3A1366%2C%22origin_name%22%3A%22673482346_3774231412707691_1557437963370494839_n.jpg%22%2C%22origin_size%22%3A339196%2C%22origin_width%22%3A2048%2C%22path%22%3A%22image-e%2Fec429b60-020a-4e5a-8691-2b532011f9bd%2Findex.jpeg%22%2C%22prevent_prune%22%3A0%2C%22published%22%3A0%2C%22restrict_domains%22%3Anull%2C%22status%22%3A%22ready%22%2C%22title%22%3A%22FOTO%20Facebook%20%20%2F%20Alexandru%20Nazare%EF%BB%BF%22%2C%22type%22%3A%22image%22%2C%22updated_at%22%3A%222026-04-20T10%3A44%3A23.000Z%22%2C%22url%22%3A%22https%3A%2F%2Fcdn.adh.reperio.news%2Fimage-e%2Fec429b60-020a-4e5a-8691-2b532011f9bd%2Findex.jpeg%22%2C%22video_raw%22%3Anull%2C%22video_thumbnail%22%3Anull%7D%5D%7D%2C%22id%22%3A%22S7qElTe2Zv%22%2C%22type%22%3A%22imageGallery%22%2C%22lines%22%3A10%2C%22linesAbove%22%3A85%2C%22index%22%3A12%2C%22paragraphsAbove%22%3A10%2C%22percentage%22%3A0.5629139072847682%2C%22linesBellow%22%3A66%2C%22insert%22%3A%7B%22type%22%3A%22related%22%2C%22props%22%3A%7B%22items%22%3A%5B%7B%22authors%22%3A%5B%7B%22content_type%22%3A%5B%5D%2C%22created_at%22%3A%222022-07-29T06%3A29%3A08.000Z%22%2C%22custom_fields%22%3A%7B%22adevarul.ro%22%3A%7B%7D%7D%2C%22description%22%3Anull%2C%22group_keyword%22%3A%22imported%3Aadevarul.ro%22%2C%22id%22%3A1662%2C%22info%22%3Anull%2C%22mapping_id%22%3A2107480%2C%22name%22%3A%22Afrodita%20Cicovschi%22%2C%22profile_name%22%3A%22adevarul.ro%3A%20Afrodita%20Cicovschi%22%2C%22updated_at%22%3A%222025-10-08T11%3A52%3A33.000Z%22%7D%5D%2C%22category%22%3A%7B%22content_structured_schema%22%3A%22NewsArticle%22%2C%22created_at%22%3A%222022-07-21T08%3A41%3A35.000Z%22%2C%22custom_fields%22%3A%7B%7D%2C%22defunct%22%3A0%2C%22description%22%3A%22Stiri%20din%20economie.%20Afl%C4%83%20cele%20mai%20noi%20%C8%99i%20cele%20mai%20importante%20informa%C8%9Bii%20despre%20bani%2C%20taxe%2C%20curs%20valutar%2C%20domeniul%20imobiliare%2C%20investi%C8%9Bii%2C%20salarii%20%C8%99i%20dobanzi.%22%2C%22domain%22%3A%22adevarul.ro%22%2C%22id%22%3A271%2C%22name%22%3A%22Economie%22%2C%22parent_id%22%3Anull%2C%22search_text%22%3A%22adevarul.ro%20Economie%22%2C%22slug%22%3A%22economie%22%2C%22title%22%3A%22Economie%22%2C%22updated_at%22%3A%222022-08-17T21%3A03%3A54.000Z%22%7D%2C%22content_topic%22%3Anull%2C%22created_at%22%3A%222026-04-14T11%3A05%3A58.000Z%22%2C%22created_by%22%3A94%2C%22custom_fields%22%3A%7B%7D%2C%22domain%22%3A%22adevarul.ro%22%2C%22entity_type%22%3A%22content%22%2C%22id%22%3A2522594%2C%22last_published_at%22%3A%222026-04-17T13%3A53%3A00.000Z%22%2C%22poster%22%3A%7B%22animated%22%3Anull%2C%22content_type%22%3A%22content%22%2C%22created_at%22%3A%222018-08-10T10%3A15%3A25.000Z%22%2C%22created_by%22%3A1%2C%22crop%22%3Anull%2C%22entity_type%22%3A%22media%22%2C%22extension%22%3A%22jpeg%22%2C%22id%22%3A%22fd6ab217-07f3-493e-a675-88f7a925c44e%22%2C%22mapping_id%22%3A10697471%2C%22media_type%22%3A%22image%22%2C%22origin_duration%22%3Anull%2C%22origin_hash%22%3A%225667ddf861adbaa8a3f1166e62d9d5ab464e8c4f%22%2C%22origin_height%22%3A933%2C%22origin_name%22%3A%225b6d65bddf52022f7536b34d.jpg%22%2C%22origin_size%22%3A192007%2C%22origin_width%22%3A1400%2C%22path%22%3A%22image-f%2Ffd6ab217-07f3-493e-a675-88f7a925c44e%2Findex.jpeg%22%2C%22poster%22%3A1%2C%22prevent_prune%22%3A0%2C%22published%22%3A0%2C%22restrict_domains%22%3A%5B%22adevarul.ro%22%5D%2C%22status%22%3A%22ready%22%2C%22title%22%3A%22Cuplu%20-%20datorii%20-%20facturi%20-%20plata%20-%20calcule%20-%20FOTO%20123%20RF%20%22%2C%22type%22%3A%22image%22%2C%22updated_at%22%3A%222022-06-23T13%3A58%3A57.000Z%22%2C%22url%22%3A%22https%3A%2F%2Fcdn.adh.reperio.news%2Fimage-f%2Ffd6ab217-07f3-493e-a675-88f7a925c44e%2Findex.jpeg%22%2C%22video_raw%22%3A0%2C%22video_thumbnail%22%3Anull%7D%2C%22published%22%3A1%2C%22published_at%22%3A%222026-04-17T13%3A53%3A00.000Z%22%2C%22scheduled_publish_at%22%3Anull%2C%22slug%22%3A%22traim-mai-bine-sau-mai-rau-decat-acum-20-de-ani%22%2C%22summary%22%3A%22Acum%2020%20de%20ani%2C%20s%C4%83%20cumperi%20un%20apartament%20era%20un%20vis%20greu%20de%20atins%2C%20dat%20fiind%20nivelul%20de-atunci%20al%20salariilor%2C%20%C3%AEn%20timp%20ce%20ast%C4%83zi%20veniturile%20au%20crescut%2C%20dar%20nici%20pre%C8%9Burile%20apartamentelor%20n-au%20stat%20pe%20loc%2C%20a%C8%99a%20c%C4%83%20tot%20mai%20mul%C8%9Bi%20rom%C3%A2ni%20spun%20c%C4%83%20%E2%80%9Enu%20le%20ajung%20banii%E2%80%9D.%22%2C%22title%22%3A%22Tr%C4%83im%20mai%20bine%20sau%20mai%20r%C4%83u%20dec%C3%A2t%20acum%2020%20de%20ani%3F%20Ce%20spun%20rom%C3%A2nii%20despre%20pre%C8%9Burile%20apartamentelor%20versus%20salarii%22%2C%22topic%22%3Anull%2C%22updated_at%22%3A%222026-04-17T13%3A53%3A01.000Z%22%2C%22url%22%3A%22https%3A%2F%2Fadevarul.ro%2Feconomie%2Ftraim-mai-bine-sau-mai-rau-decat-acum-20-de-ani-2522594.html%22%2C%22version_id%22%3A6%2C%22versions%22%3A%5B6%2C5%2C4%2C3%2C2%5D%2C%22workflow_step_id%22%3Anull%7D%5D%2C%22parentContentId%22%3A2523937%7D%7D%7D\" data-context=\"%7B%22parentBlockColumnCount%22%3A%7B%22value%22%3A0%2C%22type%22%3A%22store%2Freadable%22%7D%2C%22parentBlockBackgroundColor%22%3A%7B%22type%22%3A%22store%2Freadable%22%7D%7D\" data-component=\"EditorImageGallery\">\n<div class=\"gallery svelte-1sjlknv\">\n<div class=\"main svelte-1sjlknv\">\n<div class=\"nav svelte-1sjlknv\">\n<div class=\"right svelte-1sjlknv\">\u2192\n                    <\/div>\n<\/div>\n<source type=\"image\/webp\" srcset=\"https:\/\/cdn.adh.reperio.news\/image-9\/91f9a1d9-591a-43ff-8d5a-62832a53e828\/index.jpeg?p=a%3D1%26co%3D1.05%26w%3D1136%26h%3D800%26r%3Dcontain%26f%3Dwebp 1136w\" media=\"(min-width: 1136px)\" \/>\n<div class=\"caption svelte-1sjlknv\"><span class=\"svelte-1sjlknv\">Imaginea 1\/4:<\/span><br \/>\n                FOTO Facebook  \/ Alexandru Nazare\ufeff<\/div>\n<\/div>\n<div class=\"items svelte-1sjlknv\">\n<div class=\"image item svelte-1sjlknv visible selected\"><source type=\"image\/webp\" srcset=\"https:\/\/cdn.adh.reperio.news\/image-9\/91f9a1d9-591a-43ff-8d5a-62832a53e828\/index.jpeg?p=a%3D1%26co%3D1.05%26w%3D85%26h%3D70%26r%3Dcover%26f%3Dwebp 85w\" media=\"(min-width: 85px)\" \/><\/div>\n<div class=\"image item svelte-1sjlknv visible\"><source type=\"image\/webp\" srcset=\"https:\/\/cdn.adh.reperio.news\/image-d\/dd10e9dc-a512-4142-899f-37e003a11cae\/index.jpeg?p=a%3D1%26co%3D1.05%26w%3D85%26h%3D70%26r%3Dcover%26f%3Dwebp 85w\" media=\"(min-width: 85px)\" \/><\/div>\n<div class=\"image item svelte-1sjlknv visible\"><source type=\"image\/webp\" srcset=\"https:\/\/cdn.adh.reperio.news\/image-f\/fb5050ae-679a-431c-89ce-ad667eb00b6d\/index.jpeg?p=a%3D1%26co%3D1.05%26w%3D85%26h%3D70%26r%3Dcover%26f%3Dwebp 85w\" media=\"(min-width: 85px)\" \/><\/div>\n<div class=\"image item svelte-1sjlknv visible\"><source type=\"image\/webp\" srcset=\"https:\/\/cdn.adh.reperio.news\/image-e\/ec429b60-020a-4e5a-8691-2b532011f9bd\/index.jpeg?p=a%3D1%26co%3D1.05%26w%3D85%26h%3D70%26r%3Dcover%26f%3Dwebp 85w\" media=\"(min-width: 85px)\" \/><\/div>\n<\/div>\n<\/div>\n<\/div>\n<p><a class=\"related-inline svelte-1t8qpgs\" data-gtrack='{\"event\":\"utm_click\",\"data\":{\"event_category\":\"article_related\"}}' href=\"https:\/\/adevarul.ro\/economie\/traim-mai-bine-sau-mai-rau-decat-acum-20-de-ani-2522594.html\" title=\"Alt articol de interes pentru tine\"><span class=\"inline-title svelte-1t8qpgs\">Tr\u0103im mai bine sau mai r\u0103u dec\u00e2t acum 20 de ani? Ce spun rom\u00e2nii despre pre\u021burile apartamentelor versus salarii<\/span><\/a><\/p>\n<h2>\u00cent\u00e2lniri cu investitori \u0219i agen\u021bii de rating<\/h2>\n<p>De asemenea, o parte esen\u021bial\u0103 a vizitei a fost reprezentat\u0103 de \u00eent\u00e2lnirile cu investitori interna\u021bionali \u0219i agen\u021biile de rating, \u00een care am prezentat evolu\u021biile economice recente, inclusiv faptul c\u0103 execu\u021bia bugetar\u0103 din primul trimestru indic\u0103 un deficit la jum\u0103tate fa\u021b\u0103 de aceea\u0219i perioad\u0103 a anului trecut, a mai spus Nazare.<\/p>\n<p><i>\u201eMesajul principal transmis investitorilor a fost acela c\u0103 Rom\u00e2nia \u00ee\u0219i men\u021bine direc\u021bia de ajustare fiscal\u0103 \u0219i stabilitate macroeconomic\u0103, elemente esen\u021biale pentru men\u021binerea ratingului \u00een categoria investi\u021bional\u0103, reducerea costurilor de finan\u021bare \u015fi men\u021binerea datoriei publice sub control\u201d<\/i>, sus\u021bine ministrul.<\/p>\n<p>Potrivit acestuia, au fost organizate, de asemenea, \u00eent\u00e2lniri cu investitori organizate de institu\u021bii financiare interna\u021bionale precum Bank of America, HSBC, Deutsche Bank \u0219i ING: <i>\u201eAceste dialoguri sunt esen\u021biale pentru asigurarea accesului Rom\u00e2niei la finan\u021bare \u00een condi\u021bii competitive.\u201d<\/i><\/p>\n<div class=\"raw-block\"><iframe loading=\"lazy\" src=\"https:\/\/www.facebook.com\/plugins\/post.php?href=https%3A%2F%2Fwww.facebook.com%2Falexandru.nazare.5%2Fposts%2Fpfbid02U9MutEFTVwEvFhRuG54ksHMLvVFzWzY1PcHTAKQiqhkb7hG97XRJ7rSykxdWufVJl&amp;show_text=true&amp;width=390\" width=\"500\" height=\"792\" frameborder allowfullscreen=\"true\" allow=\"autoplay; clipboard-write; encrypted-media; picture-in-picture; web-share\" class=\"facebook-iframe\"><\/iframe><\/div>\n<h2>Consolidarea parteneriatului strategic cu SUA<\/h2>\n<p>Cel de-al pilon important al vizitei, potrivit ministrului, a fost reprezentat de \u00eent\u00e2lnirile cu reprezentan\u021bi ai administra\u021biei americane, inclusiv de la Casa Alb\u0103, Departamentul de Comer\u021b, Departamentul de Energie al Statelor Unite \u015fi la Oficiul pentru Comer\u021b (USTR).<\/p>\n<p><a class=\"related-inline svelte-1t8qpgs\" data-gtrack='{\"event\":\"utm_click\",\"data\":{\"event_category\":\"article_related\"}}' href=\"https:\/\/adevarul.ro\/economie\/companiile-de-stat-nu-sunt-ale-poporului-ci-ale-2523401.html\" title=\"Alt articol de interes pentru tine\"><span class=\"inline-title svelte-1t8qpgs\">\u201eCompaniile de stat nu sunt ale poporului, ci ale unei g\u0103\u0219ti de politicieni care le mulg ca pe ni\u0219te vaci\u201d. Economistul Cristian P\u0103un desfiin\u021beaz\u0103 reforma<\/span><\/a><\/p>\n<p>El a subliniat faptul c\u0103 delega\u021bia Rom\u00e2niei a beneficiat de o \u201eprimire foarte bun\u0103 \u0219i de semnale clare de sus\u021binere, inclusiv \u00een contextul pozi\u021biei asumate de \u021bara noastr\u0103 \u00een actualul context interna\u021bional. Aceast\u0103 vizit\u0103 a confirmat faptul c\u0103 Rom\u00e2nia este perceput\u0103 ca un partener credibil \u0219i predictibil, iar rela\u021biile consolidate \u00een timp \u00eencep s\u0103 genereze rezultate concrete.\u201d<\/p>\n<p><i>\u201e\u00centregul turneu al \u00eent\u00e2lnirilor de la Washington \u0219i New York a avut ca obiectiv clar securizarea finan\u021b\u0103rilor pentru proiecte strategice \u0219i consolidarea \u00eencrederii investitorilor \u00een economia Rom\u00e2niei. Rezultatele ob\u021binute \u2014 finan\u021b\u0103ri de ordinul miliardelor de euro pentru energie, infrastructur\u0103 \u0219i dezvoltare economic\u0103 \u2014 confirm\u0103 un avans semnificativ pe direc\u021bia rela\u021biilor Rom\u00e2niei cu Statele Unite ale Americii \u015fi eficien\u021ba ac\u021biunilor guvernamentale\u201d<\/i>, a ad\u0103ugat ministrul.<\/p>\n<p>El a avertizat c\u0103, \u00eentr-un context global dificil, marcat de incertitudini economice \u0219i geopolitice, seriozitatea \u00een dialogul cu pie\u021bele interna\u021bionale, consecven\u021ba guvernamental\u0103 \u015fi men\u021binerea \u021bintelor de reform\u0103 trebuie s\u0103 r\u0103m\u00e2n\u0103 principalele mesaje.<\/p>\n<p><i>\u201ePentru a pune marile proiecte strategice \u00een mi\u015fcare, Rom\u00e2nia trebuie s\u0103 r\u0103m\u00e2n\u0103 un partener stabil, predictibil \u015fi capabil s\u0103 livreze\u201d<\/i>, a conchis Alexandru Nazare.<\/p>\n<p><\/main><\/p>\n<footer class=\"svelte-t0js42\">\n<div class=\"related-wrap related-footer svelte-1t8qpgs\"><span class=\"related-label svelte-1t8qpgs\">Cite\u0219te \u0219i<\/span><a class=\"related svelte-1t8qpgs\" data-gtrack='{\"event\":\"utm_click\",\"data\":{\"event_category\":\"article_related\"}}' href=\"https:\/\/adevarul.ro\/economie\/criza-politica-impinge-romania-spre-haos-economic-2523910.html\" title=\"Alt articol de interes pentru tine\"><img decoding=\"async\" class=\"thumb svelte-1t8qpgs\" src=\"https:\/\/cdn.adh.reperio.news\/image-4\/48c026ac-b2d9-4b32-ae43-b1a1eed81e34\/index.jpeg\" alt loading=\"lazy\" width=\"80\" height=\"54\"><span class=\"title svelte-1t8qpgs\">Criza politic\u0103 \u00eempinge Rom\u00e2nia spre haos economic. Economistul Cristian P\u0103un avertizeaz\u0103: cursul poate exploda, la fel \u0219i dob\u00e2nzile<\/span><\/a><\/div>\n<div class=\"meta svelte-t0js42\">\n<div class=\"authors svelte-t0js42\"><a href=\"\/author\/46\" rel=\"author\" class=\"svelte-t0js42\">Teodora Marinescu<\/a><\/div>\n<div class=\"tags svelte-12okeyl\"><span class=\"tags-label metaFont svelte-12okeyl\">Cite\u0219te mai multe despre<\/span><\/p>\n<div class=\"tags-list svelte-12okeyl\"><a href=\"\/tag\/romania\" title=\"Ultimele \u0219tiri despre romania\" class=\"tag-pill svelte-12okeyl\">romania<\/a><a href=\"\/tag\/sua\" title=\"Ultimele \u0219tiri despre sua\" class=\"tag-pill svelte-12okeyl\">sua<\/a><a href=\"\/tag\/ministrul%20finantelor\" title=\"Ultimele \u0219tiri despre ministrul finantelor\" class=\"tag-pill svelte-12okeyl\">ministrul finantelor<\/a><\/div>\n<\/div>\n<\/div>\n<p><a class=\"moreFromCategory svelte-t0js42\" href=\"\/economie\" title=\"Economie\">Mai multe din <strong class=\"svelte-t0js42\">Economie<\/strong> \u203a<\/a><\/footer>\n<\/article>\n<p>[analyse_source url=&#8221;https:\/\/adevarul.ro\/economie\/romania-a-atras-finantari-de-2-miliarde-de-euro-2523937.html&#8221;]<\/p>\n","protected":false},"excerpt":{"rendered":"<p>[analyse_image type=&#8221;featured&#8221; src=&#8221;https:\/\/cdn.adh.reperio.news\/image-e\/ec429b60-020a-4e5a-8691-2b532011f9bd\/index.jpeg?p=f%3Djpeg%26w%3D1200%26h%3D630%26r%3Dcover&#8221;] Home Economie Rom\u00e2nia a atras finan\u021b\u0103ri de 2 miliarde de euro dup\u0103 vizita \u00een SUA. Ministrul Finan\u021belor a avut \u00eent\u00e2lniri cu investitori \u0219i agen\u021bii de rating Rom\u00e2nia a ob\u021binut finan\u021b\u0103ri \u00een valoare de 2 miliarde de euro \u00een urma vizitei la Washington \u0219i New York, a anun\u021bat luni ministrul finan\u021belor, Alexandru Nazare, [&hellip;]<\/p>\n","protected":false},"author":1,"featured_media":0,"comment_status":"open","ping_status":"","sticky":false,"template":"","format":"standard","meta":{"footnotes":""},"categories":[89],"tags":[19,226],"class_list":["post-1892428","post","type-post","status-publish","format-standard","hentry","category-romania","tag-adevarul","tag-crawlmanager"],"_links":{"self":[{"href":"https:\/\/analyse.optim.biz\/index.php?rest_route=\/wp\/v2\/posts\/1892428","targetHints":{"allow":["GET"]}}],"collection":[{"href":"https:\/\/analyse.optim.biz\/index.php?rest_route=\/wp\/v2\/posts"}],"about":[{"href":"https:\/\/analyse.optim.biz\/index.php?rest_route=\/wp\/v2\/types\/post"}],"author":[{"embeddable":true,"href":"https:\/\/analyse.optim.biz\/index.php?rest_route=\/wp\/v2\/users\/1"}],"replies":[{"embeddable":true,"href":"https:\/\/analyse.optim.biz\/index.php?rest_route=%2Fwp%2Fv2%2Fcomments&post=1892428"}],"version-history":[{"count":0,"href":"https:\/\/analyse.optim.biz\/index.php?rest_route=\/wp\/v2\/posts\/1892428\/revisions"}],"wp:attachment":[{"href":"https:\/\/analyse.optim.biz\/index.php?rest_route=%2Fwp%2Fv2%2Fmedia&parent=1892428"}],"wp:term":[{"taxonomy":"category","embeddable":true,"href":"https:\/\/analyse.optim.biz\/index.php?rest_route=%2Fwp%2Fv2%2Fcategories&post=1892428"},{"taxonomy":"post_tag","embeddable":true,"href":"https:\/\/analyse.optim.biz\/index.php?rest_route=%2Fwp%2Fv2%2Ftags&post=1892428"}],"curies":[{"name":"wp","href":"https:\/\/api.w.org\/{rel}","templated":true}]}}