{"id":1892346,"date":"2026-04-20T10:53:19","date_gmt":"2026-04-20T07:53:19","guid":{"rendered":"https:\/\/analyse.optim.biz\/?p=1892346"},"modified":"2026-04-20T10:53:19","modified_gmt":"2026-04-20T07:53:19","slug":"primaria-timisoara-a-obtinut-finantare-europeana-de-aproape-5-milioane-de-euro-pentru-extinderea-scolii-gimnaziale-nr-7-sfanta-maria","status":"publish","type":"post","link":"https:\/\/analyse.optim.biz\/?p=1892346","title":{"rendered":"Prim\u0103ria Timi\u0219oara a ob\u021binut finan\u021bare european\u0103 de aproape 5 milioane de euro pentru extinderea \u0218colii Gimnaziale nr. 7 \u201eSf\u00e2nta Maria\u201d"},"content":{"rendered":"<p>[analyse_image type=&#8221;featured&#8221; src=&#8221;https:\/\/focustim.ro\/wp-content\/uploads\/2019\/10\/primaria-timisoara-1.jpg&#8221;]<\/p>\n<article id=\"post-40025\" class=\"penci-single-artcontent noloaddisqus post-40025 post type-post status-publish format-standard has-post-thumbnail hentry category-actualitate category-administratie category-featured tag-primarie tag-scoala penci-post-item\">\n<header class=\"entry-header penci-entry-header penci-title-\">\n<div class=\"penci-entry-categories\"><span class=\"penci-cat-links\"><a href=\"https:\/\/focustim.ro\/category\/actualitate\/\" rel=\"category tag\">Actualitate<\/a><a href=\"https:\/\/focustim.ro\/category\/administratie\/\" rel=\"category tag\">Administra\u021bie<\/a><a href=\"https:\/\/focustim.ro\/category\/featured\/\" rel=\"category tag\">Featured<\/a><\/span><\/div>\n<h1 class=\"entry-title penci-entry-title penci-title-\">Prim\u0103ria Timi\u0219oara a ob\u021binut finan\u021bare european\u0103 de aproape 5 milioane de euro pentru extinderea \u0218colii Gimnaziale nr. 7 \u201eSf\u00e2nta Maria\u201d<\/h1>\n<div class=\"entry-meta penci-entry-meta\"><span class=\"entry-meta-item penci-posted-on\"><time class=\"entry-date published\" datetime=\"2026-04-20T13:53:19+03:00\">20\/04\/2026<\/time><time class=\"updated\" datetime=\"2026-04-20T13:53:24+03:00\">20\/04\/2026<\/time><\/span><span class=\"entry-meta-item penci-comment-count\"><a class=\"penci_pmeta-link\" href=\"https:\/\/focustim.ro\/primaria-timisoara-a-obtinut-finantare-europeana-de-aproape-5-milioane-de-euro-pentru-extinderea-scolii-gimnaziale-nr-7-sfanta-maria\/#respond\">0<\/a><\/span><\/div>\n<p><span class=\"penci-social-buttons penci-social-share-footer\"><span class=\"penci-social-share-text\">Distribuie<\/span><a href=\"https:\/\/focustim.ro\/primaria-timisoara-a-obtinut-finantare-europeana-de-aproape-5-milioane-de-euro-pentru-extinderea-scolii-gimnaziale-nr-7-sfanta-maria\/\" class=\"penci-post-like penci_post-meta_item  single-like-button penci-social-item like\" data-post_id=\"40025\" title=\"Like\" data-like=\"Like\" data-unlike=\"Unlike\"><span class=\"penci-share-number\">0<\/span><\/a><\/span><\/header>\n<div class=\"entry-media penci-entry-media\">\n<div class=\"post-format-meta \">\n<div class=\"post-image penci-standard-format\"><img decoding=\"async\" width=\"960\" height=\"720\" src=\"https:\/\/focustim.ro\/wp-content\/uploads\/2019\/10\/primaria-timisoara-1-960x720.jpg\" class=\"attachment-penci-thumb-960-auto size-penci-thumb-960-auto wp-post-image\" alt=\"Primaria Timisoara\" loading=\"lazy\"><\/div>\n<\/div>\n<\/div>\n<div class=\"penci-entry-content entry-content\">\n<p><strong>Primarul Dominic Fritz a semnat contractul de finan\u021bare european\u0103 cu ADR Vest pentru proiectul de extindere a \u0218colii Gimnaziale nr. 7 \u201eSf\u00e2nta Maria\u201d. Aceast\u0103 investi\u021bie a Prim\u0103riei Municipiului Timi\u0219oara va permite organizarea cursurilor \u00eentr-un singur schimb \u0219i va asigura elevilor s\u0103li de clas\u0103 moderne.<\/strong><\/p>\n<p>\u201eEste a doua \u0219coal\u0103 pentru care ob\u021binem finan\u021bare european\u0103 \u00een ultimele dou\u0103 luni. Sunt investi\u021bii care \u00eembun\u0103t\u0103\u021besc condi\u021biile \u00een care \u00eenva\u021b\u0103 copiii acum \u0219i care vor aduce aceste \u0219coli \u00een secolul XXI. Ambele sunt \u0219coli de cartier, unde \u00eenva\u021b\u0103 un num\u0103r mare de elevi\u201d, spune primarul Dominic Fritz.<\/p>\n<p>Proiectul municipalit\u0103\u021bii prevede construirea unui nou corp de cl\u0103dire cu patru niveluri. Acesta va cuprinde 20 de s\u0103li de clas\u0103 \u0219i o sal\u0103 multifunc\u021bional\u0103 pe dou\u0103 niveluri, destinat\u0103 at\u00e2t spectacolelor, c\u00e2t \u0219i activit\u0103\u021bilor sportive. Noua cl\u0103dire va fi dotat\u0103 cu un lift pentru persoanele cu dizabilit\u0103\u021bi, pentru a asigura accesibilitatea tuturor elevilor, \u0219i cu panouri fotovoltaice \u0219i solare, care vor contribui la diminuarea costurilor de \u00eentre\u021binere.<\/p>\n<p>Contractul de finan\u021bare a fost semnat \u00een cadrul Programului Regional Vest 2021-2027, Interven\u021bia Regional\u0103 6.1.BC \u2013 \u0218coli \u0219i licee. Investi\u021bia municipalit\u0103\u021bii are o valoare total\u0103 de peste 34 de milioane de lei (inclusiv TVA) din care peste 10 milioane de lei provin de la bugetul local, iar diferen\u021ba reprezint\u0103 finan\u021bare european\u0103.<\/p>\n<p>Aceasta este cea de-a doua unitate de \u00eenv\u0103\u021b\u0103m\u00e2nt pentru care Prim\u0103ria Municipiului Timi\u0219oara ob\u021bine finan\u021bare \u00een acest an, dup\u0103 ce a accesat aproape 2 milioane de euro pentru reabilitarea termic\u0103 a corpului C1 al \u0218colii Gimnaziale nr. 16.<\/p>\n<p>De la \u00eenceputul acestui an, primarul Dominic Fritz a semnat contracte cu finan\u021bare european\u0103 prin ADR Vest pentru investi\u021bii \u00een valoare total\u0103 de peste 50 de milioane de euro: Magistrala Verde, Inelul 2 \u2013 Podurile Isho\/Ilsa, Centrul de Art\u0103 \u0219i Tehnologie Multiplexity \u0219i \u0218coala Gimnazial\u0103 16.<\/p>\n<div class=\"sharedaddy sd-sharing-enabled\">\n<div class=\"robots-nocontent sd-block sd-social sd-social-icon-text sd-sharing\">\n<h3 class=\"sd-title\">Partajeaz\u0103 asta:<\/h3>\n<div class=\"sd-content\">\n<ul>\n<li class=\"share-twitter\"><a rel=\"nofollow noopener noreferrer\" data-shared=\"sharing-twitter-40025\" class=\"share-twitter sd-button share-icon\" href=\"https:\/\/focustim.ro\/primaria-timisoara-a-obtinut-finantare-europeana-de-aproape-5-milioane-de-euro-pentru-extinderea-scolii-gimnaziale-nr-7-sfanta-maria\/?share=twitter\" target=\"_blank\" title=\"D\u0103 clic pentru a partaja pe Twitter\"><span>Twitter<\/span><\/a><\/li>\n<li class=\"share-facebook\"><a rel=\"nofollow noopener noreferrer\" data-shared=\"sharing-facebook-40025\" class=\"share-facebook sd-button share-icon\" href=\"https:\/\/focustim.ro\/primaria-timisoara-a-obtinut-finantare-europeana-de-aproape-5-milioane-de-euro-pentru-extinderea-scolii-gimnaziale-nr-7-sfanta-maria\/?share=facebook\" target=\"_blank\" title=\"D\u0103 clic pentru a partaja pe Facebook\"><span>Facebook<\/span><\/a><\/li>\n<li class=\"share-end\"><\/ul>\n<\/div>\n<\/div>\n<\/div>\n<div class=\"sharedaddy sd-block sd-like jetpack-likes-widget-wrapper jetpack-likes-widget-unloaded\" id=\"like-post-wrapper-167025405-40025-69e61f7cc522b\" data-src=\"https:\/\/widgets.wp.com\/likes\/#blog_id=167025405&amp;post_id=40025&amp;origin=focustim.ro&amp;obj_id=167025405-40025-69e61f7cc522b\" data-name=\"like-post-frame-167025405-40025-69e61f7cc522b\" data-title=\"Apreciaz\u0103 sau republic\u0103\">\n<h3 class=\"sd-title\">Apreciaz\u0103:<\/h3>\n<div class=\"likes-widget-placeholder post-likes-widget-placeholder\"><span class=\"button\"><span>Apreciere<\/span><\/span><span class=\"loading\">\u00cencarc&#8230;<\/span><\/div>\n<\/div>\n<\/div>\n<footer class=\"penci-entry-footer\">\n<div class=\"penci-source-via-tags-wrap\"><span class=\"tags-links penci-tags-links\"><a href=\"https:\/\/focustim.ro\/tag\/primarie\/\" rel=\"tag\">primarie<\/a><a href=\"https:\/\/focustim.ro\/tag\/scoala\/\" rel=\"tag\">scoala<\/a><\/span><\/div>\n<p><span class=\"penci-social-buttons penci-social-share-footer\"><span class=\"penci-social-share-text\">Distribuie<\/span><a href=\"https:\/\/focustim.ro\/primaria-timisoara-a-obtinut-finantare-europeana-de-aproape-5-milioane-de-euro-pentru-extinderea-scolii-gimnaziale-nr-7-sfanta-maria\/\" class=\"penci-post-like penci_post-meta_item  single-like-button penci-social-item like\" data-post_id=\"40025\" title=\"Like\" data-like=\"Like\" data-unlike=\"Unlike\"><span class=\"penci-share-number\">0<\/span><\/a><\/span><\/footer>\n<\/article>\n<div class=\"penci-entry-content entry-content\">\n<p><strong>Primarul Dominic Fritz a semnat contractul de finan\u021bare european\u0103 cu ADR Vest pentru proiectul de extindere a \u0218colii Gimnaziale nr. 7 \u201eSf\u00e2nta Maria\u201d. Aceast\u0103 investi\u021bie a Prim\u0103riei Municipiului Timi\u0219oara va permite organizarea cursurilor \u00eentr-un singur schimb \u0219i va asigura elevilor s\u0103li de clas\u0103 moderne.<\/strong><\/p>\n<p>\u201eEste a doua \u0219coal\u0103 pentru care ob\u021binem finan\u021bare european\u0103 \u00een ultimele dou\u0103 luni. Sunt investi\u021bii care \u00eembun\u0103t\u0103\u021besc condi\u021biile \u00een care \u00eenva\u021b\u0103 copiii acum \u0219i care vor aduce aceste \u0219coli \u00een secolul XXI. Ambele sunt \u0219coli de cartier, unde \u00eenva\u021b\u0103 un num\u0103r mare de elevi\u201d, spune primarul Dominic Fritz.<\/p>\n<p>Proiectul municipalit\u0103\u021bii prevede construirea unui nou corp de cl\u0103dire cu patru niveluri. Acesta va cuprinde 20 de s\u0103li de clas\u0103 \u0219i o sal\u0103 multifunc\u021bional\u0103 pe dou\u0103 niveluri, destinat\u0103 at\u00e2t spectacolelor, c\u00e2t \u0219i activit\u0103\u021bilor sportive. Noua cl\u0103dire va fi dotat\u0103 cu un lift pentru persoanele cu dizabilit\u0103\u021bi, pentru a asigura accesibilitatea tuturor elevilor, \u0219i cu panouri fotovoltaice \u0219i solare, care vor contribui la diminuarea costurilor de \u00eentre\u021binere.<\/p>\n<p>Contractul de finan\u021bare a fost semnat \u00een cadrul Programului Regional Vest 2021-2027, Interven\u021bia Regional\u0103 6.1.BC \u2013 \u0218coli \u0219i licee. Investi\u021bia municipalit\u0103\u021bii are o valoare total\u0103 de peste 34 de milioane de lei (inclusiv TVA) din care peste 10 milioane de lei provin de la bugetul local, iar diferen\u021ba reprezint\u0103 finan\u021bare european\u0103.<\/p>\n<p>Aceasta este cea de-a doua unitate de \u00eenv\u0103\u021b\u0103m\u00e2nt pentru care Prim\u0103ria Municipiului Timi\u0219oara ob\u021bine finan\u021bare \u00een acest an, dup\u0103 ce a accesat aproape 2 milioane de euro pentru reabilitarea termic\u0103 a corpului C1 al \u0218colii Gimnaziale nr. 16.<\/p>\n<p>De la \u00eenceputul acestui an, primarul Dominic Fritz a semnat contracte cu finan\u021bare european\u0103 prin ADR Vest pentru investi\u021bii \u00een valoare total\u0103 de peste 50 de milioane de euro: Magistrala Verde, Inelul 2 \u2013 Podurile Isho\/Ilsa, Centrul de Art\u0103 \u0219i Tehnologie Multiplexity \u0219i \u0218coala Gimnazial\u0103 16.<\/p>\n<div class=\"sharedaddy sd-sharing-enabled\">\n<div class=\"robots-nocontent sd-block sd-social sd-social-icon-text sd-sharing\">\n<h3 class=\"sd-title\">Partajeaz\u0103 asta:<\/h3>\n<div class=\"sd-content\">\n<ul>\n<li class=\"share-twitter\"><a rel=\"nofollow noopener noreferrer\" data-shared=\"sharing-twitter-40025\" class=\"share-twitter sd-button share-icon\" href=\"https:\/\/focustim.ro\/primaria-timisoara-a-obtinut-finantare-europeana-de-aproape-5-milioane-de-euro-pentru-extinderea-scolii-gimnaziale-nr-7-sfanta-maria\/?share=twitter\" target=\"_blank\" title=\"D\u0103 clic pentru a partaja pe Twitter\"><span>Twitter<\/span><\/a><\/li>\n<li class=\"share-facebook\"><a rel=\"nofollow noopener noreferrer\" data-shared=\"sharing-facebook-40025\" class=\"share-facebook sd-button share-icon\" href=\"https:\/\/focustim.ro\/primaria-timisoara-a-obtinut-finantare-europeana-de-aproape-5-milioane-de-euro-pentru-extinderea-scolii-gimnaziale-nr-7-sfanta-maria\/?share=facebook\" target=\"_blank\" title=\"D\u0103 clic pentru a partaja pe Facebook\"><span>Facebook<\/span><\/a><\/li>\n<li class=\"share-end\"><\/ul>\n<\/div>\n<\/div>\n<\/div>\n<div class=\"sharedaddy sd-block sd-like jetpack-likes-widget-wrapper jetpack-likes-widget-unloaded\" id=\"like-post-wrapper-167025405-40025-69e61f7cc522b\" data-src=\"https:\/\/widgets.wp.com\/likes\/#blog_id=167025405&amp;post_id=40025&amp;origin=focustim.ro&amp;obj_id=167025405-40025-69e61f7cc522b\" data-name=\"like-post-frame-167025405-40025-69e61f7cc522b\" data-title=\"Apreciaz\u0103 sau republic\u0103\">\n<h3 class=\"sd-title\">Apreciaz\u0103:<\/h3>\n<div class=\"likes-widget-placeholder post-likes-widget-placeholder\"><span class=\"button\"><span>Apreciere<\/span><\/span><span class=\"loading\">\u00cencarc&#8230;<\/span><\/div>\n<\/div>\n<\/div>\n<p>[analyse_source url=&#8221;https:\/\/focustim.ro\/primaria-timisoara-a-obtinut-finantare-europeana-de-aproape-5-milioane-de-euro-pentru-extinderea-scolii-gimnaziale-nr-7-sfanta-maria\/&#8221;]<\/p>\n","protected":false},"excerpt":{"rendered":"<p>[analyse_image type=&#8221;featured&#8221; src=&#8221;https:\/\/focustim.ro\/wp-content\/uploads\/2019\/10\/primaria-timisoara-1.jpg&#8221;] ActualitateAdministra\u021bieFeatured Prim\u0103ria Timi\u0219oara a ob\u021binut finan\u021bare european\u0103 de aproape 5 milioane de euro pentru extinderea \u0218colii Gimnaziale nr. 7 \u201eSf\u00e2nta Maria\u201d 20\/04\/202620\/04\/20260 Distribuie0 Primarul Dominic Fritz a semnat contractul de finan\u021bare european\u0103 cu ADR Vest pentru proiectul de extindere a \u0218colii Gimnaziale nr. 7 \u201eSf\u00e2nta Maria\u201d. Aceast\u0103 investi\u021bie a Prim\u0103riei Municipiului Timi\u0219oara [&hellip;]<\/p>\n","protected":false},"author":1,"featured_media":0,"comment_status":"open","ping_status":"","sticky":false,"template":"","format":"standard","meta":{"footnotes":""},"categories":[89],"tags":[226,197],"class_list":["post-1892346","post","type-post","status-publish","format-standard","hentry","category-romania","tag-crawlmanager","tag-focustim-ro"],"_links":{"self":[{"href":"https:\/\/analyse.optim.biz\/index.php?rest_route=\/wp\/v2\/posts\/1892346","targetHints":{"allow":["GET"]}}],"collection":[{"href":"https:\/\/analyse.optim.biz\/index.php?rest_route=\/wp\/v2\/posts"}],"about":[{"href":"https:\/\/analyse.optim.biz\/index.php?rest_route=\/wp\/v2\/types\/post"}],"author":[{"embeddable":true,"href":"https:\/\/analyse.optim.biz\/index.php?rest_route=\/wp\/v2\/users\/1"}],"replies":[{"embeddable":true,"href":"https:\/\/analyse.optim.biz\/index.php?rest_route=%2Fwp%2Fv2%2Fcomments&post=1892346"}],"version-history":[{"count":0,"href":"https:\/\/analyse.optim.biz\/index.php?rest_route=\/wp\/v2\/posts\/1892346\/revisions"}],"wp:attachment":[{"href":"https:\/\/analyse.optim.biz\/index.php?rest_route=%2Fwp%2Fv2%2Fmedia&parent=1892346"}],"wp:term":[{"taxonomy":"category","embeddable":true,"href":"https:\/\/analyse.optim.biz\/index.php?rest_route=%2Fwp%2Fv2%2Fcategories&post=1892346"},{"taxonomy":"post_tag","embeddable":true,"href":"https:\/\/analyse.optim.biz\/index.php?rest_route=%2Fwp%2Fv2%2Ftags&post=1892346"}],"curies":[{"name":"wp","href":"https:\/\/api.w.org\/{rel}","templated":true}]}}