{"id":1892343,"date":"2026-04-20T12:11:51","date_gmt":"2026-04-20T09:11:51","guid":{"rendered":"https:\/\/analyse.optim.biz\/?p=1892343"},"modified":"2026-04-20T12:11:51","modified_gmt":"2026-04-20T09:11:51","slug":"vremea-se-raceste-iar-anm-a-emis-prognoza-temperaturilor-pentru-banat","status":"publish","type":"post","link":"https:\/\/analyse.optim.biz\/?p=1892343","title":{"rendered":"Vremea se r\u0103ce\u0219te iar: ANM a emis prognoza temperaturilor pentru Banat"},"content":{"rendered":"<p>[analyse_image type=&#8221;featured&#8221; src=&#8221;https:\/\/focustim.ro\/wp-content\/uploads\/2019\/11\/meteo.jpg&#8221;]<\/p>\n<article id=\"post-40028\" class=\"penci-single-artcontent noloaddisqus post-40028 post type-post status-publish format-standard has-post-thumbnail hentry category-actualitate category-featured category-meteo tag-anm tag-meteo penci-post-item\">\n<header class=\"entry-header penci-entry-header penci-title-\">\n<div class=\"penci-entry-categories\"><span class=\"penci-cat-links\"><a href=\"https:\/\/focustim.ro\/category\/actualitate\/\" rel=\"category tag\">Actualitate<\/a><a href=\"https:\/\/focustim.ro\/category\/featured\/\" rel=\"category tag\">Featured<\/a><a href=\"https:\/\/focustim.ro\/category\/meteo\/\" rel=\"category tag\">Meteo<\/a><\/span><\/div>\n<h1 class=\"entry-title penci-entry-title penci-title-\">Vremea se r\u0103ce\u0219te iar: ANM a emis prognoza temperaturilor pentru Banat<\/h1>\n<div class=\"entry-meta penci-entry-meta\"><span class=\"entry-meta-item penci-posted-on\"><time class=\"entry-date published\" datetime=\"2026-04-20T15:11:51+03:00\">20\/04\/2026<\/time><time class=\"updated\" datetime=\"2026-04-20T15:11:57+03:00\">20\/04\/2026<\/time><\/span><span class=\"entry-meta-item penci-comment-count\"><a class=\"penci_pmeta-link\" href=\"https:\/\/focustim.ro\/vremea-se-raceste-iar-anm-a-emis-prognoza-temperaturilor-pentru-banat\/#respond\">0<\/a><\/span><\/div>\n<p><span class=\"penci-social-buttons penci-social-share-footer\"><span class=\"penci-social-share-text\">Distribuie<\/span><a href=\"https:\/\/focustim.ro\/vremea-se-raceste-iar-anm-a-emis-prognoza-temperaturilor-pentru-banat\/\" class=\"penci-post-like penci_post-meta_item  single-like-button penci-social-item like\" data-post_id=\"40028\" title=\"Like\" data-like=\"Like\" data-unlike=\"Unlike\"><span class=\"penci-share-number\">0<\/span><\/a><\/span><\/header>\n<div class=\"entry-media penci-entry-media\">\n<div class=\"post-format-meta \">\n<div class=\"post-image penci-standard-format\"><img decoding=\"async\" width=\"224\" height=\"225\" src=\"https:\/\/focustim.ro\/wp-content\/uploads\/2019\/11\/meteo.jpg\" class=\"attachment-penci-thumb-960-auto size-penci-thumb-960-auto wp-post-image\" alt=\"meteo\" loading=\"lazy\"><\/div>\n<\/div>\n<\/div>\n<div class=\"penci-entry-content entry-content\">\n<p><strong>Vremea se r\u0103ce\u0219te din nou la Timi\u0219oara. ANM a emis prognoza cu temperaturile a\u0219teptate \u00een. urm\u0103toarele zile.<\/strong><\/p>\n<p>Vremea se r\u0103ce\u0219te semnificativ fa\u021b\u0103 de normalul perioadei. R\u0103cirea afecteaz\u0103 toate regiunile \u021b\u0103rii \u0219i va fi resim\u021bit\u0103 mai ales \u00een a doua parte a s\u0103pt\u0103m\u00e2nii.<\/p>\n<p>\u00cen Banat, maximele oscileaz\u0103 \u00eentre 14 \u0219i 16 grade p\u00e2n\u0103 pe 23 aprilie. Minimele coboar\u0103 spre 2 grade. O u\u0219oar\u0103 \u00eenc\u0103lzire este a\u0219teptat\u0103 \u00een 24 \u0219i 25 aprilie. \u00centre 26 \u0219i 28 aprilie, temperaturile scad din nou. Maximele ajung la 16 grade ziua, minimele la 4 grade noaptea. Spre \u00eenceputul lui mai, maximele urc\u0103 spre 20 de grade.<\/p>\n<div class=\"sharedaddy sd-sharing-enabled\">\n<div class=\"robots-nocontent sd-block sd-social sd-social-icon-text sd-sharing\">\n<h3 class=\"sd-title\">Partajeaz\u0103 asta:<\/h3>\n<div class=\"sd-content\">\n<ul>\n<li class=\"share-twitter\"><a rel=\"nofollow noopener noreferrer\" data-shared=\"sharing-twitter-40028\" class=\"share-twitter sd-button share-icon\" href=\"https:\/\/focustim.ro\/vremea-se-raceste-iar-anm-a-emis-prognoza-temperaturilor-pentru-banat\/?share=twitter\" target=\"_blank\" title=\"D\u0103 clic pentru a partaja pe Twitter\"><span>Twitter<\/span><\/a><\/li>\n<li class=\"share-facebook\"><a rel=\"nofollow noopener noreferrer\" data-shared=\"sharing-facebook-40028\" class=\"share-facebook sd-button share-icon\" href=\"https:\/\/focustim.ro\/vremea-se-raceste-iar-anm-a-emis-prognoza-temperaturilor-pentru-banat\/?share=facebook\" target=\"_blank\" title=\"D\u0103 clic pentru a partaja pe Facebook\"><span>Facebook<\/span><\/a><\/li>\n<li class=\"share-end\"><\/ul>\n<\/div>\n<\/div>\n<\/div>\n<div class=\"sharedaddy sd-block sd-like jetpack-likes-widget-wrapper jetpack-likes-widget-unloaded\" id=\"like-post-wrapper-167025405-40028-69e618242b553\" data-src=\"https:\/\/widgets.wp.com\/likes\/#blog_id=167025405&amp;post_id=40028&amp;origin=focustim.ro&amp;obj_id=167025405-40028-69e618242b553\" data-name=\"like-post-frame-167025405-40028-69e618242b553\" data-title=\"Apreciaz\u0103 sau republic\u0103\">\n<h3 class=\"sd-title\">Apreciaz\u0103:<\/h3>\n<div class=\"likes-widget-placeholder post-likes-widget-placeholder\"><span class=\"button\"><span>Apreciere<\/span><\/span><span class=\"loading\">\u00cencarc&#8230;<\/span><\/div>\n<\/div>\n<\/div>\n<footer class=\"penci-entry-footer\">\n<div class=\"penci-source-via-tags-wrap\"><span class=\"tags-links penci-tags-links\"><a href=\"https:\/\/focustim.ro\/tag\/anm\/\" rel=\"tag\">ANM<\/a><a href=\"https:\/\/focustim.ro\/tag\/meteo\/\" rel=\"tag\">meteo<\/a><\/span><\/div>\n<p><span class=\"penci-social-buttons penci-social-share-footer\"><span class=\"penci-social-share-text\">Distribuie<\/span><a href=\"https:\/\/focustim.ro\/vremea-se-raceste-iar-anm-a-emis-prognoza-temperaturilor-pentru-banat\/\" class=\"penci-post-like penci_post-meta_item  single-like-button penci-social-item like\" data-post_id=\"40028\" title=\"Like\" data-like=\"Like\" data-unlike=\"Unlike\"><span class=\"penci-share-number\">0<\/span><\/a><\/span><\/footer>\n<\/article>\n<div class=\"penci-entry-content entry-content\">\n<p><strong>Vremea se r\u0103ce\u0219te din nou la Timi\u0219oara. ANM a emis prognoza cu temperaturile a\u0219teptate \u00een. urm\u0103toarele zile.<\/strong><\/p>\n<p>Vremea se r\u0103ce\u0219te semnificativ fa\u021b\u0103 de normalul perioadei. R\u0103cirea afecteaz\u0103 toate regiunile \u021b\u0103rii \u0219i va fi resim\u021bit\u0103 mai ales \u00een a doua parte a s\u0103pt\u0103m\u00e2nii.<\/p>\n<p>\u00cen Banat, maximele oscileaz\u0103 \u00eentre 14 \u0219i 16 grade p\u00e2n\u0103 pe 23 aprilie. Minimele coboar\u0103 spre 2 grade. O u\u0219oar\u0103 \u00eenc\u0103lzire este a\u0219teptat\u0103 \u00een 24 \u0219i 25 aprilie. \u00centre 26 \u0219i 28 aprilie, temperaturile scad din nou. Maximele ajung la 16 grade ziua, minimele la 4 grade noaptea. Spre \u00eenceputul lui mai, maximele urc\u0103 spre 20 de grade.<\/p>\n<div class=\"sharedaddy sd-sharing-enabled\">\n<div class=\"robots-nocontent sd-block sd-social sd-social-icon-text sd-sharing\">\n<h3 class=\"sd-title\">Partajeaz\u0103 asta:<\/h3>\n<div class=\"sd-content\">\n<ul>\n<li class=\"share-twitter\"><a rel=\"nofollow noopener noreferrer\" data-shared=\"sharing-twitter-40028\" class=\"share-twitter sd-button share-icon\" href=\"https:\/\/focustim.ro\/vremea-se-raceste-iar-anm-a-emis-prognoza-temperaturilor-pentru-banat\/?share=twitter\" target=\"_blank\" title=\"D\u0103 clic pentru a partaja pe Twitter\"><span>Twitter<\/span><\/a><\/li>\n<li class=\"share-facebook\"><a rel=\"nofollow noopener noreferrer\" data-shared=\"sharing-facebook-40028\" class=\"share-facebook sd-button share-icon\" href=\"https:\/\/focustim.ro\/vremea-se-raceste-iar-anm-a-emis-prognoza-temperaturilor-pentru-banat\/?share=facebook\" target=\"_blank\" title=\"D\u0103 clic pentru a partaja pe Facebook\"><span>Facebook<\/span><\/a><\/li>\n<li class=\"share-end\"><\/ul>\n<\/div>\n<\/div>\n<\/div>\n<div class=\"sharedaddy sd-block sd-like jetpack-likes-widget-wrapper jetpack-likes-widget-unloaded\" id=\"like-post-wrapper-167025405-40028-69e618242b553\" data-src=\"https:\/\/widgets.wp.com\/likes\/#blog_id=167025405&amp;post_id=40028&amp;origin=focustim.ro&amp;obj_id=167025405-40028-69e618242b553\" data-name=\"like-post-frame-167025405-40028-69e618242b553\" data-title=\"Apreciaz\u0103 sau republic\u0103\">\n<h3 class=\"sd-title\">Apreciaz\u0103:<\/h3>\n<div class=\"likes-widget-placeholder post-likes-widget-placeholder\"><span class=\"button\"><span>Apreciere<\/span><\/span><span class=\"loading\">\u00cencarc&#8230;<\/span><\/div>\n<\/div>\n<\/div>\n<p>[analyse_source url=&#8221;https:\/\/focustim.ro\/vremea-se-raceste-iar-anm-a-emis-prognoza-temperaturilor-pentru-banat\/&#8221;]<\/p>\n","protected":false},"excerpt":{"rendered":"<p>[analyse_image type=&#8221;featured&#8221; src=&#8221;https:\/\/focustim.ro\/wp-content\/uploads\/2019\/11\/meteo.jpg&#8221;] ActualitateFeaturedMeteo Vremea se r\u0103ce\u0219te iar: ANM a emis prognoza temperaturilor pentru Banat 20\/04\/202620\/04\/20260 Distribuie0 Vremea se r\u0103ce\u0219te din nou la Timi\u0219oara. ANM a emis prognoza cu temperaturile a\u0219teptate \u00een. urm\u0103toarele zile. Vremea se r\u0103ce\u0219te semnificativ fa\u021b\u0103 de normalul perioadei. R\u0103cirea afecteaz\u0103 toate regiunile \u021b\u0103rii \u0219i va fi resim\u021bit\u0103 mai ales \u00een a [&hellip;]<\/p>\n","protected":false},"author":1,"featured_media":0,"comment_status":"open","ping_status":"","sticky":false,"template":"","format":"standard","meta":{"footnotes":""},"categories":[89],"tags":[226,197],"class_list":["post-1892343","post","type-post","status-publish","format-standard","hentry","category-romania","tag-crawlmanager","tag-focustim-ro"],"_links":{"self":[{"href":"https:\/\/analyse.optim.biz\/index.php?rest_route=\/wp\/v2\/posts\/1892343","targetHints":{"allow":["GET"]}}],"collection":[{"href":"https:\/\/analyse.optim.biz\/index.php?rest_route=\/wp\/v2\/posts"}],"about":[{"href":"https:\/\/analyse.optim.biz\/index.php?rest_route=\/wp\/v2\/types\/post"}],"author":[{"embeddable":true,"href":"https:\/\/analyse.optim.biz\/index.php?rest_route=\/wp\/v2\/users\/1"}],"replies":[{"embeddable":true,"href":"https:\/\/analyse.optim.biz\/index.php?rest_route=%2Fwp%2Fv2%2Fcomments&post=1892343"}],"version-history":[{"count":0,"href":"https:\/\/analyse.optim.biz\/index.php?rest_route=\/wp\/v2\/posts\/1892343\/revisions"}],"wp:attachment":[{"href":"https:\/\/analyse.optim.biz\/index.php?rest_route=%2Fwp%2Fv2%2Fmedia&parent=1892343"}],"wp:term":[{"taxonomy":"category","embeddable":true,"href":"https:\/\/analyse.optim.biz\/index.php?rest_route=%2Fwp%2Fv2%2Fcategories&post=1892343"},{"taxonomy":"post_tag","embeddable":true,"href":"https:\/\/analyse.optim.biz\/index.php?rest_route=%2Fwp%2Fv2%2Ftags&post=1892343"}],"curies":[{"name":"wp","href":"https:\/\/api.w.org\/{rel}","templated":true}]}}