{"id":1892298,"date":"2026-04-19T16:03:31","date_gmt":"2026-04-19T13:03:31","guid":{"rendered":"https:\/\/analyse.optim.biz\/?p=1892298"},"modified":"2026-04-19T16:03:31","modified_gmt":"2026-04-19T13:03:31","slug":"tragedie-la-vama-un-motociclist-de-17-ani-si-a-pierdut-viata-dupa-o-coliziune-cu-un-bmw","status":"publish","type":"post","link":"https:\/\/analyse.optim.biz\/?p=1892298","title":{"rendered":"Tragedie la Vama: Un motociclist de 17 ani \u0219i-a pierdut via\u021ba dup\u0103 o coliziune cu un BMW"},"content":{"rendered":"<p>[analyse_image type=&#8221;featured&#8221; src=&#8221;https:\/\/www.newsbucovina.ro\/wp-content\/uploads\/2026\/04\/674285844_1561266145999195_5941564447584636465_n.jpghttps:\/\/cdn.newsbucovina.ro\/wp-content\/uploads\/2026\/04\/674285844_1561266145999195_5941564447584636465_n.jpg&#8221;]<\/p>\n<div class=\"td-post-content tagdiv-type\">\n<div class=\"td-a-rec td-a-rec-id-content_top  tdi_3 td_block_template_1\"><strong>Intr\u0103 acum \u0219i \u00een grupul de <\/p>\n<div class=\"wp-block-button\"><a class=\"wp-block-button__link wp-element-button\" href=\"https:\/\/t.me\/+TH8wcfnp8fw5NWI0\">Telegram News Bucovina<\/a><\/div>\n<p><\/strong><\/div>\n<p>Un grav accident rutier petrecut duminic\u0103 dup\u0103-amiaz\u0103 pe DN17, \u00een comuna Vama, s-a soldat cu decesul unui t\u00e2n\u0103r motociclist de 17 ani din C\u00e2mpulung Moldovenesc.<\/p>\n<div class=\"wp-block-image\">\n<figure class=\"aligncenter size-full\"><a href=\"https:\/\/cdn.newsbucovina.ro\/wp-content\/uploads\/2026\/04\/674285844_1561266145999195_5941564447584636465_n.jpg\"><img loading=\"lazy\" decoding=\"async\" width=\"831\" height=\"467\" src=\"https:\/\/cdn.newsbucovina.ro\/wp-content\/uploads\/2026\/04\/674285844_1561266145999195_5941564447584636465_n.jpg\" alt class=\"wp-image-436530\"><\/a><\/figure>\n<\/div>\n<p>Evenimentul a avut loc \u00een jurul orei 14:25, pe raza comunei Vama.<\/p>\n<p>Potrivit primelor date din ancheta poli\u021bi\u0219tilor, o t\u00e2n\u0103r\u0103 de 20 de ani din Vama, Maria R. conducea un autoturism marca BMW pe direc\u021bia Gura Humorului \u2013 C\u00e2mpulung Moldovenesc. Ajuns\u0103 \u00een dreptul str\u0103zii 1 Mai, femeia a efectuat un viraj la st\u00e2nga pentru a intra pe drumul secundar, f\u0103r\u0103 s\u0103 acorde prioritate de trecere unei motociclete Yamaha care circula din sens opus, din direc\u021bia C\u00e2mpulung Moldovenesc c\u0103tre Frasin.<\/p>\n<p>Cele dou\u0103 vehicule au intrat \u00een coliziune, iar motociclistul, Alexandru M., \u00een v\u00e2rst\u0103 de 17 ani, din municipiul C\u00e2mpulung Moldovenesc, a suferit leziuni grave \u0219i a fost transportat de urgen\u021b\u0103 la Spitalul Jude\u021bean Suceava. Din p\u0103cate, \u00een jurul orei 17:15, medicii au declarat decesul t\u00e2n\u0103rului.<\/p>\n<p>Conduc\u0103toarea autoturismului a fost testat\u0103 cu aparatul etilotest, rezultatul fiind negativ. I s-au recoltat \u0219i probe biologice. Ea de\u021bine permis de conducere valabil. Motociclistul a fost, de asemenea, testat pasiv, rezultatul fiind negativ, iar \u0219i lui i s-au recoltat probe biologice. T\u00e2n\u0103rul poseda permis de conducere, \u00eens\u0103 motocicleta pe care o conducea nu avea asigurare RCA valabil\u0103.<\/p>\n<p>Poli\u021bi\u0219tii din cadrul Poli\u021biei Municipiului C\u00e2mpulung Moldovenesc au \u00eentocmit dosar penal sub aspectul s\u0103v\u00e2r\u0219irii infrac\u021biunii de \u201eucidere din culp\u0103\u201d. Cercet\u0103rile continu\u0103 sub coordonarea Parchetului competent, pentru stabilirea exact\u0103 a \u00eemprejur\u0103rilor producerii accidentului.<\/p>\n<p>Din primele verific\u0103ri, cauza principal\u0103 pare a fi neacordarea priorit\u0103\u021bii de trecere de c\u0103tre conduc\u0103toarea auto, combinat\u0103 cu viteza excesiv\u0103 a motociclistului.<\/p>\n<div class=\"td-a-rec td-a-rec-id-content_bottom  tdi_4 td_block_template_1\"><strong>Intr\u0103 acum \u0219i \u00een grupul de <\/p>\n<div class=\"wp-block-button\"><a class=\"wp-block-button__link wp-element-button\" href=\"https:\/\/t.me\/+TH8wcfnp8fw5NWI0\">Telegram News Bucovina<\/a><\/div>\n<p><\/strong><\/div>\n<\/div>\n<div class=\"td-post-content tagdiv-type\">\n<div class=\"td-a-rec td-a-rec-id-content_top  tdi_3 td_block_template_1\"><strong>Intr\u0103 acum \u0219i \u00een grupul de <\/p>\n<div class=\"wp-block-button\"><a class=\"wp-block-button__link wp-element-button\" href=\"https:\/\/t.me\/+TH8wcfnp8fw5NWI0\">Telegram News Bucovina<\/a><\/div>\n<p><\/strong><\/div>\n<p>Un grav accident rutier petrecut duminic\u0103 dup\u0103-amiaz\u0103 pe DN17, \u00een comuna Vama, s-a soldat cu decesul unui t\u00e2n\u0103r motociclist de 17 ani din C\u00e2mpulung Moldovenesc.<\/p>\n<div class=\"wp-block-image\">\n<figure class=\"aligncenter size-full\"><a href=\"https:\/\/cdn.newsbucovina.ro\/wp-content\/uploads\/2026\/04\/674285844_1561266145999195_5941564447584636465_n.jpg\"><img loading=\"lazy\" decoding=\"async\" width=\"831\" height=\"467\" src=\"https:\/\/cdn.newsbucovina.ro\/wp-content\/uploads\/2026\/04\/674285844_1561266145999195_5941564447584636465_n.jpg\" alt class=\"wp-image-436530\"><\/a><\/figure>\n<\/div>\n<p>Evenimentul a avut loc \u00een jurul orei 14:25, pe raza comunei Vama.<\/p>\n<p>Potrivit primelor date din ancheta poli\u021bi\u0219tilor, o t\u00e2n\u0103r\u0103 de 20 de ani din Vama, Maria R. conducea un autoturism marca BMW pe direc\u021bia Gura Humorului \u2013 C\u00e2mpulung Moldovenesc. Ajuns\u0103 \u00een dreptul str\u0103zii 1 Mai, femeia a efectuat un viraj la st\u00e2nga pentru a intra pe drumul secundar, f\u0103r\u0103 s\u0103 acorde prioritate de trecere unei motociclete Yamaha care circula din sens opus, din direc\u021bia C\u00e2mpulung Moldovenesc c\u0103tre Frasin.<\/p>\n<p>Cele dou\u0103 vehicule au intrat \u00een coliziune, iar motociclistul, Alexandru M., \u00een v\u00e2rst\u0103 de 17 ani, din municipiul C\u00e2mpulung Moldovenesc, a suferit leziuni grave \u0219i a fost transportat de urgen\u021b\u0103 la Spitalul Jude\u021bean Suceava. Din p\u0103cate, \u00een jurul orei 17:15, medicii au declarat decesul t\u00e2n\u0103rului.<\/p>\n<p>Conduc\u0103toarea autoturismului a fost testat\u0103 cu aparatul etilotest, rezultatul fiind negativ. I s-au recoltat \u0219i probe biologice. Ea de\u021bine permis de conducere valabil. Motociclistul a fost, de asemenea, testat pasiv, rezultatul fiind negativ, iar \u0219i lui i s-au recoltat probe biologice. T\u00e2n\u0103rul poseda permis de conducere, \u00eens\u0103 motocicleta pe care o conducea nu avea asigurare RCA valabil\u0103.<\/p>\n<p>Poli\u021bi\u0219tii din cadrul Poli\u021biei Municipiului C\u00e2mpulung Moldovenesc au \u00eentocmit dosar penal sub aspectul s\u0103v\u00e2r\u0219irii infrac\u021biunii de \u201eucidere din culp\u0103\u201d. Cercet\u0103rile continu\u0103 sub coordonarea Parchetului competent, pentru stabilirea exact\u0103 a \u00eemprejur\u0103rilor producerii accidentului.<\/p>\n<p>Din primele verific\u0103ri, cauza principal\u0103 pare a fi neacordarea priorit\u0103\u021bii de trecere de c\u0103tre conduc\u0103toarea auto, combinat\u0103 cu viteza excesiv\u0103 a motociclistului.<\/p>\n<div class=\"td-a-rec td-a-rec-id-content_bottom  tdi_4 td_block_template_1\"><strong>Intr\u0103 acum \u0219i \u00een grupul de <\/p>\n<div class=\"wp-block-button\"><a class=\"wp-block-button__link wp-element-button\" href=\"https:\/\/t.me\/+TH8wcfnp8fw5NWI0\">Telegram News Bucovina<\/a><\/div>\n<p><\/strong><\/div>\n<\/div>\n<p>[analyse_source url=&#8221;https:\/\/www.newsbucovina.ro\/actualitate\/436529\/tragedie-la-vama-un-motociclist-de-17-ani-si-a-pierdut-viata-dupa-o-coliziune-cu-un-bmw&#8221;]<\/p>\n","protected":false},"excerpt":{"rendered":"<p>[analyse_image type=&#8221;featured&#8221; src=&#8221;https:\/\/www.newsbucovina.ro\/wp-content\/uploads\/2026\/04\/674285844_1561266145999195_5941564447584636465_n.jpghttps:\/\/cdn.newsbucovina.ro\/wp-content\/uploads\/2026\/04\/674285844_1561266145999195_5941564447584636465_n.jpg&#8221;] Intr\u0103 acum \u0219i \u00een grupul de Telegram News Bucovina Un grav accident rutier petrecut duminic\u0103 dup\u0103-amiaz\u0103 pe DN17, \u00een comuna Vama, s-a soldat cu decesul unui t\u00e2n\u0103r motociclist de 17 ani din C\u00e2mpulung Moldovenesc. Evenimentul a avut loc \u00een jurul orei 14:25, pe raza comunei Vama. Potrivit primelor date din ancheta poli\u021bi\u0219tilor, [&hellip;]<\/p>\n","protected":false},"author":1,"featured_media":0,"comment_status":"open","ping_status":"","sticky":false,"template":"","format":"standard","meta":{"footnotes":""},"categories":[89],"tags":[226,165],"class_list":["post-1892298","post","type-post","status-publish","format-standard","hentry","category-romania","tag-crawlmanager","tag-newsbucovina-ro"],"_links":{"self":[{"href":"https:\/\/analyse.optim.biz\/index.php?rest_route=\/wp\/v2\/posts\/1892298","targetHints":{"allow":["GET"]}}],"collection":[{"href":"https:\/\/analyse.optim.biz\/index.php?rest_route=\/wp\/v2\/posts"}],"about":[{"href":"https:\/\/analyse.optim.biz\/index.php?rest_route=\/wp\/v2\/types\/post"}],"author":[{"embeddable":true,"href":"https:\/\/analyse.optim.biz\/index.php?rest_route=\/wp\/v2\/users\/1"}],"replies":[{"embeddable":true,"href":"https:\/\/analyse.optim.biz\/index.php?rest_route=%2Fwp%2Fv2%2Fcomments&post=1892298"}],"version-history":[{"count":0,"href":"https:\/\/analyse.optim.biz\/index.php?rest_route=\/wp\/v2\/posts\/1892298\/revisions"}],"wp:attachment":[{"href":"https:\/\/analyse.optim.biz\/index.php?rest_route=%2Fwp%2Fv2%2Fmedia&parent=1892298"}],"wp:term":[{"taxonomy":"category","embeddable":true,"href":"https:\/\/analyse.optim.biz\/index.php?rest_route=%2Fwp%2Fv2%2Fcategories&post=1892298"},{"taxonomy":"post_tag","embeddable":true,"href":"https:\/\/analyse.optim.biz\/index.php?rest_route=%2Fwp%2Fv2%2Ftags&post=1892298"}],"curies":[{"name":"wp","href":"https:\/\/api.w.org\/{rel}","templated":true}]}}