{"id":1892294,"date":"2026-04-19T13:32:03","date_gmt":"2026-04-19T10:32:03","guid":{"rendered":"https:\/\/analyse.optim.biz\/?p=1892294"},"modified":"2026-04-19T13:32:03","modified_gmt":"2026-04-19T10:32:03","slug":"mentiune-pentru-o-eleva-de-clasa-a-cincea-de-la-scoala-gimnaziala-milisauti-la-olimpiada-nationala-de-limba-si-literatura-romana-gimnaziu-2026","status":"publish","type":"post","link":"https:\/\/analyse.optim.biz\/?p=1892294","title":{"rendered":"Men\u021biune pentru o elev\u0103 de clasa a cincea de la \u0218coala Gimnazial\u0103 Mili\u0219\u0103u\u021bi la Olimpiada Na\u021bional\u0103 de Limba \u0219i Literatura Rom\u00e2n\u0103 (gimnaziu) 2026"},"content":{"rendered":"<p>[analyse_image type=&#8221;featured&#8221; src=&#8221;https:\/\/www.newsbucovina.ro\/wp-content\/uploads\/2026\/04\/672681863_1449332977204704_5291231231474865222_n.jpghttps:\/\/cdn.newsbucovina.ro\/wp-content\/uploads\/2026\/04\/672681863_1449332977204704_5291231231474865222_n.jpg&#8221;]<\/p>\n<div class=\"td-post-content tagdiv-type\">\n<div class=\"td-a-rec td-a-rec-id-content_top  tdi_3 td_block_template_1\"><strong>Intr\u0103 acum \u0219i \u00een grupul de <\/p>\n<div class=\"wp-block-button\"><a class=\"wp-block-button__link wp-element-button\" href=\"https:\/\/t.me\/+TH8wcfnp8fw5NWI0\">Telegram News Bucovina<\/a><\/div>\n<p><\/strong><\/div>\n<p>Lotul jude\u021bului Suceava a reprezentat cu onoare \u0219i creativitate \u00eenv\u0103\u021b\u0103m\u00e2ntul sucevean la etapa na\u021bional\u0103 a Olimpiadei de Limba \u0219i Literatura Rom\u00e2n\u0103 pentru elevii de gimnaziu, care s-a desf\u0103\u0219urat \u00een perioada 14-18 aprilie 2026 la Cluj-Napoca.<\/p>\n<div class=\"wp-block-image\">\n<figure class=\"aligncenter size-full\"><a href=\"https:\/\/cdn.newsbucovina.ro\/wp-content\/uploads\/2026\/04\/672683387_1449332900538045_9078001365438679766_n.jpg\"><img loading=\"lazy\" decoding=\"async\" width=\"739\" height=\"416\" src=\"https:\/\/cdn.newsbucovina.ro\/wp-content\/uploads\/2026\/04\/672683387_1449332900538045_9078001365438679766_n.jpg\" alt class=\"wp-image-436492\"><\/a><\/figure>\n<\/div>\n<p>Cea mai important\u0103 performan\u021b\u0103 a lotului sucevean a fost <strong>men\u021biunea acordat\u0103 de Ministerul Educa\u021biei \u0219i Cercet\u0103rii<\/strong> elevei <strong>Onesemniuc G. Maria<\/strong>, clasa a V-a, de la \u0218coala Gimnazial\u0103 Mili\u0219\u0103u\u021bi, coordonat\u0103 de prof. Marciuc Adriana.<\/p>\n<p>Al\u0103turi de ea, lotul jude\u021bului Suceava a fost format din urm\u0103toarele eleve:<\/p>\n<ul class=\"wp-block-list\">\n<li><strong>Clasa a VI-a<\/strong>: Maidaniuc M. Mara-Gabriela, \u0218coala Gimnazial\u0103 \u201ePetru Mu\u0219at\u201d Siret, prof. \u00eendrum\u0103tor Fraseniuc Camelia-Elena;<\/li>\n<li><strong>Clasa a VII-a<\/strong>: Podaru M.S. Andreea-Iustina, \u0218coala Gimnazial\u0103 Nr. 4 Suceava, prof. \u00eendrum\u0103tor Zegrea Angela-Br\u00e2ndu\u0219a;<\/li>\n<li><strong>Clasa a VIII-a<\/strong>: \u0218tir D.M. Adelina-Maria, \u0218coala Gimnazial\u0103 Nr. 1 Suceava, prof. \u00eendrum\u0103tor Domunco Elena-Iuliana.<\/li>\n<\/ul>\n<p>Lotul a fost \u00eenso\u021bit de doamna prof. <strong>Zegrea Angela-Br\u00eendu\u0219a<\/strong> de la \u0218coala Gimnazial\u0103 Nr. 4 Suceava, care a oferit sprijin constant elevilor pe parcursul competi\u021biei. Coordonarea \u00eentregii activit\u0103\u021bi a fost asigurat\u0103 de domnul inspector \u0219colar prof. <strong>Ilie-Cristian Gorcea<\/strong>.<\/p>\n<p>Competi\u021bia de la Cluj-Napoca a reunit cei mai talenta\u021bi elevi de gimnaziu din \u00eentreaga \u021bar\u0103, iar participarea sucevenilor a demonstrat \u00eenc\u0103 o dat\u0103 pasiunea \u0219i preg\u0103tirea solid\u0103 a elevilor suceveni pentru limba \u0219i literatura rom\u00e2n\u0103.<\/p>\n<p>\u201eSuntem m\u00e2ndri de ace\u0219ti tineri talenta\u021bi care duc mai departe dragostea pentru limba rom\u00e2n\u0103 \u0219i prestigiul \u00eenv\u0103\u021b\u0103m\u00e2ntului sucevean\u201d, transmit reprezentan\u021bii Inspectoratului \u0218colar Jude\u021bean Suceava.<\/p>\n<figure class=\"wp-block-embed is-type-video is-provider-youtube wp-block-embed-youtube wp-embed-aspect-16-9 wp-has-aspect-ratio\">\n<div class=\"wp-block-embed__wrapper\">\n<div class=\"youtube-embed\" data-video_id=\"Y_YGnvSxPg0\"><iframe loading=\"lazy\" title=\"Zmeii din Republica R\u0103d\u0103u\u021bi lovesc din nou!! Blonda de la Poli\u021bie vs. Bruneta de pe \"strasse\"!!\" width=\"696\" height=\"392\" src=\"https:\/\/www.youtube.com\/embed\/Y_YGnvSxPg0?start=36&amp;feature=oembed\" frameborder allow=\"accelerometer; autoplay; clipboard-write; encrypted-media; gyroscope; picture-in-picture; web-share\" referrerpolicy=\"strict-origin-when-cross-origin\" allowfullscreen><\/iframe><\/div>\n<\/div>\n<\/figure>\n<div class=\"td-a-rec td-a-rec-id-content_bottom  tdi_4 td_block_template_1\"><strong>Intr\u0103 acum \u0219i \u00een grupul de <\/p>\n<div class=\"wp-block-button\"><a class=\"wp-block-button__link wp-element-button\" href=\"https:\/\/t.me\/+TH8wcfnp8fw5NWI0\">Telegram News Bucovina<\/a><\/div>\n<p><\/strong><\/div>\n<\/div>\n<div class=\"td-post-content tagdiv-type\">\n<div class=\"td-a-rec td-a-rec-id-content_top  tdi_3 td_block_template_1\"><strong>Intr\u0103 acum \u0219i \u00een grupul de <\/p>\n<div class=\"wp-block-button\"><a class=\"wp-block-button__link wp-element-button\" href=\"https:\/\/t.me\/+TH8wcfnp8fw5NWI0\">Telegram News Bucovina<\/a><\/div>\n<p><\/strong><\/div>\n<p>Lotul jude\u021bului Suceava a reprezentat cu onoare \u0219i creativitate \u00eenv\u0103\u021b\u0103m\u00e2ntul sucevean la etapa na\u021bional\u0103 a Olimpiadei de Limba \u0219i Literatura Rom\u00e2n\u0103 pentru elevii de gimnaziu, care s-a desf\u0103\u0219urat \u00een perioada 14-18 aprilie 2026 la Cluj-Napoca.<\/p>\n<div class=\"wp-block-image\">\n<figure class=\"aligncenter size-full\"><a href=\"https:\/\/cdn.newsbucovina.ro\/wp-content\/uploads\/2026\/04\/672683387_1449332900538045_9078001365438679766_n.jpg\"><img loading=\"lazy\" decoding=\"async\" width=\"739\" height=\"416\" src=\"https:\/\/cdn.newsbucovina.ro\/wp-content\/uploads\/2026\/04\/672683387_1449332900538045_9078001365438679766_n.jpg\" alt class=\"wp-image-436492\"><\/a><\/figure>\n<\/div>\n<p>Cea mai important\u0103 performan\u021b\u0103 a lotului sucevean a fost <strong>men\u021biunea acordat\u0103 de Ministerul Educa\u021biei \u0219i Cercet\u0103rii<\/strong> elevei <strong>Onesemniuc G. Maria<\/strong>, clasa a V-a, de la \u0218coala Gimnazial\u0103 Mili\u0219\u0103u\u021bi, coordonat\u0103 de prof. Marciuc Adriana.<\/p>\n<p>Al\u0103turi de ea, lotul jude\u021bului Suceava a fost format din urm\u0103toarele eleve:<\/p>\n<ul class=\"wp-block-list\">\n<li><strong>Clasa a VI-a<\/strong>: Maidaniuc M. Mara-Gabriela, \u0218coala Gimnazial\u0103 \u201ePetru Mu\u0219at\u201d Siret, prof. \u00eendrum\u0103tor Fraseniuc Camelia-Elena;<\/li>\n<li><strong>Clasa a VII-a<\/strong>: Podaru M.S. Andreea-Iustina, \u0218coala Gimnazial\u0103 Nr. 4 Suceava, prof. \u00eendrum\u0103tor Zegrea Angela-Br\u00e2ndu\u0219a;<\/li>\n<li><strong>Clasa a VIII-a<\/strong>: \u0218tir D.M. Adelina-Maria, \u0218coala Gimnazial\u0103 Nr. 1 Suceava, prof. \u00eendrum\u0103tor Domunco Elena-Iuliana.<\/li>\n<\/ul>\n<p>Lotul a fost \u00eenso\u021bit de doamna prof. <strong>Zegrea Angela-Br\u00eendu\u0219a<\/strong> de la \u0218coala Gimnazial\u0103 Nr. 4 Suceava, care a oferit sprijin constant elevilor pe parcursul competi\u021biei. Coordonarea \u00eentregii activit\u0103\u021bi a fost asigurat\u0103 de domnul inspector \u0219colar prof. <strong>Ilie-Cristian Gorcea<\/strong>.<\/p>\n<p>Competi\u021bia de la Cluj-Napoca a reunit cei mai talenta\u021bi elevi de gimnaziu din \u00eentreaga \u021bar\u0103, iar participarea sucevenilor a demonstrat \u00eenc\u0103 o dat\u0103 pasiunea \u0219i preg\u0103tirea solid\u0103 a elevilor suceveni pentru limba \u0219i literatura rom\u00e2n\u0103.<\/p>\n<p>\u201eSuntem m\u00e2ndri de ace\u0219ti tineri talenta\u021bi care duc mai departe dragostea pentru limba rom\u00e2n\u0103 \u0219i prestigiul \u00eenv\u0103\u021b\u0103m\u00e2ntului sucevean\u201d, transmit reprezentan\u021bii Inspectoratului \u0218colar Jude\u021bean Suceava.<\/p>\n<figure class=\"wp-block-embed is-type-video is-provider-youtube wp-block-embed-youtube wp-embed-aspect-16-9 wp-has-aspect-ratio\">\n<div class=\"wp-block-embed__wrapper\">\n<div class=\"youtube-embed\" data-video_id=\"Y_YGnvSxPg0\"><iframe loading=\"lazy\" title=\"Zmeii din Republica R\u0103d\u0103u\u021bi lovesc din nou!! Blonda de la Poli\u021bie vs. Bruneta de pe \"strasse\"!!\" width=\"696\" height=\"392\" src=\"https:\/\/www.youtube.com\/embed\/Y_YGnvSxPg0?start=36&amp;feature=oembed\" frameborder allow=\"accelerometer; autoplay; clipboard-write; encrypted-media; gyroscope; picture-in-picture; web-share\" referrerpolicy=\"strict-origin-when-cross-origin\" allowfullscreen><\/iframe><\/div>\n<\/div>\n<\/figure>\n<div class=\"td-a-rec td-a-rec-id-content_bottom  tdi_4 td_block_template_1\"><strong>Intr\u0103 acum \u0219i \u00een grupul de <\/p>\n<div class=\"wp-block-button\"><a class=\"wp-block-button__link wp-element-button\" href=\"https:\/\/t.me\/+TH8wcfnp8fw5NWI0\">Telegram News Bucovina<\/a><\/div>\n<p><\/strong><\/div>\n<\/div>\n<p>[analyse_source url=&#8221;https:\/\/www.newsbucovina.ro\/actualitate\/436491\/mentiune-pentru-o-eleva-de-clasa-a-cincea-de-la-scoala-gimnaziala-milisauti-la-olimpiada-nationala-de-limba-si-literatura-romana-gimnaziu-2026&#8243;]<\/p>\n","protected":false},"excerpt":{"rendered":"<p>[analyse_image type=&#8221;featured&#8221; src=&#8221;https:\/\/www.newsbucovina.ro\/wp-content\/uploads\/2026\/04\/672681863_1449332977204704_5291231231474865222_n.jpghttps:\/\/cdn.newsbucovina.ro\/wp-content\/uploads\/2026\/04\/672681863_1449332977204704_5291231231474865222_n.jpg&#8221;] Intr\u0103 acum \u0219i \u00een grupul de Telegram News Bucovina Lotul jude\u021bului Suceava a reprezentat cu onoare \u0219i creativitate \u00eenv\u0103\u021b\u0103m\u00e2ntul sucevean la etapa na\u021bional\u0103 a Olimpiadei de Limba \u0219i Literatura Rom\u00e2n\u0103 pentru elevii de gimnaziu, care s-a desf\u0103\u0219urat \u00een perioada 14-18 aprilie 2026 la Cluj-Napoca. Cea mai important\u0103 performan\u021b\u0103 a lotului sucevean a [&hellip;]<\/p>\n","protected":false},"author":1,"featured_media":0,"comment_status":"open","ping_status":"","sticky":false,"template":"","format":"standard","meta":{"footnotes":""},"categories":[89],"tags":[226,165],"class_list":["post-1892294","post","type-post","status-publish","format-standard","hentry","category-romania","tag-crawlmanager","tag-newsbucovina-ro"],"_links":{"self":[{"href":"https:\/\/analyse.optim.biz\/index.php?rest_route=\/wp\/v2\/posts\/1892294","targetHints":{"allow":["GET"]}}],"collection":[{"href":"https:\/\/analyse.optim.biz\/index.php?rest_route=\/wp\/v2\/posts"}],"about":[{"href":"https:\/\/analyse.optim.biz\/index.php?rest_route=\/wp\/v2\/types\/post"}],"author":[{"embeddable":true,"href":"https:\/\/analyse.optim.biz\/index.php?rest_route=\/wp\/v2\/users\/1"}],"replies":[{"embeddable":true,"href":"https:\/\/analyse.optim.biz\/index.php?rest_route=%2Fwp%2Fv2%2Fcomments&post=1892294"}],"version-history":[{"count":0,"href":"https:\/\/analyse.optim.biz\/index.php?rest_route=\/wp\/v2\/posts\/1892294\/revisions"}],"wp:attachment":[{"href":"https:\/\/analyse.optim.biz\/index.php?rest_route=%2Fwp%2Fv2%2Fmedia&parent=1892294"}],"wp:term":[{"taxonomy":"category","embeddable":true,"href":"https:\/\/analyse.optim.biz\/index.php?rest_route=%2Fwp%2Fv2%2Fcategories&post=1892294"},{"taxonomy":"post_tag","embeddable":true,"href":"https:\/\/analyse.optim.biz\/index.php?rest_route=%2Fwp%2Fv2%2Ftags&post=1892294"}],"curies":[{"name":"wp","href":"https:\/\/api.w.org\/{rel}","templated":true}]}}