{"id":1892289,"date":"2026-04-19T13:19:50","date_gmt":"2026-04-19T10:19:50","guid":{"rendered":"https:\/\/analyse.optim.biz\/?p=1892289"},"modified":"2026-04-19T13:19:50","modified_gmt":"2026-04-19T10:19:50","slug":"olimpiada-nationala-de-pedagogie-psihologie-licee-pedagogice-2026-suceava-revine-cu-trei-premii-de-la-ploiesti","status":"publish","type":"post","link":"https:\/\/analyse.optim.biz\/?p=1892289","title":{"rendered":"Olimpiada Na\u021bional\u0103 de Pedagogie-Psihologie (licee pedagogice) 2026: Suceava revine cu trei premii de la Ploie\u0219ti"},"content":{"rendered":"<p>[analyse_image type=&#8221;featured&#8221; src=&#8221;https:\/\/www.newsbucovina.ro\/wp-content\/uploads\/2026\/04\/672685995_1449411493863519_552033226551451170_n.jpghttps:\/\/cdn.newsbucovina.ro\/wp-content\/uploads\/2026\/04\/672685995_1449411493863519_552033226551451170_n.jpg&#8221;]<\/p>\n<div class=\"td-post-content tagdiv-type\">\n<div class=\"td-a-rec td-a-rec-id-content_top  tdi_3 td_block_template_1\"><strong>Intr\u0103 acum \u0219i \u00een grupul de <\/p>\n<div class=\"wp-block-button\"><a class=\"wp-block-button__link wp-element-button\" href=\"https:\/\/t.me\/+TH8wcfnp8fw5NWI0\">Telegram News Bucovina<\/a><\/div>\n<p><\/strong><\/div>\n<p>Elevii Colegiului Na\u021bional \u201eMihai Eminescu\u201d din Suceava au ob\u021binut trei premii la etapa na\u021bional\u0103 a Olimpiadei de Pedagogie-Psihologie pentru liceele pedagogice, care s-a desf\u0103\u0219urat \u00een perioada 17-19 aprilie 2026 la Ploie\u0219ti, jude\u021bul Prahova.<\/p>\n<figure class=\"wp-block-image size-large\"><a href=\"https:\/\/cdn.newsbucovina.ro\/wp-content\/uploads\/2026\/04\/672685995_1449411493863519_552033226551451170_n.jpg\"><img loading=\"lazy\" decoding=\"async\" width=\"1024\" height=\"576\" src=\"https:\/\/cdn.newsbucovina.ro\/wp-content\/uploads\/2026\/04\/672685995_1449411493863519_552033226551451170_n-1024x576.jpg\" alt class=\"wp-image-436486\"><\/a><\/figure>\n<p>Lotul jude\u021bului Suceava a fost format din patru eleve ale prestigiosului colegiu sucevean, care au concurat la diferite sec\u021biuni. Rezultatele ob\u021binute sunt urm\u0103toarele:<\/p>\n<ul class=\"wp-block-list\">\n<li><strong>Premiul I<\/strong> la sec\u021biunea Pedagogie XII \u2013 <strong>Grozav Ana-Emanuela<\/strong>, clasa a XII-a G, profesoar\u0103 \u00eendrum\u0103toare Anu\u021bei Gabriela;<\/li>\n<li><strong>Premiul III<\/strong> la sec\u021biunea Psihologie XI \u2013 <strong>Filip Ioana-C\u0103t\u0103lina-Doina<\/strong>, clasa a XI-a G, profesoar\u0103 \u00eendrum\u0103toare Berinceanu Alexandra Andreea;<\/li>\n<li><strong>Men\u021biune<\/strong> la sec\u021biunea Pedagogie XI \u2013 <strong>Toda\u0219c\u0103 Lorena-Nicoleta<\/strong>, clasa a XI-a H, profesoar\u0103 \u00eendrum\u0103toare Anu\u021bei Gabriela.<\/li>\n<\/ul>\n<p>Din lotul sucevean a f\u0103cut parte \u0219i <strong>Siminovici Miruna<\/strong>, elev\u0103 \u00een clasa a IX-a G, care a participat la sec\u021biunea Pedagogie IX. Toate elevele au fost \u00eenso\u021bite la Ploie\u0219ti de doamna profesoar\u0103 Anu\u021bei Gabriela.<\/p>\n<p>Performan\u021ba elevilor de la Colegiul Na\u021bional \u201eMihai Eminescu\u201d Suceava confirm\u0103 \u00eenc\u0103 o dat\u0103 calitatea actului educa\u021bional din unitatea de \u00eenv\u0103\u021b\u0103m\u00e2nt sucevean\u0103 \u0219i dedicarea cadrelor didactice implicate \u00een preg\u0103tirea olimpicilor. Sec\u021biunile de Pedagogie \u0219i Psihologie sunt deosebit de competitive, iar ob\u021binerea unui loc I, a unui loc III \u0219i a unei men\u021biuni la nivel na\u021bional reprezint\u0103 o realizare notabil\u0103 pentru jude\u021bul Suceava.<\/p>\n<figure class=\"wp-block-embed is-type-video is-provider-youtube wp-block-embed-youtube wp-embed-aspect-16-9 wp-has-aspect-ratio\">\n<div class=\"wp-block-embed__wrapper\">\n<div class=\"youtube-embed\" data-video_id=\"Y_YGnvSxPg0\"><iframe loading=\"lazy\" title=\"Zmeii din Republica R\u0103d\u0103u\u021bi lovesc din nou!! Blonda de la Poli\u021bie vs. Bruneta de pe \"strasse\"!!\" width=\"696\" height=\"392\" src=\"https:\/\/www.youtube.com\/embed\/Y_YGnvSxPg0?start=36&amp;feature=oembed\" frameborder allow=\"accelerometer; autoplay; clipboard-write; encrypted-media; gyroscope; picture-in-picture; web-share\" referrerpolicy=\"strict-origin-when-cross-origin\" allowfullscreen><\/iframe><\/div>\n<\/div>\n<\/figure>\n<div class=\"td-a-rec td-a-rec-id-content_bottom  tdi_4 td_block_template_1\"><strong>Intr\u0103 acum \u0219i \u00een grupul de <\/p>\n<div class=\"wp-block-button\"><a class=\"wp-block-button__link wp-element-button\" href=\"https:\/\/t.me\/+TH8wcfnp8fw5NWI0\">Telegram News Bucovina<\/a><\/div>\n<p><\/strong><\/div>\n<\/div>\n<div class=\"td-post-content tagdiv-type\">\n<div class=\"td-a-rec td-a-rec-id-content_top  tdi_3 td_block_template_1\"><strong>Intr\u0103 acum \u0219i \u00een grupul de <\/p>\n<div class=\"wp-block-button\"><a class=\"wp-block-button__link wp-element-button\" href=\"https:\/\/t.me\/+TH8wcfnp8fw5NWI0\">Telegram News Bucovina<\/a><\/div>\n<p><\/strong><\/div>\n<p>Elevii Colegiului Na\u021bional \u201eMihai Eminescu\u201d din Suceava au ob\u021binut trei premii la etapa na\u021bional\u0103 a Olimpiadei de Pedagogie-Psihologie pentru liceele pedagogice, care s-a desf\u0103\u0219urat \u00een perioada 17-19 aprilie 2026 la Ploie\u0219ti, jude\u021bul Prahova.<\/p>\n<figure class=\"wp-block-image size-large\"><a href=\"https:\/\/cdn.newsbucovina.ro\/wp-content\/uploads\/2026\/04\/672685995_1449411493863519_552033226551451170_n.jpg\"><img loading=\"lazy\" decoding=\"async\" width=\"1024\" height=\"576\" src=\"https:\/\/cdn.newsbucovina.ro\/wp-content\/uploads\/2026\/04\/672685995_1449411493863519_552033226551451170_n-1024x576.jpg\" alt class=\"wp-image-436486\"><\/a><\/figure>\n<p>Lotul jude\u021bului Suceava a fost format din patru eleve ale prestigiosului colegiu sucevean, care au concurat la diferite sec\u021biuni. Rezultatele ob\u021binute sunt urm\u0103toarele:<\/p>\n<ul class=\"wp-block-list\">\n<li><strong>Premiul I<\/strong> la sec\u021biunea Pedagogie XII \u2013 <strong>Grozav Ana-Emanuela<\/strong>, clasa a XII-a G, profesoar\u0103 \u00eendrum\u0103toare Anu\u021bei Gabriela;<\/li>\n<li><strong>Premiul III<\/strong> la sec\u021biunea Psihologie XI \u2013 <strong>Filip Ioana-C\u0103t\u0103lina-Doina<\/strong>, clasa a XI-a G, profesoar\u0103 \u00eendrum\u0103toare Berinceanu Alexandra Andreea;<\/li>\n<li><strong>Men\u021biune<\/strong> la sec\u021biunea Pedagogie XI \u2013 <strong>Toda\u0219c\u0103 Lorena-Nicoleta<\/strong>, clasa a XI-a H, profesoar\u0103 \u00eendrum\u0103toare Anu\u021bei Gabriela.<\/li>\n<\/ul>\n<p>Din lotul sucevean a f\u0103cut parte \u0219i <strong>Siminovici Miruna<\/strong>, elev\u0103 \u00een clasa a IX-a G, care a participat la sec\u021biunea Pedagogie IX. Toate elevele au fost \u00eenso\u021bite la Ploie\u0219ti de doamna profesoar\u0103 Anu\u021bei Gabriela.<\/p>\n<p>Performan\u021ba elevilor de la Colegiul Na\u021bional \u201eMihai Eminescu\u201d Suceava confirm\u0103 \u00eenc\u0103 o dat\u0103 calitatea actului educa\u021bional din unitatea de \u00eenv\u0103\u021b\u0103m\u00e2nt sucevean\u0103 \u0219i dedicarea cadrelor didactice implicate \u00een preg\u0103tirea olimpicilor. Sec\u021biunile de Pedagogie \u0219i Psihologie sunt deosebit de competitive, iar ob\u021binerea unui loc I, a unui loc III \u0219i a unei men\u021biuni la nivel na\u021bional reprezint\u0103 o realizare notabil\u0103 pentru jude\u021bul Suceava.<\/p>\n<figure class=\"wp-block-embed is-type-video is-provider-youtube wp-block-embed-youtube wp-embed-aspect-16-9 wp-has-aspect-ratio\">\n<div class=\"wp-block-embed__wrapper\">\n<div class=\"youtube-embed\" data-video_id=\"Y_YGnvSxPg0\"><iframe loading=\"lazy\" title=\"Zmeii din Republica R\u0103d\u0103u\u021bi lovesc din nou!! Blonda de la Poli\u021bie vs. Bruneta de pe \"strasse\"!!\" width=\"696\" height=\"392\" src=\"https:\/\/www.youtube.com\/embed\/Y_YGnvSxPg0?start=36&amp;feature=oembed\" frameborder allow=\"accelerometer; autoplay; clipboard-write; encrypted-media; gyroscope; picture-in-picture; web-share\" referrerpolicy=\"strict-origin-when-cross-origin\" allowfullscreen><\/iframe><\/div>\n<\/div>\n<\/figure>\n<div class=\"td-a-rec td-a-rec-id-content_bottom  tdi_4 td_block_template_1\"><strong>Intr\u0103 acum \u0219i \u00een grupul de <\/p>\n<div class=\"wp-block-button\"><a class=\"wp-block-button__link wp-element-button\" href=\"https:\/\/t.me\/+TH8wcfnp8fw5NWI0\">Telegram News Bucovina<\/a><\/div>\n<p><\/strong><\/div>\n<\/div>\n<p>[analyse_source url=&#8221;https:\/\/www.newsbucovina.ro\/actualitate\/436485\/olimpiada-nationala-de-pedagogie-psihologie-licee-pedagogice-2026-suceava-revine-cu-trei-premii-de-la-ploiesti&#8221;]<\/p>\n","protected":false},"excerpt":{"rendered":"<p>[analyse_image type=&#8221;featured&#8221; src=&#8221;https:\/\/www.newsbucovina.ro\/wp-content\/uploads\/2026\/04\/672685995_1449411493863519_552033226551451170_n.jpghttps:\/\/cdn.newsbucovina.ro\/wp-content\/uploads\/2026\/04\/672685995_1449411493863519_552033226551451170_n.jpg&#8221;] Intr\u0103 acum \u0219i \u00een grupul de Telegram News Bucovina Elevii Colegiului Na\u021bional \u201eMihai Eminescu\u201d din Suceava au ob\u021binut trei premii la etapa na\u021bional\u0103 a Olimpiadei de Pedagogie-Psihologie pentru liceele pedagogice, care s-a desf\u0103\u0219urat \u00een perioada 17-19 aprilie 2026 la Ploie\u0219ti, jude\u021bul Prahova. Lotul jude\u021bului Suceava a fost format din patru eleve ale [&hellip;]<\/p>\n","protected":false},"author":1,"featured_media":0,"comment_status":"open","ping_status":"","sticky":false,"template":"","format":"standard","meta":{"footnotes":""},"categories":[89],"tags":[226,165],"class_list":["post-1892289","post","type-post","status-publish","format-standard","hentry","category-romania","tag-crawlmanager","tag-newsbucovina-ro"],"_links":{"self":[{"href":"https:\/\/analyse.optim.biz\/index.php?rest_route=\/wp\/v2\/posts\/1892289","targetHints":{"allow":["GET"]}}],"collection":[{"href":"https:\/\/analyse.optim.biz\/index.php?rest_route=\/wp\/v2\/posts"}],"about":[{"href":"https:\/\/analyse.optim.biz\/index.php?rest_route=\/wp\/v2\/types\/post"}],"author":[{"embeddable":true,"href":"https:\/\/analyse.optim.biz\/index.php?rest_route=\/wp\/v2\/users\/1"}],"replies":[{"embeddable":true,"href":"https:\/\/analyse.optim.biz\/index.php?rest_route=%2Fwp%2Fv2%2Fcomments&post=1892289"}],"version-history":[{"count":0,"href":"https:\/\/analyse.optim.biz\/index.php?rest_route=\/wp\/v2\/posts\/1892289\/revisions"}],"wp:attachment":[{"href":"https:\/\/analyse.optim.biz\/index.php?rest_route=%2Fwp%2Fv2%2Fmedia&parent=1892289"}],"wp:term":[{"taxonomy":"category","embeddable":true,"href":"https:\/\/analyse.optim.biz\/index.php?rest_route=%2Fwp%2Fv2%2Fcategories&post=1892289"},{"taxonomy":"post_tag","embeddable":true,"href":"https:\/\/analyse.optim.biz\/index.php?rest_route=%2Fwp%2Fv2%2Ftags&post=1892289"}],"curies":[{"name":"wp","href":"https:\/\/api.w.org\/{rel}","templated":true}]}}